{"id":2215,"date":"2022-01-23T09:17:13","date_gmt":"2022-01-23T12:17:13","guid":{"rendered":"https:\/\/elcanillita.info\/press\/?p=2215"},"modified":"2022-01-23T12:20:08","modified_gmt":"2022-01-23T15:20:08","slug":"gran-bretana-afirma-vladimir-putin-regimen-titere-ucrania","status":"publish","type":"post","link":"https:\/\/elcanillita.info\/press\/2022\/01\/23\/gran-bretana-afirma-vladimir-putin-regimen-titere-ucrania\/","title":{"rendered":"Gran Breta\u00f1a afirma que Vladimir Putin est\u00e1 tramando un r\u00e9gimen t\u00edtere en Ucrania"},"content":{"rendered":"\n<div class=\"wp-block-image\"><figure class=\"alignleft size-full\"><img loading=\"lazy\" decoding=\"async\" width=\"600\" height=\"392\" src=\"https:\/\/elcanillita.info\/press\/images\/2022\/01\/ucra.jpg\" alt=\"\" class=\"wp-image-2216\" srcset=\"https:\/\/elcanillita.info\/press\/images\/2022\/01\/ucra.jpg 600w, https:\/\/elcanillita.info\/press\/images\/2022\/01\/ucra-300x196.jpg 300w\" sizes=\"auto, (max-width: 600px) 100vw, 600px\" \/><figcaption><center>Soldado ruso entrenando cerca de la frontera con Ucrania<\/center><\/figcaption><\/figure><\/div>\n\n\n\n<p>El Reino Unido acus\u00f3 a Rusia de conspirar para instalar un l\u00edder t\u00edtere en Kiev, mientras Boris Johnson advert\u00eda a los l\u00edderes de la Uni\u00f3n Europea contra la &#8220;ingenuidad&#8221; de las exigencias de Vladimir Putin sobre Ucrania y calificaba la crisis de &#8220;gravemente peligrosa&#8221;.<\/p>\n\n\n\n<p>En un movimiento inusual, Liz Truss, Ministra de Asuntos Exteriores, hizo p\u00fablica una informaci\u00f3n desclasificada que nombraba a Yevhen Murayev, un antiguo diputado ucraniano, como el candidato preferido del Kremlin para hacerse con el control del pa\u00eds tras una invasi\u00f3n.<\/p>\n\n\n\n<p>Los funcionarios tambi\u00e9n nombraron a cuatro ex ministros ucranianos que supuestamente estaban en connivencia con oficiales de inteligencia rusos, incluyendo esp\u00edas involucrados en la planificaci\u00f3n de un ataque.<\/p>\n\n\n\n<p>Whitehall se preparaba el s\u00e1bado por la noche para poner en marcha c\u00e9lulas especializadas en la lucha contra la desinformaci\u00f3n y comenzaron a trabajar en nuevas sanciones para debilitar la econom\u00eda rusa si el Kremlin avanza.<\/p>\n\n\n\n<p>Se entiende que Gran Breta\u00f1a est\u00e1 considerando la opci\u00f3n de energ\u00eda &#8220;nuclear&#8221; al respaldar la suspensi\u00f3n de Rusia del sistema internacional de pagos Swift.<\/p>\n\n\n\n<p>El Sr. Johnson cree que las posibles sanciones &#8220;no pueden excluir&#8221; Nordstream II, el pol\u00e9mico gasoducto entre Rusia y la UE, y est\u00e1 previsto que se re\u00fana con los l\u00edderes del G7 para ultimar una &#8220;coalici\u00f3n de sanciones&#8221; que adopte medidas espec\u00edficas contra los oligarcas que apoyan al presidente ruso.<\/p>\n\n\n\n<p>Fuentes cercanas al Primer Ministro afirmaron que \u00e9ste &#8220;teme que algunos l\u00edderes mundiales no aprecien el panorama de deterioro en la frontera ucraniana, ni comprendan plenamente los riesgos que plantea una Rusia intimidante&#8221;.<\/p>\n\n\n\n<p><strong>La unidad de Occidente es la clave&#8221; para el Primer Ministro<\/strong><br>Johnson ha advertido a los l\u00edderes contra la &#8220;ingenuidad&#8221; de las exigencias de Putin para desescalar la crisis ucraniana, incluida la prohibici\u00f3n de que el pa\u00eds se una a la OTAN y la limitaci\u00f3n del despliegue de tropas y armas en el flanco oriental de la alianza. El Kremlin tiene actualmente unos 100.000 soldados concentrados cerca de las fronteras de Ucrania.<\/p>\n\n\n\n<p>Un almirante alem\u00e1n, que ya ha dimitido, fue criticado por decir que lo que Putin pretende es &#8220;respeto&#8221;.  Es decir, la prohibici\u00f3n de la adhesi\u00f3n de Ucrania a la OTAN y la limitaci\u00f3n del despliegue de tropas y armas en el flanco oriental de la alianza.<\/p>\n\n\n\n<p>Una fuente del N\u00famero 10 dijo que el Primer Ministro consideraba la situaci\u00f3n como &#8220;gravemente peligrosa&#8221;, y ped\u00eda a sus hom\u00f3logos europeos que se unieran a Estados Unidos para hacer frente a la agresi\u00f3n rusa.<\/p>\n\n\n\n<p>&#8220;Su determinaci\u00f3n se ha endurecido desde la \u00faltima charla con el presidente Putin en Diciembre, motivo por el cual considera que la unidad occidental es clave.  Por eso est\u00e1 en estrecho contacto con el presidente ucraniano Volodymyr, con Zelensky y otros l\u00edderes occidentales&#8221;, dijo la fuente.<\/p>\n\n\n\n<p>Y a\u00f1adi\u00f3: &#8220;Todo Whitehall est\u00e1 intensificando los preparativos: los departamentos y los servicios de seguridad est\u00e1n celebrando m\u00faltiples reuniones diarias de coordinaci\u00f3n para tratar de hacer frente a la amenaza actual y prepararse para cualquier escalada&#8221;.<\/p>\n\n\n\n<p>El s\u00e1bado, la Oficina de Asuntos Exteriores, de la Commonwealth y de Desarrollo (FCDO) desaconsej\u00f3 a los viajeros brit\u00e1nicos todo viaje no esencial a Ucrania, y pidi\u00f3 a los ciudadanos del Reino Unido que registraran su presencia en el pa\u00eds. Se debe evitar viajar a la provincia de Donetsk, a la provincia de Luhansk y a Crimea.<\/p>\n\n\n\n<p>Al parecer, el Departamento de Estado de Estados Unidos est\u00e1 estudiando la posibilidad de ordenar a las familias del personal de su embajada en Ucrania que empiecen a evacuar a partir de la pr\u00f3xima semana. Ya ha pedido a los estadounidenses que no viajen al pa\u00eds.<\/p>\n\n\n\n<p>Los expertos en seguridad dijeron que la informaci\u00f3n, si es exacta, indicaba el &#8220;m\u00e1s oscuro de los escenarios&#8221;, es decir, una &#8220;estrategia de decapitaci\u00f3n total&#8221; por parte de Mosc\u00fa, y describieron la decisi\u00f3n del Reino Unido de publicarla, como un intento de desacreditar a los participantes.<\/p>\n\n\n\n<p>En un comunicado, una portavoz del Consejo de Seguridad Nacional de la Casa Blanca dijo: &#8220;Este tipo de complot es profundamente preocupante. El pueblo ucraniano tiene el derecho soberano de determinar su propio futuro, y estamos con nuestros socios democr\u00e1ticamente elegidos en Ucrania.&#8221;<\/p>\n\n\n\n<div class=\"wp-block-image\"><figure class=\"alignleft size-full\"><img loading=\"lazy\" decoding=\"async\" width=\"600\" height=\"400\" src=\"https:\/\/elcanillita.info\/press\/images\/2022\/01\/boris.jpg\" alt=\"\" class=\"wp-image-2217\" srcset=\"https:\/\/elcanillita.info\/press\/images\/2022\/01\/boris.jpg 600w, https:\/\/elcanillita.info\/press\/images\/2022\/01\/boris-300x200.jpg 300w\" sizes=\"auto, (max-width: 600px) 100vw, 600px\" \/><\/figure><\/div>\n\n\n\n<p><strong>La misi\u00f3n de apoyo se prepara para el despegue<\/strong><br>Tanto Boris Johnson como Liz Truss han aumentado su preocupaci\u00f3n por los pr\u00f3ximos movimientos de Vladimir Putin en relaci\u00f3n con Ucrania. Se espera que tanto el Secretario de Asuntos Exteriores como el de Defensa se desplacen a Europa la pr\u00f3xima semana para reforzar el apoyo.<\/p>\n\n\n\n<p>La Sra. Truss dijo: &#8220;La informaci\u00f3n que se ha hecho p\u00fablica hoy, arroja luz sobre el alcance de la actividad rusa destinada a subvertir Ucrania, y es una muestra del pensamiento del Kremlin. Rusia debe reducir la tensi\u00f3n, poner fin a sus campa\u00f1as de agresi\u00f3n y desinformaci\u00f3n y seguir la v\u00eda de la diplomacia&#8221;.<\/p>\n\n\n\n<p>&#8220;La incursi\u00f3n militar rusa en Ucrania ser\u00eda un enorme error estrat\u00e9gico con graves costes&#8221;.<\/p>\n\n\n\n<p>El s\u00e1bado se confirm\u00f3 que el ministro de Defensa ruso hab\u00eda aceptado una invitaci\u00f3n para reunirse con Ben Wallace. Esto se produce tras la entrega por parte del Reino Unido de ayuda letal a Ucrania la semana pasada, en forma de 2.000 armas antitanque y 30 tropas para proporcionar entrenamiento.<\/p>\n\n\n\n<p>&#8220;La opini\u00f3n del Primer Ministro es que la situaci\u00f3n en Ucrania es la mayor prueba para la unidad y la determinaci\u00f3n de Occidente y la alianza de la OTAN en d\u00e9cadas&#8221;, dijo una fuente del N\u00famero 10.<\/p>\n\n\n\n<p>&#8220;Ser\u00eda francamente ingenuo suponer que Rusia podr\u00eda apaciguarse con cambios en la arquitectura de seguridad europea: el comportamiento del Kremlin constantemente lo ha dejado claro&#8221;.<br><br>&#8220;El Reino Unido est\u00e1 trabajando a trav\u00e9s de la OTAN y al un\u00edsono con EE.UU. para promulgar una pol\u00edtica de di\u00e1logo y disuasi\u00f3n, siguiendo la v\u00eda diplom\u00e1tica pero preparando un paquete de sanciones que perforar\u00e1 el coraz\u00f3n de la econom\u00eda rusa en caso de que eso falle.<\/p>\n\n\n\n<p>&#8220;Tiene muy claro que los pa\u00edses deben ser libres de elegir su propio futuro y la voz de aquellos de Europa del Este debe ser escuchada en las negociaciones&#8221;.<\/p>\n\n\n\n<p>Los embajadores brit\u00e1nicos han recibido la orden de impulsar un paquete de medidas econ\u00f3micas &#8220;debilitantes&#8221; contra Rusia en caso de que la situaci\u00f3n se agrave.<br><br>Tom Tugendhat, presidente del comit\u00e9 selecto de asuntos exteriores de los Comunes, declar\u00f3 a la prensa: &#8220;Por primera vez en una generaci\u00f3n, estamos al borde de la guerra en Europa. Tenemos que ser fuertes, no para amenazar a Mosc\u00fa, sino porque s\u00f3lo la fuerza puede detenerlos&#8221;.<\/p>\n\n\n\n<p>Johnson ya hab\u00eda dicho que los l\u00edderes europeos tendr\u00edan que elegir &#8220;entre introducir cada vez m\u00e1s hidrocarburos rusos en nuevos y gigantescos oleoductos, o defender a Ucrania y defender la causa de la paz y la estabilidad&#8221;.<\/p>\n\n\n\n<p>El Sr. Murayev,  ciudadano ruso de una ciudad cercana a la frontera, es due\u00f1o de un importante canal de televisi\u00f3n y se present\u00f3 como candidato a la presidencia de Ucrania en 2019, antes de abandonar la carrera para apoyar a otro candidato favorable a Rusia.<\/p>\n\n\n\n<p>El Ministerio de Asuntos Exteriores dijo que ten\u00eda &#8220;informaci\u00f3n&#8221;de que el Sr. Murayev estaba siendo considerado por Rusia como un candidato para dirigir Ucrania. Y se neg\u00f3 a publicar la informaci\u00f3n en s\u00ed.  El s\u00e1bado por la noche, Murayev rechaz\u00f3 las acusaciones como &#8220;est\u00fapidas y absurdas&#8221;, se\u00f1alando que \u00e9l mismo ha sido objeto de sanciones rusas.<\/p>\n\n\n\n<p>Dijo: &#8220;A menos que me haya perdido algo, ellos (Rusia) tienen otro candidato y ni siquiera lo ocultan. Soy un patriota de mi pa\u00eds&#8221;.<\/p>\n\n\n\n<p>Los analistas sugirieron que el verdadero candidato del Kremlin era Viktor Medvedchuk, un oligarca ucraniano que cuenta con Putin como padrino de su hija. No ha sido posible contactar con Medvedchuk para que respondiera.<\/p>\n\n\n\n<p>Los otros ex pol\u00edticos nombrados por el FCDO por haber estado en contacto con la Inteligencia rusa (tambi\u00e9n sin pruebas) fueron Serhiy Arbuzov, Andriy Kluyev, Vladimir Sivkovich y Mykola Azarov, que fue primer ministro de Ucrania de 2010 a 2014.<\/p>\n\n\n\n<p>La noticia se produjo mientras el almirante Kay-Achim Schoenbach, jefe de la marina alemana, dimiti\u00f3 tras ser criticado por decir que lo que realmente quiere Putin es &#8220;respeto&#8221; y que d\u00e1rselo ser\u00eda &#8220;de bajo coste&#8221;.<\/p>\n\n\n\n<p>Se entiende que el Reino Unido ha colaborado estrechamente con Estados Unidos en la recopilaci\u00f3n y desclasificaci\u00f3n de la informaci\u00f3n que condujo a la revelaci\u00f3n del s\u00e1bado, y que la decisi\u00f3n fue aprobada tras un proceso de investigaci\u00f3n en el que participaron los servicios de inteligencia.<\/p>\n\n\n\n<p>El Dr. Jonathan Eyal, director asociado de asociaciones de investigaci\u00f3n estrat\u00e9gica en el Real Instituto de Servicios Unidos, dijo que, si era exacta, la informaci\u00f3n sobre los planes de Rusia para instalar un l\u00edder t\u00edtere apuntaba al &#8220;m\u00e1s oscuro de los escenarios&#8221;.<\/p>\n\n\n\n<p>El Tesoro de Estados Unidos dijo: &#8220;Rusia ha ordenado a sus servicios de inteligencia que recluten a funcionarios actuales y antiguos del gobierno ucraniano para que se preparen para tomar el control del gobierno de Ucrania, y para que controlen las infraestructuras cr\u00edticas de Ucrania con una fuerza rusa de ocupaci\u00f3n&#8221;.<br><br>\n<small>Copyright \u00a9 2022 ElCanillita.info \/ DC24.News &#8211; PanPress.eu \/ SalaStampa.eu &#8211; Derechos reservados <\/small><\/p>\n","protected":false},"excerpt":{"rendered":"<p>Boris Johnson advierte a Europa contra la &#8220;ingenuidad&#8221; respecto al presidente ruso y calificaba la crisis de gravemente peligrosa.<\/p>\n","protected":false},"author":1,"featured_media":2218,"comment_status":"closed","ping_status":"closed","sticky":false,"template":"","format":"standard","meta":{"footnotes":"","_links_to":"","_links_to_target":""},"categories":[5],"tags":[58],"class_list":["post-2215","post","type-post","status-publish","format-standard","has-post-thumbnail","hentry","category-europa","tag-reino-unido","entry","double"],"yoast_head":"<!-- This site is optimized with the Yoast SEO plugin v27.5 - https:\/\/yoast.com\/product\/yoast-seo-wordpress\/ -->\n<title>Gran Breta\u00f1a afirma que Vladimir Putin est\u00e1 tramando un r\u00e9gimen t\u00edtere en Ucrania - ElCanillita.Info<\/title>\n<meta name=\"robots\" content=\"index, follow, max-snippet:-1, max-image-preview:large, max-video-preview:-1\" \/>\n<link rel=\"canonical\" href=\"https:\/\/elcanillita.info\/press\/2022\/01\/23\/gran-bretana-afirma-vladimir-putin-regimen-titere-ucrania\/\" \/>\n<meta property=\"og:locale\" content=\"es_ES\" \/>\n<meta property=\"og:type\" content=\"article\" \/>\n<meta property=\"og:title\" content=\"Gran Breta\u00f1a afirma que Vladimir Putin est\u00e1 tramando un r\u00e9gimen t\u00edtere en Ucrania - ElCanillita.Info\" \/>\n<meta property=\"og:description\" content=\"Boris Johnson advierte a Europa contra la &quot;ingenuidad&quot; respecto al presidente ruso y calificaba la crisis de gravemente peligrosa.\" \/>\n<meta property=\"og:url\" content=\"https:\/\/elcanillita.info\/press\/2022\/01\/23\/gran-bretana-afirma-vladimir-putin-regimen-titere-ucrania\/\" \/>\n<meta property=\"og:site_name\" content=\"ElCanillita.Info\" \/>\n<meta property=\"article:publisher\" content=\"https:\/\/ar-ar.facebook.com\/ElCanillitainfo-114249515285712\/\" \/>\n<meta property=\"article:published_time\" content=\"2022-01-23T12:17:13+00:00\" \/>\n<meta property=\"article:modified_time\" content=\"2022-01-23T15:20:08+00:00\" \/>\n<meta property=\"og:image\" content=\"https:\/\/elcanillita.info\/press\/images\/2022\/01\/ucra1.jpg\" \/>\n\t<meta property=\"og:image:width\" content=\"600\" \/>\n\t<meta property=\"og:image:height\" content=\"400\" \/>\n\t<meta property=\"og:image:type\" content=\"image\/jpeg\" \/>\n<meta name=\"author\" content=\"SalaStampa.eu, world press service\" \/>\n<meta name=\"twitter:card\" content=\"summary_large_image\" \/>\n<meta name=\"twitter:label1\" content=\"Escrito por\" \/>\n\t<meta name=\"twitter:data1\" content=\"SalaStampa.eu, world press service\" \/>\n\t<meta name=\"twitter:label2\" content=\"Tiempo de lectura\" \/>\n\t<meta name=\"twitter:data2\" content=\"8 minutos\" \/>\n<script type=\"application\/ld+json\" class=\"yoast-schema-graph\">{\"@context\":\"https:\\\/\\\/schema.org\",\"@graph\":[{\"@type\":\"Article\",\"@id\":\"https:\\\/\\\/elcanillita.info\\\/press\\\/2022\\\/01\\\/23\\\/gran-bretana-afirma-vladimir-putin-regimen-titere-ucrania\\\/#article\",\"isPartOf\":{\"@id\":\"https:\\\/\\\/elcanillita.info\\\/press\\\/2022\\\/01\\\/23\\\/gran-bretana-afirma-vladimir-putin-regimen-titere-ucrania\\\/\"},\"author\":{\"name\":\"SalaStampa.eu, world press service\",\"@id\":\"https:\\\/\\\/elcanillita.info\\\/press\\\/#\\\/schema\\\/person\\\/7fcb79f38045700919f7da6d97e71ba0\"},\"headline\":\"Gran Breta\u00f1a afirma que Vladimir Putin est\u00e1 tramando un r\u00e9gimen t\u00edtere en Ucrania\",\"datePublished\":\"2022-01-23T12:17:13+00:00\",\"dateModified\":\"2022-01-23T15:20:08+00:00\",\"mainEntityOfPage\":{\"@id\":\"https:\\\/\\\/elcanillita.info\\\/press\\\/2022\\\/01\\\/23\\\/gran-bretana-afirma-vladimir-putin-regimen-titere-ucrania\\\/\"},\"wordCount\":1632,\"publisher\":{\"@id\":\"https:\\\/\\\/elcanillita.info\\\/press\\\/#organization\"},\"image\":{\"@id\":\"https:\\\/\\\/elcanillita.info\\\/press\\\/2022\\\/01\\\/23\\\/gran-bretana-afirma-vladimir-putin-regimen-titere-ucrania\\\/#primaryimage\"},\"thumbnailUrl\":\"https:\\\/\\\/elcanillita.info\\\/press\\\/images\\\/2022\\\/01\\\/ucra1.jpg\",\"keywords\":[\"Reino Unido\"],\"articleSection\":[\"Europa\"],\"inLanguage\":\"es-AR\"},{\"@type\":\"WebPage\",\"@id\":\"https:\\\/\\\/elcanillita.info\\\/press\\\/2022\\\/01\\\/23\\\/gran-bretana-afirma-vladimir-putin-regimen-titere-ucrania\\\/\",\"url\":\"https:\\\/\\\/elcanillita.info\\\/press\\\/2022\\\/01\\\/23\\\/gran-bretana-afirma-vladimir-putin-regimen-titere-ucrania\\\/\",\"name\":\"Gran Breta\u00f1a afirma que Vladimir Putin est\u00e1 tramando un r\u00e9gimen t\u00edtere en Ucrania - ElCanillita.Info\",\"isPartOf\":{\"@id\":\"https:\\\/\\\/elcanillita.info\\\/press\\\/#website\"},\"primaryImageOfPage\":{\"@id\":\"https:\\\/\\\/elcanillita.info\\\/press\\\/2022\\\/01\\\/23\\\/gran-bretana-afirma-vladimir-putin-regimen-titere-ucrania\\\/#primaryimage\"},\"image\":{\"@id\":\"https:\\\/\\\/elcanillita.info\\\/press\\\/2022\\\/01\\\/23\\\/gran-bretana-afirma-vladimir-putin-regimen-titere-ucrania\\\/#primaryimage\"},\"thumbnailUrl\":\"https:\\\/\\\/elcanillita.info\\\/press\\\/images\\\/2022\\\/01\\\/ucra1.jpg\",\"datePublished\":\"2022-01-23T12:17:13+00:00\",\"dateModified\":\"2022-01-23T15:20:08+00:00\",\"inLanguage\":\"es-AR\",\"potentialAction\":[{\"@type\":\"ReadAction\",\"target\":[\"https:\\\/\\\/elcanillita.info\\\/press\\\/2022\\\/01\\\/23\\\/gran-bretana-afirma-vladimir-putin-regimen-titere-ucrania\\\/\"]}]},{\"@type\":\"ImageObject\",\"inLanguage\":\"es-AR\",\"@id\":\"https:\\\/\\\/elcanillita.info\\\/press\\\/2022\\\/01\\\/23\\\/gran-bretana-afirma-vladimir-putin-regimen-titere-ucrania\\\/#primaryimage\",\"url\":\"https:\\\/\\\/elcanillita.info\\\/press\\\/images\\\/2022\\\/01\\\/ucra1.jpg\",\"contentUrl\":\"https:\\\/\\\/elcanillita.info\\\/press\\\/images\\\/2022\\\/01\\\/ucra1.jpg\",\"width\":600,\"height\":400},{\"@type\":\"WebSite\",\"@id\":\"https:\\\/\\\/elcanillita.info\\\/press\\\/#website\",\"url\":\"https:\\\/\\\/elcanillita.info\\\/press\\\/\",\"name\":\"ElCanillita.Info\",\"description\":\"desde los Apeninos a los Andes\",\"publisher\":{\"@id\":\"https:\\\/\\\/elcanillita.info\\\/press\\\/#organization\"},\"potentialAction\":[{\"@type\":\"SearchAction\",\"target\":{\"@type\":\"EntryPoint\",\"urlTemplate\":\"https:\\\/\\\/elcanillita.info\\\/press\\\/?s={search_term_string}\"},\"query-input\":{\"@type\":\"PropertyValueSpecification\",\"valueRequired\":true,\"valueName\":\"search_term_string\"}}],\"inLanguage\":\"es-AR\"},{\"@type\":\"Organization\",\"@id\":\"https:\\\/\\\/elcanillita.info\\\/press\\\/#organization\",\"name\":\"Guzzo Photos & Graphic Publications\",\"url\":\"https:\\\/\\\/elcanillita.info\\\/press\\\/\",\"logo\":{\"@type\":\"ImageObject\",\"inLanguage\":\"es-AR\",\"@id\":\"https:\\\/\\\/elcanillita.info\\\/press\\\/#\\\/schema\\\/logo\\\/image\\\/\",\"url\":\"https:\\\/\\\/elcanillita.info\\\/press\\\/images\\\/2020\\\/01\\\/cropped-cropped-cropped-elcanillitainfo.png\",\"contentUrl\":\"https:\\\/\\\/elcanillita.info\\\/press\\\/images\\\/2020\\\/01\\\/cropped-cropped-cropped-elcanillitainfo.png\",\"width\":460,\"height\":50,\"caption\":\"Guzzo Photos & Graphic Publications\"},\"image\":{\"@id\":\"https:\\\/\\\/elcanillita.info\\\/press\\\/#\\\/schema\\\/logo\\\/image\\\/\"},\"sameAs\":[\"https:\\\/\\\/ar-ar.facebook.com\\\/ElCanillitainfo-114249515285712\\\/\"]},{\"@type\":\"Person\",\"@id\":\"https:\\\/\\\/elcanillita.info\\\/press\\\/#\\\/schema\\\/person\\\/7fcb79f38045700919f7da6d97e71ba0\",\"name\":\"SalaStampa.eu, world press service\",\"image\":{\"@type\":\"ImageObject\",\"inLanguage\":\"es-AR\",\"@id\":\"https:\\\/\\\/secure.gravatar.com\\\/avatar\\\/c2f0e0d515a107624234994507816ca4724c7199cef73fc8bedebf6931d73888?s=96&d=mm&r=g\",\"url\":\"https:\\\/\\\/secure.gravatar.com\\\/avatar\\\/c2f0e0d515a107624234994507816ca4724c7199cef73fc8bedebf6931d73888?s=96&d=mm&r=g\",\"contentUrl\":\"https:\\\/\\\/secure.gravatar.com\\\/avatar\\\/c2f0e0d515a107624234994507816ca4724c7199cef73fc8bedebf6931d73888?s=96&d=mm&r=g\",\"caption\":\"SalaStampa.eu, world press service\"}}]}<\/script>\n<!-- \/ Yoast SEO plugin. -->","yoast_head_json":{"title":"Gran Breta\u00f1a afirma que Vladimir Putin est\u00e1 tramando un r\u00e9gimen t\u00edtere en Ucrania - ElCanillita.Info","robots":{"index":"index","follow":"follow","max-snippet":"max-snippet:-1","max-image-preview":"max-image-preview:large","max-video-preview":"max-video-preview:-1"},"canonical":"https:\/\/elcanillita.info\/press\/2022\/01\/23\/gran-bretana-afirma-vladimir-putin-regimen-titere-ucrania\/","og_locale":"es_ES","og_type":"article","og_title":"Gran Breta\u00f1a afirma que Vladimir Putin est\u00e1 tramando un r\u00e9gimen t\u00edtere en Ucrania - ElCanillita.Info","og_description":"Boris Johnson advierte a Europa contra la \"ingenuidad\" respecto al presidente ruso y calificaba la crisis de gravemente peligrosa.","og_url":"https:\/\/elcanillita.info\/press\/2022\/01\/23\/gran-bretana-afirma-vladimir-putin-regimen-titere-ucrania\/","og_site_name":"ElCanillita.Info","article_publisher":"https:\/\/ar-ar.facebook.com\/ElCanillitainfo-114249515285712\/","article_published_time":"2022-01-23T12:17:13+00:00","article_modified_time":"2022-01-23T15:20:08+00:00","og_image":[{"width":600,"height":400,"url":"https:\/\/elcanillita.info\/press\/images\/2022\/01\/ucra1.jpg","type":"image\/jpeg"}],"author":"SalaStampa.eu, world press service","twitter_card":"summary_large_image","twitter_misc":{"Escrito por":"SalaStampa.eu, world press service","Tiempo de lectura":"8 minutos"},"schema":{"@context":"https:\/\/schema.org","@graph":[{"@type":"Article","@id":"https:\/\/elcanillita.info\/press\/2022\/01\/23\/gran-bretana-afirma-vladimir-putin-regimen-titere-ucrania\/#article","isPartOf":{"@id":"https:\/\/elcanillita.info\/press\/2022\/01\/23\/gran-bretana-afirma-vladimir-putin-regimen-titere-ucrania\/"},"author":{"name":"SalaStampa.eu, world press service","@id":"https:\/\/elcanillita.info\/press\/#\/schema\/person\/7fcb79f38045700919f7da6d97e71ba0"},"headline":"Gran Breta\u00f1a afirma que Vladimir Putin est\u00e1 tramando un r\u00e9gimen t\u00edtere en Ucrania","datePublished":"2022-01-23T12:17:13+00:00","dateModified":"2022-01-23T15:20:08+00:00","mainEntityOfPage":{"@id":"https:\/\/elcanillita.info\/press\/2022\/01\/23\/gran-bretana-afirma-vladimir-putin-regimen-titere-ucrania\/"},"wordCount":1632,"publisher":{"@id":"https:\/\/elcanillita.info\/press\/#organization"},"image":{"@id":"https:\/\/elcanillita.info\/press\/2022\/01\/23\/gran-bretana-afirma-vladimir-putin-regimen-titere-ucrania\/#primaryimage"},"thumbnailUrl":"https:\/\/elcanillita.info\/press\/images\/2022\/01\/ucra1.jpg","keywords":["Reino Unido"],"articleSection":["Europa"],"inLanguage":"es-AR"},{"@type":"WebPage","@id":"https:\/\/elcanillita.info\/press\/2022\/01\/23\/gran-bretana-afirma-vladimir-putin-regimen-titere-ucrania\/","url":"https:\/\/elcanillita.info\/press\/2022\/01\/23\/gran-bretana-afirma-vladimir-putin-regimen-titere-ucrania\/","name":"Gran Breta\u00f1a afirma que Vladimir Putin est\u00e1 tramando un r\u00e9gimen t\u00edtere en Ucrania - ElCanillita.Info","isPartOf":{"@id":"https:\/\/elcanillita.info\/press\/#website"},"primaryImageOfPage":{"@id":"https:\/\/elcanillita.info\/press\/2022\/01\/23\/gran-bretana-afirma-vladimir-putin-regimen-titere-ucrania\/#primaryimage"},"image":{"@id":"https:\/\/elcanillita.info\/press\/2022\/01\/23\/gran-bretana-afirma-vladimir-putin-regimen-titere-ucrania\/#primaryimage"},"thumbnailUrl":"https:\/\/elcanillita.info\/press\/images\/2022\/01\/ucra1.jpg","datePublished":"2022-01-23T12:17:13+00:00","dateModified":"2022-01-23T15:20:08+00:00","inLanguage":"es-AR","potentialAction":[{"@type":"ReadAction","target":["https:\/\/elcanillita.info\/press\/2022\/01\/23\/gran-bretana-afirma-vladimir-putin-regimen-titere-ucrania\/"]}]},{"@type":"ImageObject","inLanguage":"es-AR","@id":"https:\/\/elcanillita.info\/press\/2022\/01\/23\/gran-bretana-afirma-vladimir-putin-regimen-titere-ucrania\/#primaryimage","url":"https:\/\/elcanillita.info\/press\/images\/2022\/01\/ucra1.jpg","contentUrl":"https:\/\/elcanillita.info\/press\/images\/2022\/01\/ucra1.jpg","width":600,"height":400},{"@type":"WebSite","@id":"https:\/\/elcanillita.info\/press\/#website","url":"https:\/\/elcanillita.info\/press\/","name":"ElCanillita.Info","description":"desde los Apeninos a los Andes","publisher":{"@id":"https:\/\/elcanillita.info\/press\/#organization"},"potentialAction":[{"@type":"SearchAction","target":{"@type":"EntryPoint","urlTemplate":"https:\/\/elcanillita.info\/press\/?s={search_term_string}"},"query-input":{"@type":"PropertyValueSpecification","valueRequired":true,"valueName":"search_term_string"}}],"inLanguage":"es-AR"},{"@type":"Organization","@id":"https:\/\/elcanillita.info\/press\/#organization","name":"Guzzo Photos & Graphic Publications","url":"https:\/\/elcanillita.info\/press\/","logo":{"@type":"ImageObject","inLanguage":"es-AR","@id":"https:\/\/elcanillita.info\/press\/#\/schema\/logo\/image\/","url":"https:\/\/elcanillita.info\/press\/images\/2020\/01\/cropped-cropped-cropped-elcanillitainfo.png","contentUrl":"https:\/\/elcanillita.info\/press\/images\/2020\/01\/cropped-cropped-cropped-elcanillitainfo.png","width":460,"height":50,"caption":"Guzzo Photos & Graphic Publications"},"image":{"@id":"https:\/\/elcanillita.info\/press\/#\/schema\/logo\/image\/"},"sameAs":["https:\/\/ar-ar.facebook.com\/ElCanillitainfo-114249515285712\/"]},{"@type":"Person","@id":"https:\/\/elcanillita.info\/press\/#\/schema\/person\/7fcb79f38045700919f7da6d97e71ba0","name":"SalaStampa.eu, world press service","image":{"@type":"ImageObject","inLanguage":"es-AR","@id":"https:\/\/secure.gravatar.com\/avatar\/c2f0e0d515a107624234994507816ca4724c7199cef73fc8bedebf6931d73888?s=96&d=mm&r=g","url":"https:\/\/secure.gravatar.com\/avatar\/c2f0e0d515a107624234994507816ca4724c7199cef73fc8bedebf6931d73888?s=96&d=mm&r=g","contentUrl":"https:\/\/secure.gravatar.com\/avatar\/c2f0e0d515a107624234994507816ca4724c7199cef73fc8bedebf6931d73888?s=96&d=mm&r=g","caption":"SalaStampa.eu, world press service"}}]}},"views":627,"_links":{"self":[{"href":"https:\/\/elcanillita.info\/press\/wp-json\/wp\/v2\/posts\/2215","targetHints":{"allow":["GET"]}}],"collection":[{"href":"https:\/\/elcanillita.info\/press\/wp-json\/wp\/v2\/posts"}],"about":[{"href":"https:\/\/elcanillita.info\/press\/wp-json\/wp\/v2\/types\/post"}],"author":[{"embeddable":true,"href":"https:\/\/elcanillita.info\/press\/wp-json\/wp\/v2\/users\/1"}],"replies":[{"embeddable":true,"href":"https:\/\/elcanillita.info\/press\/wp-json\/wp\/v2\/comments?post=2215"}],"version-history":[{"count":0,"href":"https:\/\/elcanillita.info\/press\/wp-json\/wp\/v2\/posts\/2215\/revisions"}],"wp:featuredmedia":[{"embeddable":true,"href":"https:\/\/elcanillita.info\/press\/wp-json\/wp\/v2\/media\/2218"}],"wp:attachment":[{"href":"https:\/\/elcanillita.info\/press\/wp-json\/wp\/v2\/media?parent=2215"}],"wp:term":[{"taxonomy":"category","embeddable":true,"href":"https:\/\/elcanillita.info\/press\/wp-json\/wp\/v2\/categories?post=2215"},{"taxonomy":"post_tag","embeddable":true,"href":"https:\/\/elcanillita.info\/press\/wp-json\/wp\/v2\/tags?post=2215"}],"curies":[{"name":"wp","href":"https:\/\/api.w.org\/{rel}","templated":true}]}}