{"id":2199,"date":"2022-01-22T11:02:12","date_gmt":"2022-01-22T14:02:12","guid":{"rendered":"https:\/\/elcanillita.info\/press\/?p=2199"},"modified":"2022-01-23T09:17:50","modified_gmt":"2022-01-23T12:17:50","slug":"costa-pobre-va-a-la-guerra","status":"publish","type":"post","link":"https:\/\/elcanillita.info\/press\/2022\/01\/22\/costa-pobre-va-a-la-guerra\/","title":{"rendered":"\u201cCosta Pobre\u201d va a la guerra"},"content":{"rendered":"\n<div class=\"wp-block-image\"><figure class=\"alignleft size-full\"><img loading=\"lazy\" decoding=\"async\" width=\"600\" height=\"400\" src=\"https:\/\/elcanillita.info\/press\/images\/2022\/01\/war-1.jpg\" alt=\"\" class=\"wp-image-2204\" srcset=\"https:\/\/elcanillita.info\/press\/images\/2022\/01\/war-1.jpg 600w, https:\/\/elcanillita.info\/press\/images\/2022\/01\/war-1-300x200.jpg 300w\" sizes=\"auto, (max-width: 600px) 100vw, 600px\" \/><figcaption><center>Unidades de asalto de la 1\u00aa Brigada de Ingenieros del Ej\u00e9rcito Ruso vistos durante un entrenamiento t\u00e1ctico.<\/center><\/figcaption><\/figure><\/div>\n\n\n\n<p><strong>por Enrique Guillermo Avogadro<\/strong><\/p>\n\n\n\n<p class=\"has-text-align-left\">En YouTube se puede ver a Alberto Olmedo, con harapos, en el rol de un dictador de ese imaginario pa\u00eds muy parecido a la Argentina actual.<br><br>Como seguramente creen que carecemos de problemas, la irresponsable e ideologizada dupla de los Fern\u00e1ndez\u00b2 nos ha enviado, sin escalas, a un escenario de guerra global, en la medida en que las fuerzas armadas han sido despojadas por los sucesivos gobiernos de toda capacidad defensiva, resulta f\u00e1cil imaginar qu\u00e9 suceder\u00e1 si un cambio en la muy fr\u00e1gil situaci\u00f3n actual desembocara en un enfrentamiento entre las grandes potencias que, con alta probabilidad, se desarrollar\u00eda en naciones menores.<br><br> En la geopol\u00edtica mundial, Argentina se encuentra en una posici\u00f3n clave y peligrosa por su ubicaci\u00f3n vinculada al Atl\u00e1ntico Sur y a la Ant\u00e1rtida, por la base china con aptitud para intervenir militarmente en el espacio y por su producci\u00f3n masiva de alimentos, de producirse un conflicto b\u00e9lico as\u00ed, con certeza nos encontraremos inmersos en \u00e9l.<\/p>\n\n\n\n<p>Rusia y China han modernizado enormemente sus fuerzas armadas, pero tienen graves problemas internos; en el primer caso, por su muy fr\u00e1gil econom\u00eda y, en el segundo, por la crisis energ\u00e9tica que soporta y por las disidencias de Hong Kong y la etnia uigur, a la cual viola todos sus derechos humanos.<br>Los gobernantes, para conjurar esos inconvenientes, pueden verse tentados a plantear a sus pueblos un objetivo que genere una fuerte cohesi\u00f3n interna, tal como sucedi\u00f3 aqu\u00ed durante la guerra de Malvinas, pero se encontrar\u00edan ahora con un Joe Biden que, como tambi\u00e9n tiene grandes complicaciones en su gobierno, tendr\u00eda rec\u00edprocos intereses.<\/p>\n\n\n\n<p>Vladimir Putin intenta, desde hace a\u00f1os, recrear el imperio que, luego, se transform\u00f3 en la URSS y, en 2015, consigui\u00f3 anexarle la pen\u00ednsula de Crimea; ahora, apoyado sobre el importante n\u00famero de habitantes de origen ruso que pueblan el oriente de Ucrania, realiza actividades de agitaci\u00f3n interna con ciberataques y mercenarios que, de tener \u00e9xito, llevar\u00edan a otra secesi\u00f3n del pa\u00eds; adem\u00e1s, ha rodeado el pa\u00eds con sus fuerzas militares.<br><br>El pedido de Ucrania de sumarse a la OTAN encendi\u00f3 las alarmas y puede conducir a un enfrentamiento en el noreste de Europa de impredecibles consecuencias; aduciendo que concederla equivaldr\u00eda a tener un cintur\u00f3n misil\u00edstico en sus fronteras, el d\u00e9spota ruso ha amenazado a los Estados Unidos con armar bases equivalentes en Cuba y Venezuela (seg\u00fan revel\u00f3 el ex jefe de la inteligencia chavista, ya tiene dos), sus claros aliados en Sudam\u00e9rica, reeditando la crisis de los misiles de 1962.<\/p>\n\n\n\n<div class=\"wp-block-image\"><figure class=\"alignleft size-full\"><img loading=\"lazy\" decoding=\"async\" width=\"600\" height=\"400\" src=\"https:\/\/elcanillita.info\/press\/images\/2022\/01\/war1.jpg\" alt=\"\" class=\"wp-image-2201\" srcset=\"https:\/\/elcanillita.info\/press\/images\/2022\/01\/war1.jpg 600w, https:\/\/elcanillita.info\/press\/images\/2022\/01\/war1-300x200.jpg 300w\" sizes=\"auto, (max-width: 600px) 100vw, 600px\" \/><figcaption><center>Un soldado ucraniano en un puesto de combate cerca de la l\u00ednea de separaci\u00f3n.<\/center><\/figcaption><\/figure><\/div>\n\n\n\n<p>A\u00fan es posible que el autopercibido Zar renuncie a avanzar, ya que Alemania le ha hecho saber que, si invade Ucrania, algo que el mundo considera probablemente inminente, impedir\u00e1 que funcione el enorme gasoducto que alimentar\u00eda a la Comunidad Europea y llevar\u00eda de regreso indispensables millones de euros a las fam\u00e9licas arcas de Mosc\u00fa, y Biden, recuperando el rol de aliado de la preocupada Europa, ya le ha dicho que no tolerar\u00e1 m\u00e1s sus actitudes hostiles.<\/p>\n\n\n\n<p>Por su parte, Xi Jinping est\u00e1 reflotando el problema de Taiwan, un pa\u00eds independiente desde 1949 al cual China considera s\u00f3lo una provincia rebelde, y le ha sumado el montaje de islas artificiales militarizadas, que representan concretas amenazas para Jap\u00f3n, Corea del Sur y Australia, estrechamente unidos a Washington, tal como otras naciones vecinas. Biden desplaz\u00f3 esta semana su m\u00e1s moderno submarino nuclear a la zona para demostrar que est\u00e1 dispuesto a frenar las vocaciones imperialistas del l\u00edder chino, y reactiv\u00f3 la guerra comercial que lo enfrenta a Beijing.<\/p>\n\n\n\n<p>Nuestro inefable Presidente, obedeciendo a los deseos de su mandante, viajar\u00e1 a principios de febrero para visitar a Putin y a Jinping, hoy los \u201cmalos\u201d del mundo por las razones descriptas. Ratificando la notable esquizofrenia con que conduce las relaciones exteriores y con una supina ignorancia sobre la latente rivalidad entre Rusia y China, Alberto Fern\u00e1ndez ruega a los Estados Unidos que intervenga ante el FMI para que \u00e9ste acepte un supuesto plan sin ajuste fiscal, pero Cristina Fern\u00e1ndez lo torpedea permanentemente con cartas-misiles y declaraciones de sus esbirros.<\/p>\n\n\n\n<p>Argentina ha pagado con decenas de miles de muertos el ideologizado apoyo a Mosc\u00fa en la compra exclusiva de una vacuna que ning\u00fan pa\u00eds ha aprobado hasta ahora, lo cual nos impide viajar libremente por el mundo. \u00bfC\u00f3mo olvidar el discurso de Cristina Fern\u00e1ndez vanaglori\u00e1ndose de la solidaridad de Putin cuando todos reclam\u00e1bamos la de Pfizer? Ahora, nuestro Embajador Sabino Vaca Narvaja, pariente de la emperatriz patag\u00f3nica, avanza con intenciones de integrarnos a la peligrosa Ruta de la Seda y endeudarnos para siempre con China, firmando proyectos de infraestructura que nada tienen que ver con los verdaderos intereses de la Argentina: las represas en el r\u00edo Santa Cruz, y otra central nuclear.<\/p>\n\n\n\n<p>La pregunta imprescindible debe ser, entonces, por qu\u00e9 act\u00faa as\u00ed el Gobierno. \u00bfSer\u00e1 porque prev\u00e9 un inminente default con el FMI? Si as\u00ed fuera, no resultar\u00eda descabellado pensar que el viaje de Alberto Fern\u00e1ndez tiene como prop\u00f3sito pedir a Putin y Jinping apoyo financiero para paliar, de alg\u00fan modo, las terribles consecuencias, medidas en m\u00e1s inflaci\u00f3n y m\u00e1s pauperizaci\u00f3n, que la falta de un arreglo con el organismo acarrear\u00e1. \u00bfEstar\u00e1 dispuesto, para obtenerlo, a ceder m\u00e1s soberan\u00eda a Rusia y China para obtener ese sost\u00e9n?, \u00bfincluir\u00e1 el otorgamiento de nuevas bases militares en nuestro territorio? \u201cCosta Pobre\u201d se fue a la guerra y nadie sabe cu\u00e1ndo volver\u00e1 pero, entretanto, estamos en el peor escenario.<\/p>\n\n\n\n<p><small>Buenos Aires., 22 Enero 2022<\/small><br><br><small>Copyright \u00a9 2022 ElCanillita.info &#8211; SalaStampa.eu &#8211; Todos los derechos reservados <\/small><\/p>\n","protected":false},"excerpt":{"rendered":"<p>El ministro de Relaciones Exteriores de Rusia, Sergei Lavrov, y el secretario de Estado de EE. UU., Anthony Blinken, se re\u00fanen en Suiza para conversaciones cruciales.<br \/>\nSeg\u00fan los informes, el canciller alem\u00e1n Olaf Scholz rechaz\u00f3 una reuni\u00f3n cara a cara con Joe Biden para discutir la crisis de Ucrania, lo que expuso las crecientes divisiones dentro de la OTAN sobre c\u00f3mo responder a la amenaza de una invasi\u00f3n rusa.<\/p>\n","protected":false},"author":1,"featured_media":2205,"comment_status":"closed","ping_status":"closed","sticky":false,"template":"","format":"standard","meta":{"footnotes":"","_links_to":"","_links_to_target":""},"categories":[70,11,23],"tags":[29],"class_list":["post-2199","post","type-post","status-publish","format-standard","has-post-thumbnail","hentry","category-actualidad","category-america-del-sur","category-politica","tag-argentina","entry","double"],"yoast_head":"<!-- This site is optimized with the Yoast SEO plugin v27.5 - https:\/\/yoast.com\/product\/yoast-seo-wordpress\/ -->\n<title>\u201cCosta Pobre\u201d va a la guerra - ElCanillita.Info<\/title>\n<meta name=\"robots\" content=\"index, follow, max-snippet:-1, max-image-preview:large, max-video-preview:-1\" \/>\n<link rel=\"canonical\" href=\"https:\/\/elcanillita.info\/press\/2022\/01\/22\/costa-pobre-va-a-la-guerra\/\" \/>\n<meta property=\"og:locale\" content=\"es_ES\" \/>\n<meta property=\"og:type\" content=\"article\" \/>\n<meta property=\"og:title\" content=\"\u201cCosta Pobre\u201d va a la guerra - ElCanillita.Info\" \/>\n<meta property=\"og:description\" content=\"El ministro de Relaciones Exteriores de Rusia, Sergei Lavrov, y el secretario de Estado de EE. UU., Anthony Blinken, se re\u00fanen en Suiza para conversaciones cruciales. Seg\u00fan los informes, el canciller alem\u00e1n Olaf Scholz rechaz\u00f3 una reuni\u00f3n cara a cara con Joe Biden para discutir la crisis de Ucrania, lo que expuso las crecientes divisiones dentro de la OTAN sobre c\u00f3mo responder a la amenaza de una invasi\u00f3n rusa.\" \/>\n<meta property=\"og:url\" content=\"https:\/\/elcanillita.info\/press\/2022\/01\/22\/costa-pobre-va-a-la-guerra\/\" \/>\n<meta property=\"og:site_name\" content=\"ElCanillita.Info\" \/>\n<meta property=\"article:publisher\" content=\"https:\/\/ar-ar.facebook.com\/ElCanillitainfo-114249515285712\/\" \/>\n<meta property=\"article:published_time\" content=\"2022-01-22T14:02:12+00:00\" \/>\n<meta property=\"article:modified_time\" content=\"2022-01-23T12:17:50+00:00\" \/>\n<meta property=\"og:image\" content=\"https:\/\/elcanillita.info\/press\/images\/2022\/01\/war0-2.jpg\" \/>\n\t<meta property=\"og:image:width\" content=\"600\" \/>\n\t<meta property=\"og:image:height\" content=\"400\" \/>\n\t<meta property=\"og:image:type\" content=\"image\/jpeg\" \/>\n<meta name=\"author\" content=\"SalaStampa.eu, world press service\" \/>\n<meta name=\"twitter:card\" content=\"summary_large_image\" \/>\n<meta name=\"twitter:label1\" content=\"Escrito por\" \/>\n\t<meta name=\"twitter:data1\" content=\"SalaStampa.eu, world press service\" \/>\n\t<meta name=\"twitter:label2\" content=\"Tiempo de lectura\" \/>\n\t<meta name=\"twitter:data2\" content=\"5 minutos\" \/>\n<script type=\"application\/ld+json\" class=\"yoast-schema-graph\">{\"@context\":\"https:\\\/\\\/schema.org\",\"@graph\":[{\"@type\":\"Article\",\"@id\":\"https:\\\/\\\/elcanillita.info\\\/press\\\/2022\\\/01\\\/22\\\/costa-pobre-va-a-la-guerra\\\/#article\",\"isPartOf\":{\"@id\":\"https:\\\/\\\/elcanillita.info\\\/press\\\/2022\\\/01\\\/22\\\/costa-pobre-va-a-la-guerra\\\/\"},\"author\":{\"name\":\"SalaStampa.eu, world press service\",\"@id\":\"https:\\\/\\\/elcanillita.info\\\/press\\\/#\\\/schema\\\/person\\\/7fcb79f38045700919f7da6d97e71ba0\"},\"headline\":\"\u201cCosta Pobre\u201d va a la guerra\",\"datePublished\":\"2022-01-22T14:02:12+00:00\",\"dateModified\":\"2022-01-23T12:17:50+00:00\",\"mainEntityOfPage\":{\"@id\":\"https:\\\/\\\/elcanillita.info\\\/press\\\/2022\\\/01\\\/22\\\/costa-pobre-va-a-la-guerra\\\/\"},\"wordCount\":1015,\"publisher\":{\"@id\":\"https:\\\/\\\/elcanillita.info\\\/press\\\/#organization\"},\"image\":{\"@id\":\"https:\\\/\\\/elcanillita.info\\\/press\\\/2022\\\/01\\\/22\\\/costa-pobre-va-a-la-guerra\\\/#primaryimage\"},\"thumbnailUrl\":\"https:\\\/\\\/elcanillita.info\\\/press\\\/images\\\/2022\\\/01\\\/war0-2.jpg\",\"keywords\":[\"Argentina\"],\"articleSection\":[\"Actualidad\",\"Am\u00e9rica del Sur\",\"Politica\"],\"inLanguage\":\"es-AR\"},{\"@type\":\"WebPage\",\"@id\":\"https:\\\/\\\/elcanillita.info\\\/press\\\/2022\\\/01\\\/22\\\/costa-pobre-va-a-la-guerra\\\/\",\"url\":\"https:\\\/\\\/elcanillita.info\\\/press\\\/2022\\\/01\\\/22\\\/costa-pobre-va-a-la-guerra\\\/\",\"name\":\"\u201cCosta Pobre\u201d va a la guerra - ElCanillita.Info\",\"isPartOf\":{\"@id\":\"https:\\\/\\\/elcanillita.info\\\/press\\\/#website\"},\"primaryImageOfPage\":{\"@id\":\"https:\\\/\\\/elcanillita.info\\\/press\\\/2022\\\/01\\\/22\\\/costa-pobre-va-a-la-guerra\\\/#primaryimage\"},\"image\":{\"@id\":\"https:\\\/\\\/elcanillita.info\\\/press\\\/2022\\\/01\\\/22\\\/costa-pobre-va-a-la-guerra\\\/#primaryimage\"},\"thumbnailUrl\":\"https:\\\/\\\/elcanillita.info\\\/press\\\/images\\\/2022\\\/01\\\/war0-2.jpg\",\"datePublished\":\"2022-01-22T14:02:12+00:00\",\"dateModified\":\"2022-01-23T12:17:50+00:00\",\"inLanguage\":\"es-AR\",\"potentialAction\":[{\"@type\":\"ReadAction\",\"target\":[\"https:\\\/\\\/elcanillita.info\\\/press\\\/2022\\\/01\\\/22\\\/costa-pobre-va-a-la-guerra\\\/\"]}]},{\"@type\":\"ImageObject\",\"inLanguage\":\"es-AR\",\"@id\":\"https:\\\/\\\/elcanillita.info\\\/press\\\/2022\\\/01\\\/22\\\/costa-pobre-va-a-la-guerra\\\/#primaryimage\",\"url\":\"https:\\\/\\\/elcanillita.info\\\/press\\\/images\\\/2022\\\/01\\\/war0-2.jpg\",\"contentUrl\":\"https:\\\/\\\/elcanillita.info\\\/press\\\/images\\\/2022\\\/01\\\/war0-2.jpg\",\"width\":600,\"height\":400},{\"@type\":\"WebSite\",\"@id\":\"https:\\\/\\\/elcanillita.info\\\/press\\\/#website\",\"url\":\"https:\\\/\\\/elcanillita.info\\\/press\\\/\",\"name\":\"ElCanillita.Info\",\"description\":\"desde los Apeninos a los Andes\",\"publisher\":{\"@id\":\"https:\\\/\\\/elcanillita.info\\\/press\\\/#organization\"},\"potentialAction\":[{\"@type\":\"SearchAction\",\"target\":{\"@type\":\"EntryPoint\",\"urlTemplate\":\"https:\\\/\\\/elcanillita.info\\\/press\\\/?s={search_term_string}\"},\"query-input\":{\"@type\":\"PropertyValueSpecification\",\"valueRequired\":true,\"valueName\":\"search_term_string\"}}],\"inLanguage\":\"es-AR\"},{\"@type\":\"Organization\",\"@id\":\"https:\\\/\\\/elcanillita.info\\\/press\\\/#organization\",\"name\":\"Guzzo Photos & Graphic Publications\",\"url\":\"https:\\\/\\\/elcanillita.info\\\/press\\\/\",\"logo\":{\"@type\":\"ImageObject\",\"inLanguage\":\"es-AR\",\"@id\":\"https:\\\/\\\/elcanillita.info\\\/press\\\/#\\\/schema\\\/logo\\\/image\\\/\",\"url\":\"https:\\\/\\\/elcanillita.info\\\/press\\\/images\\\/2020\\\/01\\\/cropped-cropped-cropped-elcanillitainfo.png\",\"contentUrl\":\"https:\\\/\\\/elcanillita.info\\\/press\\\/images\\\/2020\\\/01\\\/cropped-cropped-cropped-elcanillitainfo.png\",\"width\":460,\"height\":50,\"caption\":\"Guzzo Photos & Graphic Publications\"},\"image\":{\"@id\":\"https:\\\/\\\/elcanillita.info\\\/press\\\/#\\\/schema\\\/logo\\\/image\\\/\"},\"sameAs\":[\"https:\\\/\\\/ar-ar.facebook.com\\\/ElCanillitainfo-114249515285712\\\/\"]},{\"@type\":\"Person\",\"@id\":\"https:\\\/\\\/elcanillita.info\\\/press\\\/#\\\/schema\\\/person\\\/7fcb79f38045700919f7da6d97e71ba0\",\"name\":\"SalaStampa.eu, world press service\",\"image\":{\"@type\":\"ImageObject\",\"inLanguage\":\"es-AR\",\"@id\":\"https:\\\/\\\/secure.gravatar.com\\\/avatar\\\/c2f0e0d515a107624234994507816ca4724c7199cef73fc8bedebf6931d73888?s=96&d=mm&r=g\",\"url\":\"https:\\\/\\\/secure.gravatar.com\\\/avatar\\\/c2f0e0d515a107624234994507816ca4724c7199cef73fc8bedebf6931d73888?s=96&d=mm&r=g\",\"contentUrl\":\"https:\\\/\\\/secure.gravatar.com\\\/avatar\\\/c2f0e0d515a107624234994507816ca4724c7199cef73fc8bedebf6931d73888?s=96&d=mm&r=g\",\"caption\":\"SalaStampa.eu, world press service\"}}]}<\/script>\n<!-- \/ Yoast SEO plugin. -->","yoast_head_json":{"title":"\u201cCosta Pobre\u201d va a la guerra - ElCanillita.Info","robots":{"index":"index","follow":"follow","max-snippet":"max-snippet:-1","max-image-preview":"max-image-preview:large","max-video-preview":"max-video-preview:-1"},"canonical":"https:\/\/elcanillita.info\/press\/2022\/01\/22\/costa-pobre-va-a-la-guerra\/","og_locale":"es_ES","og_type":"article","og_title":"\u201cCosta Pobre\u201d va a la guerra - ElCanillita.Info","og_description":"El ministro de Relaciones Exteriores de Rusia, Sergei Lavrov, y el secretario de Estado de EE. UU., Anthony Blinken, se re\u00fanen en Suiza para conversaciones cruciales. Seg\u00fan los informes, el canciller alem\u00e1n Olaf Scholz rechaz\u00f3 una reuni\u00f3n cara a cara con Joe Biden para discutir la crisis de Ucrania, lo que expuso las crecientes divisiones dentro de la OTAN sobre c\u00f3mo responder a la amenaza de una invasi\u00f3n rusa.","og_url":"https:\/\/elcanillita.info\/press\/2022\/01\/22\/costa-pobre-va-a-la-guerra\/","og_site_name":"ElCanillita.Info","article_publisher":"https:\/\/ar-ar.facebook.com\/ElCanillitainfo-114249515285712\/","article_published_time":"2022-01-22T14:02:12+00:00","article_modified_time":"2022-01-23T12:17:50+00:00","og_image":[{"width":600,"height":400,"url":"https:\/\/elcanillita.info\/press\/images\/2022\/01\/war0-2.jpg","type":"image\/jpeg"}],"author":"SalaStampa.eu, world press service","twitter_card":"summary_large_image","twitter_misc":{"Escrito por":"SalaStampa.eu, world press service","Tiempo de lectura":"5 minutos"},"schema":{"@context":"https:\/\/schema.org","@graph":[{"@type":"Article","@id":"https:\/\/elcanillita.info\/press\/2022\/01\/22\/costa-pobre-va-a-la-guerra\/#article","isPartOf":{"@id":"https:\/\/elcanillita.info\/press\/2022\/01\/22\/costa-pobre-va-a-la-guerra\/"},"author":{"name":"SalaStampa.eu, world press service","@id":"https:\/\/elcanillita.info\/press\/#\/schema\/person\/7fcb79f38045700919f7da6d97e71ba0"},"headline":"\u201cCosta Pobre\u201d va a la guerra","datePublished":"2022-01-22T14:02:12+00:00","dateModified":"2022-01-23T12:17:50+00:00","mainEntityOfPage":{"@id":"https:\/\/elcanillita.info\/press\/2022\/01\/22\/costa-pobre-va-a-la-guerra\/"},"wordCount":1015,"publisher":{"@id":"https:\/\/elcanillita.info\/press\/#organization"},"image":{"@id":"https:\/\/elcanillita.info\/press\/2022\/01\/22\/costa-pobre-va-a-la-guerra\/#primaryimage"},"thumbnailUrl":"https:\/\/elcanillita.info\/press\/images\/2022\/01\/war0-2.jpg","keywords":["Argentina"],"articleSection":["Actualidad","Am\u00e9rica del Sur","Politica"],"inLanguage":"es-AR"},{"@type":"WebPage","@id":"https:\/\/elcanillita.info\/press\/2022\/01\/22\/costa-pobre-va-a-la-guerra\/","url":"https:\/\/elcanillita.info\/press\/2022\/01\/22\/costa-pobre-va-a-la-guerra\/","name":"\u201cCosta Pobre\u201d va a la guerra - ElCanillita.Info","isPartOf":{"@id":"https:\/\/elcanillita.info\/press\/#website"},"primaryImageOfPage":{"@id":"https:\/\/elcanillita.info\/press\/2022\/01\/22\/costa-pobre-va-a-la-guerra\/#primaryimage"},"image":{"@id":"https:\/\/elcanillita.info\/press\/2022\/01\/22\/costa-pobre-va-a-la-guerra\/#primaryimage"},"thumbnailUrl":"https:\/\/elcanillita.info\/press\/images\/2022\/01\/war0-2.jpg","datePublished":"2022-01-22T14:02:12+00:00","dateModified":"2022-01-23T12:17:50+00:00","inLanguage":"es-AR","potentialAction":[{"@type":"ReadAction","target":["https:\/\/elcanillita.info\/press\/2022\/01\/22\/costa-pobre-va-a-la-guerra\/"]}]},{"@type":"ImageObject","inLanguage":"es-AR","@id":"https:\/\/elcanillita.info\/press\/2022\/01\/22\/costa-pobre-va-a-la-guerra\/#primaryimage","url":"https:\/\/elcanillita.info\/press\/images\/2022\/01\/war0-2.jpg","contentUrl":"https:\/\/elcanillita.info\/press\/images\/2022\/01\/war0-2.jpg","width":600,"height":400},{"@type":"WebSite","@id":"https:\/\/elcanillita.info\/press\/#website","url":"https:\/\/elcanillita.info\/press\/","name":"ElCanillita.Info","description":"desde los Apeninos a los Andes","publisher":{"@id":"https:\/\/elcanillita.info\/press\/#organization"},"potentialAction":[{"@type":"SearchAction","target":{"@type":"EntryPoint","urlTemplate":"https:\/\/elcanillita.info\/press\/?s={search_term_string}"},"query-input":{"@type":"PropertyValueSpecification","valueRequired":true,"valueName":"search_term_string"}}],"inLanguage":"es-AR"},{"@type":"Organization","@id":"https:\/\/elcanillita.info\/press\/#organization","name":"Guzzo Photos & Graphic Publications","url":"https:\/\/elcanillita.info\/press\/","logo":{"@type":"ImageObject","inLanguage":"es-AR","@id":"https:\/\/elcanillita.info\/press\/#\/schema\/logo\/image\/","url":"https:\/\/elcanillita.info\/press\/images\/2020\/01\/cropped-cropped-cropped-elcanillitainfo.png","contentUrl":"https:\/\/elcanillita.info\/press\/images\/2020\/01\/cropped-cropped-cropped-elcanillitainfo.png","width":460,"height":50,"caption":"Guzzo Photos & Graphic Publications"},"image":{"@id":"https:\/\/elcanillita.info\/press\/#\/schema\/logo\/image\/"},"sameAs":["https:\/\/ar-ar.facebook.com\/ElCanillitainfo-114249515285712\/"]},{"@type":"Person","@id":"https:\/\/elcanillita.info\/press\/#\/schema\/person\/7fcb79f38045700919f7da6d97e71ba0","name":"SalaStampa.eu, world press service","image":{"@type":"ImageObject","inLanguage":"es-AR","@id":"https:\/\/secure.gravatar.com\/avatar\/c2f0e0d515a107624234994507816ca4724c7199cef73fc8bedebf6931d73888?s=96&d=mm&r=g","url":"https:\/\/secure.gravatar.com\/avatar\/c2f0e0d515a107624234994507816ca4724c7199cef73fc8bedebf6931d73888?s=96&d=mm&r=g","contentUrl":"https:\/\/secure.gravatar.com\/avatar\/c2f0e0d515a107624234994507816ca4724c7199cef73fc8bedebf6931d73888?s=96&d=mm&r=g","caption":"SalaStampa.eu, world press service"}}]}},"views":586,"_links":{"self":[{"href":"https:\/\/elcanillita.info\/press\/wp-json\/wp\/v2\/posts\/2199","targetHints":{"allow":["GET"]}}],"collection":[{"href":"https:\/\/elcanillita.info\/press\/wp-json\/wp\/v2\/posts"}],"about":[{"href":"https:\/\/elcanillita.info\/press\/wp-json\/wp\/v2\/types\/post"}],"author":[{"embeddable":true,"href":"https:\/\/elcanillita.info\/press\/wp-json\/wp\/v2\/users\/1"}],"replies":[{"embeddable":true,"href":"https:\/\/elcanillita.info\/press\/wp-json\/wp\/v2\/comments?post=2199"}],"version-history":[{"count":0,"href":"https:\/\/elcanillita.info\/press\/wp-json\/wp\/v2\/posts\/2199\/revisions"}],"wp:featuredmedia":[{"embeddable":true,"href":"https:\/\/elcanillita.info\/press\/wp-json\/wp\/v2\/media\/2205"}],"wp:attachment":[{"href":"https:\/\/elcanillita.info\/press\/wp-json\/wp\/v2\/media?parent=2199"}],"wp:term":[{"taxonomy":"category","embeddable":true,"href":"https:\/\/elcanillita.info\/press\/wp-json\/wp\/v2\/categories?post=2199"},{"taxonomy":"post_tag","embeddable":true,"href":"https:\/\/elcanillita.info\/press\/wp-json\/wp\/v2\/tags?post=2199"}],"curies":[{"name":"wp","href":"https:\/\/api.w.org\/{rel}","templated":true}]}}