{"id":2188,"date":"2022-01-18T07:37:09","date_gmt":"2022-01-18T10:37:09","guid":{"rendered":"https:\/\/elcanillita.info\/press\/?p=2188"},"modified":"2022-01-22T11:03:15","modified_gmt":"2022-01-22T14:03:15","slug":"decreto-ante-la-peste-en-italia","status":"publish","type":"post","link":"https:\/\/elcanillita.info\/press\/2022\/01\/18\/decreto-ante-la-peste-en-italia\/","title":{"rendered":"Decreto ante la Peste en Italia"},"content":{"rendered":"\n<div class=\"wp-block-image\"><figure class=\"alignleft size-full\"><img loading=\"lazy\" decoding=\"async\" width=\"600\" height=\"554\" src=\"https:\/\/elcanillita.info\/press\/images\/2022\/01\/locura0.jpg\" alt=\"\" class=\"wp-image-2189\" srcset=\"https:\/\/elcanillita.info\/press\/images\/2022\/01\/locura0.jpg 600w, https:\/\/elcanillita.info\/press\/images\/2022\/01\/locura0-300x277.jpg 300w\" sizes=\"auto, (max-width: 600px) 100vw, 600px\" \/><\/figure><\/div>\n\n\n\n<p>Nueva<strong> <\/strong>apret\u00f3n para los que decidieron no hacer ni siquiera la primera dosis de la vacuna Covid en Italia. Pasar\u00e1 en las pr\u00f3ximas horas por decreto: la medida contendr\u00e1 la lista de actividades en las que a partir del mes que viene 1 Febrero 2022,  se podr\u00e1 entrar sin certificado verde, b\u00e1sico o mejorado, considerados imprescindibles.  <\/p>\n\n\n\n<p>Las actividades determinadas en las que se entrar\u00e1 sin tope son los supermercados, las tiendas de comestibles, las farmacias, los hospitales, las tiendas de ni\u00f1os, las comisar\u00edas de polic\u00eda, los juzgados para testificar.   <\/p>\n\n\n\n<p>A partir del 1 Febrero 2022, el certificado b\u00e1sico se exigir\u00e1 tambi\u00e9n en las oficinas p\u00fablicas, los servicios postales, los bancos y los comercios no esenciales. A partir del 20 de enero, en cambio -as\u00ed lo establece el \u00faltimo decreto en vigor- los barberos, peluqueros y esteticistas ya tendr\u00e1n que pedir el Pase Verde, de tamp\u00f3n o de vacuna. El nuevo Decreto: contempla expresamente el decreto Covid lanzado por el Gobierno el 5 de Enero con nuevas medidas para combatir la pandemia (el mismo que introdujo la vacunaci\u00f3n obligatoria para los mayores de 50 a\u00f1os). Ese decreto ha puesto unos cuantos hitos: establece sin tapujos que hasta el 31 de Marzo s\u00f3lo se permite a quienes est\u00e9n en posesi\u00f3n de la certificaci\u00f3n verde Covid-19 (hisopo antig\u00e9nico r\u00e1pido o molecular con resultado negativo) el acceso a los &#8220;servicios personales&#8221; a partir del 20 de Enero. Y a las &#8220;oficinas p\u00fablicas, servicios postales, bancarios y financieros, actividades comerciales&#8221; a partir del 1 Febrero.  De ah\u00ed la necesidad de un nuevo Decreto.<\/p>\n\n\n\n<p><strong>Lista de tiendas\/actividades en las que no ser\u00e1 necesario el Pase Verde<\/strong><br><br>Dentro de dos semanas se necesitar\u00e1 el Pase Verde en todos los comercios, excepto en las tiendas de comestibles, supermercados, hipermercados, pescader\u00edas, carnicer\u00edas, panader\u00edas y tiendas que vendan alimentos congelados. Sin certificado verde tambi\u00e9n se podr\u00e1 comprar en el mercado local. En el sector de la ropa, las compras a vendedores ambulantes tambi\u00e9n seguir\u00e1n&#8221;exentas&#8221;de la obligaci\u00f3n de tener un hisopo o una vacuna. Se exigir\u00e1 un pase verde en las tiendas de ropa, ropa interior y ni\u00f1os, incluidos los juguetes.<\/p>\n\n\n\n<p>No se necesita la Tarjeta Verde para entrar en farmacias, \u00f3pticas y parafarmacias que vendan medicamentos o productos de cuidado personal (cremas, desodorantes, cepillos de dientes, tampones, productos para beb\u00e9s), as\u00ed como en gasolineras, tiendas que vendan pellets para estufas y tiendas que vendan alimentos u otros art\u00edculos para animales. Los quioscos de prensa podr\u00e1n vender a los que no tengan pase, pero s\u00f3lo si son quioscos al aire libre; los Pases Verdes ser\u00e1n necesarios en los negocios que vendan revistas, papeler\u00edas y librer\u00edas.<\/p>\n\n\n\n<p>El Pase Verde, tambi\u00e9n ser\u00e1 necesario para comprar en los expendedores de cigarrillos dentro de los bares. Los fumadores tendr\u00e1n que conformarse con las m\u00e1quinas expendedoras y los rincones abiertos dedicados en los supermercados <\/p>\n\n\n\n<p> No ser\u00e1 necesario el Pase Verde en caso de urgencias, o si se tiene que visitar un hospital o hacerse un an\u00e1lisis cl\u00ednico en un laboratorio. Se tendr\u00e1 entrada &#8220;gratuita&#8221; si se tiene que presentar una denuncia en una comisar\u00eda, o si es un acusado o testigo en un juicio civil o penal o necesita entrar en una sala de justicia.<\/p>\n\n\n\n<p>Si una tienda resulta fuera de la lista que se indicar\u00e1 el Decreto, significar\u00e1 que necesita un Pase Verde, a partir de un hisopo negativo v\u00e1lido durante 72 horas. Y si la prueba es molecular 48 horas si es antig\u00e9nica.  El Pase Verde a partir del 1 Febrero durar\u00e1 seis meses con efecto retroactivo, es decir, caducar\u00e1 incluso para quienes hayan superado la infecci\u00f3n o se hayan administrado la vacuna durante m\u00e1s de 180 d\u00edas.  A partir de Febrero el pase tambi\u00e9n se exigir\u00e1 en las oficinas p\u00fablicas, en Correos y en los bancos.<br><br><strong>La vacuna no es obligatoria, pero..<\/strong> <\/p>\n\n\n\n<p>Al final, el bloqueo de los no vacunados ser\u00e1 m\u00e1s duro de lo previsto, a pesar de la presi\u00f3n ejercida hasta el \u00faltimo momento por el ministro de Desarrollo Econ\u00f3mico, Giancarlo Giorgetti, quien quer\u00eda incluir en la lista de comercios accesibles a los no vacunados todos los c\u00f3digos de las actividades econ\u00f3micas, ya utilizados durante el primer bloqueo, lo que dejaba libre el acceso a muchos otros negocios, como las tiendas de electr\u00f3nica y telefon\u00eda. Este no ser\u00e1 el caso.<\/p>\n\n\n\n<p>El Ministerio de Desarrollo Econ\u00f3mico en particular, asegura el Sole 24 Ore, ha pedido y obtenido que se a\u00f1adan cl\u00e1usulas especiales destinadas a proteger situaciones de emergencia o de absoluta urgencia: es el caso de las peque\u00f1as poblaciones de monta\u00f1a o en los casos en que por razones objetivas no es posible hacer el amortiguamiento en tiempo aceptable. La \u00fanica apertura sin l\u00edmites en la pr\u00e1ctica es para todos aquellos establecimientos comerciales al aire libre donde deber\u00eda haber menos riesgo de infecci\u00f3n.<\/p>\n\n\n\n<p>Las peticiones no han sido apoyadas por el gobierno, escribe hoy La Stampa. El Gobierno tambi\u00e9n ha optado por una l\u00ednea de cautela respecto a las peticiones de la  C\u00e1mara de comercio, industria, artesan\u00eda y agricultura, que de hecho solicitan que se abra la tercera fase de convivencia con el virus desde ya, superando el sistema de colores, suprimiendo la cuarentena para los pacientes asintom\u00e1ticos, que no ser\u00eda econ\u00f3micamente m\u00e1s sostenible para el Instituto Nacional de Previdencia Social, o, en su defecto, suprimiendo la obligaci\u00f3n de tomar hisopos para salir del aislamiento cuando ya no se tienen s\u00edntomas. Esto se discutir\u00e1, pero la impresi\u00f3n es que el gobierno no tiene prisa.<br><br> <small>Copyright \u00a9 2022 ElCanillita.info \/ DC24.News &#8211; PanPress.eu \/ SalaStampa.eu &#8211; Derechos reservados <\/small><\/p>\n","protected":false},"excerpt":{"rendered":"<p>Lista de comercios y actividades en los que se podr\u00e1 entrar sin pase verde a partir del 1 Febrero 2022 en Italia<\/p>\n","protected":false},"author":1,"featured_media":2190,"comment_status":"closed","ping_status":"closed","sticky":false,"template":"","format":"standard","meta":{"footnotes":"","_links_to":"","_links_to_target":""},"categories":[5,78],"tags":[60],"class_list":["post-2188","post","type-post","status-publish","format-standard","has-post-thumbnail","hentry","category-europa","category-sanidad","tag-italia","entry","double"],"yoast_head":"<!-- This site is optimized with the Yoast SEO plugin v27.4 - https:\/\/yoast.com\/product\/yoast-seo-wordpress\/ -->\n<title>Decreto ante la Peste en Italia - ElCanillita.Info<\/title>\n<meta name=\"robots\" content=\"index, follow, max-snippet:-1, max-image-preview:large, max-video-preview:-1\" \/>\n<link rel=\"canonical\" href=\"https:\/\/elcanillita.info\/press\/2022\/01\/18\/decreto-ante-la-peste-en-italia\/\" \/>\n<meta property=\"og:locale\" content=\"es_ES\" \/>\n<meta property=\"og:type\" content=\"article\" \/>\n<meta property=\"og:title\" content=\"Decreto ante la Peste en Italia - ElCanillita.Info\" \/>\n<meta property=\"og:description\" content=\"Lista de comercios y actividades en los que se podr\u00e1 entrar sin pase verde a partir del 1 Febrero 2022 en Italia\" \/>\n<meta property=\"og:url\" content=\"https:\/\/elcanillita.info\/press\/2022\/01\/18\/decreto-ante-la-peste-en-italia\/\" \/>\n<meta property=\"og:site_name\" content=\"ElCanillita.Info\" \/>\n<meta property=\"article:publisher\" content=\"https:\/\/ar-ar.facebook.com\/ElCanillitainfo-114249515285712\/\" \/>\n<meta property=\"article:published_time\" content=\"2022-01-18T10:37:09+00:00\" \/>\n<meta property=\"article:modified_time\" content=\"2022-01-22T14:03:15+00:00\" \/>\n<meta property=\"og:image\" content=\"https:\/\/elcanillita.info\/press\/images\/2022\/01\/locura.jpg\" \/>\n\t<meta property=\"og:image:width\" content=\"600\" \/>\n\t<meta property=\"og:image:height\" content=\"400\" \/>\n\t<meta property=\"og:image:type\" content=\"image\/jpeg\" \/>\n<meta name=\"author\" content=\"SalaStampa.eu, world press service\" \/>\n<meta name=\"twitter:card\" content=\"summary_large_image\" \/>\n<meta name=\"twitter:label1\" content=\"Escrito por\" \/>\n\t<meta name=\"twitter:data1\" content=\"SalaStampa.eu, world press service\" \/>\n\t<meta name=\"twitter:label2\" content=\"Tiempo de lectura\" \/>\n\t<meta name=\"twitter:data2\" content=\"5 minutos\" \/>\n<script type=\"application\/ld+json\" class=\"yoast-schema-graph\">{\"@context\":\"https:\\\/\\\/schema.org\",\"@graph\":[{\"@type\":\"Article\",\"@id\":\"https:\\\/\\\/elcanillita.info\\\/press\\\/2022\\\/01\\\/18\\\/decreto-ante-la-peste-en-italia\\\/#article\",\"isPartOf\":{\"@id\":\"https:\\\/\\\/elcanillita.info\\\/press\\\/2022\\\/01\\\/18\\\/decreto-ante-la-peste-en-italia\\\/\"},\"author\":{\"name\":\"SalaStampa.eu, world press service\",\"@id\":\"https:\\\/\\\/elcanillita.info\\\/press\\\/#\\\/schema\\\/person\\\/7fcb79f38045700919f7da6d97e71ba0\"},\"headline\":\"Decreto ante la Peste en Italia\",\"datePublished\":\"2022-01-18T10:37:09+00:00\",\"dateModified\":\"2022-01-22T14:03:15+00:00\",\"mainEntityOfPage\":{\"@id\":\"https:\\\/\\\/elcanillita.info\\\/press\\\/2022\\\/01\\\/18\\\/decreto-ante-la-peste-en-italia\\\/\"},\"wordCount\":985,\"publisher\":{\"@id\":\"https:\\\/\\\/elcanillita.info\\\/press\\\/#organization\"},\"image\":{\"@id\":\"https:\\\/\\\/elcanillita.info\\\/press\\\/2022\\\/01\\\/18\\\/decreto-ante-la-peste-en-italia\\\/#primaryimage\"},\"thumbnailUrl\":\"https:\\\/\\\/elcanillita.info\\\/press\\\/images\\\/2022\\\/01\\\/locura.jpg\",\"keywords\":[\"Italia\"],\"articleSection\":[\"Europa\",\"Sanidad\"],\"inLanguage\":\"es-AR\"},{\"@type\":\"WebPage\",\"@id\":\"https:\\\/\\\/elcanillita.info\\\/press\\\/2022\\\/01\\\/18\\\/decreto-ante-la-peste-en-italia\\\/\",\"url\":\"https:\\\/\\\/elcanillita.info\\\/press\\\/2022\\\/01\\\/18\\\/decreto-ante-la-peste-en-italia\\\/\",\"name\":\"Decreto ante la Peste en Italia - ElCanillita.Info\",\"isPartOf\":{\"@id\":\"https:\\\/\\\/elcanillita.info\\\/press\\\/#website\"},\"primaryImageOfPage\":{\"@id\":\"https:\\\/\\\/elcanillita.info\\\/press\\\/2022\\\/01\\\/18\\\/decreto-ante-la-peste-en-italia\\\/#primaryimage\"},\"image\":{\"@id\":\"https:\\\/\\\/elcanillita.info\\\/press\\\/2022\\\/01\\\/18\\\/decreto-ante-la-peste-en-italia\\\/#primaryimage\"},\"thumbnailUrl\":\"https:\\\/\\\/elcanillita.info\\\/press\\\/images\\\/2022\\\/01\\\/locura.jpg\",\"datePublished\":\"2022-01-18T10:37:09+00:00\",\"dateModified\":\"2022-01-22T14:03:15+00:00\",\"inLanguage\":\"es-AR\",\"potentialAction\":[{\"@type\":\"ReadAction\",\"target\":[\"https:\\\/\\\/elcanillita.info\\\/press\\\/2022\\\/01\\\/18\\\/decreto-ante-la-peste-en-italia\\\/\"]}]},{\"@type\":\"ImageObject\",\"inLanguage\":\"es-AR\",\"@id\":\"https:\\\/\\\/elcanillita.info\\\/press\\\/2022\\\/01\\\/18\\\/decreto-ante-la-peste-en-italia\\\/#primaryimage\",\"url\":\"https:\\\/\\\/elcanillita.info\\\/press\\\/images\\\/2022\\\/01\\\/locura.jpg\",\"contentUrl\":\"https:\\\/\\\/elcanillita.info\\\/press\\\/images\\\/2022\\\/01\\\/locura.jpg\",\"width\":600,\"height\":400},{\"@type\":\"WebSite\",\"@id\":\"https:\\\/\\\/elcanillita.info\\\/press\\\/#website\",\"url\":\"https:\\\/\\\/elcanillita.info\\\/press\\\/\",\"name\":\"ElCanillita.Info\",\"description\":\"desde los Apeninos a los Andes\",\"publisher\":{\"@id\":\"https:\\\/\\\/elcanillita.info\\\/press\\\/#organization\"},\"potentialAction\":[{\"@type\":\"SearchAction\",\"target\":{\"@type\":\"EntryPoint\",\"urlTemplate\":\"https:\\\/\\\/elcanillita.info\\\/press\\\/?s={search_term_string}\"},\"query-input\":{\"@type\":\"PropertyValueSpecification\",\"valueRequired\":true,\"valueName\":\"search_term_string\"}}],\"inLanguage\":\"es-AR\"},{\"@type\":\"Organization\",\"@id\":\"https:\\\/\\\/elcanillita.info\\\/press\\\/#organization\",\"name\":\"Guzzo Photos & Graphic Publications\",\"url\":\"https:\\\/\\\/elcanillita.info\\\/press\\\/\",\"logo\":{\"@type\":\"ImageObject\",\"inLanguage\":\"es-AR\",\"@id\":\"https:\\\/\\\/elcanillita.info\\\/press\\\/#\\\/schema\\\/logo\\\/image\\\/\",\"url\":\"https:\\\/\\\/elcanillita.info\\\/press\\\/images\\\/2020\\\/01\\\/cropped-cropped-cropped-elcanillitainfo.png\",\"contentUrl\":\"https:\\\/\\\/elcanillita.info\\\/press\\\/images\\\/2020\\\/01\\\/cropped-cropped-cropped-elcanillitainfo.png\",\"width\":460,\"height\":50,\"caption\":\"Guzzo Photos & Graphic Publications\"},\"image\":{\"@id\":\"https:\\\/\\\/elcanillita.info\\\/press\\\/#\\\/schema\\\/logo\\\/image\\\/\"},\"sameAs\":[\"https:\\\/\\\/ar-ar.facebook.com\\\/ElCanillitainfo-114249515285712\\\/\"]},{\"@type\":\"Person\",\"@id\":\"https:\\\/\\\/elcanillita.info\\\/press\\\/#\\\/schema\\\/person\\\/7fcb79f38045700919f7da6d97e71ba0\",\"name\":\"SalaStampa.eu, world press service\",\"image\":{\"@type\":\"ImageObject\",\"inLanguage\":\"es-AR\",\"@id\":\"https:\\\/\\\/secure.gravatar.com\\\/avatar\\\/c2f0e0d515a107624234994507816ca4724c7199cef73fc8bedebf6931d73888?s=96&d=mm&r=g\",\"url\":\"https:\\\/\\\/secure.gravatar.com\\\/avatar\\\/c2f0e0d515a107624234994507816ca4724c7199cef73fc8bedebf6931d73888?s=96&d=mm&r=g\",\"contentUrl\":\"https:\\\/\\\/secure.gravatar.com\\\/avatar\\\/c2f0e0d515a107624234994507816ca4724c7199cef73fc8bedebf6931d73888?s=96&d=mm&r=g\",\"caption\":\"SalaStampa.eu, world press service\"}}]}<\/script>\n<!-- \/ Yoast SEO plugin. -->","yoast_head_json":{"title":"Decreto ante la Peste en Italia - ElCanillita.Info","robots":{"index":"index","follow":"follow","max-snippet":"max-snippet:-1","max-image-preview":"max-image-preview:large","max-video-preview":"max-video-preview:-1"},"canonical":"https:\/\/elcanillita.info\/press\/2022\/01\/18\/decreto-ante-la-peste-en-italia\/","og_locale":"es_ES","og_type":"article","og_title":"Decreto ante la Peste en Italia - ElCanillita.Info","og_description":"Lista de comercios y actividades en los que se podr\u00e1 entrar sin pase verde a partir del 1 Febrero 2022 en Italia","og_url":"https:\/\/elcanillita.info\/press\/2022\/01\/18\/decreto-ante-la-peste-en-italia\/","og_site_name":"ElCanillita.Info","article_publisher":"https:\/\/ar-ar.facebook.com\/ElCanillitainfo-114249515285712\/","article_published_time":"2022-01-18T10:37:09+00:00","article_modified_time":"2022-01-22T14:03:15+00:00","og_image":[{"width":600,"height":400,"url":"https:\/\/elcanillita.info\/press\/images\/2022\/01\/locura.jpg","type":"image\/jpeg"}],"author":"SalaStampa.eu, world press service","twitter_card":"summary_large_image","twitter_misc":{"Escrito por":"SalaStampa.eu, world press service","Tiempo de lectura":"5 minutos"},"schema":{"@context":"https:\/\/schema.org","@graph":[{"@type":"Article","@id":"https:\/\/elcanillita.info\/press\/2022\/01\/18\/decreto-ante-la-peste-en-italia\/#article","isPartOf":{"@id":"https:\/\/elcanillita.info\/press\/2022\/01\/18\/decreto-ante-la-peste-en-italia\/"},"author":{"name":"SalaStampa.eu, world press service","@id":"https:\/\/elcanillita.info\/press\/#\/schema\/person\/7fcb79f38045700919f7da6d97e71ba0"},"headline":"Decreto ante la Peste en Italia","datePublished":"2022-01-18T10:37:09+00:00","dateModified":"2022-01-22T14:03:15+00:00","mainEntityOfPage":{"@id":"https:\/\/elcanillita.info\/press\/2022\/01\/18\/decreto-ante-la-peste-en-italia\/"},"wordCount":985,"publisher":{"@id":"https:\/\/elcanillita.info\/press\/#organization"},"image":{"@id":"https:\/\/elcanillita.info\/press\/2022\/01\/18\/decreto-ante-la-peste-en-italia\/#primaryimage"},"thumbnailUrl":"https:\/\/elcanillita.info\/press\/images\/2022\/01\/locura.jpg","keywords":["Italia"],"articleSection":["Europa","Sanidad"],"inLanguage":"es-AR"},{"@type":"WebPage","@id":"https:\/\/elcanillita.info\/press\/2022\/01\/18\/decreto-ante-la-peste-en-italia\/","url":"https:\/\/elcanillita.info\/press\/2022\/01\/18\/decreto-ante-la-peste-en-italia\/","name":"Decreto ante la Peste en Italia - ElCanillita.Info","isPartOf":{"@id":"https:\/\/elcanillita.info\/press\/#website"},"primaryImageOfPage":{"@id":"https:\/\/elcanillita.info\/press\/2022\/01\/18\/decreto-ante-la-peste-en-italia\/#primaryimage"},"image":{"@id":"https:\/\/elcanillita.info\/press\/2022\/01\/18\/decreto-ante-la-peste-en-italia\/#primaryimage"},"thumbnailUrl":"https:\/\/elcanillita.info\/press\/images\/2022\/01\/locura.jpg","datePublished":"2022-01-18T10:37:09+00:00","dateModified":"2022-01-22T14:03:15+00:00","inLanguage":"es-AR","potentialAction":[{"@type":"ReadAction","target":["https:\/\/elcanillita.info\/press\/2022\/01\/18\/decreto-ante-la-peste-en-italia\/"]}]},{"@type":"ImageObject","inLanguage":"es-AR","@id":"https:\/\/elcanillita.info\/press\/2022\/01\/18\/decreto-ante-la-peste-en-italia\/#primaryimage","url":"https:\/\/elcanillita.info\/press\/images\/2022\/01\/locura.jpg","contentUrl":"https:\/\/elcanillita.info\/press\/images\/2022\/01\/locura.jpg","width":600,"height":400},{"@type":"WebSite","@id":"https:\/\/elcanillita.info\/press\/#website","url":"https:\/\/elcanillita.info\/press\/","name":"ElCanillita.Info","description":"desde los Apeninos a los Andes","publisher":{"@id":"https:\/\/elcanillita.info\/press\/#organization"},"potentialAction":[{"@type":"SearchAction","target":{"@type":"EntryPoint","urlTemplate":"https:\/\/elcanillita.info\/press\/?s={search_term_string}"},"query-input":{"@type":"PropertyValueSpecification","valueRequired":true,"valueName":"search_term_string"}}],"inLanguage":"es-AR"},{"@type":"Organization","@id":"https:\/\/elcanillita.info\/press\/#organization","name":"Guzzo Photos & Graphic Publications","url":"https:\/\/elcanillita.info\/press\/","logo":{"@type":"ImageObject","inLanguage":"es-AR","@id":"https:\/\/elcanillita.info\/press\/#\/schema\/logo\/image\/","url":"https:\/\/elcanillita.info\/press\/images\/2020\/01\/cropped-cropped-cropped-elcanillitainfo.png","contentUrl":"https:\/\/elcanillita.info\/press\/images\/2020\/01\/cropped-cropped-cropped-elcanillitainfo.png","width":460,"height":50,"caption":"Guzzo Photos & Graphic Publications"},"image":{"@id":"https:\/\/elcanillita.info\/press\/#\/schema\/logo\/image\/"},"sameAs":["https:\/\/ar-ar.facebook.com\/ElCanillitainfo-114249515285712\/"]},{"@type":"Person","@id":"https:\/\/elcanillita.info\/press\/#\/schema\/person\/7fcb79f38045700919f7da6d97e71ba0","name":"SalaStampa.eu, world press service","image":{"@type":"ImageObject","inLanguage":"es-AR","@id":"https:\/\/secure.gravatar.com\/avatar\/c2f0e0d515a107624234994507816ca4724c7199cef73fc8bedebf6931d73888?s=96&d=mm&r=g","url":"https:\/\/secure.gravatar.com\/avatar\/c2f0e0d515a107624234994507816ca4724c7199cef73fc8bedebf6931d73888?s=96&d=mm&r=g","contentUrl":"https:\/\/secure.gravatar.com\/avatar\/c2f0e0d515a107624234994507816ca4724c7199cef73fc8bedebf6931d73888?s=96&d=mm&r=g","caption":"SalaStampa.eu, world press service"}}]}},"views":563,"_links":{"self":[{"href":"https:\/\/elcanillita.info\/press\/wp-json\/wp\/v2\/posts\/2188","targetHints":{"allow":["GET"]}}],"collection":[{"href":"https:\/\/elcanillita.info\/press\/wp-json\/wp\/v2\/posts"}],"about":[{"href":"https:\/\/elcanillita.info\/press\/wp-json\/wp\/v2\/types\/post"}],"author":[{"embeddable":true,"href":"https:\/\/elcanillita.info\/press\/wp-json\/wp\/v2\/users\/1"}],"replies":[{"embeddable":true,"href":"https:\/\/elcanillita.info\/press\/wp-json\/wp\/v2\/comments?post=2188"}],"version-history":[{"count":0,"href":"https:\/\/elcanillita.info\/press\/wp-json\/wp\/v2\/posts\/2188\/revisions"}],"wp:featuredmedia":[{"embeddable":true,"href":"https:\/\/elcanillita.info\/press\/wp-json\/wp\/v2\/media\/2190"}],"wp:attachment":[{"href":"https:\/\/elcanillita.info\/press\/wp-json\/wp\/v2\/media?parent=2188"}],"wp:term":[{"taxonomy":"category","embeddable":true,"href":"https:\/\/elcanillita.info\/press\/wp-json\/wp\/v2\/categories?post=2188"},{"taxonomy":"post_tag","embeddable":true,"href":"https:\/\/elcanillita.info\/press\/wp-json\/wp\/v2\/tags?post=2188"}],"curies":[{"name":"wp","href":"https:\/\/api.w.org\/{rel}","templated":true}]}}