{"id":2177,"date":"2022-01-17T09:57:06","date_gmt":"2022-01-17T12:57:06","guid":{"rendered":"https:\/\/elcanillita.info\/press\/?p=2177"},"modified":"2022-01-23T12:24:07","modified_gmt":"2022-01-23T15:24:07","slug":"ex-presidente-lula-favorito-elecciones","status":"publish","type":"post","link":"https:\/\/elcanillita.info\/press\/2022\/01\/17\/ex-presidente-lula-favorito-elecciones\/","title":{"rendered":"El ex-presidente Luiz Inacio Lula da Silva, conocido como Lula, es el claro favorito para ganar las elecciones y volver al poder"},"content":{"rendered":"\n<div class=\"wp-block-image\"><figure class=\"alignleft size-full\"><img loading=\"lazy\" decoding=\"async\" width=\"600\" height=\"400\" src=\"https:\/\/elcanillita.info\/press\/images\/2022\/01\/lula.jpg\" alt=\"\" class=\"wp-image-2178\" srcset=\"https:\/\/elcanillita.info\/press\/images\/2022\/01\/lula.jpg 600w, https:\/\/elcanillita.info\/press\/images\/2022\/01\/lula-300x200.jpg 300w\" sizes=\"auto, (max-width: 600px) 100vw, 600px\" \/><\/figure><\/div>\n\n\n\n<p>El presidente de Brasil, Jair Bolsonaro, no tiene la &#8220;fuerza pol\u00edtica&#8221; para dar un golpe de Estado ni el apoyo suficiente para desencadenar una insurrecci\u00f3n al estilo de Trump, seg\u00fan el favorito para derrotarlo en las elecciones decisivas de este a\u00f1o.<\/p>\n\n\n\n<p>Luiz In\u00e1cio Lula da Silva, de 76 a\u00f1os, el ex presidente izquierdista que fue liberado de la c\u00e1rcel el a\u00f1o pasado, descart\u00f3 los temores de que Bolsonaro intentara aferrarse al poder, afirmando que los votantes &#8220;rechazar\u00edan el autoritarismo&#8221;.<br><br>Bolsonaro ha insinuado que no aceptar\u00e1 los resultados de las elecciones si es derrotado, y los observadores temen que sus partidarios formen un movimiento de fraude electoral del tipo&#8221;Detengan el robo&#8221;, similar al que tuvo lugar cuando Joe Biden gan\u00f3 la presidencia de Estados Unidos.<\/p>\n\n\n\n<p>En una rueda de Prensa, Lula, que a\u00fan no ha anunciado formalmente que se presentar\u00e1, dijo que sent\u00eda que era su&#8221;responsabilidad&#8221;desafiar y derrotar al ex capit\u00e1n del ej\u00e9rcito, de 66 a\u00f1os y de extrema derecha, al que calific\u00f3 con dureza de&#8221;desafortunado accidente&#8221;.<\/p>\n\n\n\n<p>El ex dirigente tambi\u00e9n advirti\u00f3 que&#8221;cualquier pol\u00edtico culpable de corrupci\u00f3n debe enfrentarse a la justicia&#8221;, al ser preguntado por los esc\u00e1ndalos de las normas que envuelven a varios gobiernos, como los de Argentina y Reino Unido .<br><br>Lula, que fue absuelto por soborno en relaci\u00f3n con un apartamento, a\u00f1adi\u00f3 que la corrupci\u00f3n corre el riesgo de tener un efecto&#8221;demonizador&#8221;en la pol\u00edtica.<\/p>\n\n\n\n<p>Se espera que se lance al ruedo a principios de este a\u00f1o para las elecciones del 2 de Octubre, en las que ya aventaja a Bolsonaro por m\u00e1s de 20 puntos porcentuales.<\/p>\n\n\n\n<p>El antiguo limpiabotas, que surgi\u00f3 de una familia pobre y desestructurada para convertirse en el presidente m\u00e1s popular de Brasil, ha estado planeando su regreso desde su absoluci\u00f3n el a\u00f1o pasado.<\/p>\n\n\n\n<p>&#8220;El mundo necesita un nuevo modelo de gobernanza global&#8221;para hacer frente a la crisis, dijo.<\/p>\n\n\n\n<p><strong>Bolsonaro ha sido una figura aislada en la escena mundial<\/strong> <br>Se dice que su reciente visita a Europa ha sentado las bases para m\u00e1s viajes al extranjero este a\u00f1o para pulir sus credenciales de estadista.<\/p>\n\n\n\n<div class=\"wp-block-image\"><figure class=\"alignleft size-full\"><img loading=\"lazy\" decoding=\"async\" width=\"600\" height=\"400\" src=\"https:\/\/elcanillita.info\/press\/images\/2022\/01\/lula3.jpg\" alt=\"\" class=\"wp-image-2179\" srcset=\"https:\/\/elcanillita.info\/press\/images\/2022\/01\/lula3.jpg 600w, https:\/\/elcanillita.info\/press\/images\/2022\/01\/lula3-300x200.jpg 300w\" sizes=\"auto, (max-width: 600px) 100vw, 600px\" \/><\/figure><\/div>\n\n\n\n<p>Los l\u00edderes europeos lo recibieron con los brazos abiertos a finales del a\u00f1o pasado, y Emmanuel Macron, un fuerte cr\u00edtico de Bolsonaro, lo recibi\u00f3 en el palacio del El\u00edseo, un raro honor que demuestra su apoyo.<\/p>\n\n\n\n<p>En el mismo viaje, Lula fue a Italia, donde fue recibido calurosamente por los l\u00edderes, d\u00edas antes de que Bolsonaro llegara a la cumbre del G20, en la que fue una figura aislada, notablemente ausente de la foto de los l\u00edderes en las Fuentes de Trevi. Se dice que Lula est\u00e1 preparando una visita al Reino Unido.<\/p>\n\n\n\n<p>Lula dijo a la prensa que utilizar\u00eda su pol\u00edtica exterior para impulsar alianzas m\u00e1s fuertes entre los pa\u00edses latinoamericanos que puedan desafiar la ortodoxia de Estados Unidos contra China.<\/p>\n\n\n\n<p>&#8220;Esta uni\u00f3n reforzar\u00e1 nuestra soberan\u00eda y nuestras posiciones en un mundo que no puede quedarse en medio de una nueva Guerra Fr\u00eda entre Estados Unidos y China. Queremos un mundo multipolar, donde haya m\u00e1s cooperaci\u00f3n entre los pa\u00edses y menos conflictos&#8221;, dijo.<\/p>\n\n\n\n<p>El Tribunal Supremo de Brasil autoriz\u00f3 a Lula a presentarse a las elecciones presidenciales tras un a\u00f1o y medio de prisi\u00f3n por aceptar sobornos de empresas de ingenier\u00eda a cambio de contratos p\u00fablicos.<\/p>\n\n\n\n<p>Parte del esc\u00e1ndalo se centr\u00f3 en un apartamento que una empresa constructora prometi\u00f3 a Lula a cambio de ayudar a conseguir lucrativos contratos.<\/p>\n\n\n\n<p>Los cr\u00edticos, y una gran parte de los votantes, sostienen que el Partido de los Trabajadores de Lula est\u00e1 inmerso en la corrupci\u00f3n, y argumentan que su regreso corre el riesgo de da\u00f1ar a\u00fan m\u00e1s la delicada democracia de Brasil. <br><br>Su sucesora, Dilma Rousseff, fue destituida por su papel en un esc\u00e1ndalo llamado Operaci\u00f3n Lavado de Autos, una enorme red de sobornos y lavado de dinero que inclu\u00eda a pol\u00edticos que recib\u00edan sobornos de compa\u00f1\u00edas petroleras y de una empresa constructora, y que se extend\u00eda por al menos otros once pa\u00edses.<\/p>\n\n\n\n<p>Lula declar\u00f3 entonces que hab\u00eda sido v\u00edctima de un &#8220;prejuicio&#8221; por las acusaciones que le vinculaban con el esc\u00e1ndalo, que ya han sido anuladas.<\/p>\n\n\n\n<p>Dijo que no quer\u00eda prejuzgar a Boris Johnson por las acusaciones de corrupci\u00f3n sobre su apartamento en el n\u00famero 10. Pero evit\u00f3 opinar sobre los cuadernos de las coimas relacionados con Cristina Fernandez y la familia Kirchner.<\/p>\n\n\n\n<p>&#8220;Los partidos pol\u00edticos son grupos que defienden ideas, que se presentan a las elecciones. Si alg\u00fan miembro de ese partido hizo algo mal, tiene que ser castigado dentro de la ley, pero no se pueden confundir los errores de un individuo con una organizaci\u00f3n colectiva con miles o millones de personas, porque eso acaba demonizando la pol\u00edtica&#8221;, dijo.<\/p>\n\n\n\n<p>Y a\u00f1adi\u00f3: &#8220;La historia ense\u00f1a, ya sea en Alemania en los a\u00f1os 30 o en Brasil en los \u00faltimos a\u00f1os: cuando se niega la pol\u00edtica, lo que viene despu\u00e9s es siempre peor&#8221;.<br><br><small>Copyright \u00a9 2022 ElCanillita.info \/ DC24.News &#8211; PanPress.eu \/ SalaStampa.eu &#8211; Derechos reservados <\/small><\/p>\n","protected":false},"excerpt":{"rendered":"<p>El expresidente desestima los temores de que Jair Bolsonaro intente aferrarse al poder y asegura que los votantes &#8220;rechazar\u00e1n el autoritarismo&#8221;.<\/p>\n","protected":false},"author":1,"featured_media":2180,"comment_status":"closed","ping_status":"closed","sticky":false,"template":"","format":"standard","meta":{"footnotes":"","_links_to":"","_links_to_target":""},"categories":[70,11,23],"tags":[83],"class_list":["post-2177","post","type-post","status-publish","format-standard","has-post-thumbnail","hentry","category-actualidad","category-america-del-sur","category-politica","tag-brasil","entry","double"],"yoast_head":"<!-- This site is optimized with the Yoast SEO plugin v27.5 - https:\/\/yoast.com\/product\/yoast-seo-wordpress\/ -->\n<title>El ex-presidente Luiz Inacio Lula da Silva, conocido como Lula, es el claro favorito para ganar las elecciones y volver al poder - ElCanillita.Info<\/title>\n<meta name=\"robots\" content=\"index, follow, max-snippet:-1, max-image-preview:large, max-video-preview:-1\" \/>\n<link rel=\"canonical\" href=\"https:\/\/elcanillita.info\/press\/2022\/01\/17\/ex-presidente-lula-favorito-elecciones\/\" \/>\n<meta property=\"og:locale\" content=\"es_ES\" \/>\n<meta property=\"og:type\" content=\"article\" \/>\n<meta property=\"og:title\" content=\"El ex-presidente Luiz Inacio Lula da Silva, conocido como Lula, es el claro favorito para ganar las elecciones y volver al poder - ElCanillita.Info\" \/>\n<meta property=\"og:description\" content=\"El expresidente desestima los temores de que Jair Bolsonaro intente aferrarse al poder y asegura que los votantes &quot;rechazar\u00e1n el autoritarismo&quot;.\" \/>\n<meta property=\"og:url\" content=\"https:\/\/elcanillita.info\/press\/2022\/01\/17\/ex-presidente-lula-favorito-elecciones\/\" \/>\n<meta property=\"og:site_name\" content=\"ElCanillita.Info\" \/>\n<meta property=\"article:publisher\" content=\"https:\/\/ar-ar.facebook.com\/ElCanillitainfo-114249515285712\/\" \/>\n<meta property=\"article:published_time\" content=\"2022-01-17T12:57:06+00:00\" \/>\n<meta property=\"article:modified_time\" content=\"2022-01-23T15:24:07+00:00\" \/>\n<meta property=\"og:image\" content=\"https:\/\/elcanillita.info\/press\/images\/2022\/01\/TELEMMGLPICT000282694123_trans_NvBQzQNjv4BqtGQB12KHxxQCrwnTZkX0nwgWqwm85JEWpGVhFb46TTg.webp\" \/>\n\t<meta property=\"og:image:width\" content=\"960\" \/>\n\t<meta property=\"og:image:height\" content=\"600\" \/>\n\t<meta property=\"og:image:type\" content=\"image\/webp\" \/>\n<meta name=\"author\" content=\"SalaStampa.eu, world press service\" \/>\n<meta name=\"twitter:card\" content=\"summary_large_image\" \/>\n<meta name=\"twitter:label1\" content=\"Escrito por\" \/>\n\t<meta name=\"twitter:data1\" content=\"SalaStampa.eu, world press service\" \/>\n\t<meta name=\"twitter:label2\" content=\"Tiempo de lectura\" \/>\n\t<meta name=\"twitter:data2\" content=\"5 minutos\" \/>\n<script type=\"application\/ld+json\" class=\"yoast-schema-graph\">{\"@context\":\"https:\\\/\\\/schema.org\",\"@graph\":[{\"@type\":\"Article\",\"@id\":\"https:\\\/\\\/elcanillita.info\\\/press\\\/2022\\\/01\\\/17\\\/ex-presidente-lula-favorito-elecciones\\\/#article\",\"isPartOf\":{\"@id\":\"https:\\\/\\\/elcanillita.info\\\/press\\\/2022\\\/01\\\/17\\\/ex-presidente-lula-favorito-elecciones\\\/\"},\"author\":{\"name\":\"SalaStampa.eu, world press service\",\"@id\":\"https:\\\/\\\/elcanillita.info\\\/press\\\/#\\\/schema\\\/person\\\/7fcb79f38045700919f7da6d97e71ba0\"},\"headline\":\"El ex-presidente Luiz Inacio Lula da Silva, conocido como Lula, es el claro favorito para ganar las elecciones y volver al poder\",\"datePublished\":\"2022-01-17T12:57:06+00:00\",\"dateModified\":\"2022-01-23T15:24:07+00:00\",\"mainEntityOfPage\":{\"@id\":\"https:\\\/\\\/elcanillita.info\\\/press\\\/2022\\\/01\\\/17\\\/ex-presidente-lula-favorito-elecciones\\\/\"},\"wordCount\":918,\"publisher\":{\"@id\":\"https:\\\/\\\/elcanillita.info\\\/press\\\/#organization\"},\"image\":{\"@id\":\"https:\\\/\\\/elcanillita.info\\\/press\\\/2022\\\/01\\\/17\\\/ex-presidente-lula-favorito-elecciones\\\/#primaryimage\"},\"thumbnailUrl\":\"https:\\\/\\\/elcanillita.info\\\/press\\\/images\\\/2022\\\/01\\\/TELEMMGLPICT000282694123_trans_NvBQzQNjv4BqtGQB12KHxxQCrwnTZkX0nwgWqwm85JEWpGVhFb46TTg.webp\",\"keywords\":[\"Brasil\"],\"articleSection\":[\"Actualidad\",\"Am\u00e9rica del Sur\",\"Politica\"],\"inLanguage\":\"es-AR\"},{\"@type\":\"WebPage\",\"@id\":\"https:\\\/\\\/elcanillita.info\\\/press\\\/2022\\\/01\\\/17\\\/ex-presidente-lula-favorito-elecciones\\\/\",\"url\":\"https:\\\/\\\/elcanillita.info\\\/press\\\/2022\\\/01\\\/17\\\/ex-presidente-lula-favorito-elecciones\\\/\",\"name\":\"El ex-presidente Luiz Inacio Lula da Silva, conocido como Lula, es el claro favorito para ganar las elecciones y volver al poder - ElCanillita.Info\",\"isPartOf\":{\"@id\":\"https:\\\/\\\/elcanillita.info\\\/press\\\/#website\"},\"primaryImageOfPage\":{\"@id\":\"https:\\\/\\\/elcanillita.info\\\/press\\\/2022\\\/01\\\/17\\\/ex-presidente-lula-favorito-elecciones\\\/#primaryimage\"},\"image\":{\"@id\":\"https:\\\/\\\/elcanillita.info\\\/press\\\/2022\\\/01\\\/17\\\/ex-presidente-lula-favorito-elecciones\\\/#primaryimage\"},\"thumbnailUrl\":\"https:\\\/\\\/elcanillita.info\\\/press\\\/images\\\/2022\\\/01\\\/TELEMMGLPICT000282694123_trans_NvBQzQNjv4BqtGQB12KHxxQCrwnTZkX0nwgWqwm85JEWpGVhFb46TTg.webp\",\"datePublished\":\"2022-01-17T12:57:06+00:00\",\"dateModified\":\"2022-01-23T15:24:07+00:00\",\"inLanguage\":\"es-AR\",\"potentialAction\":[{\"@type\":\"ReadAction\",\"target\":[\"https:\\\/\\\/elcanillita.info\\\/press\\\/2022\\\/01\\\/17\\\/ex-presidente-lula-favorito-elecciones\\\/\"]}]},{\"@type\":\"ImageObject\",\"inLanguage\":\"es-AR\",\"@id\":\"https:\\\/\\\/elcanillita.info\\\/press\\\/2022\\\/01\\\/17\\\/ex-presidente-lula-favorito-elecciones\\\/#primaryimage\",\"url\":\"https:\\\/\\\/elcanillita.info\\\/press\\\/images\\\/2022\\\/01\\\/TELEMMGLPICT000282694123_trans_NvBQzQNjv4BqtGQB12KHxxQCrwnTZkX0nwgWqwm85JEWpGVhFb46TTg.webp\",\"contentUrl\":\"https:\\\/\\\/elcanillita.info\\\/press\\\/images\\\/2022\\\/01\\\/TELEMMGLPICT000282694123_trans_NvBQzQNjv4BqtGQB12KHxxQCrwnTZkX0nwgWqwm85JEWpGVhFb46TTg.webp\",\"width\":960,\"height\":600},{\"@type\":\"WebSite\",\"@id\":\"https:\\\/\\\/elcanillita.info\\\/press\\\/#website\",\"url\":\"https:\\\/\\\/elcanillita.info\\\/press\\\/\",\"name\":\"ElCanillita.Info\",\"description\":\"desde los Apeninos a los Andes\",\"publisher\":{\"@id\":\"https:\\\/\\\/elcanillita.info\\\/press\\\/#organization\"},\"potentialAction\":[{\"@type\":\"SearchAction\",\"target\":{\"@type\":\"EntryPoint\",\"urlTemplate\":\"https:\\\/\\\/elcanillita.info\\\/press\\\/?s={search_term_string}\"},\"query-input\":{\"@type\":\"PropertyValueSpecification\",\"valueRequired\":true,\"valueName\":\"search_term_string\"}}],\"inLanguage\":\"es-AR\"},{\"@type\":\"Organization\",\"@id\":\"https:\\\/\\\/elcanillita.info\\\/press\\\/#organization\",\"name\":\"Guzzo Photos & Graphic Publications\",\"url\":\"https:\\\/\\\/elcanillita.info\\\/press\\\/\",\"logo\":{\"@type\":\"ImageObject\",\"inLanguage\":\"es-AR\",\"@id\":\"https:\\\/\\\/elcanillita.info\\\/press\\\/#\\\/schema\\\/logo\\\/image\\\/\",\"url\":\"https:\\\/\\\/elcanillita.info\\\/press\\\/images\\\/2020\\\/01\\\/cropped-cropped-cropped-elcanillitainfo.png\",\"contentUrl\":\"https:\\\/\\\/elcanillita.info\\\/press\\\/images\\\/2020\\\/01\\\/cropped-cropped-cropped-elcanillitainfo.png\",\"width\":460,\"height\":50,\"caption\":\"Guzzo Photos & Graphic Publications\"},\"image\":{\"@id\":\"https:\\\/\\\/elcanillita.info\\\/press\\\/#\\\/schema\\\/logo\\\/image\\\/\"},\"sameAs\":[\"https:\\\/\\\/ar-ar.facebook.com\\\/ElCanillitainfo-114249515285712\\\/\"]},{\"@type\":\"Person\",\"@id\":\"https:\\\/\\\/elcanillita.info\\\/press\\\/#\\\/schema\\\/person\\\/7fcb79f38045700919f7da6d97e71ba0\",\"name\":\"SalaStampa.eu, world press service\",\"image\":{\"@type\":\"ImageObject\",\"inLanguage\":\"es-AR\",\"@id\":\"https:\\\/\\\/secure.gravatar.com\\\/avatar\\\/c2f0e0d515a107624234994507816ca4724c7199cef73fc8bedebf6931d73888?s=96&d=mm&r=g\",\"url\":\"https:\\\/\\\/secure.gravatar.com\\\/avatar\\\/c2f0e0d515a107624234994507816ca4724c7199cef73fc8bedebf6931d73888?s=96&d=mm&r=g\",\"contentUrl\":\"https:\\\/\\\/secure.gravatar.com\\\/avatar\\\/c2f0e0d515a107624234994507816ca4724c7199cef73fc8bedebf6931d73888?s=96&d=mm&r=g\",\"caption\":\"SalaStampa.eu, world press service\"}}]}<\/script>\n<!-- \/ Yoast SEO plugin. -->","yoast_head_json":{"title":"El ex-presidente Luiz Inacio Lula da Silva, conocido como Lula, es el claro favorito para ganar las elecciones y volver al poder - ElCanillita.Info","robots":{"index":"index","follow":"follow","max-snippet":"max-snippet:-1","max-image-preview":"max-image-preview:large","max-video-preview":"max-video-preview:-1"},"canonical":"https:\/\/elcanillita.info\/press\/2022\/01\/17\/ex-presidente-lula-favorito-elecciones\/","og_locale":"es_ES","og_type":"article","og_title":"El ex-presidente Luiz Inacio Lula da Silva, conocido como Lula, es el claro favorito para ganar las elecciones y volver al poder - ElCanillita.Info","og_description":"El expresidente desestima los temores de que Jair Bolsonaro intente aferrarse al poder y asegura que los votantes \"rechazar\u00e1n el autoritarismo\".","og_url":"https:\/\/elcanillita.info\/press\/2022\/01\/17\/ex-presidente-lula-favorito-elecciones\/","og_site_name":"ElCanillita.Info","article_publisher":"https:\/\/ar-ar.facebook.com\/ElCanillitainfo-114249515285712\/","article_published_time":"2022-01-17T12:57:06+00:00","article_modified_time":"2022-01-23T15:24:07+00:00","og_image":[{"width":960,"height":600,"url":"https:\/\/elcanillita.info\/press\/images\/2022\/01\/TELEMMGLPICT000282694123_trans_NvBQzQNjv4BqtGQB12KHxxQCrwnTZkX0nwgWqwm85JEWpGVhFb46TTg.webp","type":"image\/webp"}],"author":"SalaStampa.eu, world press service","twitter_card":"summary_large_image","twitter_misc":{"Escrito por":"SalaStampa.eu, world press service","Tiempo de lectura":"5 minutos"},"schema":{"@context":"https:\/\/schema.org","@graph":[{"@type":"Article","@id":"https:\/\/elcanillita.info\/press\/2022\/01\/17\/ex-presidente-lula-favorito-elecciones\/#article","isPartOf":{"@id":"https:\/\/elcanillita.info\/press\/2022\/01\/17\/ex-presidente-lula-favorito-elecciones\/"},"author":{"name":"SalaStampa.eu, world press service","@id":"https:\/\/elcanillita.info\/press\/#\/schema\/person\/7fcb79f38045700919f7da6d97e71ba0"},"headline":"El ex-presidente Luiz Inacio Lula da Silva, conocido como Lula, es el claro favorito para ganar las elecciones y volver al poder","datePublished":"2022-01-17T12:57:06+00:00","dateModified":"2022-01-23T15:24:07+00:00","mainEntityOfPage":{"@id":"https:\/\/elcanillita.info\/press\/2022\/01\/17\/ex-presidente-lula-favorito-elecciones\/"},"wordCount":918,"publisher":{"@id":"https:\/\/elcanillita.info\/press\/#organization"},"image":{"@id":"https:\/\/elcanillita.info\/press\/2022\/01\/17\/ex-presidente-lula-favorito-elecciones\/#primaryimage"},"thumbnailUrl":"https:\/\/elcanillita.info\/press\/images\/2022\/01\/TELEMMGLPICT000282694123_trans_NvBQzQNjv4BqtGQB12KHxxQCrwnTZkX0nwgWqwm85JEWpGVhFb46TTg.webp","keywords":["Brasil"],"articleSection":["Actualidad","Am\u00e9rica del Sur","Politica"],"inLanguage":"es-AR"},{"@type":"WebPage","@id":"https:\/\/elcanillita.info\/press\/2022\/01\/17\/ex-presidente-lula-favorito-elecciones\/","url":"https:\/\/elcanillita.info\/press\/2022\/01\/17\/ex-presidente-lula-favorito-elecciones\/","name":"El ex-presidente Luiz Inacio Lula da Silva, conocido como Lula, es el claro favorito para ganar las elecciones y volver al poder - ElCanillita.Info","isPartOf":{"@id":"https:\/\/elcanillita.info\/press\/#website"},"primaryImageOfPage":{"@id":"https:\/\/elcanillita.info\/press\/2022\/01\/17\/ex-presidente-lula-favorito-elecciones\/#primaryimage"},"image":{"@id":"https:\/\/elcanillita.info\/press\/2022\/01\/17\/ex-presidente-lula-favorito-elecciones\/#primaryimage"},"thumbnailUrl":"https:\/\/elcanillita.info\/press\/images\/2022\/01\/TELEMMGLPICT000282694123_trans_NvBQzQNjv4BqtGQB12KHxxQCrwnTZkX0nwgWqwm85JEWpGVhFb46TTg.webp","datePublished":"2022-01-17T12:57:06+00:00","dateModified":"2022-01-23T15:24:07+00:00","inLanguage":"es-AR","potentialAction":[{"@type":"ReadAction","target":["https:\/\/elcanillita.info\/press\/2022\/01\/17\/ex-presidente-lula-favorito-elecciones\/"]}]},{"@type":"ImageObject","inLanguage":"es-AR","@id":"https:\/\/elcanillita.info\/press\/2022\/01\/17\/ex-presidente-lula-favorito-elecciones\/#primaryimage","url":"https:\/\/elcanillita.info\/press\/images\/2022\/01\/TELEMMGLPICT000282694123_trans_NvBQzQNjv4BqtGQB12KHxxQCrwnTZkX0nwgWqwm85JEWpGVhFb46TTg.webp","contentUrl":"https:\/\/elcanillita.info\/press\/images\/2022\/01\/TELEMMGLPICT000282694123_trans_NvBQzQNjv4BqtGQB12KHxxQCrwnTZkX0nwgWqwm85JEWpGVhFb46TTg.webp","width":960,"height":600},{"@type":"WebSite","@id":"https:\/\/elcanillita.info\/press\/#website","url":"https:\/\/elcanillita.info\/press\/","name":"ElCanillita.Info","description":"desde los Apeninos a los Andes","publisher":{"@id":"https:\/\/elcanillita.info\/press\/#organization"},"potentialAction":[{"@type":"SearchAction","target":{"@type":"EntryPoint","urlTemplate":"https:\/\/elcanillita.info\/press\/?s={search_term_string}"},"query-input":{"@type":"PropertyValueSpecification","valueRequired":true,"valueName":"search_term_string"}}],"inLanguage":"es-AR"},{"@type":"Organization","@id":"https:\/\/elcanillita.info\/press\/#organization","name":"Guzzo Photos & Graphic Publications","url":"https:\/\/elcanillita.info\/press\/","logo":{"@type":"ImageObject","inLanguage":"es-AR","@id":"https:\/\/elcanillita.info\/press\/#\/schema\/logo\/image\/","url":"https:\/\/elcanillita.info\/press\/images\/2020\/01\/cropped-cropped-cropped-elcanillitainfo.png","contentUrl":"https:\/\/elcanillita.info\/press\/images\/2020\/01\/cropped-cropped-cropped-elcanillitainfo.png","width":460,"height":50,"caption":"Guzzo Photos & Graphic Publications"},"image":{"@id":"https:\/\/elcanillita.info\/press\/#\/schema\/logo\/image\/"},"sameAs":["https:\/\/ar-ar.facebook.com\/ElCanillitainfo-114249515285712\/"]},{"@type":"Person","@id":"https:\/\/elcanillita.info\/press\/#\/schema\/person\/7fcb79f38045700919f7da6d97e71ba0","name":"SalaStampa.eu, world press service","image":{"@type":"ImageObject","inLanguage":"es-AR","@id":"https:\/\/secure.gravatar.com\/avatar\/c2f0e0d515a107624234994507816ca4724c7199cef73fc8bedebf6931d73888?s=96&d=mm&r=g","url":"https:\/\/secure.gravatar.com\/avatar\/c2f0e0d515a107624234994507816ca4724c7199cef73fc8bedebf6931d73888?s=96&d=mm&r=g","contentUrl":"https:\/\/secure.gravatar.com\/avatar\/c2f0e0d515a107624234994507816ca4724c7199cef73fc8bedebf6931d73888?s=96&d=mm&r=g","caption":"SalaStampa.eu, world press service"}}]}},"views":758,"_links":{"self":[{"href":"https:\/\/elcanillita.info\/press\/wp-json\/wp\/v2\/posts\/2177","targetHints":{"allow":["GET"]}}],"collection":[{"href":"https:\/\/elcanillita.info\/press\/wp-json\/wp\/v2\/posts"}],"about":[{"href":"https:\/\/elcanillita.info\/press\/wp-json\/wp\/v2\/types\/post"}],"author":[{"embeddable":true,"href":"https:\/\/elcanillita.info\/press\/wp-json\/wp\/v2\/users\/1"}],"replies":[{"embeddable":true,"href":"https:\/\/elcanillita.info\/press\/wp-json\/wp\/v2\/comments?post=2177"}],"version-history":[{"count":0,"href":"https:\/\/elcanillita.info\/press\/wp-json\/wp\/v2\/posts\/2177\/revisions"}],"wp:featuredmedia":[{"embeddable":true,"href":"https:\/\/elcanillita.info\/press\/wp-json\/wp\/v2\/media\/2180"}],"wp:attachment":[{"href":"https:\/\/elcanillita.info\/press\/wp-json\/wp\/v2\/media?parent=2177"}],"wp:term":[{"taxonomy":"category","embeddable":true,"href":"https:\/\/elcanillita.info\/press\/wp-json\/wp\/v2\/categories?post=2177"},{"taxonomy":"post_tag","embeddable":true,"href":"https:\/\/elcanillita.info\/press\/wp-json\/wp\/v2\/tags?post=2177"}],"curies":[{"name":"wp","href":"https:\/\/api.w.org\/{rel}","templated":true}]}}