{"id":2172,"date":"2022-01-17T07:08:07","date_gmt":"2022-01-17T10:08:07","guid":{"rendered":"https:\/\/elcanillita.info\/press\/?p=2172"},"modified":"2022-01-23T09:18:13","modified_gmt":"2022-01-23T12:18:13","slug":"eex-jefe-lloyds-sustituido-investigacion-infracciones-covid","status":"publish","type":"post","link":"https:\/\/elcanillita.info\/press\/2022\/01\/17\/eex-jefe-lloyds-sustituido-investigacion-infracciones-covid\/","title":{"rendered":"El ex jefe de Lloyds es sustituido tras una investigaci\u00f3n interna sobre las infracciones de Covid"},"content":{"rendered":"\n<div class=\"wp-block-image\"><figure class=\"alignleft size-full\"><img loading=\"lazy\" decoding=\"async\" width=\"600\" height=\"400\" src=\"https:\/\/elcanillita.info\/press\/images\/2022\/01\/suiss2.jpg\" alt=\"\" class=\"wp-image-2173\" srcset=\"https:\/\/elcanillita.info\/press\/images\/2022\/01\/suiss2.jpg 600w, https:\/\/elcanillita.info\/press\/images\/2022\/01\/suiss2-300x200.jpg 300w\" sizes=\"auto, (max-width: 600px) 100vw, 600px\" \/><\/figure><\/div>\n\n\n\n<p>El Se\u00f1or Antonio Horta-Osorio ha dimitido como presidente de Credit Suisse tras una investigaci\u00f3n interna por incumplimiento de las normas de Covid.<\/p>\n\n\n\n<p>En un dram\u00e1tico comunicado emitido a \u00faltima hora de la noche, la entidad crediticia inform\u00f3 de que el Sr. Antonio hab\u00eda dimitido con efecto inmediato tras s\u00f3lo ocho meses en el cargo.<\/p>\n\n\n\n<p>Esto se debe a los informes de que el banquero, antiguo director ejecutivo de Lloyds, infringi\u00f3 las normas de cuarentena de Covid en dos ocasiones el a\u00f1o pasado.<\/p>\n\n\n\n<p>Dijo: &#8220;Lamento que algunas de mis acciones personales hayan provocado dificultades para el banco y hayan comprometido mi capacidad para representar al banco tanto al interno como externamente.<\/p>\n\n\n\n<p>&#8220;Por lo tanto, creo que mi dimisi\u00f3n va en inter\u00e9s del banco y de sus accionistas en este momento crucial.<\/p>\n\n\n\n<div class=\"wp-block-image\"><figure class=\"alignleft size-full\"><img loading=\"lazy\" decoding=\"async\" width=\"600\" height=\"400\" src=\"https:\/\/elcanillita.info\/press\/images\/2022\/01\/suiss.jpg\" alt=\"\" class=\"wp-image-2174\" srcset=\"https:\/\/elcanillita.info\/press\/images\/2022\/01\/suiss.jpg 600w, https:\/\/elcanillita.info\/press\/images\/2022\/01\/suiss-300x200.jpg 300w\" sizes=\"auto, (max-width: 600px) 100vw, 600px\" \/><\/figure><\/div>\n\n\n\n<p>El mes pasado se inform\u00f3 de que el Sr. Antonio infringi\u00f3 las normas de Covid en Julio al volar a Londres para asistir a Wimbledon. La normativa de entonces significaba que deber\u00eda haber estado en cuarentena.<\/p>\n\n\n\n<p>Esto sigui\u00f3 a una infracci\u00f3n de las normas suizas de la que ya se hab\u00eda informado, cuando burl\u00f3 la cuarentena al volar de Londres a Z\u00farich y luego de vuelta en un plazo de tres d\u00edas.<\/p>\n\n\n\n<p>El Sr. Antonio ser\u00e1 sustituido por el miembro del consejo de administraci\u00f3n Axel P Lehmann, que fue director de operaciones de UBS.<\/p>\n\n\n\n<p>El Sr. Antonio lleg\u00f3 a Credit Suisse hace menos de un a\u00f1o, cuando se enfrentaba a las consecuencias de la quiebra de la empresa de inversiones Archegos y a la insolvencia de la empresa de financiaci\u00f3n de la cadena de suministro Greensill Capital, salpicada por el esc\u00e1ndalo.<\/p>\n\n\n\n<p>Adem\u00e1s, el prestamista suizo segu\u00eda tambale\u00e1ndose por la salida en 2020 de su director general, Tidjane Thiam, en medio de un esc\u00e1ndalo de espionaje.<\/p>\n\n\n\n<p>Las controversias provocaron grandes p\u00e9rdidas y despidos en Credit Suisse, y Sir Antonio desvel\u00f3 una nueva estrategia en Noviembre en un intento de cambiar su suerte.<\/p>\n\n\n\n<p>El banco dijo que seguir\u00eda adelante con su plan de transformaci\u00f3n bajo la direcci\u00f3n de Lehmann.<\/p>\n\n\n\n<p>Sin embargo, el \u00faltimo esc\u00e1ndalo supondr\u00e1 un rev\u00e9s para los inversores, que esperaban que los cambios del Sr. Antonio ayudaran a inyectar nueva vida a las alica\u00eddas acciones del banco.<\/p>\n\n\n\n<p>Tras la serie de esc\u00e1ndalos, Credit Suisse inform\u00f3 de una ca\u00edda de beneficios del 21% en el tercer trimestre y advirti\u00f3 de p\u00e9rdidas en los \u00faltimos tres meses de 2021. El  banco prestamista ha perdido casi una cuarta parte de su valor de mercado en el \u00faltimo a\u00f1o.<\/p>\n\n\n\n<p>El Sr. Lehmann pas\u00f3 m\u00e1s de 10 a\u00f1os en UBS, donde sus funciones inclu\u00edan dirigir su unidad de banca personal y corporativa en Suiza. Anteriormente, pas\u00f3 casi dos d\u00e9cadas en Zurich Insurance Group.<\/p>\n\n\n\n<p>Severin Schwan, vicepresidente de Credit Suisse, dijo: &#8220;Respetamos la decisi\u00f3n de Antonio y le debemos un gran agradecimiento por su liderazgo en la definici\u00f3n de la nueva estrategia, que seguiremos aplicando en los pr\u00f3ximos meses y a\u00f1os.<\/p>\n\n\n\n<p>&#8220;Axel Lehmann, como nuevo presidente, con su amplia experiencia internacional y en el sector suizo, es id\u00f3neo para impulsar la transformaci\u00f3n estrat\u00e9gica y cultural del banco. Le deseamos a Axel mucho \u00e9xito en su nuevo cargo y a Antonio todo lo mejor para el futuro.&#8221;<br><br> <small>Copyright \u00a9 2022 ElCanillita.info \/ DC24.News &#8211; PanPress.Eu \/ SalaStampa.Eu &#8211; Derechos reservados <\/small><\/p>\n","protected":false},"excerpt":{"rendered":"<p>Antonio Horta-Osorio se ve obligado a abandonar el Credit Suisse tras infringir las normas en Wimbledon<\/p>\n","protected":false},"author":1,"featured_media":2175,"comment_status":"closed","ping_status":"closed","sticky":false,"template":"","format":"standard","meta":{"footnotes":"","_links_to":"","_links_to_target":""},"categories":[70,5,78],"tags":[39],"class_list":["post-2172","post","type-post","status-publish","format-standard","has-post-thumbnail","hentry","category-actualidad","category-europa","category-sanidad","tag-suiza","entry","double"],"yoast_head":"<!-- This site is optimized with the Yoast SEO plugin v27.5 - https:\/\/yoast.com\/product\/yoast-seo-wordpress\/ -->\n<title>El ex jefe de Lloyds es sustituido tras una investigaci\u00f3n interna sobre las infracciones de Covid - ElCanillita.Info<\/title>\n<meta name=\"robots\" content=\"index, follow, max-snippet:-1, max-image-preview:large, max-video-preview:-1\" \/>\n<link rel=\"canonical\" href=\"https:\/\/elcanillita.info\/press\/2022\/01\/17\/eex-jefe-lloyds-sustituido-investigacion-infracciones-covid\/\" \/>\n<meta property=\"og:locale\" content=\"es_ES\" \/>\n<meta property=\"og:type\" content=\"article\" \/>\n<meta property=\"og:title\" content=\"El ex jefe de Lloyds es sustituido tras una investigaci\u00f3n interna sobre las infracciones de Covid - ElCanillita.Info\" \/>\n<meta property=\"og:description\" content=\"Antonio Horta-Osorio se ve obligado a abandonar el Credit Suisse tras infringir las normas en Wimbledon\" \/>\n<meta property=\"og:url\" content=\"https:\/\/elcanillita.info\/press\/2022\/01\/17\/eex-jefe-lloyds-sustituido-investigacion-infracciones-covid\/\" \/>\n<meta property=\"og:site_name\" content=\"ElCanillita.Info\" \/>\n<meta property=\"article:publisher\" content=\"https:\/\/ar-ar.facebook.com\/ElCanillitainfo-114249515285712\/\" \/>\n<meta property=\"article:published_time\" content=\"2022-01-17T10:08:07+00:00\" \/>\n<meta property=\"article:modified_time\" content=\"2022-01-23T12:18:13+00:00\" \/>\n<meta property=\"og:image\" content=\"https:\/\/elcanillita.info\/press\/images\/2022\/01\/suiss1.jpg\" \/>\n\t<meta property=\"og:image:width\" content=\"600\" \/>\n\t<meta property=\"og:image:height\" content=\"400\" \/>\n\t<meta property=\"og:image:type\" content=\"image\/jpeg\" \/>\n<meta name=\"author\" content=\"SalaStampa.eu, world press service\" \/>\n<meta name=\"twitter:card\" content=\"summary_large_image\" \/>\n<meta name=\"twitter:label1\" content=\"Escrito por\" \/>\n\t<meta name=\"twitter:data1\" content=\"SalaStampa.eu, world press service\" \/>\n\t<meta name=\"twitter:label2\" content=\"Tiempo de lectura\" \/>\n\t<meta name=\"twitter:data2\" content=\"3 minutos\" \/>\n<script type=\"application\/ld+json\" class=\"yoast-schema-graph\">{\"@context\":\"https:\\\/\\\/schema.org\",\"@graph\":[{\"@type\":\"Article\",\"@id\":\"https:\\\/\\\/elcanillita.info\\\/press\\\/2022\\\/01\\\/17\\\/eex-jefe-lloyds-sustituido-investigacion-infracciones-covid\\\/#article\",\"isPartOf\":{\"@id\":\"https:\\\/\\\/elcanillita.info\\\/press\\\/2022\\\/01\\\/17\\\/eex-jefe-lloyds-sustituido-investigacion-infracciones-covid\\\/\"},\"author\":{\"name\":\"SalaStampa.eu, world press service\",\"@id\":\"https:\\\/\\\/elcanillita.info\\\/press\\\/#\\\/schema\\\/person\\\/7fcb79f38045700919f7da6d97e71ba0\"},\"headline\":\"El ex jefe de Lloyds es sustituido tras una investigaci\u00f3n interna sobre las infracciones de Covid\",\"datePublished\":\"2022-01-17T10:08:07+00:00\",\"dateModified\":\"2022-01-23T12:18:13+00:00\",\"mainEntityOfPage\":{\"@id\":\"https:\\\/\\\/elcanillita.info\\\/press\\\/2022\\\/01\\\/17\\\/eex-jefe-lloyds-sustituido-investigacion-infracciones-covid\\\/\"},\"wordCount\":599,\"publisher\":{\"@id\":\"https:\\\/\\\/elcanillita.info\\\/press\\\/#organization\"},\"image\":{\"@id\":\"https:\\\/\\\/elcanillita.info\\\/press\\\/2022\\\/01\\\/17\\\/eex-jefe-lloyds-sustituido-investigacion-infracciones-covid\\\/#primaryimage\"},\"thumbnailUrl\":\"https:\\\/\\\/elcanillita.info\\\/press\\\/images\\\/2022\\\/01\\\/suiss1.jpg\",\"keywords\":[\"Suiza\"],\"articleSection\":[\"Actualidad\",\"Europa\",\"Sanidad\"],\"inLanguage\":\"es-AR\"},{\"@type\":\"WebPage\",\"@id\":\"https:\\\/\\\/elcanillita.info\\\/press\\\/2022\\\/01\\\/17\\\/eex-jefe-lloyds-sustituido-investigacion-infracciones-covid\\\/\",\"url\":\"https:\\\/\\\/elcanillita.info\\\/press\\\/2022\\\/01\\\/17\\\/eex-jefe-lloyds-sustituido-investigacion-infracciones-covid\\\/\",\"name\":\"El ex jefe de Lloyds es sustituido tras una investigaci\u00f3n interna sobre las infracciones de Covid - ElCanillita.Info\",\"isPartOf\":{\"@id\":\"https:\\\/\\\/elcanillita.info\\\/press\\\/#website\"},\"primaryImageOfPage\":{\"@id\":\"https:\\\/\\\/elcanillita.info\\\/press\\\/2022\\\/01\\\/17\\\/eex-jefe-lloyds-sustituido-investigacion-infracciones-covid\\\/#primaryimage\"},\"image\":{\"@id\":\"https:\\\/\\\/elcanillita.info\\\/press\\\/2022\\\/01\\\/17\\\/eex-jefe-lloyds-sustituido-investigacion-infracciones-covid\\\/#primaryimage\"},\"thumbnailUrl\":\"https:\\\/\\\/elcanillita.info\\\/press\\\/images\\\/2022\\\/01\\\/suiss1.jpg\",\"datePublished\":\"2022-01-17T10:08:07+00:00\",\"dateModified\":\"2022-01-23T12:18:13+00:00\",\"inLanguage\":\"es-AR\",\"potentialAction\":[{\"@type\":\"ReadAction\",\"target\":[\"https:\\\/\\\/elcanillita.info\\\/press\\\/2022\\\/01\\\/17\\\/eex-jefe-lloyds-sustituido-investigacion-infracciones-covid\\\/\"]}]},{\"@type\":\"ImageObject\",\"inLanguage\":\"es-AR\",\"@id\":\"https:\\\/\\\/elcanillita.info\\\/press\\\/2022\\\/01\\\/17\\\/eex-jefe-lloyds-sustituido-investigacion-infracciones-covid\\\/#primaryimage\",\"url\":\"https:\\\/\\\/elcanillita.info\\\/press\\\/images\\\/2022\\\/01\\\/suiss1.jpg\",\"contentUrl\":\"https:\\\/\\\/elcanillita.info\\\/press\\\/images\\\/2022\\\/01\\\/suiss1.jpg\",\"width\":600,\"height\":400},{\"@type\":\"WebSite\",\"@id\":\"https:\\\/\\\/elcanillita.info\\\/press\\\/#website\",\"url\":\"https:\\\/\\\/elcanillita.info\\\/press\\\/\",\"name\":\"ElCanillita.Info\",\"description\":\"desde los Apeninos a los Andes\",\"publisher\":{\"@id\":\"https:\\\/\\\/elcanillita.info\\\/press\\\/#organization\"},\"potentialAction\":[{\"@type\":\"SearchAction\",\"target\":{\"@type\":\"EntryPoint\",\"urlTemplate\":\"https:\\\/\\\/elcanillita.info\\\/press\\\/?s={search_term_string}\"},\"query-input\":{\"@type\":\"PropertyValueSpecification\",\"valueRequired\":true,\"valueName\":\"search_term_string\"}}],\"inLanguage\":\"es-AR\"},{\"@type\":\"Organization\",\"@id\":\"https:\\\/\\\/elcanillita.info\\\/press\\\/#organization\",\"name\":\"Guzzo Photos & Graphic Publications\",\"url\":\"https:\\\/\\\/elcanillita.info\\\/press\\\/\",\"logo\":{\"@type\":\"ImageObject\",\"inLanguage\":\"es-AR\",\"@id\":\"https:\\\/\\\/elcanillita.info\\\/press\\\/#\\\/schema\\\/logo\\\/image\\\/\",\"url\":\"https:\\\/\\\/elcanillita.info\\\/press\\\/images\\\/2020\\\/01\\\/cropped-cropped-cropped-elcanillitainfo.png\",\"contentUrl\":\"https:\\\/\\\/elcanillita.info\\\/press\\\/images\\\/2020\\\/01\\\/cropped-cropped-cropped-elcanillitainfo.png\",\"width\":460,\"height\":50,\"caption\":\"Guzzo Photos & Graphic Publications\"},\"image\":{\"@id\":\"https:\\\/\\\/elcanillita.info\\\/press\\\/#\\\/schema\\\/logo\\\/image\\\/\"},\"sameAs\":[\"https:\\\/\\\/ar-ar.facebook.com\\\/ElCanillitainfo-114249515285712\\\/\"]},{\"@type\":\"Person\",\"@id\":\"https:\\\/\\\/elcanillita.info\\\/press\\\/#\\\/schema\\\/person\\\/7fcb79f38045700919f7da6d97e71ba0\",\"name\":\"SalaStampa.eu, world press service\",\"image\":{\"@type\":\"ImageObject\",\"inLanguage\":\"es-AR\",\"@id\":\"https:\\\/\\\/secure.gravatar.com\\\/avatar\\\/c2f0e0d515a107624234994507816ca4724c7199cef73fc8bedebf6931d73888?s=96&d=mm&r=g\",\"url\":\"https:\\\/\\\/secure.gravatar.com\\\/avatar\\\/c2f0e0d515a107624234994507816ca4724c7199cef73fc8bedebf6931d73888?s=96&d=mm&r=g\",\"contentUrl\":\"https:\\\/\\\/secure.gravatar.com\\\/avatar\\\/c2f0e0d515a107624234994507816ca4724c7199cef73fc8bedebf6931d73888?s=96&d=mm&r=g\",\"caption\":\"SalaStampa.eu, world press service\"}}]}<\/script>\n<!-- \/ Yoast SEO plugin. -->","yoast_head_json":{"title":"El ex jefe de Lloyds es sustituido tras una investigaci\u00f3n interna sobre las infracciones de Covid - ElCanillita.Info","robots":{"index":"index","follow":"follow","max-snippet":"max-snippet:-1","max-image-preview":"max-image-preview:large","max-video-preview":"max-video-preview:-1"},"canonical":"https:\/\/elcanillita.info\/press\/2022\/01\/17\/eex-jefe-lloyds-sustituido-investigacion-infracciones-covid\/","og_locale":"es_ES","og_type":"article","og_title":"El ex jefe de Lloyds es sustituido tras una investigaci\u00f3n interna sobre las infracciones de Covid - ElCanillita.Info","og_description":"Antonio Horta-Osorio se ve obligado a abandonar el Credit Suisse tras infringir las normas en Wimbledon","og_url":"https:\/\/elcanillita.info\/press\/2022\/01\/17\/eex-jefe-lloyds-sustituido-investigacion-infracciones-covid\/","og_site_name":"ElCanillita.Info","article_publisher":"https:\/\/ar-ar.facebook.com\/ElCanillitainfo-114249515285712\/","article_published_time":"2022-01-17T10:08:07+00:00","article_modified_time":"2022-01-23T12:18:13+00:00","og_image":[{"width":600,"height":400,"url":"https:\/\/elcanillita.info\/press\/images\/2022\/01\/suiss1.jpg","type":"image\/jpeg"}],"author":"SalaStampa.eu, world press service","twitter_card":"summary_large_image","twitter_misc":{"Escrito por":"SalaStampa.eu, world press service","Tiempo de lectura":"3 minutos"},"schema":{"@context":"https:\/\/schema.org","@graph":[{"@type":"Article","@id":"https:\/\/elcanillita.info\/press\/2022\/01\/17\/eex-jefe-lloyds-sustituido-investigacion-infracciones-covid\/#article","isPartOf":{"@id":"https:\/\/elcanillita.info\/press\/2022\/01\/17\/eex-jefe-lloyds-sustituido-investigacion-infracciones-covid\/"},"author":{"name":"SalaStampa.eu, world press service","@id":"https:\/\/elcanillita.info\/press\/#\/schema\/person\/7fcb79f38045700919f7da6d97e71ba0"},"headline":"El ex jefe de Lloyds es sustituido tras una investigaci\u00f3n interna sobre las infracciones de Covid","datePublished":"2022-01-17T10:08:07+00:00","dateModified":"2022-01-23T12:18:13+00:00","mainEntityOfPage":{"@id":"https:\/\/elcanillita.info\/press\/2022\/01\/17\/eex-jefe-lloyds-sustituido-investigacion-infracciones-covid\/"},"wordCount":599,"publisher":{"@id":"https:\/\/elcanillita.info\/press\/#organization"},"image":{"@id":"https:\/\/elcanillita.info\/press\/2022\/01\/17\/eex-jefe-lloyds-sustituido-investigacion-infracciones-covid\/#primaryimage"},"thumbnailUrl":"https:\/\/elcanillita.info\/press\/images\/2022\/01\/suiss1.jpg","keywords":["Suiza"],"articleSection":["Actualidad","Europa","Sanidad"],"inLanguage":"es-AR"},{"@type":"WebPage","@id":"https:\/\/elcanillita.info\/press\/2022\/01\/17\/eex-jefe-lloyds-sustituido-investigacion-infracciones-covid\/","url":"https:\/\/elcanillita.info\/press\/2022\/01\/17\/eex-jefe-lloyds-sustituido-investigacion-infracciones-covid\/","name":"El ex jefe de Lloyds es sustituido tras una investigaci\u00f3n interna sobre las infracciones de Covid - ElCanillita.Info","isPartOf":{"@id":"https:\/\/elcanillita.info\/press\/#website"},"primaryImageOfPage":{"@id":"https:\/\/elcanillita.info\/press\/2022\/01\/17\/eex-jefe-lloyds-sustituido-investigacion-infracciones-covid\/#primaryimage"},"image":{"@id":"https:\/\/elcanillita.info\/press\/2022\/01\/17\/eex-jefe-lloyds-sustituido-investigacion-infracciones-covid\/#primaryimage"},"thumbnailUrl":"https:\/\/elcanillita.info\/press\/images\/2022\/01\/suiss1.jpg","datePublished":"2022-01-17T10:08:07+00:00","dateModified":"2022-01-23T12:18:13+00:00","inLanguage":"es-AR","potentialAction":[{"@type":"ReadAction","target":["https:\/\/elcanillita.info\/press\/2022\/01\/17\/eex-jefe-lloyds-sustituido-investigacion-infracciones-covid\/"]}]},{"@type":"ImageObject","inLanguage":"es-AR","@id":"https:\/\/elcanillita.info\/press\/2022\/01\/17\/eex-jefe-lloyds-sustituido-investigacion-infracciones-covid\/#primaryimage","url":"https:\/\/elcanillita.info\/press\/images\/2022\/01\/suiss1.jpg","contentUrl":"https:\/\/elcanillita.info\/press\/images\/2022\/01\/suiss1.jpg","width":600,"height":400},{"@type":"WebSite","@id":"https:\/\/elcanillita.info\/press\/#website","url":"https:\/\/elcanillita.info\/press\/","name":"ElCanillita.Info","description":"desde los Apeninos a los Andes","publisher":{"@id":"https:\/\/elcanillita.info\/press\/#organization"},"potentialAction":[{"@type":"SearchAction","target":{"@type":"EntryPoint","urlTemplate":"https:\/\/elcanillita.info\/press\/?s={search_term_string}"},"query-input":{"@type":"PropertyValueSpecification","valueRequired":true,"valueName":"search_term_string"}}],"inLanguage":"es-AR"},{"@type":"Organization","@id":"https:\/\/elcanillita.info\/press\/#organization","name":"Guzzo Photos & Graphic Publications","url":"https:\/\/elcanillita.info\/press\/","logo":{"@type":"ImageObject","inLanguage":"es-AR","@id":"https:\/\/elcanillita.info\/press\/#\/schema\/logo\/image\/","url":"https:\/\/elcanillita.info\/press\/images\/2020\/01\/cropped-cropped-cropped-elcanillitainfo.png","contentUrl":"https:\/\/elcanillita.info\/press\/images\/2020\/01\/cropped-cropped-cropped-elcanillitainfo.png","width":460,"height":50,"caption":"Guzzo Photos & Graphic Publications"},"image":{"@id":"https:\/\/elcanillita.info\/press\/#\/schema\/logo\/image\/"},"sameAs":["https:\/\/ar-ar.facebook.com\/ElCanillitainfo-114249515285712\/"]},{"@type":"Person","@id":"https:\/\/elcanillita.info\/press\/#\/schema\/person\/7fcb79f38045700919f7da6d97e71ba0","name":"SalaStampa.eu, world press service","image":{"@type":"ImageObject","inLanguage":"es-AR","@id":"https:\/\/secure.gravatar.com\/avatar\/c2f0e0d515a107624234994507816ca4724c7199cef73fc8bedebf6931d73888?s=96&d=mm&r=g","url":"https:\/\/secure.gravatar.com\/avatar\/c2f0e0d515a107624234994507816ca4724c7199cef73fc8bedebf6931d73888?s=96&d=mm&r=g","contentUrl":"https:\/\/secure.gravatar.com\/avatar\/c2f0e0d515a107624234994507816ca4724c7199cef73fc8bedebf6931d73888?s=96&d=mm&r=g","caption":"SalaStampa.eu, world press service"}}]}},"views":629,"_links":{"self":[{"href":"https:\/\/elcanillita.info\/press\/wp-json\/wp\/v2\/posts\/2172","targetHints":{"allow":["GET"]}}],"collection":[{"href":"https:\/\/elcanillita.info\/press\/wp-json\/wp\/v2\/posts"}],"about":[{"href":"https:\/\/elcanillita.info\/press\/wp-json\/wp\/v2\/types\/post"}],"author":[{"embeddable":true,"href":"https:\/\/elcanillita.info\/press\/wp-json\/wp\/v2\/users\/1"}],"replies":[{"embeddable":true,"href":"https:\/\/elcanillita.info\/press\/wp-json\/wp\/v2\/comments?post=2172"}],"version-history":[{"count":0,"href":"https:\/\/elcanillita.info\/press\/wp-json\/wp\/v2\/posts\/2172\/revisions"}],"wp:featuredmedia":[{"embeddable":true,"href":"https:\/\/elcanillita.info\/press\/wp-json\/wp\/v2\/media\/2175"}],"wp:attachment":[{"href":"https:\/\/elcanillita.info\/press\/wp-json\/wp\/v2\/media?parent=2172"}],"wp:term":[{"taxonomy":"category","embeddable":true,"href":"https:\/\/elcanillita.info\/press\/wp-json\/wp\/v2\/categories?post=2172"},{"taxonomy":"post_tag","embeddable":true,"href":"https:\/\/elcanillita.info\/press\/wp-json\/wp\/v2\/tags?post=2172"}],"curies":[{"name":"wp","href":"https:\/\/api.w.org\/{rel}","templated":true}]}}