{"id":2164,"date":"2022-01-16T13:41:52","date_gmt":"2022-01-16T16:41:52","guid":{"rendered":"https:\/\/elcanillita.info\/press\/?p=2164"},"modified":"2022-01-16T13:52:39","modified_gmt":"2022-01-16T16:52:39","slug":"djokovic-no-defendera-titulo-australia-2022","status":"publish","type":"post","link":"https:\/\/elcanillita.info\/press\/2022\/01\/16\/djokovic-no-defendera-titulo-australia-2022\/","title":{"rendered":"Djokovic no defender\u00e1 su t\u00edtulo en el Torneo Abierto de Australia 2022"},"content":{"rendered":"\n<div class=\"wp-block-image\"><figure class=\"alignleft size-full\"><img loading=\"lazy\" decoding=\"async\" width=\"600\" height=\"400\" src=\"https:\/\/elcanillita.info\/press\/images\/2022\/01\/f.jpg\" alt=\"\" class=\"wp-image-2165\" srcset=\"https:\/\/elcanillita.info\/press\/images\/2022\/01\/f.jpg 600w, https:\/\/elcanillita.info\/press\/images\/2022\/01\/f-300x200.jpg 300w\" sizes=\"auto, (max-width: 600px) 100vw, 600px\" \/><\/figure><\/div>\n\n\n\n<p>Novak Djokovic ser\u00e1 expulsado de Australia y no competir\u00e1 en el Abierto de Australia despu\u00e9s de que un tribunal federal rechazara su recurso el domingo por la noche, hora local.<\/p>\n\n\n\n<p>Djokovic ya hab\u00eda conseguido una suspensi\u00f3n de la ejecuci\u00f3n, tras la decisi\u00f3n de la Fuerza Fronteriza Australiana de deportarlo hace diez d\u00edas. Pero cuando el ministro de inmigraci\u00f3n Alex Hawke cancel\u00f3 su visado por segunda vez el viernes por la noche, sus posibilidades de permaner en Australia se redujeron.<\/p>\n\n\n\n<p>El gobierno australiano se mantuvo en una posici\u00f3n fuerte en esta ocasi\u00f3n. Para anular esta decisi\u00f3n ministerial, los abogados de Djokovic deb\u00edan demostrar que hab\u00eda un error de procedimiento en el proceso, o que la  decisi\u00f3n  de Hawke era irracional.<\/p>\n\n\n\n<p>El domingo por la ma\u00f1ana, los abogados de Djokovic presentaron una hipotesis interesante durante la revisi\u00f3n judicial, argumentando que la intervenci\u00f3n de Hawke -que se hab\u00eda basado en que Djokovic era un peligro para la salud p\u00fablica- era err\u00f3nea.<\/p>\n\n\n\n<p>Pero no obstante, el abogado de Djokovic,  Nicholas Wood, intentara mostrar la debilidad de los argumentos del gobierno, no pudo demostrar que era una decisi\u00f3n descabellada. Poco antes de las 18:00 de la tarde (07:00 GMT), el presidente del tribunal, Allsop, dictamin\u00f3 que el recurso hab\u00eda sido rechazado y conden\u00f3 a Djokovic a pagar las costas. La motivaci\u00f3n de la sentencia del tribunal se concocer\u00e1 el lunes.<\/p>\n\n\n\n<p><strong>Decepci\u00f3n de Djokovic <\/strong><\/p>\n\n\n\n<p>&#8220;Ahora me tomar\u00e9 un tiempo para descansar y recuperarme&#8221;, dijo Djokovic en un comunicado. &#8220;Estoy extremadamente decepcionado pero respeto la decisi\u00f3n del tribunal. Cooperar\u00e9 con las autoridades en relaci\u00f3n con mi salida de Australia. Me incomoda que la atenci\u00f3n de las \u00faltimas semanas se haya centrado sobre m\u00ed. Espero que ahora todos podamos centrarnos en el juego y el torneo que amo. <br>Me gustar\u00eda desear a los jugadores, a los directivos del torneo, al personal, a los voluntarios y a los aficionados todo lo mejor para el torneo&#8221;.<\/p>\n\n\n\n<p>El Primer Ministro australiano, Scott Morrison, se congratul\u00f3 de la sentencia y dijo que la decisi\u00f3n ayudar\u00e1 a &#8220;mantener nuestras fronteras fuertes y a los australianos seguros&#8221;.<\/p>\n\n\n\n<p>&#8220;Ahora es el momento de seguir con el Open de Australia y volver a disfrutar del tenis durante el verano&#8221;, dijo.<\/p>\n\n\n\n<p>Hawke dijo que acoge la decisi\u00f3n un\u00e1nime de los jueces de mantener su decisi\u00f3n de &#8220;cancelar el visado del Sr. Djokovic en aras del inter\u00e9s p\u00fablico&#8221;.<\/p>\n\n\n\n<p>Y a\u00f1adi\u00f3: &#8220;La s\u00f3lida pol\u00edtica de protecci\u00f3n fronteriza de Australia nos han mantenido a salvo durante la pandemia, dando lugar a una de las tasas de mortalidad m\u00e1s bajas, las recuperaciones econ\u00f3micas m\u00e1s s\u00f3lidas y las tasas de vacunaci\u00f3n m\u00e1s altas del mundo&#8221;.<\/p>\n\n\n\n<p>&#8220;Las fuertes pol\u00edticas de protecci\u00f3n fronteriza son tambi\u00e9n fundamentales para salvaguardar la cohesi\u00f3n social de Australia, que sigue fortaleci\u00e9ndose a pesar de la pandemia&#8221;.<\/p>\n\n\n\n<p><strong>Es probable que se refuerce la seguridad en el Abierto de Australia<\/strong><\/p>\n\n\n\n<p>La expulsi\u00f3n de Djokovic de Australia significa que su intento de conseguir un posible 21\u00ba t\u00edtulo importante, que romper\u00eda el triple empate con Roger Federer y Rafael Nadal en la cima de la clasificaci\u00f3n, tendr\u00e1 que esperar al menos hasta el Abierto de Francia en Mayo.<\/p>\n\n\n\n<p>Mientras tanto, desde la perspectiva del Abierto de Australia, es probable que sea necesario reforzar la seguridad durante los primeros d\u00edas. Podr\u00eda haber protestas por parte de la fuerte comunidad serbia local, o incluso del mismo tipo de activistas antivacunas que agitaron pancartas ante las puertas de Melbourne Park el s\u00e1bado.<\/p>\n\n\n\n<p>De hecho, este fue el punto m\u00e1s fuerte del argumento del abogado Wood. Dijo al tribunal federal que la decisi\u00f3n de Hawke -que se tom\u00f3 bas\u00e1ndose en que la presencia de Djokovic en Australia podr\u00eda influir en el sentimiento antivacunas- no hab\u00eda tenido en cuenta lo que denomin\u00f3 la posibilidad &#8220;contraf\u00e1ctica&#8221;: que la expulsi\u00f3n de Djokovic podr\u00eda tener exactamente el mismo efecto.<\/p>\n\n\n\n<p>Se trataba de un argumento de peso, que Stephen Lloyd SC -el abogado del gobierno- tuvo dificultades para rebatir de forma convincente. Pero para que Wood ganara su caso, habr\u00eda tenido que demostrar que se trataba de un error de procedimiento por parte de Hawke, y no simplemente de un punto d\u00e9bil en su l\u00f3gica.<\/p>\n\n\n\n<p>La salida de \u00faltima hora de Djokovic deja el cuadro masculino del Abierto de Australia totalmente desequilibrado. Los organizadores del torneo dieron a conocer el orden de juego del lunes a las 16.10 horas, y tan pronto como eso ocurri\u00f3, las reglas sobre las sustituciones de \u00faltima hora significaron que las cabezas de serie ya no pod\u00edan ser reorganizadas.<\/p>\n\n\n\n<p>El tennista italiano Salvatore Caruso, es el hombre que ocupar\u00e1 el puesto de Novak en la primera l\u00ednea del cuadro. Y su partido ha sido sustituido en la cabeza de serie del lunes por Alexander Zverev contra Daniel Altmaier. Esta es una excelente noticia para Matteo Berrettini, el n\u00famero 7 del mundo, que ahora se convierte en el mayor cabeza de serie del primer cuadro. Y tambi\u00e9n podr\u00eda favorecer al n\u00famero 1 del mundo, Cameron Norrie, el \u00fanico brit\u00e1nico en acci\u00f3n el lunes.<\/p>\n\n\n\n<p>Incluso con Djokovic fuera del pa\u00eds, es probable que la conmoci\u00f3n en torno a esta historia contin\u00fae durante todo el torneo. A\u00fan as\u00ed, los jugadores estar\u00e1n aliviados de que la acci\u00f3n en la cancha comience finalmente en las pr\u00f3ximas 16 horas.<br><br><small>Copyright \u00a9 2021 ElCanillita.info \/ DC24.News \u2013 SalaStampa.Eu \u2013 Derechos reservados<\/small><\/p>\n","protected":false},"excerpt":{"rendered":"<p>Novak Djokovic, &#8220;extremadamente decepcionado&#8221;, un tribunal australiano rechaza su recurso y confirma su expulsi\u00f3n<\/p>\n","protected":false},"author":1,"featured_media":2166,"comment_status":"closed","ping_status":"closed","sticky":false,"template":"","format":"standard","meta":{"footnotes":"","_links_to":"","_links_to_target":""},"categories":[17,78,26],"tags":[45],"class_list":["post-2164","post","type-post","status-publish","format-standard","has-post-thumbnail","hentry","category-oceania","category-sanidad","category-sport","tag-australia","entry","double"],"yoast_head":"<!-- This site is optimized with the Yoast SEO plugin v27.5 - https:\/\/yoast.com\/product\/yoast-seo-wordpress\/ -->\n<title>Djokovic no defender\u00e1 su t\u00edtulo en el Torneo Abierto de Australia 2022 - ElCanillita.Info<\/title>\n<meta name=\"robots\" content=\"index, follow, max-snippet:-1, max-image-preview:large, max-video-preview:-1\" \/>\n<link rel=\"canonical\" href=\"https:\/\/elcanillita.info\/press\/2022\/01\/16\/djokovic-no-defendera-titulo-australia-2022\/\" \/>\n<meta property=\"og:locale\" content=\"es_ES\" \/>\n<meta property=\"og:type\" content=\"article\" \/>\n<meta property=\"og:title\" content=\"Djokovic no defender\u00e1 su t\u00edtulo en el Torneo Abierto de Australia 2022 - ElCanillita.Info\" \/>\n<meta property=\"og:description\" content=\"Novak Djokovic, &quot;extremadamente decepcionado&quot;, un tribunal australiano rechaza su recurso y confirma su expulsi\u00f3n\" \/>\n<meta property=\"og:url\" content=\"https:\/\/elcanillita.info\/press\/2022\/01\/16\/djokovic-no-defendera-titulo-australia-2022\/\" \/>\n<meta property=\"og:site_name\" content=\"ElCanillita.Info\" \/>\n<meta property=\"article:publisher\" content=\"https:\/\/ar-ar.facebook.com\/ElCanillitainfo-114249515285712\/\" \/>\n<meta property=\"article:published_time\" content=\"2022-01-16T16:41:52+00:00\" \/>\n<meta property=\"article:modified_time\" content=\"2022-01-16T16:52:39+00:00\" \/>\n<meta property=\"og:image\" content=\"https:\/\/elcanillita.info\/press\/images\/2022\/01\/f1.jpg\" \/>\n\t<meta property=\"og:image:width\" content=\"600\" \/>\n\t<meta property=\"og:image:height\" content=\"400\" \/>\n\t<meta property=\"og:image:type\" content=\"image\/jpeg\" \/>\n<meta name=\"author\" content=\"SalaStampa.eu, world press service\" \/>\n<meta name=\"twitter:card\" content=\"summary_large_image\" \/>\n<meta name=\"twitter:label1\" content=\"Escrito por\" \/>\n\t<meta name=\"twitter:data1\" content=\"SalaStampa.eu, world press service\" \/>\n\t<meta name=\"twitter:label2\" content=\"Tiempo de lectura\" \/>\n\t<meta name=\"twitter:data2\" content=\"5 minutos\" \/>\n<script type=\"application\/ld+json\" class=\"yoast-schema-graph\">{\"@context\":\"https:\\\/\\\/schema.org\",\"@graph\":[{\"@type\":\"Article\",\"@id\":\"https:\\\/\\\/elcanillita.info\\\/press\\\/2022\\\/01\\\/16\\\/djokovic-no-defendera-titulo-australia-2022\\\/#article\",\"isPartOf\":{\"@id\":\"https:\\\/\\\/elcanillita.info\\\/press\\\/2022\\\/01\\\/16\\\/djokovic-no-defendera-titulo-australia-2022\\\/\"},\"author\":{\"name\":\"SalaStampa.eu, world press service\",\"@id\":\"https:\\\/\\\/elcanillita.info\\\/press\\\/#\\\/schema\\\/person\\\/7fcb79f38045700919f7da6d97e71ba0\"},\"headline\":\"Djokovic no defender\u00e1 su t\u00edtulo en el Torneo Abierto de Australia 2022\",\"datePublished\":\"2022-01-16T16:41:52+00:00\",\"dateModified\":\"2022-01-16T16:52:39+00:00\",\"mainEntityOfPage\":{\"@id\":\"https:\\\/\\\/elcanillita.info\\\/press\\\/2022\\\/01\\\/16\\\/djokovic-no-defendera-titulo-australia-2022\\\/\"},\"wordCount\":961,\"publisher\":{\"@id\":\"https:\\\/\\\/elcanillita.info\\\/press\\\/#organization\"},\"image\":{\"@id\":\"https:\\\/\\\/elcanillita.info\\\/press\\\/2022\\\/01\\\/16\\\/djokovic-no-defendera-titulo-australia-2022\\\/#primaryimage\"},\"thumbnailUrl\":\"https:\\\/\\\/elcanillita.info\\\/press\\\/images\\\/2022\\\/01\\\/f1.jpg\",\"keywords\":[\"Australia\"],\"articleSection\":[\"Oceania\",\"Sanidad\",\"Sport\"],\"inLanguage\":\"es-AR\"},{\"@type\":\"WebPage\",\"@id\":\"https:\\\/\\\/elcanillita.info\\\/press\\\/2022\\\/01\\\/16\\\/djokovic-no-defendera-titulo-australia-2022\\\/\",\"url\":\"https:\\\/\\\/elcanillita.info\\\/press\\\/2022\\\/01\\\/16\\\/djokovic-no-defendera-titulo-australia-2022\\\/\",\"name\":\"Djokovic no defender\u00e1 su t\u00edtulo en el Torneo Abierto de Australia 2022 - ElCanillita.Info\",\"isPartOf\":{\"@id\":\"https:\\\/\\\/elcanillita.info\\\/press\\\/#website\"},\"primaryImageOfPage\":{\"@id\":\"https:\\\/\\\/elcanillita.info\\\/press\\\/2022\\\/01\\\/16\\\/djokovic-no-defendera-titulo-australia-2022\\\/#primaryimage\"},\"image\":{\"@id\":\"https:\\\/\\\/elcanillita.info\\\/press\\\/2022\\\/01\\\/16\\\/djokovic-no-defendera-titulo-australia-2022\\\/#primaryimage\"},\"thumbnailUrl\":\"https:\\\/\\\/elcanillita.info\\\/press\\\/images\\\/2022\\\/01\\\/f1.jpg\",\"datePublished\":\"2022-01-16T16:41:52+00:00\",\"dateModified\":\"2022-01-16T16:52:39+00:00\",\"inLanguage\":\"es-AR\",\"potentialAction\":[{\"@type\":\"ReadAction\",\"target\":[\"https:\\\/\\\/elcanillita.info\\\/press\\\/2022\\\/01\\\/16\\\/djokovic-no-defendera-titulo-australia-2022\\\/\"]}]},{\"@type\":\"ImageObject\",\"inLanguage\":\"es-AR\",\"@id\":\"https:\\\/\\\/elcanillita.info\\\/press\\\/2022\\\/01\\\/16\\\/djokovic-no-defendera-titulo-australia-2022\\\/#primaryimage\",\"url\":\"https:\\\/\\\/elcanillita.info\\\/press\\\/images\\\/2022\\\/01\\\/f1.jpg\",\"contentUrl\":\"https:\\\/\\\/elcanillita.info\\\/press\\\/images\\\/2022\\\/01\\\/f1.jpg\",\"width\":600,\"height\":400},{\"@type\":\"WebSite\",\"@id\":\"https:\\\/\\\/elcanillita.info\\\/press\\\/#website\",\"url\":\"https:\\\/\\\/elcanillita.info\\\/press\\\/\",\"name\":\"ElCanillita.Info\",\"description\":\"desde los Apeninos a los Andes\",\"publisher\":{\"@id\":\"https:\\\/\\\/elcanillita.info\\\/press\\\/#organization\"},\"potentialAction\":[{\"@type\":\"SearchAction\",\"target\":{\"@type\":\"EntryPoint\",\"urlTemplate\":\"https:\\\/\\\/elcanillita.info\\\/press\\\/?s={search_term_string}\"},\"query-input\":{\"@type\":\"PropertyValueSpecification\",\"valueRequired\":true,\"valueName\":\"search_term_string\"}}],\"inLanguage\":\"es-AR\"},{\"@type\":\"Organization\",\"@id\":\"https:\\\/\\\/elcanillita.info\\\/press\\\/#organization\",\"name\":\"Guzzo Photos & Graphic Publications\",\"url\":\"https:\\\/\\\/elcanillita.info\\\/press\\\/\",\"logo\":{\"@type\":\"ImageObject\",\"inLanguage\":\"es-AR\",\"@id\":\"https:\\\/\\\/elcanillita.info\\\/press\\\/#\\\/schema\\\/logo\\\/image\\\/\",\"url\":\"https:\\\/\\\/elcanillita.info\\\/press\\\/images\\\/2020\\\/01\\\/cropped-cropped-cropped-elcanillitainfo.png\",\"contentUrl\":\"https:\\\/\\\/elcanillita.info\\\/press\\\/images\\\/2020\\\/01\\\/cropped-cropped-cropped-elcanillitainfo.png\",\"width\":460,\"height\":50,\"caption\":\"Guzzo Photos & Graphic Publications\"},\"image\":{\"@id\":\"https:\\\/\\\/elcanillita.info\\\/press\\\/#\\\/schema\\\/logo\\\/image\\\/\"},\"sameAs\":[\"https:\\\/\\\/ar-ar.facebook.com\\\/ElCanillitainfo-114249515285712\\\/\"]},{\"@type\":\"Person\",\"@id\":\"https:\\\/\\\/elcanillita.info\\\/press\\\/#\\\/schema\\\/person\\\/7fcb79f38045700919f7da6d97e71ba0\",\"name\":\"SalaStampa.eu, world press service\",\"image\":{\"@type\":\"ImageObject\",\"inLanguage\":\"es-AR\",\"@id\":\"https:\\\/\\\/secure.gravatar.com\\\/avatar\\\/c2f0e0d515a107624234994507816ca4724c7199cef73fc8bedebf6931d73888?s=96&d=mm&r=g\",\"url\":\"https:\\\/\\\/secure.gravatar.com\\\/avatar\\\/c2f0e0d515a107624234994507816ca4724c7199cef73fc8bedebf6931d73888?s=96&d=mm&r=g\",\"contentUrl\":\"https:\\\/\\\/secure.gravatar.com\\\/avatar\\\/c2f0e0d515a107624234994507816ca4724c7199cef73fc8bedebf6931d73888?s=96&d=mm&r=g\",\"caption\":\"SalaStampa.eu, world press service\"}}]}<\/script>\n<!-- \/ Yoast SEO plugin. -->","yoast_head_json":{"title":"Djokovic no defender\u00e1 su t\u00edtulo en el Torneo Abierto de Australia 2022 - ElCanillita.Info","robots":{"index":"index","follow":"follow","max-snippet":"max-snippet:-1","max-image-preview":"max-image-preview:large","max-video-preview":"max-video-preview:-1"},"canonical":"https:\/\/elcanillita.info\/press\/2022\/01\/16\/djokovic-no-defendera-titulo-australia-2022\/","og_locale":"es_ES","og_type":"article","og_title":"Djokovic no defender\u00e1 su t\u00edtulo en el Torneo Abierto de Australia 2022 - ElCanillita.Info","og_description":"Novak Djokovic, \"extremadamente decepcionado\", un tribunal australiano rechaza su recurso y confirma su expulsi\u00f3n","og_url":"https:\/\/elcanillita.info\/press\/2022\/01\/16\/djokovic-no-defendera-titulo-australia-2022\/","og_site_name":"ElCanillita.Info","article_publisher":"https:\/\/ar-ar.facebook.com\/ElCanillitainfo-114249515285712\/","article_published_time":"2022-01-16T16:41:52+00:00","article_modified_time":"2022-01-16T16:52:39+00:00","og_image":[{"width":600,"height":400,"url":"https:\/\/elcanillita.info\/press\/images\/2022\/01\/f1.jpg","type":"image\/jpeg"}],"author":"SalaStampa.eu, world press service","twitter_card":"summary_large_image","twitter_misc":{"Escrito por":"SalaStampa.eu, world press service","Tiempo de lectura":"5 minutos"},"schema":{"@context":"https:\/\/schema.org","@graph":[{"@type":"Article","@id":"https:\/\/elcanillita.info\/press\/2022\/01\/16\/djokovic-no-defendera-titulo-australia-2022\/#article","isPartOf":{"@id":"https:\/\/elcanillita.info\/press\/2022\/01\/16\/djokovic-no-defendera-titulo-australia-2022\/"},"author":{"name":"SalaStampa.eu, world press service","@id":"https:\/\/elcanillita.info\/press\/#\/schema\/person\/7fcb79f38045700919f7da6d97e71ba0"},"headline":"Djokovic no defender\u00e1 su t\u00edtulo en el Torneo Abierto de Australia 2022","datePublished":"2022-01-16T16:41:52+00:00","dateModified":"2022-01-16T16:52:39+00:00","mainEntityOfPage":{"@id":"https:\/\/elcanillita.info\/press\/2022\/01\/16\/djokovic-no-defendera-titulo-australia-2022\/"},"wordCount":961,"publisher":{"@id":"https:\/\/elcanillita.info\/press\/#organization"},"image":{"@id":"https:\/\/elcanillita.info\/press\/2022\/01\/16\/djokovic-no-defendera-titulo-australia-2022\/#primaryimage"},"thumbnailUrl":"https:\/\/elcanillita.info\/press\/images\/2022\/01\/f1.jpg","keywords":["Australia"],"articleSection":["Oceania","Sanidad","Sport"],"inLanguage":"es-AR"},{"@type":"WebPage","@id":"https:\/\/elcanillita.info\/press\/2022\/01\/16\/djokovic-no-defendera-titulo-australia-2022\/","url":"https:\/\/elcanillita.info\/press\/2022\/01\/16\/djokovic-no-defendera-titulo-australia-2022\/","name":"Djokovic no defender\u00e1 su t\u00edtulo en el Torneo Abierto de Australia 2022 - ElCanillita.Info","isPartOf":{"@id":"https:\/\/elcanillita.info\/press\/#website"},"primaryImageOfPage":{"@id":"https:\/\/elcanillita.info\/press\/2022\/01\/16\/djokovic-no-defendera-titulo-australia-2022\/#primaryimage"},"image":{"@id":"https:\/\/elcanillita.info\/press\/2022\/01\/16\/djokovic-no-defendera-titulo-australia-2022\/#primaryimage"},"thumbnailUrl":"https:\/\/elcanillita.info\/press\/images\/2022\/01\/f1.jpg","datePublished":"2022-01-16T16:41:52+00:00","dateModified":"2022-01-16T16:52:39+00:00","inLanguage":"es-AR","potentialAction":[{"@type":"ReadAction","target":["https:\/\/elcanillita.info\/press\/2022\/01\/16\/djokovic-no-defendera-titulo-australia-2022\/"]}]},{"@type":"ImageObject","inLanguage":"es-AR","@id":"https:\/\/elcanillita.info\/press\/2022\/01\/16\/djokovic-no-defendera-titulo-australia-2022\/#primaryimage","url":"https:\/\/elcanillita.info\/press\/images\/2022\/01\/f1.jpg","contentUrl":"https:\/\/elcanillita.info\/press\/images\/2022\/01\/f1.jpg","width":600,"height":400},{"@type":"WebSite","@id":"https:\/\/elcanillita.info\/press\/#website","url":"https:\/\/elcanillita.info\/press\/","name":"ElCanillita.Info","description":"desde los Apeninos a los Andes","publisher":{"@id":"https:\/\/elcanillita.info\/press\/#organization"},"potentialAction":[{"@type":"SearchAction","target":{"@type":"EntryPoint","urlTemplate":"https:\/\/elcanillita.info\/press\/?s={search_term_string}"},"query-input":{"@type":"PropertyValueSpecification","valueRequired":true,"valueName":"search_term_string"}}],"inLanguage":"es-AR"},{"@type":"Organization","@id":"https:\/\/elcanillita.info\/press\/#organization","name":"Guzzo Photos & Graphic Publications","url":"https:\/\/elcanillita.info\/press\/","logo":{"@type":"ImageObject","inLanguage":"es-AR","@id":"https:\/\/elcanillita.info\/press\/#\/schema\/logo\/image\/","url":"https:\/\/elcanillita.info\/press\/images\/2020\/01\/cropped-cropped-cropped-elcanillitainfo.png","contentUrl":"https:\/\/elcanillita.info\/press\/images\/2020\/01\/cropped-cropped-cropped-elcanillitainfo.png","width":460,"height":50,"caption":"Guzzo Photos & Graphic Publications"},"image":{"@id":"https:\/\/elcanillita.info\/press\/#\/schema\/logo\/image\/"},"sameAs":["https:\/\/ar-ar.facebook.com\/ElCanillitainfo-114249515285712\/"]},{"@type":"Person","@id":"https:\/\/elcanillita.info\/press\/#\/schema\/person\/7fcb79f38045700919f7da6d97e71ba0","name":"SalaStampa.eu, world press service","image":{"@type":"ImageObject","inLanguage":"es-AR","@id":"https:\/\/secure.gravatar.com\/avatar\/c2f0e0d515a107624234994507816ca4724c7199cef73fc8bedebf6931d73888?s=96&d=mm&r=g","url":"https:\/\/secure.gravatar.com\/avatar\/c2f0e0d515a107624234994507816ca4724c7199cef73fc8bedebf6931d73888?s=96&d=mm&r=g","contentUrl":"https:\/\/secure.gravatar.com\/avatar\/c2f0e0d515a107624234994507816ca4724c7199cef73fc8bedebf6931d73888?s=96&d=mm&r=g","caption":"SalaStampa.eu, world press service"}}]}},"views":657,"_links":{"self":[{"href":"https:\/\/elcanillita.info\/press\/wp-json\/wp\/v2\/posts\/2164","targetHints":{"allow":["GET"]}}],"collection":[{"href":"https:\/\/elcanillita.info\/press\/wp-json\/wp\/v2\/posts"}],"about":[{"href":"https:\/\/elcanillita.info\/press\/wp-json\/wp\/v2\/types\/post"}],"author":[{"embeddable":true,"href":"https:\/\/elcanillita.info\/press\/wp-json\/wp\/v2\/users\/1"}],"replies":[{"embeddable":true,"href":"https:\/\/elcanillita.info\/press\/wp-json\/wp\/v2\/comments?post=2164"}],"version-history":[{"count":0,"href":"https:\/\/elcanillita.info\/press\/wp-json\/wp\/v2\/posts\/2164\/revisions"}],"wp:featuredmedia":[{"embeddable":true,"href":"https:\/\/elcanillita.info\/press\/wp-json\/wp\/v2\/media\/2166"}],"wp:attachment":[{"href":"https:\/\/elcanillita.info\/press\/wp-json\/wp\/v2\/media?parent=2164"}],"wp:term":[{"taxonomy":"category","embeddable":true,"href":"https:\/\/elcanillita.info\/press\/wp-json\/wp\/v2\/categories?post=2164"},{"taxonomy":"post_tag","embeddable":true,"href":"https:\/\/elcanillita.info\/press\/wp-json\/wp\/v2\/tags?post=2164"}],"curies":[{"name":"wp","href":"https:\/\/api.w.org\/{rel}","templated":true}]}}