{"id":2154,"date":"2022-01-14T06:26:24","date_gmt":"2022-01-14T09:26:24","guid":{"rendered":"https:\/\/elcanillita.info\/press\/?p=2154"},"modified":"2022-01-16T13:53:16","modified_gmt":"2022-01-16T16:53:16","slug":"la-contienda-sobre-el-plan-de-plantacion-de-arboles-en-el-neguev-amenaza-con-colapsar-el-gobierno-de-israel","status":"publish","type":"post","link":"https:\/\/elcanillita.info\/press\/2022\/01\/14\/la-contienda-sobre-el-plan-de-plantacion-de-arboles-en-el-neguev-amenaza-con-colapsar-el-gobierno-de-israel\/","title":{"rendered":"La contienda sobre el plan de plantaci\u00f3n de \u00e1rboles en el N\u00e9guev amenaza con colapsar el gobierno de Israel"},"content":{"rendered":"\n<div class=\"wp-block-image\"><figure class=\"alignleft size-full\"><img loading=\"lazy\" decoding=\"async\" width=\"600\" height=\"400\" src=\"https:\/\/elcanillita.info\/press\/images\/2022\/01\/is1.jpg\" alt=\"\" class=\"wp-image-2155\" srcset=\"https:\/\/elcanillita.info\/press\/images\/2022\/01\/is1.jpg 600w, https:\/\/elcanillita.info\/press\/images\/2022\/01\/is1-300x200.jpg 300w\" sizes=\"auto, (max-width: 600px) 100vw, 600px\" \/><\/figure><\/div>\n\n\n\n<p>El gobierno de Israel corre el riesgo de verse afectado por una disputa sobre la plantaci\u00f3n de \u00e1rboles en tierras disputadas en la regi\u00f3n del N\u00e9guev, que provoc\u00f3 disturbios el martes por la noche cuando las comunidades beduinas se enfrentaron a la polic\u00eda y quemaron coches.<\/p>\n\n\n\n<p>El mi\u00e9rcoles, 11 personas fueron detenidas mientras decenas se enfrentaban a la polic\u00eda durante un segundo d\u00eda de protestas contra el plan, dirigido por el Fondo Nacional Jud\u00edo.<\/p>\n\n\n\n<p>Al menos 18 personas fueron detenidas el d\u00eda anterior, cuando algunos manifestantes bloquearon una l\u00ednea de ferrocarril y lanzaron piedras a los veh\u00edculos que pasaban.<\/p>\n\n\n\n<div class=\"wp-block-image\"><figure class=\"alignleft size-full\"><img loading=\"lazy\" decoding=\"async\" width=\"600\" height=\"400\" src=\"https:\/\/elcanillita.info\/press\/images\/2022\/01\/is3.jpg\" alt=\"\" class=\"wp-image-2156\" srcset=\"https:\/\/elcanillita.info\/press\/images\/2022\/01\/is3.jpg 600w, https:\/\/elcanillita.info\/press\/images\/2022\/01\/is3-300x200.jpg 300w\" sizes=\"auto, (max-width: 600px) 100vw, 600px\" \/><\/figure><\/div>\n\n\n\n<p>La polic\u00eda israel\u00ed detuvo a una joven mientras los beduinos protestaban en el pueblo de Sawe al-Atrash, en el desierto de N\u00e9guev, contra un proyecto de repoblaci\u00f3n forestal del Fondo Nacional Jud\u00edo (FNJ).<\/p>\n\n\n\n<p>El plan de plantaci\u00f3n de \u00e1rboles cuenta con el apoyo de los nacionalistas israel\u00edes y de las facciones de derecha de la coalici\u00f3n del primer ministro Naftali Bennett, pero con la oposici\u00f3n de los beduinos, que dicen que invade sus tierras y perjudica su modo de vida.<\/p>\n\n\n\n<p>Las comunidades beduinas del sur del N\u00e9guev viven en aldeas no reconocidas por Israel, y la cuesti\u00f3n ha dividido al fr\u00e1gil gobierno multipartidista israel\u00ed.<\/p>\n\n\n\n<p>Las fuerzas de seguridad israel\u00edes cargan contra los manifestantes beduinos en Sawe al-Atrash, en el desierto del N\u00e9guev. <\/p>\n\n\n\n<p>Mansour Abbas, el l\u00edder del partido Ra&#8217;am que sostiene la fr\u00e1gil mayor\u00eda de Bennett, ha amenazado con dejar de votar con el gobierno a menos que se detenga la plantaci\u00f3n de \u00e1rboles, lo que podr\u00eda colapsar la coalici\u00f3n.<\/p>\n\n\n\n<p>&#8220;No puedo seguir viviendo con esto&#8221;, dijo Abbas a la cadena israel\u00ed Channel 12. &#8220;No puedo seguir as\u00ed. <br>He asimilado cosas m\u00e1s dif\u00edciles en el pasado, pero cuando me disparan directamente al pecho ya no puedo soportarlo. El N\u00e9guev es Ra&#8217;am&#8221;.<\/p>\n\n\n\n<p>En junio, Ra&#8217;am hizo historia al convertirse en el primer partido pol\u00edtico \u00e1rabe en entrar en un gobierno de coalici\u00f3n israel\u00ed, pero el partido est\u00e1 cada vez m\u00e1s enfrentado al movimiento derechista Yamina de Bennett.<\/p>\n\n\n\n<p>El enfrentamiento podr\u00eda envalentonar a Benjam\u00edn Netanyahu y su partido Likud, que al parecer envi\u00f3 una delegaci\u00f3n para participar en el plan de plantaci\u00f3n de \u00e1rboles el martes.<\/p>\n\n\n\n<p><strong>La apuesta por el poder<\/strong><br><strong><br><\/strong>Se dice que Netanyahu, el primer ministro que m\u00e1s tiempo lleva en el cargo en Israel, est\u00e1 ansioso por derrumbar la coalici\u00f3n y volver al poder lo antes posible.<\/p>\n\n\n\n<p>Yair Lapid, el ministro de Asuntos Exteriores centrista del gobierno, pareci\u00f3 respaldar a Ra&#8217;am en la disputa al pedir que se suspenda el plan de plantaci\u00f3n de \u00e1rboles.<\/p>\n\n\n\n<p>&#8220;El Estado de Israel necesita planificar \u00e1rboles en terrenos estatales, pero no tenemos que perjudicar los medios de vida de los residentes de la zona&#8221;, dijo.<\/p>\n\n\n\n<p>Tambi\u00e9n se\u00f1al\u00f3 que el propio Netanyahu hab\u00eda acordado posponer la plantaci\u00f3n de \u00e1rboles en 2020, a pesar de que su partido utiliza ahora la disputa como medio para atacar al gobierno.<\/p>\n\n\n\n<p><strong>Antiguas tierras de pastoreo<\/strong><br><br>Los l\u00edderes de la comunidad beduina pidieron esta semana que los \u00e1rboles se plantaran en otro lugar, ya que invaden los terrenos de los agricultores que desean apacentar sus reba\u00f1os.<\/p>\n\n\n\n<p>&#8220;La gente de aqu\u00ed obtiene su sustento de esta parcela, una parcela que pertenece a la gente. La gente utiliza esta parcela para apacentar sus reba\u00f1os&#8221;, dijo Atiya al-Assam, presidente del Consejo de Aldeas No Reconocidas del N\u00e9guev, a la emisora israel\u00ed Kan.<\/p>\n\n\n\n<p>&#8220;Eso es lo que permite que el pueblo se desarrolle aqu\u00ed.  As\u00ed  es como el JNF (Jewish National Fund) ha llegado y est\u00e1 impidiendo ese desarrollo de la comunidad, negando la futura legalizaci\u00f3n de estas comunidades&#8221;.<\/p>\n\n\n\n<p>Sin embargo, los partidarios del plan de plantaci\u00f3n de \u00e1rboles dicen que es un paso importante para mejorar el historial medioambiental de Israel, especialmente en lo que respecta al cambio clim\u00e1tico. Esto se debe a que los \u00e1rboles reponen el suelo y eliminan el di\u00f3xido de carbono del aire, dicen.<\/p>\n\n\n\n<p>En la actualidad, la mayor parte del N\u00e9guev est\u00e1 bajo el control del ej\u00e9rcito israel\u00ed.  Especialmente en la zona de Ne&#8217;ot Hovav, un \u00e1rea industrial donde predomina la industria qu\u00edmica pesada y donde se encuentra el mayor dep\u00f3sito de residuos peligrosos de todo Israel, el medio ambiente est\u00e1 amenazado, porque se encuentra repetidamente a merced de accidentes e incidentes.  La ciudad de Tel Aviv sol\u00eda eliminar sus residuos en el Negev.<\/p>\n\n\n\n<p><strong>Desarrollo econ\u00f3mico<\/strong><\/p>\n\n\n\n<p>Desde la fundaci\u00f3n del Estado de Israel, las clases dirigentes siempre han intentado convertir el N\u00e9guev en una tierra f\u00e9rtil. El promotor m\u00e1s famoso de esta idea fue David Ben Gurion (primer Primer Ministro de Israel), que se traslad\u00f3 al kibbutz de Sde Boker para seguir de cerca los avances en la colonizaci\u00f3n de la regi\u00f3n.<\/p>\n\n\n\n<p>En el N\u00e9guev se desarrollaron, probaron y aplicaron m\u00e9todos agr\u00edcolas innovadores, como el riego por goteo, basado en modelos antiguos. Uno de los pioneros en este campo fue Michael Evenari, originario de Metz. El Instituto Nacional de Investigaci\u00f3n Solar y el Centro de Investigaci\u00f3n del Desierto de la Universidad Ben Gurion del N\u00e9guev, en Sde Boker, est\u00e1n entre los l\u00edderes mundiales en su campo.<\/p>\n\n\n\n<p>Una de las actividades emergentes en el N\u00e9guev es, sorprendentemente, la piscicultura, conseguida mediante el bombeo de agua salobre f\u00f3sil en estanques artificiales. Los rendimientos son extremadamente productivos, a pesar del clima des\u00e9rtico, y esta actividad ha demostrado ser muy rentable. El agua salobre fosilizada, ligeramente salada, ha demostrado ser adecuada para el riego de frutas y verduras cultivadas espec\u00edficamente en estas condiciones. Muchos productos agr\u00edcolas israel\u00edes conocidos en Europa proceden de este desierto, en parte porque el clima, suave todo el a\u00f1o, supone una ventaja para la exportaci\u00f3n.<\/p>\n\n\n\n<p>El N\u00e9guev alberga importantes reservas de materias primas. Los fosfatos, que se encuentran en grandes yacimientos, se extraen y procesan intensamente para su exportaci\u00f3n. Varias grandes empresas de la industria pesada emplean a miles de trabajadores. En el Negev, por ejemplo, el bromuro extra\u00eddo del Mar Muerto se procesa posteriormente.<\/p>\n\n\n\n<p>El turismo tambi\u00e9n desempe\u00f1a un papel importante en la explotaci\u00f3n econ\u00f3mica de este desierto. La extrema diversidad del desierto del N\u00e9guev y las distancias relativamente cortas son apreciadas por muchos turistas, tanto nacionales como extranjeros, por lo que esta actividad se desarrolla constantemente en toda la regi\u00f3n.<\/p>\n\n\n\n<p>En los \u00faltimos a\u00f1os, tambi\u00e9n se han instalado aqu\u00ed muchos nuevos inmigrantes, principalmente de la antigua Uni\u00f3n Sovi\u00e9tica y Etiop\u00eda. En total, unas 600.000 personas viven en la zona del N\u00e9guev.<\/p>\n\n\n\n<p>Amplias zonas del N\u00e9guev son de uso exclusivamente militar. Los principales aeropuertos militares de Israel se concentran en esta regi\u00f3n y es aqu\u00ed donde se realizan principalmente ejercicios militares y pruebas de misiles.<br><br><small>Copyright \u00a9 2021 ElCanillita.info \/ DC24.News &#8211;  PanPress.eu \/ SalaStampa.eu_ RG &#8211; Derechos reservados <\/small><\/p>\n","protected":false},"excerpt":{"rendered":"<p>En el siglo XX<br \/>\nLa mayor\u00eda de los beduinos, por entonces semin\u00f3madas, huyeron de la regi\u00f3n o fueron expulsados durante la Guerra de Palestina de 1948. Tras la creaci\u00f3n del Estado de Israel, gran parte del N\u00e9guev fue declarada zona militar (y, en consecuencia, prohibida a los civiles) y los beduinos fueron reubicados en una zona restringida, como en el N\u00e9guev nororiental, que representa s\u00f3lo el 10% de la superficie del desierto.<\/p>\n","protected":false},"author":1,"featured_media":2157,"comment_status":"closed","ping_status":"closed","sticky":false,"template":"","format":"standard","meta":{"footnotes":"","_links_to":"","_links_to_target":""},"categories":[15,23],"tags":[67],"class_list":["post-2154","post","type-post","status-publish","format-standard","has-post-thumbnail","hentry","category-medio-oriente","category-politica","tag-israel","entry","double"],"yoast_head":"<!-- This site is optimized with the Yoast SEO plugin v27.5 - https:\/\/yoast.com\/product\/yoast-seo-wordpress\/ -->\n<title>La contienda sobre el plan de plantaci\u00f3n de \u00e1rboles en el N\u00e9guev amenaza con colapsar el gobierno de Israel - ElCanillita.Info<\/title>\n<meta name=\"robots\" content=\"index, follow, max-snippet:-1, max-image-preview:large, max-video-preview:-1\" \/>\n<link rel=\"canonical\" href=\"https:\/\/elcanillita.info\/press\/2022\/01\/14\/la-contienda-sobre-el-plan-de-plantacion-de-arboles-en-el-neguev-amenaza-con-colapsar-el-gobierno-de-israel\/\" \/>\n<meta property=\"og:locale\" content=\"es_ES\" \/>\n<meta property=\"og:type\" content=\"article\" \/>\n<meta property=\"og:title\" content=\"La contienda sobre el plan de plantaci\u00f3n de \u00e1rboles en el N\u00e9guev amenaza con colapsar el gobierno de Israel - ElCanillita.Info\" \/>\n<meta property=\"og:description\" content=\"En el siglo XX La mayor\u00eda de los beduinos, por entonces semin\u00f3madas, huyeron de la regi\u00f3n o fueron expulsados durante la Guerra de Palestina de 1948. Tras la creaci\u00f3n del Estado de Israel, gran parte del N\u00e9guev fue declarada zona militar (y, en consecuencia, prohibida a los civiles) y los beduinos fueron reubicados en una zona restringida, como en el N\u00e9guev nororiental, que representa s\u00f3lo el 10% de la superficie del desierto.\" \/>\n<meta property=\"og:url\" content=\"https:\/\/elcanillita.info\/press\/2022\/01\/14\/la-contienda-sobre-el-plan-de-plantacion-de-arboles-en-el-neguev-amenaza-con-colapsar-el-gobierno-de-israel\/\" \/>\n<meta property=\"og:site_name\" content=\"ElCanillita.Info\" \/>\n<meta property=\"article:publisher\" content=\"https:\/\/ar-ar.facebook.com\/ElCanillitainfo-114249515285712\/\" \/>\n<meta property=\"article:published_time\" content=\"2022-01-14T09:26:24+00:00\" \/>\n<meta property=\"article:modified_time\" content=\"2022-01-16T16:53:16+00:00\" \/>\n<meta property=\"og:image\" content=\"https:\/\/elcanillita.info\/press\/images\/2022\/01\/is2.jpg\" \/>\n\t<meta property=\"og:image:width\" content=\"600\" \/>\n\t<meta property=\"og:image:height\" content=\"400\" \/>\n\t<meta property=\"og:image:type\" content=\"image\/jpeg\" \/>\n<meta name=\"author\" content=\"SalaStampa.eu, world press service\" \/>\n<meta name=\"twitter:card\" content=\"summary_large_image\" \/>\n<meta name=\"twitter:label1\" content=\"Escrito por\" \/>\n\t<meta name=\"twitter:data1\" content=\"SalaStampa.eu, world press service\" \/>\n\t<meta name=\"twitter:label2\" content=\"Tiempo de lectura\" \/>\n\t<meta name=\"twitter:data2\" content=\"6 minutos\" \/>\n<script type=\"application\/ld+json\" class=\"yoast-schema-graph\">{\"@context\":\"https:\\\/\\\/schema.org\",\"@graph\":[{\"@type\":\"Article\",\"@id\":\"https:\\\/\\\/elcanillita.info\\\/press\\\/2022\\\/01\\\/14\\\/la-contienda-sobre-el-plan-de-plantacion-de-arboles-en-el-neguev-amenaza-con-colapsar-el-gobierno-de-israel\\\/#article\",\"isPartOf\":{\"@id\":\"https:\\\/\\\/elcanillita.info\\\/press\\\/2022\\\/01\\\/14\\\/la-contienda-sobre-el-plan-de-plantacion-de-arboles-en-el-neguev-amenaza-con-colapsar-el-gobierno-de-israel\\\/\"},\"author\":{\"name\":\"SalaStampa.eu, world press service\",\"@id\":\"https:\\\/\\\/elcanillita.info\\\/press\\\/#\\\/schema\\\/person\\\/7fcb79f38045700919f7da6d97e71ba0\"},\"headline\":\"La contienda sobre el plan de plantaci\u00f3n de \u00e1rboles en el N\u00e9guev amenaza con colapsar el gobierno de Israel\",\"datePublished\":\"2022-01-14T09:26:24+00:00\",\"dateModified\":\"2022-01-16T16:53:16+00:00\",\"mainEntityOfPage\":{\"@id\":\"https:\\\/\\\/elcanillita.info\\\/press\\\/2022\\\/01\\\/14\\\/la-contienda-sobre-el-plan-de-plantacion-de-arboles-en-el-neguev-amenaza-con-colapsar-el-gobierno-de-israel\\\/\"},\"wordCount\":1223,\"publisher\":{\"@id\":\"https:\\\/\\\/elcanillita.info\\\/press\\\/#organization\"},\"image\":{\"@id\":\"https:\\\/\\\/elcanillita.info\\\/press\\\/2022\\\/01\\\/14\\\/la-contienda-sobre-el-plan-de-plantacion-de-arboles-en-el-neguev-amenaza-con-colapsar-el-gobierno-de-israel\\\/#primaryimage\"},\"thumbnailUrl\":\"https:\\\/\\\/elcanillita.info\\\/press\\\/images\\\/2022\\\/01\\\/is2.jpg\",\"keywords\":[\"Israel\"],\"articleSection\":[\"Medio Oriente\",\"Politica\"],\"inLanguage\":\"es-AR\"},{\"@type\":\"WebPage\",\"@id\":\"https:\\\/\\\/elcanillita.info\\\/press\\\/2022\\\/01\\\/14\\\/la-contienda-sobre-el-plan-de-plantacion-de-arboles-en-el-neguev-amenaza-con-colapsar-el-gobierno-de-israel\\\/\",\"url\":\"https:\\\/\\\/elcanillita.info\\\/press\\\/2022\\\/01\\\/14\\\/la-contienda-sobre-el-plan-de-plantacion-de-arboles-en-el-neguev-amenaza-con-colapsar-el-gobierno-de-israel\\\/\",\"name\":\"La contienda sobre el plan de plantaci\u00f3n de \u00e1rboles en el N\u00e9guev amenaza con colapsar el gobierno de Israel - ElCanillita.Info\",\"isPartOf\":{\"@id\":\"https:\\\/\\\/elcanillita.info\\\/press\\\/#website\"},\"primaryImageOfPage\":{\"@id\":\"https:\\\/\\\/elcanillita.info\\\/press\\\/2022\\\/01\\\/14\\\/la-contienda-sobre-el-plan-de-plantacion-de-arboles-en-el-neguev-amenaza-con-colapsar-el-gobierno-de-israel\\\/#primaryimage\"},\"image\":{\"@id\":\"https:\\\/\\\/elcanillita.info\\\/press\\\/2022\\\/01\\\/14\\\/la-contienda-sobre-el-plan-de-plantacion-de-arboles-en-el-neguev-amenaza-con-colapsar-el-gobierno-de-israel\\\/#primaryimage\"},\"thumbnailUrl\":\"https:\\\/\\\/elcanillita.info\\\/press\\\/images\\\/2022\\\/01\\\/is2.jpg\",\"datePublished\":\"2022-01-14T09:26:24+00:00\",\"dateModified\":\"2022-01-16T16:53:16+00:00\",\"inLanguage\":\"es-AR\",\"potentialAction\":[{\"@type\":\"ReadAction\",\"target\":[\"https:\\\/\\\/elcanillita.info\\\/press\\\/2022\\\/01\\\/14\\\/la-contienda-sobre-el-plan-de-plantacion-de-arboles-en-el-neguev-amenaza-con-colapsar-el-gobierno-de-israel\\\/\"]}]},{\"@type\":\"ImageObject\",\"inLanguage\":\"es-AR\",\"@id\":\"https:\\\/\\\/elcanillita.info\\\/press\\\/2022\\\/01\\\/14\\\/la-contienda-sobre-el-plan-de-plantacion-de-arboles-en-el-neguev-amenaza-con-colapsar-el-gobierno-de-israel\\\/#primaryimage\",\"url\":\"https:\\\/\\\/elcanillita.info\\\/press\\\/images\\\/2022\\\/01\\\/is2.jpg\",\"contentUrl\":\"https:\\\/\\\/elcanillita.info\\\/press\\\/images\\\/2022\\\/01\\\/is2.jpg\",\"width\":600,\"height\":400},{\"@type\":\"WebSite\",\"@id\":\"https:\\\/\\\/elcanillita.info\\\/press\\\/#website\",\"url\":\"https:\\\/\\\/elcanillita.info\\\/press\\\/\",\"name\":\"ElCanillita.Info\",\"description\":\"desde los Apeninos a los Andes\",\"publisher\":{\"@id\":\"https:\\\/\\\/elcanillita.info\\\/press\\\/#organization\"},\"potentialAction\":[{\"@type\":\"SearchAction\",\"target\":{\"@type\":\"EntryPoint\",\"urlTemplate\":\"https:\\\/\\\/elcanillita.info\\\/press\\\/?s={search_term_string}\"},\"query-input\":{\"@type\":\"PropertyValueSpecification\",\"valueRequired\":true,\"valueName\":\"search_term_string\"}}],\"inLanguage\":\"es-AR\"},{\"@type\":\"Organization\",\"@id\":\"https:\\\/\\\/elcanillita.info\\\/press\\\/#organization\",\"name\":\"Guzzo Photos & Graphic Publications\",\"url\":\"https:\\\/\\\/elcanillita.info\\\/press\\\/\",\"logo\":{\"@type\":\"ImageObject\",\"inLanguage\":\"es-AR\",\"@id\":\"https:\\\/\\\/elcanillita.info\\\/press\\\/#\\\/schema\\\/logo\\\/image\\\/\",\"url\":\"https:\\\/\\\/elcanillita.info\\\/press\\\/images\\\/2020\\\/01\\\/cropped-cropped-cropped-elcanillitainfo.png\",\"contentUrl\":\"https:\\\/\\\/elcanillita.info\\\/press\\\/images\\\/2020\\\/01\\\/cropped-cropped-cropped-elcanillitainfo.png\",\"width\":460,\"height\":50,\"caption\":\"Guzzo Photos & Graphic Publications\"},\"image\":{\"@id\":\"https:\\\/\\\/elcanillita.info\\\/press\\\/#\\\/schema\\\/logo\\\/image\\\/\"},\"sameAs\":[\"https:\\\/\\\/ar-ar.facebook.com\\\/ElCanillitainfo-114249515285712\\\/\"]},{\"@type\":\"Person\",\"@id\":\"https:\\\/\\\/elcanillita.info\\\/press\\\/#\\\/schema\\\/person\\\/7fcb79f38045700919f7da6d97e71ba0\",\"name\":\"SalaStampa.eu, world press service\",\"image\":{\"@type\":\"ImageObject\",\"inLanguage\":\"es-AR\",\"@id\":\"https:\\\/\\\/secure.gravatar.com\\\/avatar\\\/c2f0e0d515a107624234994507816ca4724c7199cef73fc8bedebf6931d73888?s=96&d=mm&r=g\",\"url\":\"https:\\\/\\\/secure.gravatar.com\\\/avatar\\\/c2f0e0d515a107624234994507816ca4724c7199cef73fc8bedebf6931d73888?s=96&d=mm&r=g\",\"contentUrl\":\"https:\\\/\\\/secure.gravatar.com\\\/avatar\\\/c2f0e0d515a107624234994507816ca4724c7199cef73fc8bedebf6931d73888?s=96&d=mm&r=g\",\"caption\":\"SalaStampa.eu, world press service\"}}]}<\/script>\n<!-- \/ Yoast SEO plugin. -->","yoast_head_json":{"title":"La contienda sobre el plan de plantaci\u00f3n de \u00e1rboles en el N\u00e9guev amenaza con colapsar el gobierno de Israel - ElCanillita.Info","robots":{"index":"index","follow":"follow","max-snippet":"max-snippet:-1","max-image-preview":"max-image-preview:large","max-video-preview":"max-video-preview:-1"},"canonical":"https:\/\/elcanillita.info\/press\/2022\/01\/14\/la-contienda-sobre-el-plan-de-plantacion-de-arboles-en-el-neguev-amenaza-con-colapsar-el-gobierno-de-israel\/","og_locale":"es_ES","og_type":"article","og_title":"La contienda sobre el plan de plantaci\u00f3n de \u00e1rboles en el N\u00e9guev amenaza con colapsar el gobierno de Israel - ElCanillita.Info","og_description":"En el siglo XX La mayor\u00eda de los beduinos, por entonces semin\u00f3madas, huyeron de la regi\u00f3n o fueron expulsados durante la Guerra de Palestina de 1948. Tras la creaci\u00f3n del Estado de Israel, gran parte del N\u00e9guev fue declarada zona militar (y, en consecuencia, prohibida a los civiles) y los beduinos fueron reubicados en una zona restringida, como en el N\u00e9guev nororiental, que representa s\u00f3lo el 10% de la superficie del desierto.","og_url":"https:\/\/elcanillita.info\/press\/2022\/01\/14\/la-contienda-sobre-el-plan-de-plantacion-de-arboles-en-el-neguev-amenaza-con-colapsar-el-gobierno-de-israel\/","og_site_name":"ElCanillita.Info","article_publisher":"https:\/\/ar-ar.facebook.com\/ElCanillitainfo-114249515285712\/","article_published_time":"2022-01-14T09:26:24+00:00","article_modified_time":"2022-01-16T16:53:16+00:00","og_image":[{"width":600,"height":400,"url":"https:\/\/elcanillita.info\/press\/images\/2022\/01\/is2.jpg","type":"image\/jpeg"}],"author":"SalaStampa.eu, world press service","twitter_card":"summary_large_image","twitter_misc":{"Escrito por":"SalaStampa.eu, world press service","Tiempo de lectura":"6 minutos"},"schema":{"@context":"https:\/\/schema.org","@graph":[{"@type":"Article","@id":"https:\/\/elcanillita.info\/press\/2022\/01\/14\/la-contienda-sobre-el-plan-de-plantacion-de-arboles-en-el-neguev-amenaza-con-colapsar-el-gobierno-de-israel\/#article","isPartOf":{"@id":"https:\/\/elcanillita.info\/press\/2022\/01\/14\/la-contienda-sobre-el-plan-de-plantacion-de-arboles-en-el-neguev-amenaza-con-colapsar-el-gobierno-de-israel\/"},"author":{"name":"SalaStampa.eu, world press service","@id":"https:\/\/elcanillita.info\/press\/#\/schema\/person\/7fcb79f38045700919f7da6d97e71ba0"},"headline":"La contienda sobre el plan de plantaci\u00f3n de \u00e1rboles en el N\u00e9guev amenaza con colapsar el gobierno de Israel","datePublished":"2022-01-14T09:26:24+00:00","dateModified":"2022-01-16T16:53:16+00:00","mainEntityOfPage":{"@id":"https:\/\/elcanillita.info\/press\/2022\/01\/14\/la-contienda-sobre-el-plan-de-plantacion-de-arboles-en-el-neguev-amenaza-con-colapsar-el-gobierno-de-israel\/"},"wordCount":1223,"publisher":{"@id":"https:\/\/elcanillita.info\/press\/#organization"},"image":{"@id":"https:\/\/elcanillita.info\/press\/2022\/01\/14\/la-contienda-sobre-el-plan-de-plantacion-de-arboles-en-el-neguev-amenaza-con-colapsar-el-gobierno-de-israel\/#primaryimage"},"thumbnailUrl":"https:\/\/elcanillita.info\/press\/images\/2022\/01\/is2.jpg","keywords":["Israel"],"articleSection":["Medio Oriente","Politica"],"inLanguage":"es-AR"},{"@type":"WebPage","@id":"https:\/\/elcanillita.info\/press\/2022\/01\/14\/la-contienda-sobre-el-plan-de-plantacion-de-arboles-en-el-neguev-amenaza-con-colapsar-el-gobierno-de-israel\/","url":"https:\/\/elcanillita.info\/press\/2022\/01\/14\/la-contienda-sobre-el-plan-de-plantacion-de-arboles-en-el-neguev-amenaza-con-colapsar-el-gobierno-de-israel\/","name":"La contienda sobre el plan de plantaci\u00f3n de \u00e1rboles en el N\u00e9guev amenaza con colapsar el gobierno de Israel - ElCanillita.Info","isPartOf":{"@id":"https:\/\/elcanillita.info\/press\/#website"},"primaryImageOfPage":{"@id":"https:\/\/elcanillita.info\/press\/2022\/01\/14\/la-contienda-sobre-el-plan-de-plantacion-de-arboles-en-el-neguev-amenaza-con-colapsar-el-gobierno-de-israel\/#primaryimage"},"image":{"@id":"https:\/\/elcanillita.info\/press\/2022\/01\/14\/la-contienda-sobre-el-plan-de-plantacion-de-arboles-en-el-neguev-amenaza-con-colapsar-el-gobierno-de-israel\/#primaryimage"},"thumbnailUrl":"https:\/\/elcanillita.info\/press\/images\/2022\/01\/is2.jpg","datePublished":"2022-01-14T09:26:24+00:00","dateModified":"2022-01-16T16:53:16+00:00","inLanguage":"es-AR","potentialAction":[{"@type":"ReadAction","target":["https:\/\/elcanillita.info\/press\/2022\/01\/14\/la-contienda-sobre-el-plan-de-plantacion-de-arboles-en-el-neguev-amenaza-con-colapsar-el-gobierno-de-israel\/"]}]},{"@type":"ImageObject","inLanguage":"es-AR","@id":"https:\/\/elcanillita.info\/press\/2022\/01\/14\/la-contienda-sobre-el-plan-de-plantacion-de-arboles-en-el-neguev-amenaza-con-colapsar-el-gobierno-de-israel\/#primaryimage","url":"https:\/\/elcanillita.info\/press\/images\/2022\/01\/is2.jpg","contentUrl":"https:\/\/elcanillita.info\/press\/images\/2022\/01\/is2.jpg","width":600,"height":400},{"@type":"WebSite","@id":"https:\/\/elcanillita.info\/press\/#website","url":"https:\/\/elcanillita.info\/press\/","name":"ElCanillita.Info","description":"desde los Apeninos a los Andes","publisher":{"@id":"https:\/\/elcanillita.info\/press\/#organization"},"potentialAction":[{"@type":"SearchAction","target":{"@type":"EntryPoint","urlTemplate":"https:\/\/elcanillita.info\/press\/?s={search_term_string}"},"query-input":{"@type":"PropertyValueSpecification","valueRequired":true,"valueName":"search_term_string"}}],"inLanguage":"es-AR"},{"@type":"Organization","@id":"https:\/\/elcanillita.info\/press\/#organization","name":"Guzzo Photos & Graphic Publications","url":"https:\/\/elcanillita.info\/press\/","logo":{"@type":"ImageObject","inLanguage":"es-AR","@id":"https:\/\/elcanillita.info\/press\/#\/schema\/logo\/image\/","url":"https:\/\/elcanillita.info\/press\/images\/2020\/01\/cropped-cropped-cropped-elcanillitainfo.png","contentUrl":"https:\/\/elcanillita.info\/press\/images\/2020\/01\/cropped-cropped-cropped-elcanillitainfo.png","width":460,"height":50,"caption":"Guzzo Photos & Graphic Publications"},"image":{"@id":"https:\/\/elcanillita.info\/press\/#\/schema\/logo\/image\/"},"sameAs":["https:\/\/ar-ar.facebook.com\/ElCanillitainfo-114249515285712\/"]},{"@type":"Person","@id":"https:\/\/elcanillita.info\/press\/#\/schema\/person\/7fcb79f38045700919f7da6d97e71ba0","name":"SalaStampa.eu, world press service","image":{"@type":"ImageObject","inLanguage":"es-AR","@id":"https:\/\/secure.gravatar.com\/avatar\/c2f0e0d515a107624234994507816ca4724c7199cef73fc8bedebf6931d73888?s=96&d=mm&r=g","url":"https:\/\/secure.gravatar.com\/avatar\/c2f0e0d515a107624234994507816ca4724c7199cef73fc8bedebf6931d73888?s=96&d=mm&r=g","contentUrl":"https:\/\/secure.gravatar.com\/avatar\/c2f0e0d515a107624234994507816ca4724c7199cef73fc8bedebf6931d73888?s=96&d=mm&r=g","caption":"SalaStampa.eu, world press service"}}]}},"views":662,"_links":{"self":[{"href":"https:\/\/elcanillita.info\/press\/wp-json\/wp\/v2\/posts\/2154","targetHints":{"allow":["GET"]}}],"collection":[{"href":"https:\/\/elcanillita.info\/press\/wp-json\/wp\/v2\/posts"}],"about":[{"href":"https:\/\/elcanillita.info\/press\/wp-json\/wp\/v2\/types\/post"}],"author":[{"embeddable":true,"href":"https:\/\/elcanillita.info\/press\/wp-json\/wp\/v2\/users\/1"}],"replies":[{"embeddable":true,"href":"https:\/\/elcanillita.info\/press\/wp-json\/wp\/v2\/comments?post=2154"}],"version-history":[{"count":0,"href":"https:\/\/elcanillita.info\/press\/wp-json\/wp\/v2\/posts\/2154\/revisions"}],"wp:featuredmedia":[{"embeddable":true,"href":"https:\/\/elcanillita.info\/press\/wp-json\/wp\/v2\/media\/2157"}],"wp:attachment":[{"href":"https:\/\/elcanillita.info\/press\/wp-json\/wp\/v2\/media?parent=2154"}],"wp:term":[{"taxonomy":"category","embeddable":true,"href":"https:\/\/elcanillita.info\/press\/wp-json\/wp\/v2\/categories?post=2154"},{"taxonomy":"post_tag","embeddable":true,"href":"https:\/\/elcanillita.info\/press\/wp-json\/wp\/v2\/tags?post=2154"}],"curies":[{"name":"wp","href":"https:\/\/api.w.org\/{rel}","templated":true}]}}