{"id":2133,"date":"2021-12-26T07:22:49","date_gmt":"2021-12-26T10:22:49","guid":{"rendered":"https:\/\/elcanillita.info\/press\/?p=2133"},"modified":"2021-12-26T07:35:19","modified_gmt":"2021-12-26T10:35:19","slug":"fallecio-arzobispo-desmond-tutu-ganador-premio-nobel","status":"publish","type":"post","link":"https:\/\/elcanillita.info\/press\/2021\/12\/26\/fallecio-arzobispo-desmond-tutu-ganador-premio-nobel\/","title":{"rendered":"Falleci\u00f3 el arzobispo Desmond Tutu, ganador del premio Nobel, a los 90 a\u00f1os"},"content":{"rendered":"\n<div class=\"wp-block-image\"><figure class=\"aligncenter size-full\"><img loading=\"lazy\" decoding=\"async\" width=\"500\" height=\"317\" src=\"https:\/\/elcanillita.info\/press\/images\/2021\/12\/Tutu4.jpg\" alt=\"\" class=\"wp-image-2134\" srcset=\"https:\/\/elcanillita.info\/press\/images\/2021\/12\/Tutu4.jpg 500w, https:\/\/elcanillita.info\/press\/images\/2021\/12\/Tutu4-300x190.jpg 300w\" sizes=\"auto, (max-width: 500px) 100vw, 500px\" \/><\/figure><\/div>\n\n\n\n<p>El arzobispo Desmond Tutu, premio Nobel de la Paz y veterano de la lucha sudafricana contra el dominio de la minor\u00eda blanca, falleci\u00f3 a los 90 a\u00f1os, seg\u00fan inform\u00f3 este domingo la presidencia.<\/p>\n\n\n\n<p>Activista incansable, gan\u00f3 el Premio Nobel de la Paz en 1984 por combatir el dominio de la minor\u00eda blanca en su pa\u00eds.<\/p>\n\n\n\n<p>&#8220;El fallecimiento del arzobispo em\u00e9rito Desmond Tutu es otro cap\u00edtulo de duelo en la despedida de nuestra naci\u00f3n a una generaci\u00f3n de sudafricanos destacados que nos han legado una Sud\u00e1frica liberada&#8221;, dijo el presidente Cyril Ramaphosa.<\/p>\n\n\n\n<p>Famoso por su franqueza, incluso despu\u00e9s de la ca\u00edda del r\u00e9gimen racista del apartheid, Tutu nunca evit\u00f3 enfrentarse a las deficiencias o injusticias de Sud\u00e1frica.<\/p>\n\n\n\n<p> Ya sea enfrent\u00e1ndose a su iglesia por los derechos de los homosexuales, presionando por la creaci\u00f3n de un Estado palestino o denunciando la corrupci\u00f3n del Congreso Nacional Africano en el poder en Sud\u00e1frica, sus campa\u00f1as de alto nivel fueron espinosas y, a menudo, inoportunas.Ni siquiera su amigo \u00edntimo, el difunto presidente Nelson Mandela, con el que Tutu discuti\u00f3 en 1994 por lo que denomin\u00f3 la &#8220;mentalidad del tren de la salsa&#8221; del Consejo Nacional Africano.<\/p>\n\n\n\n<p><strong>Sin embargo, &#8220;el Arco&#8221; aportaba una exuberante alegr\u00eda a todas sus actividades.<\/strong><\/p>\n\n\n\n<p>R\u00e1pido para gastar bromas -a menudo a su costa-, siempre estaba dispuesto a bailar y re\u00edrse a carcajadas con una risa contagiosa que se convirti\u00f3 en su &#8220;marca registrada&#8221;.<\/p>\n\n\n\n<p>Fue Tutu quien acu\u00f1\u00f3 y populariz\u00f3 el t\u00e9rmino &#8220;Naci\u00f3n del Arco Iris&#8221; para describir a Sud\u00e1frica cuando Mandela lleg\u00f3 a la presidencia.  En aquel momento, Tutu era el primer arzobispo anglicano negro de Ciudad del Cabo.<\/p>\n\n\n\n<p>Ordenado a la edad de 30 a\u00f1os y nombrado arzobispo en 1986, utiliz\u00f3 su posici\u00f3n para abogar por sanciones internacionales contra el apartheid, y m\u00e1s tarde para presionar por los derechos a nivel mundial.<br><br><strong>Un &#8220;tit\u00e1n moral<\/strong> <\/p>\n\n\n\n<p>En el camino, gan\u00f3 una gran cantidad de admiradores.<br>&#8220;Creo que Dios est\u00e1 esperando al arzobispo. Est\u00e1 esperando para recibir a Desmond Tutu con los brazos abiertos&#8221;, dijo Mandela, quien se qued\u00f3 en la casa de Tutu en su primera noche de libertad en 1990, despu\u00e9s de 27 a\u00f1os en c\u00e1rceles del apartheid.<\/p>\n\n\n\n<p>&#8220;Si Desmond llega al cielo y se le niega la entrada, \u00a1ninguno de nosotros entrar\u00e1!&#8221;<\/p>\n\n\n\n<p>El Dalai Lama llam\u00f3 a Tutu su &#8220;hermano mayor espiritual&#8221;, durante un encuentro en  Vancouver, Columbia Brit\u00e1nica, el 18 de abril de 2004 .  Tenzin Gyatso, permaneci\u00f3en el exilio en India desde 1959, pero muchos todav\u00eda lo consideran un ser espiritual. y l\u00edder pol\u00edtico del pueblo tibetano. <\/p>\n\n\n\n<p>El activista irland\u00e9s y estrella del pop Bob Geldof lo elogi\u00f3 como &#8220;un completo dolor de cabeza&#8221; para los que est\u00e1n en el poder, y el presidente de Estados Unidos, Barack Obama, lo aclam\u00f3 como &#8220;un tit\u00e1n moral&#8221;.<br> <br>Entre los cr\u00edticos de Tutu se encontraba el veterano ex presidente de Zimbabue, Robert Mugabe, que lo describi\u00f3 como un &#8220;peque\u00f1o obispo malvado y amargado&#8221;.<\/p>\n\n\n\n<p><strong>A pesar de su fama mundial, su fe sigui\u00f3 siendo una parte integral de su vida.<\/strong><\/p>\n\n\n\n<p>Los viajes por carretera con su familia inclu\u00edan momentos de silencio para rezar, y sus misivas, que hablaban de los males del apartheid fueron firmadas con &#8220;Dios los bendiga&#8221;.<\/p>\n\n\n\n<p>&#8220;Desarroll\u00e9 un gran respeto por su valent\u00eda. No era una intrepidez salvaje. Era una intrepidez anclada en su profunda fe en Dios&#8221;, dijo el \u00faltimo l\u00edder del apartheid, F.W. de Klerk.<\/p>\n\n\n\n<p>A Tutu se le diagnostic\u00f3 un c\u00e1ncer de pr\u00f3stata en 1997 y se someti\u00f3 a repetidos tratamientos.<\/p>\n\n\n\n<p>Se hab\u00eda retirado un a\u00f1o antes para dirigir un angustioso viaje hacia el brutal pasado de Sud\u00e1frica, como jefe de la Comisi\u00f3n de la Verdad y la Reconciliaci\u00f3n. Durante 30 meses, la comisi\u00f3n levant\u00f3 la tapa de los horrores del apartheid. Tutu, con su instintiva humanidad, rompi\u00f3 a llorar en una de sus primeras audiencias.<\/p>\n\n\n\n<p>Galardonado con numerosos premios, sus causas abarcan desde el matrimonio infantil hasta el sometimiento del T\u00edbet, pasando por la petici\u00f3n de que se juzgue a los l\u00edderes occidentales por la guerra de Irak y, m\u00e1s adelante, por el derecho a morir.  Tambi\u00e9n jur\u00f3 que nunca adorar\u00eda a un Dios hom\u00f3fobo.<\/p>\n\n\n\n<p>&#8220;Me negar\u00eda a ir a un cielo hom\u00f3fobo. No, dir\u00eda que lo siento, quiero decir que preferir\u00eda ir al otro lugar&#8221;, dijo.<br> <br><strong>Frustraciones tras el apartheid<\/strong><\/p>\n\n\n\n<p>Nacido en la peque\u00f1a ciudad de Klerksdorp, al oeste de Johannesburgo, el 7 de octubre de 1931, Tutu era hijo de una trabajadora dom\u00e9stica y de un maestro de escuela.<\/p>\n\n\n\n<p>Siguiendo los pasos de su padre, se form\u00f3 como maestro antes de que la ira por el sistema educativo inferior establecido para los ni\u00f1os negros le impulsara a hacerse sacerdote.<\/p>\n\n\n\n<p>Vivi\u00f3 un tiempo en Gran Breta\u00f1a, donde, seg\u00fan recordaba, preguntaba  innecesariamente por direcciones s\u00f3lo para que un polic\u00eda blanco le llamara &#8220;se\u00f1or&#8221;.<\/p>\n\n\n\n<p>Tutu cre\u00eda firmemente en la reconciliaci\u00f3n de los sudafricanos blancos y negros.<\/p>\n\n\n\n<p>&#8220;Estoy caminando sobre las nubes. Es una sensaci\u00f3n incre\u00edble, como enamorarse. Los sudafricanos vamos a ser el Pueblo Arco Iris del mundo&#8221;, dijo en 1994.<br> <br>Pero la Sud\u00e1frica posterior al apartheid se convirti\u00f3 cada vez m\u00e1s en una fuente de desesperaci\u00f3n, ya que las grandes esperanzas de los primeros d\u00edas de la democracia dieron paso a la desilusi\u00f3n por la violencia, la desigualdad y la corrupci\u00f3n.<\/p>\n\n\n\n<p>Nunca fue miembro del Congreso Nacional Africano (CNA), Tutu dijo en 2013 que ya no votar\u00eda al partido, aunque el presidente Cyril Ramaphosa -un viejo amigo- volvi\u00f3 a tender puentes tras llegar al poder en 2018.<\/p>\n\n\n\n<p>Tutu hizo una rara aparici\u00f3n p\u00fablica en mayo de 2021 para recibir su vacuna contra el Covid-19. Apareci\u00f3 fuera del hospital en una silla de ruedas, y salud\u00f3 pero no habl\u00f3.<\/p>\n\n\n\n<p>Se cas\u00f3 con Nomalizo Leah en 1955. Tuvieron cuatro hijos.<br><br>\n<small>Copyright \u00a92021 ElCanillita.info \/ DC24.News \/ PanPress.eu, affiliate of the networks operated by BBG &#8211; VOA<\/small> \n<\/p>\n","protected":false},"excerpt":{"rendered":"<p>El arzobispo anglicano retirado sudafricano Desmond Tutu pasar\u00e1 a la Historia como el \u00edcono anti-apartheid. <\/p>\n","protected":false},"author":1,"featured_media":2135,"comment_status":"closed","ping_status":"closed","sticky":false,"template":"","format":"standard","meta":{"footnotes":"","_links_to":"","_links_to_target":""},"categories":[70,14],"tags":[],"class_list":["post-2133","post","type-post","status-publish","format-standard","has-post-thumbnail","hentry","category-actualidad","category-africa","entry","double"],"yoast_head":"<!-- This site is optimized with the Yoast SEO plugin v27.5 - https:\/\/yoast.com\/product\/yoast-seo-wordpress\/ -->\n<title>Falleci\u00f3 el arzobispo Desmond Tutu, ganador del premio Nobel, a los 90 a\u00f1os - ElCanillita.Info<\/title>\n<meta name=\"robots\" content=\"index, follow, max-snippet:-1, max-image-preview:large, max-video-preview:-1\" \/>\n<link rel=\"canonical\" href=\"https:\/\/elcanillita.info\/press\/2021\/12\/26\/fallecio-arzobispo-desmond-tutu-ganador-premio-nobel\/\" \/>\n<meta property=\"og:locale\" content=\"es_ES\" \/>\n<meta property=\"og:type\" content=\"article\" \/>\n<meta property=\"og:title\" content=\"Falleci\u00f3 el arzobispo Desmond Tutu, ganador del premio Nobel, a los 90 a\u00f1os - ElCanillita.Info\" \/>\n<meta property=\"og:description\" content=\"El arzobispo anglicano retirado sudafricano Desmond Tutu pasar\u00e1 a la Historia como el \u00edcono anti-apartheid.\" \/>\n<meta property=\"og:url\" content=\"https:\/\/elcanillita.info\/press\/2021\/12\/26\/fallecio-arzobispo-desmond-tutu-ganador-premio-nobel\/\" \/>\n<meta property=\"og:site_name\" content=\"ElCanillita.Info\" \/>\n<meta property=\"article:publisher\" content=\"https:\/\/ar-ar.facebook.com\/ElCanillitainfo-114249515285712\/\" \/>\n<meta property=\"article:published_time\" content=\"2021-12-26T10:22:49+00:00\" \/>\n<meta property=\"article:modified_time\" content=\"2021-12-26T10:35:19+00:00\" \/>\n<meta property=\"og:image\" content=\"https:\/\/elcanillita.info\/press\/images\/2021\/12\/Tutu.jpg\" \/>\n\t<meta property=\"og:image:width\" content=\"500\" \/>\n\t<meta property=\"og:image:height\" content=\"314\" \/>\n\t<meta property=\"og:image:type\" content=\"image\/jpeg\" \/>\n<meta name=\"author\" content=\"SalaStampa.eu, world press service\" \/>\n<meta name=\"twitter:card\" content=\"summary_large_image\" \/>\n<meta name=\"twitter:label1\" content=\"Escrito por\" \/>\n\t<meta name=\"twitter:data1\" content=\"SalaStampa.eu, world press service\" \/>\n\t<meta name=\"twitter:label2\" content=\"Tiempo de lectura\" \/>\n\t<meta name=\"twitter:data2\" content=\"5 minutos\" \/>\n<script type=\"application\/ld+json\" class=\"yoast-schema-graph\">{\"@context\":\"https:\\\/\\\/schema.org\",\"@graph\":[{\"@type\":\"Article\",\"@id\":\"https:\\\/\\\/elcanillita.info\\\/press\\\/2021\\\/12\\\/26\\\/fallecio-arzobispo-desmond-tutu-ganador-premio-nobel\\\/#article\",\"isPartOf\":{\"@id\":\"https:\\\/\\\/elcanillita.info\\\/press\\\/2021\\\/12\\\/26\\\/fallecio-arzobispo-desmond-tutu-ganador-premio-nobel\\\/\"},\"author\":{\"name\":\"SalaStampa.eu, world press service\",\"@id\":\"https:\\\/\\\/elcanillita.info\\\/press\\\/#\\\/schema\\\/person\\\/7fcb79f38045700919f7da6d97e71ba0\"},\"headline\":\"Falleci\u00f3 el arzobispo Desmond Tutu, ganador del premio Nobel, a los 90 a\u00f1os\",\"datePublished\":\"2021-12-26T10:22:49+00:00\",\"dateModified\":\"2021-12-26T10:35:19+00:00\",\"mainEntityOfPage\":{\"@id\":\"https:\\\/\\\/elcanillita.info\\\/press\\\/2021\\\/12\\\/26\\\/fallecio-arzobispo-desmond-tutu-ganador-premio-nobel\\\/\"},\"wordCount\":1040,\"publisher\":{\"@id\":\"https:\\\/\\\/elcanillita.info\\\/press\\\/#organization\"},\"image\":{\"@id\":\"https:\\\/\\\/elcanillita.info\\\/press\\\/2021\\\/12\\\/26\\\/fallecio-arzobispo-desmond-tutu-ganador-premio-nobel\\\/#primaryimage\"},\"thumbnailUrl\":\"https:\\\/\\\/elcanillita.info\\\/press\\\/images\\\/2021\\\/12\\\/Tutu.jpg\",\"articleSection\":[\"Actualidad\",\"Africa\"],\"inLanguage\":\"es-AR\"},{\"@type\":\"WebPage\",\"@id\":\"https:\\\/\\\/elcanillita.info\\\/press\\\/2021\\\/12\\\/26\\\/fallecio-arzobispo-desmond-tutu-ganador-premio-nobel\\\/\",\"url\":\"https:\\\/\\\/elcanillita.info\\\/press\\\/2021\\\/12\\\/26\\\/fallecio-arzobispo-desmond-tutu-ganador-premio-nobel\\\/\",\"name\":\"Falleci\u00f3 el arzobispo Desmond Tutu, ganador del premio Nobel, a los 90 a\u00f1os - ElCanillita.Info\",\"isPartOf\":{\"@id\":\"https:\\\/\\\/elcanillita.info\\\/press\\\/#website\"},\"primaryImageOfPage\":{\"@id\":\"https:\\\/\\\/elcanillita.info\\\/press\\\/2021\\\/12\\\/26\\\/fallecio-arzobispo-desmond-tutu-ganador-premio-nobel\\\/#primaryimage\"},\"image\":{\"@id\":\"https:\\\/\\\/elcanillita.info\\\/press\\\/2021\\\/12\\\/26\\\/fallecio-arzobispo-desmond-tutu-ganador-premio-nobel\\\/#primaryimage\"},\"thumbnailUrl\":\"https:\\\/\\\/elcanillita.info\\\/press\\\/images\\\/2021\\\/12\\\/Tutu.jpg\",\"datePublished\":\"2021-12-26T10:22:49+00:00\",\"dateModified\":\"2021-12-26T10:35:19+00:00\",\"inLanguage\":\"es-AR\",\"potentialAction\":[{\"@type\":\"ReadAction\",\"target\":[\"https:\\\/\\\/elcanillita.info\\\/press\\\/2021\\\/12\\\/26\\\/fallecio-arzobispo-desmond-tutu-ganador-premio-nobel\\\/\"]}]},{\"@type\":\"ImageObject\",\"inLanguage\":\"es-AR\",\"@id\":\"https:\\\/\\\/elcanillita.info\\\/press\\\/2021\\\/12\\\/26\\\/fallecio-arzobispo-desmond-tutu-ganador-premio-nobel\\\/#primaryimage\",\"url\":\"https:\\\/\\\/elcanillita.info\\\/press\\\/images\\\/2021\\\/12\\\/Tutu.jpg\",\"contentUrl\":\"https:\\\/\\\/elcanillita.info\\\/press\\\/images\\\/2021\\\/12\\\/Tutu.jpg\",\"width\":500,\"height\":314},{\"@type\":\"WebSite\",\"@id\":\"https:\\\/\\\/elcanillita.info\\\/press\\\/#website\",\"url\":\"https:\\\/\\\/elcanillita.info\\\/press\\\/\",\"name\":\"ElCanillita.Info\",\"description\":\"desde los Apeninos a los Andes\",\"publisher\":{\"@id\":\"https:\\\/\\\/elcanillita.info\\\/press\\\/#organization\"},\"potentialAction\":[{\"@type\":\"SearchAction\",\"target\":{\"@type\":\"EntryPoint\",\"urlTemplate\":\"https:\\\/\\\/elcanillita.info\\\/press\\\/?s={search_term_string}\"},\"query-input\":{\"@type\":\"PropertyValueSpecification\",\"valueRequired\":true,\"valueName\":\"search_term_string\"}}],\"inLanguage\":\"es-AR\"},{\"@type\":\"Organization\",\"@id\":\"https:\\\/\\\/elcanillita.info\\\/press\\\/#organization\",\"name\":\"Guzzo Photos & Graphic Publications\",\"url\":\"https:\\\/\\\/elcanillita.info\\\/press\\\/\",\"logo\":{\"@type\":\"ImageObject\",\"inLanguage\":\"es-AR\",\"@id\":\"https:\\\/\\\/elcanillita.info\\\/press\\\/#\\\/schema\\\/logo\\\/image\\\/\",\"url\":\"https:\\\/\\\/elcanillita.info\\\/press\\\/images\\\/2020\\\/01\\\/cropped-cropped-cropped-elcanillitainfo.png\",\"contentUrl\":\"https:\\\/\\\/elcanillita.info\\\/press\\\/images\\\/2020\\\/01\\\/cropped-cropped-cropped-elcanillitainfo.png\",\"width\":460,\"height\":50,\"caption\":\"Guzzo Photos & Graphic Publications\"},\"image\":{\"@id\":\"https:\\\/\\\/elcanillita.info\\\/press\\\/#\\\/schema\\\/logo\\\/image\\\/\"},\"sameAs\":[\"https:\\\/\\\/ar-ar.facebook.com\\\/ElCanillitainfo-114249515285712\\\/\"]},{\"@type\":\"Person\",\"@id\":\"https:\\\/\\\/elcanillita.info\\\/press\\\/#\\\/schema\\\/person\\\/7fcb79f38045700919f7da6d97e71ba0\",\"name\":\"SalaStampa.eu, world press service\",\"image\":{\"@type\":\"ImageObject\",\"inLanguage\":\"es-AR\",\"@id\":\"https:\\\/\\\/secure.gravatar.com\\\/avatar\\\/c2f0e0d515a107624234994507816ca4724c7199cef73fc8bedebf6931d73888?s=96&d=mm&r=g\",\"url\":\"https:\\\/\\\/secure.gravatar.com\\\/avatar\\\/c2f0e0d515a107624234994507816ca4724c7199cef73fc8bedebf6931d73888?s=96&d=mm&r=g\",\"contentUrl\":\"https:\\\/\\\/secure.gravatar.com\\\/avatar\\\/c2f0e0d515a107624234994507816ca4724c7199cef73fc8bedebf6931d73888?s=96&d=mm&r=g\",\"caption\":\"SalaStampa.eu, world press service\"}}]}<\/script>\n<!-- \/ Yoast SEO plugin. -->","yoast_head_json":{"title":"Falleci\u00f3 el arzobispo Desmond Tutu, ganador del premio Nobel, a los 90 a\u00f1os - ElCanillita.Info","robots":{"index":"index","follow":"follow","max-snippet":"max-snippet:-1","max-image-preview":"max-image-preview:large","max-video-preview":"max-video-preview:-1"},"canonical":"https:\/\/elcanillita.info\/press\/2021\/12\/26\/fallecio-arzobispo-desmond-tutu-ganador-premio-nobel\/","og_locale":"es_ES","og_type":"article","og_title":"Falleci\u00f3 el arzobispo Desmond Tutu, ganador del premio Nobel, a los 90 a\u00f1os - ElCanillita.Info","og_description":"El arzobispo anglicano retirado sudafricano Desmond Tutu pasar\u00e1 a la Historia como el \u00edcono anti-apartheid.","og_url":"https:\/\/elcanillita.info\/press\/2021\/12\/26\/fallecio-arzobispo-desmond-tutu-ganador-premio-nobel\/","og_site_name":"ElCanillita.Info","article_publisher":"https:\/\/ar-ar.facebook.com\/ElCanillitainfo-114249515285712\/","article_published_time":"2021-12-26T10:22:49+00:00","article_modified_time":"2021-12-26T10:35:19+00:00","og_image":[{"width":500,"height":314,"url":"https:\/\/elcanillita.info\/press\/images\/2021\/12\/Tutu.jpg","type":"image\/jpeg"}],"author":"SalaStampa.eu, world press service","twitter_card":"summary_large_image","twitter_misc":{"Escrito por":"SalaStampa.eu, world press service","Tiempo de lectura":"5 minutos"},"schema":{"@context":"https:\/\/schema.org","@graph":[{"@type":"Article","@id":"https:\/\/elcanillita.info\/press\/2021\/12\/26\/fallecio-arzobispo-desmond-tutu-ganador-premio-nobel\/#article","isPartOf":{"@id":"https:\/\/elcanillita.info\/press\/2021\/12\/26\/fallecio-arzobispo-desmond-tutu-ganador-premio-nobel\/"},"author":{"name":"SalaStampa.eu, world press service","@id":"https:\/\/elcanillita.info\/press\/#\/schema\/person\/7fcb79f38045700919f7da6d97e71ba0"},"headline":"Falleci\u00f3 el arzobispo Desmond Tutu, ganador del premio Nobel, a los 90 a\u00f1os","datePublished":"2021-12-26T10:22:49+00:00","dateModified":"2021-12-26T10:35:19+00:00","mainEntityOfPage":{"@id":"https:\/\/elcanillita.info\/press\/2021\/12\/26\/fallecio-arzobispo-desmond-tutu-ganador-premio-nobel\/"},"wordCount":1040,"publisher":{"@id":"https:\/\/elcanillita.info\/press\/#organization"},"image":{"@id":"https:\/\/elcanillita.info\/press\/2021\/12\/26\/fallecio-arzobispo-desmond-tutu-ganador-premio-nobel\/#primaryimage"},"thumbnailUrl":"https:\/\/elcanillita.info\/press\/images\/2021\/12\/Tutu.jpg","articleSection":["Actualidad","Africa"],"inLanguage":"es-AR"},{"@type":"WebPage","@id":"https:\/\/elcanillita.info\/press\/2021\/12\/26\/fallecio-arzobispo-desmond-tutu-ganador-premio-nobel\/","url":"https:\/\/elcanillita.info\/press\/2021\/12\/26\/fallecio-arzobispo-desmond-tutu-ganador-premio-nobel\/","name":"Falleci\u00f3 el arzobispo Desmond Tutu, ganador del premio Nobel, a los 90 a\u00f1os - ElCanillita.Info","isPartOf":{"@id":"https:\/\/elcanillita.info\/press\/#website"},"primaryImageOfPage":{"@id":"https:\/\/elcanillita.info\/press\/2021\/12\/26\/fallecio-arzobispo-desmond-tutu-ganador-premio-nobel\/#primaryimage"},"image":{"@id":"https:\/\/elcanillita.info\/press\/2021\/12\/26\/fallecio-arzobispo-desmond-tutu-ganador-premio-nobel\/#primaryimage"},"thumbnailUrl":"https:\/\/elcanillita.info\/press\/images\/2021\/12\/Tutu.jpg","datePublished":"2021-12-26T10:22:49+00:00","dateModified":"2021-12-26T10:35:19+00:00","inLanguage":"es-AR","potentialAction":[{"@type":"ReadAction","target":["https:\/\/elcanillita.info\/press\/2021\/12\/26\/fallecio-arzobispo-desmond-tutu-ganador-premio-nobel\/"]}]},{"@type":"ImageObject","inLanguage":"es-AR","@id":"https:\/\/elcanillita.info\/press\/2021\/12\/26\/fallecio-arzobispo-desmond-tutu-ganador-premio-nobel\/#primaryimage","url":"https:\/\/elcanillita.info\/press\/images\/2021\/12\/Tutu.jpg","contentUrl":"https:\/\/elcanillita.info\/press\/images\/2021\/12\/Tutu.jpg","width":500,"height":314},{"@type":"WebSite","@id":"https:\/\/elcanillita.info\/press\/#website","url":"https:\/\/elcanillita.info\/press\/","name":"ElCanillita.Info","description":"desde los Apeninos a los Andes","publisher":{"@id":"https:\/\/elcanillita.info\/press\/#organization"},"potentialAction":[{"@type":"SearchAction","target":{"@type":"EntryPoint","urlTemplate":"https:\/\/elcanillita.info\/press\/?s={search_term_string}"},"query-input":{"@type":"PropertyValueSpecification","valueRequired":true,"valueName":"search_term_string"}}],"inLanguage":"es-AR"},{"@type":"Organization","@id":"https:\/\/elcanillita.info\/press\/#organization","name":"Guzzo Photos & Graphic Publications","url":"https:\/\/elcanillita.info\/press\/","logo":{"@type":"ImageObject","inLanguage":"es-AR","@id":"https:\/\/elcanillita.info\/press\/#\/schema\/logo\/image\/","url":"https:\/\/elcanillita.info\/press\/images\/2020\/01\/cropped-cropped-cropped-elcanillitainfo.png","contentUrl":"https:\/\/elcanillita.info\/press\/images\/2020\/01\/cropped-cropped-cropped-elcanillitainfo.png","width":460,"height":50,"caption":"Guzzo Photos & Graphic Publications"},"image":{"@id":"https:\/\/elcanillita.info\/press\/#\/schema\/logo\/image\/"},"sameAs":["https:\/\/ar-ar.facebook.com\/ElCanillitainfo-114249515285712\/"]},{"@type":"Person","@id":"https:\/\/elcanillita.info\/press\/#\/schema\/person\/7fcb79f38045700919f7da6d97e71ba0","name":"SalaStampa.eu, world press service","image":{"@type":"ImageObject","inLanguage":"es-AR","@id":"https:\/\/secure.gravatar.com\/avatar\/c2f0e0d515a107624234994507816ca4724c7199cef73fc8bedebf6931d73888?s=96&d=mm&r=g","url":"https:\/\/secure.gravatar.com\/avatar\/c2f0e0d515a107624234994507816ca4724c7199cef73fc8bedebf6931d73888?s=96&d=mm&r=g","contentUrl":"https:\/\/secure.gravatar.com\/avatar\/c2f0e0d515a107624234994507816ca4724c7199cef73fc8bedebf6931d73888?s=96&d=mm&r=g","caption":"SalaStampa.eu, world press service"}}]}},"views":608,"_links":{"self":[{"href":"https:\/\/elcanillita.info\/press\/wp-json\/wp\/v2\/posts\/2133","targetHints":{"allow":["GET"]}}],"collection":[{"href":"https:\/\/elcanillita.info\/press\/wp-json\/wp\/v2\/posts"}],"about":[{"href":"https:\/\/elcanillita.info\/press\/wp-json\/wp\/v2\/types\/post"}],"author":[{"embeddable":true,"href":"https:\/\/elcanillita.info\/press\/wp-json\/wp\/v2\/users\/1"}],"replies":[{"embeddable":true,"href":"https:\/\/elcanillita.info\/press\/wp-json\/wp\/v2\/comments?post=2133"}],"version-history":[{"count":0,"href":"https:\/\/elcanillita.info\/press\/wp-json\/wp\/v2\/posts\/2133\/revisions"}],"wp:featuredmedia":[{"embeddable":true,"href":"https:\/\/elcanillita.info\/press\/wp-json\/wp\/v2\/media\/2135"}],"wp:attachment":[{"href":"https:\/\/elcanillita.info\/press\/wp-json\/wp\/v2\/media?parent=2133"}],"wp:term":[{"taxonomy":"category","embeddable":true,"href":"https:\/\/elcanillita.info\/press\/wp-json\/wp\/v2\/categories?post=2133"},{"taxonomy":"post_tag","embeddable":true,"href":"https:\/\/elcanillita.info\/press\/wp-json\/wp\/v2\/tags?post=2133"}],"curies":[{"name":"wp","href":"https:\/\/api.w.org\/{rel}","templated":true}]}}