{"id":212,"date":"2020-01-29T18:42:13","date_gmt":"2020-01-29T21:42:13","guid":{"rendered":"https:\/\/elcanillita.info\/press\/?p=212"},"modified":"2020-01-30T17:29:01","modified_gmt":"2020-01-30T20:29:01","slug":"oms-advierte-de-posible-propagacion-mundial-de-coronavirus","status":"publish","type":"post","link":"https:\/\/elcanillita.info\/press\/2020\/01\/29\/oms-advierte-de-posible-propagacion-mundial-de-coronavirus\/","title":{"rendered":"OMS advierte de posible propagaci\u00f3n mundial de coronavirus"},"content":{"rendered":"\n<p>Ginebra, 29.01.2020 &#8211; El director de la Organizaci\u00f3n Mundial de la Salud (OMS), Tedros Adhanom Ghebreyesus, dijo este mi\u00e9rcoles que hay evidencias de transmisi\u00f3n del nuevo coronavirus entre humanos en tres pa\u00edses fuera de China y que, a pesar de las cifras bajas de contaminaci\u00f3n en el extranjero, existe el potencial de un brote mayor.<\/p>\n\n\n\n<p>En una conferencia de prensa en la sede de la OMS en Ginebra, Tedros, quien visit\u00f3 Beijing el martes, elogi\u00f3 los esfuerzos de China para frenar la propagaci\u00f3n de la epidemia que apareci\u00f3 en la ciudad de Wuhan en diciembre pasado.<\/p>\n\n\n\n<p>El jefe de la OMS dijo que los esfuerzos de China ayudaron a prevenir la propagaci\u00f3n del virus a otros pa\u00edses.<\/p>\n\n\n\n<p>Anteriormente, Michael J. Ryan, director ejecutivo del Programa de Emergencias de la OMS, afirm\u00f3 que China \u201cest\u00e1 haciendo lo correcto y respondiendo de una forma masiva\u201d a la epidemia.<\/p>\n\n\n\n<p>Xi Jinping se compromete a vencer al &#8220;diablo&#8221; del coronavirus<\/p>\n\n\n\n<p>A\u00f1adi\u00f3 que China est\u00e1 bien enfocada en detener la epidemia y su gobierno \u201cest\u00e1 dispuesto a asumir las afectaciones econ\u00f3micas y otros problemas para enfocarse primero en la salud de la poblaci\u00f3n\u201d.<\/p>\n\n\n\n<p>\u201cEst\u00e1n tomando medidas extraordinarias frente a un desaf\u00edo extraordinario (\u2026) y \u201ccreemos que las cadenas de transmisi\u00f3n pueden ser interrumpidas&#8221;.<\/p>\n\n\n\n<p>Ryan dijo tambi\u00e9n que el equipo internacional de expertos que viajar\u00e1 a China \u201ca\u00fan se est\u00e1 conformando\u201d, pero no dio otros detalles.<\/p>\n\n\n\n<p>En Washington, el presidente estadounidense, Donald Trump, dijo que hab\u00eda conversado con su hom\u00f3logo chino, Xi Jinping, y que Estados Unidos est\u00e1 trabajando muy estrechamente con China para frenar la epidemia de coronavirus.<\/p>\n\n\n\n<p>&#8220;Estamos muy involucrados con ellos ahora mismo sobre todo lo que est\u00e1 sucediendo\u2026 Habl\u00e9 con el presidente Xi. Estamos trabajando muy estrechamente con China\u201d, dijo Trump durante la ceremonia de firma del nuevo acuerdo de libre comercio de Am\u00e9rica del Norte con Canad\u00e1 y M\u00e9xico en la Casa Blanca.<\/p>\n\n\n\n<p>Vuelo con estadounidenses que huyen del coronavirus en China llega a California<\/p>\n\n\n\n<p>Anteriormente, la OMS hab\u00eda informado que el n\u00famero de casos confirmados por el nuevo virus lleg\u00f3 a 5.974, superando a los 5.327 infectados por la epidemia de de SARS en la China continental durante el brote de 2002-2003.<\/p>\n\n\n\n<p>Sin embargo, la cifra de muertos se mantiene en 132, a\u00fan por debajo de los 348 que dej\u00f3 el SARS en China.<\/p>\n\n\n\n<p>Los cient\u00edficos dicen que a\u00fan quedan por descubrir muchos detalles cruciales sobre el nuevo virus, como su gravedad y su capacidad de contagio.<\/p>\n\n\n\n<p>Por otra parte, el banco multinacional de servicios financieros Morgan Stanley advirti\u00f3 este mi\u00e9rcoles que el brote de coronavirus en China probablemente afecte el crecimiento econ\u00f3mico global a corto plazo y podr\u00eda reducir el crecimiento de China en el primer trimestre en un 1%.<\/p>\n\n\n\n<p>Cient\u00edficos de EE.UU. trabajan en prueba de diagn\u00f3stico para coronavirus<br><br>\n\n<small>2020 voanoticias \u2013 salastampa.eu, afiliada a la red Broadcasting Board of Governors \u00a9 2020 BBG<\/small><\/p>\n\n\n\n<p><\/p>\n","protected":false},"excerpt":{"rendered":"<p>Ginebra, 29.02.2020 &#8211; El director de la Organizaci\u00f3n Mundial de la Salud (OMS), Tedros Adhanom Ghebreyesus, dijo este mi\u00e9rcoles que hay evidencias de transmisi\u00f3n del nuevo coronavirus entre humanos en tres pa\u00edses fuera de China.<\/p>\n","protected":false},"author":1,"featured_media":0,"comment_status":"closed","ping_status":"closed","sticky":false,"template":"","format":"standard","meta":{"footnotes":"","_links_to":"","_links_to_target":""},"categories":[5],"tags":[],"class_list":["post-212","post","type-post","status-publish","format-standard","hentry","category-europa","entry","double"],"yoast_head":"<!-- This site is optimized with the Yoast SEO plugin v27.4 - https:\/\/yoast.com\/product\/yoast-seo-wordpress\/ -->\n<title>OMS advierte de posible propagaci\u00f3n mundial de coronavirus - ElCanillita.Info<\/title>\n<meta name=\"robots\" content=\"index, follow, max-snippet:-1, max-image-preview:large, max-video-preview:-1\" \/>\n<link rel=\"canonical\" href=\"https:\/\/elcanillita.info\/press\/2020\/01\/29\/oms-advierte-de-posible-propagacion-mundial-de-coronavirus\/\" \/>\n<meta property=\"og:locale\" content=\"es_ES\" \/>\n<meta property=\"og:type\" content=\"article\" \/>\n<meta property=\"og:title\" content=\"OMS advierte de posible propagaci\u00f3n mundial de coronavirus - ElCanillita.Info\" \/>\n<meta property=\"og:description\" content=\"Ginebra, 29.02.2020 - El director de la Organizaci\u00f3n Mundial de la Salud (OMS), Tedros Adhanom Ghebreyesus, dijo este mi\u00e9rcoles que hay evidencias de transmisi\u00f3n del nuevo coronavirus entre humanos en tres pa\u00edses fuera de China.\" \/>\n<meta property=\"og:url\" content=\"https:\/\/elcanillita.info\/press\/2020\/01\/29\/oms-advierte-de-posible-propagacion-mundial-de-coronavirus\/\" \/>\n<meta property=\"og:site_name\" content=\"ElCanillita.Info\" \/>\n<meta property=\"article:publisher\" content=\"https:\/\/ar-ar.facebook.com\/ElCanillitainfo-114249515285712\/\" \/>\n<meta property=\"article:published_time\" content=\"2020-01-29T21:42:13+00:00\" \/>\n<meta property=\"article:modified_time\" content=\"2020-01-30T20:29:01+00:00\" \/>\n<meta name=\"author\" content=\"SalaStampa.eu, world press service\" \/>\n<meta name=\"twitter:card\" content=\"summary_large_image\" \/>\n<meta name=\"twitter:label1\" content=\"Escrito por\" \/>\n\t<meta name=\"twitter:data1\" content=\"SalaStampa.eu, world press service\" \/>\n\t<meta name=\"twitter:label2\" content=\"Tiempo de lectura\" \/>\n\t<meta name=\"twitter:data2\" content=\"2 minutos\" \/>\n<script type=\"application\/ld+json\" class=\"yoast-schema-graph\">{\"@context\":\"https:\\\/\\\/schema.org\",\"@graph\":[{\"@type\":\"Article\",\"@id\":\"https:\\\/\\\/elcanillita.info\\\/press\\\/2020\\\/01\\\/29\\\/oms-advierte-de-posible-propagacion-mundial-de-coronavirus\\\/#article\",\"isPartOf\":{\"@id\":\"https:\\\/\\\/elcanillita.info\\\/press\\\/2020\\\/01\\\/29\\\/oms-advierte-de-posible-propagacion-mundial-de-coronavirus\\\/\"},\"author\":{\"name\":\"SalaStampa.eu, world press service\",\"@id\":\"https:\\\/\\\/elcanillita.info\\\/press\\\/#\\\/schema\\\/person\\\/7fcb79f38045700919f7da6d97e71ba0\"},\"headline\":\"OMS advierte de posible propagaci\u00f3n mundial de coronavirus\",\"datePublished\":\"2020-01-29T21:42:13+00:00\",\"dateModified\":\"2020-01-30T20:29:01+00:00\",\"mainEntityOfPage\":{\"@id\":\"https:\\\/\\\/elcanillita.info\\\/press\\\/2020\\\/01\\\/29\\\/oms-advierte-de-posible-propagacion-mundial-de-coronavirus\\\/\"},\"wordCount\":506,\"publisher\":{\"@id\":\"https:\\\/\\\/elcanillita.info\\\/press\\\/#organization\"},\"articleSection\":[\"Europa\"],\"inLanguage\":\"es-AR\"},{\"@type\":\"WebPage\",\"@id\":\"https:\\\/\\\/elcanillita.info\\\/press\\\/2020\\\/01\\\/29\\\/oms-advierte-de-posible-propagacion-mundial-de-coronavirus\\\/\",\"url\":\"https:\\\/\\\/elcanillita.info\\\/press\\\/2020\\\/01\\\/29\\\/oms-advierte-de-posible-propagacion-mundial-de-coronavirus\\\/\",\"name\":\"OMS advierte de posible propagaci\u00f3n mundial de coronavirus - ElCanillita.Info\",\"isPartOf\":{\"@id\":\"https:\\\/\\\/elcanillita.info\\\/press\\\/#website\"},\"datePublished\":\"2020-01-29T21:42:13+00:00\",\"dateModified\":\"2020-01-30T20:29:01+00:00\",\"inLanguage\":\"es-AR\",\"potentialAction\":[{\"@type\":\"ReadAction\",\"target\":[\"https:\\\/\\\/elcanillita.info\\\/press\\\/2020\\\/01\\\/29\\\/oms-advierte-de-posible-propagacion-mundial-de-coronavirus\\\/\"]}]},{\"@type\":\"WebSite\",\"@id\":\"https:\\\/\\\/elcanillita.info\\\/press\\\/#website\",\"url\":\"https:\\\/\\\/elcanillita.info\\\/press\\\/\",\"name\":\"ElCanillita.Info\",\"description\":\"desde los Apeninos a los Andes\",\"publisher\":{\"@id\":\"https:\\\/\\\/elcanillita.info\\\/press\\\/#organization\"},\"potentialAction\":[{\"@type\":\"SearchAction\",\"target\":{\"@type\":\"EntryPoint\",\"urlTemplate\":\"https:\\\/\\\/elcanillita.info\\\/press\\\/?s={search_term_string}\"},\"query-input\":{\"@type\":\"PropertyValueSpecification\",\"valueRequired\":true,\"valueName\":\"search_term_string\"}}],\"inLanguage\":\"es-AR\"},{\"@type\":\"Organization\",\"@id\":\"https:\\\/\\\/elcanillita.info\\\/press\\\/#organization\",\"name\":\"Guzzo Photos & Graphic Publications\",\"url\":\"https:\\\/\\\/elcanillita.info\\\/press\\\/\",\"logo\":{\"@type\":\"ImageObject\",\"inLanguage\":\"es-AR\",\"@id\":\"https:\\\/\\\/elcanillita.info\\\/press\\\/#\\\/schema\\\/logo\\\/image\\\/\",\"url\":\"https:\\\/\\\/elcanillita.info\\\/press\\\/images\\\/2020\\\/01\\\/cropped-cropped-cropped-elcanillitainfo.png\",\"contentUrl\":\"https:\\\/\\\/elcanillita.info\\\/press\\\/images\\\/2020\\\/01\\\/cropped-cropped-cropped-elcanillitainfo.png\",\"width\":460,\"height\":50,\"caption\":\"Guzzo Photos & Graphic Publications\"},\"image\":{\"@id\":\"https:\\\/\\\/elcanillita.info\\\/press\\\/#\\\/schema\\\/logo\\\/image\\\/\"},\"sameAs\":[\"https:\\\/\\\/ar-ar.facebook.com\\\/ElCanillitainfo-114249515285712\\\/\"]},{\"@type\":\"Person\",\"@id\":\"https:\\\/\\\/elcanillita.info\\\/press\\\/#\\\/schema\\\/person\\\/7fcb79f38045700919f7da6d97e71ba0\",\"name\":\"SalaStampa.eu, world press service\",\"image\":{\"@type\":\"ImageObject\",\"inLanguage\":\"es-AR\",\"@id\":\"https:\\\/\\\/secure.gravatar.com\\\/avatar\\\/c2f0e0d515a107624234994507816ca4724c7199cef73fc8bedebf6931d73888?s=96&d=mm&r=g\",\"url\":\"https:\\\/\\\/secure.gravatar.com\\\/avatar\\\/c2f0e0d515a107624234994507816ca4724c7199cef73fc8bedebf6931d73888?s=96&d=mm&r=g\",\"contentUrl\":\"https:\\\/\\\/secure.gravatar.com\\\/avatar\\\/c2f0e0d515a107624234994507816ca4724c7199cef73fc8bedebf6931d73888?s=96&d=mm&r=g\",\"caption\":\"SalaStampa.eu, world press service\"}}]}<\/script>\n<!-- \/ Yoast SEO plugin. -->","yoast_head_json":{"title":"OMS advierte de posible propagaci\u00f3n mundial de coronavirus - ElCanillita.Info","robots":{"index":"index","follow":"follow","max-snippet":"max-snippet:-1","max-image-preview":"max-image-preview:large","max-video-preview":"max-video-preview:-1"},"canonical":"https:\/\/elcanillita.info\/press\/2020\/01\/29\/oms-advierte-de-posible-propagacion-mundial-de-coronavirus\/","og_locale":"es_ES","og_type":"article","og_title":"OMS advierte de posible propagaci\u00f3n mundial de coronavirus - ElCanillita.Info","og_description":"Ginebra, 29.02.2020 - El director de la Organizaci\u00f3n Mundial de la Salud (OMS), Tedros Adhanom Ghebreyesus, dijo este mi\u00e9rcoles que hay evidencias de transmisi\u00f3n del nuevo coronavirus entre humanos en tres pa\u00edses fuera de China.","og_url":"https:\/\/elcanillita.info\/press\/2020\/01\/29\/oms-advierte-de-posible-propagacion-mundial-de-coronavirus\/","og_site_name":"ElCanillita.Info","article_publisher":"https:\/\/ar-ar.facebook.com\/ElCanillitainfo-114249515285712\/","article_published_time":"2020-01-29T21:42:13+00:00","article_modified_time":"2020-01-30T20:29:01+00:00","author":"SalaStampa.eu, world press service","twitter_card":"summary_large_image","twitter_misc":{"Escrito por":"SalaStampa.eu, world press service","Tiempo de lectura":"2 minutos"},"schema":{"@context":"https:\/\/schema.org","@graph":[{"@type":"Article","@id":"https:\/\/elcanillita.info\/press\/2020\/01\/29\/oms-advierte-de-posible-propagacion-mundial-de-coronavirus\/#article","isPartOf":{"@id":"https:\/\/elcanillita.info\/press\/2020\/01\/29\/oms-advierte-de-posible-propagacion-mundial-de-coronavirus\/"},"author":{"name":"SalaStampa.eu, world press service","@id":"https:\/\/elcanillita.info\/press\/#\/schema\/person\/7fcb79f38045700919f7da6d97e71ba0"},"headline":"OMS advierte de posible propagaci\u00f3n mundial de coronavirus","datePublished":"2020-01-29T21:42:13+00:00","dateModified":"2020-01-30T20:29:01+00:00","mainEntityOfPage":{"@id":"https:\/\/elcanillita.info\/press\/2020\/01\/29\/oms-advierte-de-posible-propagacion-mundial-de-coronavirus\/"},"wordCount":506,"publisher":{"@id":"https:\/\/elcanillita.info\/press\/#organization"},"articleSection":["Europa"],"inLanguage":"es-AR"},{"@type":"WebPage","@id":"https:\/\/elcanillita.info\/press\/2020\/01\/29\/oms-advierte-de-posible-propagacion-mundial-de-coronavirus\/","url":"https:\/\/elcanillita.info\/press\/2020\/01\/29\/oms-advierte-de-posible-propagacion-mundial-de-coronavirus\/","name":"OMS advierte de posible propagaci\u00f3n mundial de coronavirus - ElCanillita.Info","isPartOf":{"@id":"https:\/\/elcanillita.info\/press\/#website"},"datePublished":"2020-01-29T21:42:13+00:00","dateModified":"2020-01-30T20:29:01+00:00","inLanguage":"es-AR","potentialAction":[{"@type":"ReadAction","target":["https:\/\/elcanillita.info\/press\/2020\/01\/29\/oms-advierte-de-posible-propagacion-mundial-de-coronavirus\/"]}]},{"@type":"WebSite","@id":"https:\/\/elcanillita.info\/press\/#website","url":"https:\/\/elcanillita.info\/press\/","name":"ElCanillita.Info","description":"desde los Apeninos a los Andes","publisher":{"@id":"https:\/\/elcanillita.info\/press\/#organization"},"potentialAction":[{"@type":"SearchAction","target":{"@type":"EntryPoint","urlTemplate":"https:\/\/elcanillita.info\/press\/?s={search_term_string}"},"query-input":{"@type":"PropertyValueSpecification","valueRequired":true,"valueName":"search_term_string"}}],"inLanguage":"es-AR"},{"@type":"Organization","@id":"https:\/\/elcanillita.info\/press\/#organization","name":"Guzzo Photos & Graphic Publications","url":"https:\/\/elcanillita.info\/press\/","logo":{"@type":"ImageObject","inLanguage":"es-AR","@id":"https:\/\/elcanillita.info\/press\/#\/schema\/logo\/image\/","url":"https:\/\/elcanillita.info\/press\/images\/2020\/01\/cropped-cropped-cropped-elcanillitainfo.png","contentUrl":"https:\/\/elcanillita.info\/press\/images\/2020\/01\/cropped-cropped-cropped-elcanillitainfo.png","width":460,"height":50,"caption":"Guzzo Photos & Graphic Publications"},"image":{"@id":"https:\/\/elcanillita.info\/press\/#\/schema\/logo\/image\/"},"sameAs":["https:\/\/ar-ar.facebook.com\/ElCanillitainfo-114249515285712\/"]},{"@type":"Person","@id":"https:\/\/elcanillita.info\/press\/#\/schema\/person\/7fcb79f38045700919f7da6d97e71ba0","name":"SalaStampa.eu, world press service","image":{"@type":"ImageObject","inLanguage":"es-AR","@id":"https:\/\/secure.gravatar.com\/avatar\/c2f0e0d515a107624234994507816ca4724c7199cef73fc8bedebf6931d73888?s=96&d=mm&r=g","url":"https:\/\/secure.gravatar.com\/avatar\/c2f0e0d515a107624234994507816ca4724c7199cef73fc8bedebf6931d73888?s=96&d=mm&r=g","contentUrl":"https:\/\/secure.gravatar.com\/avatar\/c2f0e0d515a107624234994507816ca4724c7199cef73fc8bedebf6931d73888?s=96&d=mm&r=g","caption":"SalaStampa.eu, world press service"}}]}},"views":760,"_links":{"self":[{"href":"https:\/\/elcanillita.info\/press\/wp-json\/wp\/v2\/posts\/212","targetHints":{"allow":["GET"]}}],"collection":[{"href":"https:\/\/elcanillita.info\/press\/wp-json\/wp\/v2\/posts"}],"about":[{"href":"https:\/\/elcanillita.info\/press\/wp-json\/wp\/v2\/types\/post"}],"author":[{"embeddable":true,"href":"https:\/\/elcanillita.info\/press\/wp-json\/wp\/v2\/users\/1"}],"replies":[{"embeddable":true,"href":"https:\/\/elcanillita.info\/press\/wp-json\/wp\/v2\/comments?post=212"}],"version-history":[{"count":0,"href":"https:\/\/elcanillita.info\/press\/wp-json\/wp\/v2\/posts\/212\/revisions"}],"wp:attachment":[{"href":"https:\/\/elcanillita.info\/press\/wp-json\/wp\/v2\/media?parent=212"}],"wp:term":[{"taxonomy":"category","embeddable":true,"href":"https:\/\/elcanillita.info\/press\/wp-json\/wp\/v2\/categories?post=212"},{"taxonomy":"post_tag","embeddable":true,"href":"https:\/\/elcanillita.info\/press\/wp-json\/wp\/v2\/tags?post=212"}],"curies":[{"name":"wp","href":"https:\/\/api.w.org\/{rel}","templated":true}]}}