{"id":2117,"date":"2021-12-20T23:23:10","date_gmt":"2021-12-21T02:23:10","guid":{"rendered":"https:\/\/elcanillita.info\/press\/?p=2117"},"modified":"2021-12-21T09:39:21","modified_gmt":"2021-12-21T12:39:21","slug":"regione-ciudades-italia-omicron","status":"publish","type":"post","link":"https:\/\/elcanillita.info\/press\/2021\/12\/20\/regione-ciudades-italia-omicron\/","title":{"rendered":"Regiones y ciudades de Italia se arman contra Omicron"},"content":{"rendered":"\n<div class=\"wp-block-image\"><figure class=\"alignleft size-full\"><img loading=\"lazy\" decoding=\"async\" width=\"600\" height=\"338\" src=\"https:\/\/elcanillita.info\/press\/images\/2021\/12\/control.jpg\" alt=\"\" class=\"wp-image-2120\" srcset=\"https:\/\/elcanillita.info\/press\/images\/2021\/12\/control.jpg 600w, https:\/\/elcanillita.info\/press\/images\/2021\/12\/control-300x169.jpg 300w\" sizes=\"auto, (max-width: 600px) 100vw, 600px\" \/><figcaption><center>Control del GreenPass  o Pase verde de circulaci\u00f3n<\/center><\/figcaption><\/figure><\/div>\n\n\n\n<p>A la espera de las posibles nuevas medidas anti-Covid para las vacaciones, las regiones y los intendentes est\u00e1n avanzando con ordenanzas y medidas para frenar la propagaci\u00f3n de la variante omicron. Objetivo: limitar al m\u00e1ximo las reuniones durante el per\u00edodo vacacional. Las primeras actividades en saltar, de norte a sur, fueron los grandes conciertos y las fiestas callejeras de Nochevieja, pero las restricciones tambi\u00e9n se aplican al transporte y las calles comerciales.<\/p>\n\n\n\n<p><strong>Las ordenanzas de las regiones<\/strong><\/p>\n\n\n\n<p>En Lazio, el gobernador Nicola Zingaretti firm\u00f3 una orden por la noche que establece la obligaci\u00f3n de m\u00e1scaras al aire libre en toda la regi\u00f3n. &#8220;Esta es una medida de precauci\u00f3n pero fundamental para la protecci\u00f3n de nuestra salud y la de nuestros seres queridos en un momento como este. Una vez m\u00e1s estamos en guardia y como en el pasado nos anticipamos al virus&#8221;, dijo Zingaretti. La ordenanza entra en vigor el jueves 23, hasta el 24 del 23 de enero. \u201cExiste la obligaci\u00f3n, en toda la regi\u00f3n, de llevar la m\u00e1scara de protecci\u00f3n personal en los lugares al aire libre, durante todo el d\u00eda, sin perjuicio de lo establecido en la certificaci\u00f3n verde Covid-19\u201d. <br><br>Tambi\u00e9n establece \u201cun aumento en la frecuencia de Cribado del personal sanitario y socio-sanitario que opera en los establecimientos de salud p\u00fablicos y privados, previendo la ejecuci\u00f3n de una prueba con una periodicidad no mayor a 10 d\u00edas, con el fin de interceptar con prontitud los casos positivos, sin perjuicio de las obligaciones adicionales derivadas del riesgo. estratificaci\u00f3n para la empresa sanitaria o establecimiento sanitario &#8220;. Finalmente, se prev\u00e9 la exenci\u00f3n de la obligaci\u00f3n&#8221; para los menores de seis a\u00f1os, para aquellos con patolog\u00edas incompatibles con el uso de la m\u00e1scara y durante el ejercicio al aire libre de la motricidad y \/ o deportiva. actividades &#8220;.<\/p>\n\n\n\n<p>En Campania, el Presidente de la Regi\u00f3n ha prohibido los eventos de pie hasta el 1 de enero, as\u00ed como las fiestas escolares, de graduaci\u00f3n y de cumplea\u00f1os en lugares cerrados. Una disposici\u00f3n que fue acordada por el intendente de N\u00e1poles, Gaetano Manfredi, quien hace un mes ya firm\u00f3 una ordenanza que regula el peat\u00f3n unidireccional en via San Gregorio Armeno, en la calle de los artesanos del pesebre.<\/p>\n\n\n\n<p>En V\u00e9neto, a partir de hoy en la zona amarilla, el gobernador Luca Zaia ya hab\u00eda firmado una ordenanza en los \u00faltimos d\u00edas con medidas anticontagio, incluida la obligaci\u00f3n de llevar una m\u00e1scara al aire libre. Entre las nuevas medidas, tambi\u00e9n se decidi\u00f3 la suspensi\u00f3n de las devoluciones a la familia de los hu\u00e9spedes de RSA y el hisopado obligatorio cada 4 d\u00edas, en lugar de 10, para los trabajadores de la salud.<\/p>\n\n\n\n<p><strong>El apret\u00f3n de los alcaldes<\/strong><\/p>\n\n\n\n<p>En Roma, donde se cancel\u00f3 el tradicional concierto de Nochevieja, se pudieron acordonar algunas calles para evitar aglomeraciones y canalizar la salida de turistas y romanos que abarrotan las calles del centro, como ya se hizo el s\u00e1bado por la tarde durante un tramo de la Calle cerrada. del curso.<\/p>\n\n\n\n<p>En Mil\u00e1n, el intendente Sala introdujo la obligaci\u00f3n de la m\u00e1scara en el centro pero no excluye que la medida se extienda a toda la ciudad. \u201cVeamos c\u00f3mo va, si es necesario lo podemos hacer &#8211; dijo &#8211; Estoy en contacto con la asesora  Moratti y con el Presidente  de la Regi\u00f3n, Fontana, haremos lo que nos digan y lo haremos como siempre sin esperar demasiado y sin adormecernos. en demasiadas dudas y pensamientos&#8221;. Sala reiter\u00f3: &#8220;Si es necesario, podemos hacerlo&#8221;.<\/p>\n\n\n\n<p>Tambi\u00e9n en Tur\u00edn es obligatorio llevar m\u00e1scara al aire libre y el mercado navide\u00f1o de Piazza Castello ha sido cancelado, mientras que en Bolzano el acceso a los stands navide\u00f1os solo se puede hacer con brazalete y Green Pass.<\/p>\n\n\n\n<p>El concierto de A\u00f1o Nuevo en la plaza tambi\u00e9n se cancel\u00f3 en Bolonia, para dar una &#8220;se\u00f1al de precauci\u00f3n&#8221; y otras ciudades de la regi\u00f3n tambi\u00e9n han tomado la misma decisi\u00f3n, desde Parma hasta Reggio Emilia. En Rimini eventos generalizados en la ciudad y sets de Disc jockey con entradas limitadas. En Florencia, las calles peatonales de un solo sentido comienzan en las zonas con mayor afluencia comercial.<\/p>\n\n\n\n<p><strong>El gobierno y la hip\u00f3tesis de nuevas medidas &#8220;basadas en los datos&#8221;<\/strong><\/p>\n\n\n\n<p>&#8220;Las decisiones se tomar\u00e1n en base a los datos de la \u00faltima secuenciaci\u00f3n para ver la velocidad de difusi\u00f3n de la variante Omicron&#8221;, dijo hoy el primer ministro Draghi, anticip\u00e1ndose a la sala de control programada para el 23 de diciembre, hablando de nuevas medidas a tomar contra la variante Omicron. &#8220;A\u00fan no se ha decidido nada&#8221;, reiter\u00f3 el premier.<\/p>\n\n\n\n<p>Hay tres hip\u00f3tesis principales de medidas: la reducci\u00f3n del pase verde a 6\/7 meses, la obligaci\u00f3n de llevar m\u00e1scara para exteriores y el tamp\u00f3n obligatorio para acceder a estadios, conciertos y discotecas, incluso para los vacunados. Para la reducci\u00f3n del Pase Verde no deber\u00eda haber fricci\u00f3n en la mayor\u00eda, mientras que para la m\u00e1scara al aire libre, en las regiones ya se est\u00e1n llevando a cabo de forma independiente, la cuesti\u00f3n del tamp\u00f3n obligatorio incluso para las personas vacunadas que quieran participar en los eventos es en cambio m\u00e1s complejo. <br><br>Para los expertos esta es una medida fundamental de cara a las vacaciones de A\u00f1o Nuevo, pero no parece encontrar el favor ni de los administradores locales ni de las fuerzas pol\u00edticas. Tambi\u00e9n sobre la mesa est\u00e1 la hip\u00f3tesis de una extensi\u00f3n de la obligaci\u00f3n de vacunaci\u00f3n para otras categor\u00edas, especialmente aquellas en contacto con el p\u00fablico.<br><br> <small>SalaStampa.eu &#8211; Copyright \u00a9 2021 ElCanillita.info &#8211; Derechos reservados<\/small><\/p>\n","protected":false},"excerpt":{"rendered":"<p>De norte a sur, los administradores locales se postulan para cubrir las decisiones gubernamentales pendientes.<\/p>\n","protected":false},"author":1,"featured_media":2118,"comment_status":"closed","ping_status":"closed","sticky":false,"template":"","format":"standard","meta":{"footnotes":"","_links_to":"","_links_to_target":""},"categories":[5,78],"tags":[60],"class_list":["post-2117","post","type-post","status-publish","format-standard","has-post-thumbnail","hentry","category-europa","category-sanidad","tag-italia","entry","double"],"yoast_head":"<!-- This site is optimized with the Yoast SEO plugin v27.5 - https:\/\/yoast.com\/product\/yoast-seo-wordpress\/ -->\n<title>Regiones y ciudades de Italia se arman contra Omicron - ElCanillita.Info<\/title>\n<meta name=\"robots\" content=\"index, follow, max-snippet:-1, max-image-preview:large, max-video-preview:-1\" \/>\n<link rel=\"canonical\" href=\"https:\/\/elcanillita.info\/press\/2021\/12\/20\/regione-ciudades-italia-omicron\/\" \/>\n<meta property=\"og:locale\" content=\"es_ES\" \/>\n<meta property=\"og:type\" content=\"article\" \/>\n<meta property=\"og:title\" content=\"Regiones y ciudades de Italia se arman contra Omicron - ElCanillita.Info\" \/>\n<meta property=\"og:description\" content=\"De norte a sur, los administradores locales se postulan para cubrir las decisiones gubernamentales pendientes.\" \/>\n<meta property=\"og:url\" content=\"https:\/\/elcanillita.info\/press\/2021\/12\/20\/regione-ciudades-italia-omicron\/\" \/>\n<meta property=\"og:site_name\" content=\"ElCanillita.Info\" \/>\n<meta property=\"article:publisher\" content=\"https:\/\/ar-ar.facebook.com\/ElCanillitainfo-114249515285712\/\" \/>\n<meta property=\"article:published_time\" content=\"2021-12-21T02:23:10+00:00\" \/>\n<meta property=\"article:modified_time\" content=\"2021-12-21T12:39:21+00:00\" \/>\n<meta property=\"og:image\" content=\"https:\/\/elcanillita.info\/press\/images\/2021\/12\/ita.jpg\" \/>\n\t<meta property=\"og:image:width\" content=\"600\" \/>\n\t<meta property=\"og:image:height\" content=\"338\" \/>\n\t<meta property=\"og:image:type\" content=\"image\/jpeg\" \/>\n<meta name=\"author\" content=\"SalaStampa.eu, world press service\" \/>\n<meta name=\"twitter:card\" content=\"summary_large_image\" \/>\n<meta name=\"twitter:label1\" content=\"Escrito por\" \/>\n\t<meta name=\"twitter:data1\" content=\"SalaStampa.eu, world press service\" \/>\n\t<meta name=\"twitter:label2\" content=\"Tiempo de lectura\" \/>\n\t<meta name=\"twitter:data2\" content=\"5 minutos\" \/>\n<script type=\"application\/ld+json\" class=\"yoast-schema-graph\">{\"@context\":\"https:\\\/\\\/schema.org\",\"@graph\":[{\"@type\":\"Article\",\"@id\":\"https:\\\/\\\/elcanillita.info\\\/press\\\/2021\\\/12\\\/20\\\/regione-ciudades-italia-omicron\\\/#article\",\"isPartOf\":{\"@id\":\"https:\\\/\\\/elcanillita.info\\\/press\\\/2021\\\/12\\\/20\\\/regione-ciudades-italia-omicron\\\/\"},\"author\":{\"name\":\"SalaStampa.eu, world press service\",\"@id\":\"https:\\\/\\\/elcanillita.info\\\/press\\\/#\\\/schema\\\/person\\\/7fcb79f38045700919f7da6d97e71ba0\"},\"headline\":\"Regiones y ciudades de Italia se arman contra Omicron\",\"datePublished\":\"2021-12-21T02:23:10+00:00\",\"dateModified\":\"2021-12-21T12:39:21+00:00\",\"mainEntityOfPage\":{\"@id\":\"https:\\\/\\\/elcanillita.info\\\/press\\\/2021\\\/12\\\/20\\\/regione-ciudades-italia-omicron\\\/\"},\"wordCount\":1009,\"publisher\":{\"@id\":\"https:\\\/\\\/elcanillita.info\\\/press\\\/#organization\"},\"image\":{\"@id\":\"https:\\\/\\\/elcanillita.info\\\/press\\\/2021\\\/12\\\/20\\\/regione-ciudades-italia-omicron\\\/#primaryimage\"},\"thumbnailUrl\":\"https:\\\/\\\/elcanillita.info\\\/press\\\/images\\\/2021\\\/12\\\/ita.jpg\",\"keywords\":[\"Italia\"],\"articleSection\":[\"Europa\",\"Sanidad\"],\"inLanguage\":\"es-AR\"},{\"@type\":\"WebPage\",\"@id\":\"https:\\\/\\\/elcanillita.info\\\/press\\\/2021\\\/12\\\/20\\\/regione-ciudades-italia-omicron\\\/\",\"url\":\"https:\\\/\\\/elcanillita.info\\\/press\\\/2021\\\/12\\\/20\\\/regione-ciudades-italia-omicron\\\/\",\"name\":\"Regiones y ciudades de Italia se arman contra Omicron - ElCanillita.Info\",\"isPartOf\":{\"@id\":\"https:\\\/\\\/elcanillita.info\\\/press\\\/#website\"},\"primaryImageOfPage\":{\"@id\":\"https:\\\/\\\/elcanillita.info\\\/press\\\/2021\\\/12\\\/20\\\/regione-ciudades-italia-omicron\\\/#primaryimage\"},\"image\":{\"@id\":\"https:\\\/\\\/elcanillita.info\\\/press\\\/2021\\\/12\\\/20\\\/regione-ciudades-italia-omicron\\\/#primaryimage\"},\"thumbnailUrl\":\"https:\\\/\\\/elcanillita.info\\\/press\\\/images\\\/2021\\\/12\\\/ita.jpg\",\"datePublished\":\"2021-12-21T02:23:10+00:00\",\"dateModified\":\"2021-12-21T12:39:21+00:00\",\"inLanguage\":\"es-AR\",\"potentialAction\":[{\"@type\":\"ReadAction\",\"target\":[\"https:\\\/\\\/elcanillita.info\\\/press\\\/2021\\\/12\\\/20\\\/regione-ciudades-italia-omicron\\\/\"]}]},{\"@type\":\"ImageObject\",\"inLanguage\":\"es-AR\",\"@id\":\"https:\\\/\\\/elcanillita.info\\\/press\\\/2021\\\/12\\\/20\\\/regione-ciudades-italia-omicron\\\/#primaryimage\",\"url\":\"https:\\\/\\\/elcanillita.info\\\/press\\\/images\\\/2021\\\/12\\\/ita.jpg\",\"contentUrl\":\"https:\\\/\\\/elcanillita.info\\\/press\\\/images\\\/2021\\\/12\\\/ita.jpg\",\"width\":600,\"height\":338},{\"@type\":\"WebSite\",\"@id\":\"https:\\\/\\\/elcanillita.info\\\/press\\\/#website\",\"url\":\"https:\\\/\\\/elcanillita.info\\\/press\\\/\",\"name\":\"ElCanillita.Info\",\"description\":\"desde los Apeninos a los Andes\",\"publisher\":{\"@id\":\"https:\\\/\\\/elcanillita.info\\\/press\\\/#organization\"},\"potentialAction\":[{\"@type\":\"SearchAction\",\"target\":{\"@type\":\"EntryPoint\",\"urlTemplate\":\"https:\\\/\\\/elcanillita.info\\\/press\\\/?s={search_term_string}\"},\"query-input\":{\"@type\":\"PropertyValueSpecification\",\"valueRequired\":true,\"valueName\":\"search_term_string\"}}],\"inLanguage\":\"es-AR\"},{\"@type\":\"Organization\",\"@id\":\"https:\\\/\\\/elcanillita.info\\\/press\\\/#organization\",\"name\":\"Guzzo Photos & Graphic Publications\",\"url\":\"https:\\\/\\\/elcanillita.info\\\/press\\\/\",\"logo\":{\"@type\":\"ImageObject\",\"inLanguage\":\"es-AR\",\"@id\":\"https:\\\/\\\/elcanillita.info\\\/press\\\/#\\\/schema\\\/logo\\\/image\\\/\",\"url\":\"https:\\\/\\\/elcanillita.info\\\/press\\\/images\\\/2020\\\/01\\\/cropped-cropped-cropped-elcanillitainfo.png\",\"contentUrl\":\"https:\\\/\\\/elcanillita.info\\\/press\\\/images\\\/2020\\\/01\\\/cropped-cropped-cropped-elcanillitainfo.png\",\"width\":460,\"height\":50,\"caption\":\"Guzzo Photos & Graphic Publications\"},\"image\":{\"@id\":\"https:\\\/\\\/elcanillita.info\\\/press\\\/#\\\/schema\\\/logo\\\/image\\\/\"},\"sameAs\":[\"https:\\\/\\\/ar-ar.facebook.com\\\/ElCanillitainfo-114249515285712\\\/\"]},{\"@type\":\"Person\",\"@id\":\"https:\\\/\\\/elcanillita.info\\\/press\\\/#\\\/schema\\\/person\\\/7fcb79f38045700919f7da6d97e71ba0\",\"name\":\"SalaStampa.eu, world press service\",\"image\":{\"@type\":\"ImageObject\",\"inLanguage\":\"es-AR\",\"@id\":\"https:\\\/\\\/secure.gravatar.com\\\/avatar\\\/c2f0e0d515a107624234994507816ca4724c7199cef73fc8bedebf6931d73888?s=96&d=mm&r=g\",\"url\":\"https:\\\/\\\/secure.gravatar.com\\\/avatar\\\/c2f0e0d515a107624234994507816ca4724c7199cef73fc8bedebf6931d73888?s=96&d=mm&r=g\",\"contentUrl\":\"https:\\\/\\\/secure.gravatar.com\\\/avatar\\\/c2f0e0d515a107624234994507816ca4724c7199cef73fc8bedebf6931d73888?s=96&d=mm&r=g\",\"caption\":\"SalaStampa.eu, world press service\"}}]}<\/script>\n<!-- \/ Yoast SEO plugin. -->","yoast_head_json":{"title":"Regiones y ciudades de Italia se arman contra Omicron - ElCanillita.Info","robots":{"index":"index","follow":"follow","max-snippet":"max-snippet:-1","max-image-preview":"max-image-preview:large","max-video-preview":"max-video-preview:-1"},"canonical":"https:\/\/elcanillita.info\/press\/2021\/12\/20\/regione-ciudades-italia-omicron\/","og_locale":"es_ES","og_type":"article","og_title":"Regiones y ciudades de Italia se arman contra Omicron - ElCanillita.Info","og_description":"De norte a sur, los administradores locales se postulan para cubrir las decisiones gubernamentales pendientes.","og_url":"https:\/\/elcanillita.info\/press\/2021\/12\/20\/regione-ciudades-italia-omicron\/","og_site_name":"ElCanillita.Info","article_publisher":"https:\/\/ar-ar.facebook.com\/ElCanillitainfo-114249515285712\/","article_published_time":"2021-12-21T02:23:10+00:00","article_modified_time":"2021-12-21T12:39:21+00:00","og_image":[{"width":600,"height":338,"url":"https:\/\/elcanillita.info\/press\/images\/2021\/12\/ita.jpg","type":"image\/jpeg"}],"author":"SalaStampa.eu, world press service","twitter_card":"summary_large_image","twitter_misc":{"Escrito por":"SalaStampa.eu, world press service","Tiempo de lectura":"5 minutos"},"schema":{"@context":"https:\/\/schema.org","@graph":[{"@type":"Article","@id":"https:\/\/elcanillita.info\/press\/2021\/12\/20\/regione-ciudades-italia-omicron\/#article","isPartOf":{"@id":"https:\/\/elcanillita.info\/press\/2021\/12\/20\/regione-ciudades-italia-omicron\/"},"author":{"name":"SalaStampa.eu, world press service","@id":"https:\/\/elcanillita.info\/press\/#\/schema\/person\/7fcb79f38045700919f7da6d97e71ba0"},"headline":"Regiones y ciudades de Italia se arman contra Omicron","datePublished":"2021-12-21T02:23:10+00:00","dateModified":"2021-12-21T12:39:21+00:00","mainEntityOfPage":{"@id":"https:\/\/elcanillita.info\/press\/2021\/12\/20\/regione-ciudades-italia-omicron\/"},"wordCount":1009,"publisher":{"@id":"https:\/\/elcanillita.info\/press\/#organization"},"image":{"@id":"https:\/\/elcanillita.info\/press\/2021\/12\/20\/regione-ciudades-italia-omicron\/#primaryimage"},"thumbnailUrl":"https:\/\/elcanillita.info\/press\/images\/2021\/12\/ita.jpg","keywords":["Italia"],"articleSection":["Europa","Sanidad"],"inLanguage":"es-AR"},{"@type":"WebPage","@id":"https:\/\/elcanillita.info\/press\/2021\/12\/20\/regione-ciudades-italia-omicron\/","url":"https:\/\/elcanillita.info\/press\/2021\/12\/20\/regione-ciudades-italia-omicron\/","name":"Regiones y ciudades de Italia se arman contra Omicron - ElCanillita.Info","isPartOf":{"@id":"https:\/\/elcanillita.info\/press\/#website"},"primaryImageOfPage":{"@id":"https:\/\/elcanillita.info\/press\/2021\/12\/20\/regione-ciudades-italia-omicron\/#primaryimage"},"image":{"@id":"https:\/\/elcanillita.info\/press\/2021\/12\/20\/regione-ciudades-italia-omicron\/#primaryimage"},"thumbnailUrl":"https:\/\/elcanillita.info\/press\/images\/2021\/12\/ita.jpg","datePublished":"2021-12-21T02:23:10+00:00","dateModified":"2021-12-21T12:39:21+00:00","inLanguage":"es-AR","potentialAction":[{"@type":"ReadAction","target":["https:\/\/elcanillita.info\/press\/2021\/12\/20\/regione-ciudades-italia-omicron\/"]}]},{"@type":"ImageObject","inLanguage":"es-AR","@id":"https:\/\/elcanillita.info\/press\/2021\/12\/20\/regione-ciudades-italia-omicron\/#primaryimage","url":"https:\/\/elcanillita.info\/press\/images\/2021\/12\/ita.jpg","contentUrl":"https:\/\/elcanillita.info\/press\/images\/2021\/12\/ita.jpg","width":600,"height":338},{"@type":"WebSite","@id":"https:\/\/elcanillita.info\/press\/#website","url":"https:\/\/elcanillita.info\/press\/","name":"ElCanillita.Info","description":"desde los Apeninos a los Andes","publisher":{"@id":"https:\/\/elcanillita.info\/press\/#organization"},"potentialAction":[{"@type":"SearchAction","target":{"@type":"EntryPoint","urlTemplate":"https:\/\/elcanillita.info\/press\/?s={search_term_string}"},"query-input":{"@type":"PropertyValueSpecification","valueRequired":true,"valueName":"search_term_string"}}],"inLanguage":"es-AR"},{"@type":"Organization","@id":"https:\/\/elcanillita.info\/press\/#organization","name":"Guzzo Photos & Graphic Publications","url":"https:\/\/elcanillita.info\/press\/","logo":{"@type":"ImageObject","inLanguage":"es-AR","@id":"https:\/\/elcanillita.info\/press\/#\/schema\/logo\/image\/","url":"https:\/\/elcanillita.info\/press\/images\/2020\/01\/cropped-cropped-cropped-elcanillitainfo.png","contentUrl":"https:\/\/elcanillita.info\/press\/images\/2020\/01\/cropped-cropped-cropped-elcanillitainfo.png","width":460,"height":50,"caption":"Guzzo Photos & Graphic Publications"},"image":{"@id":"https:\/\/elcanillita.info\/press\/#\/schema\/logo\/image\/"},"sameAs":["https:\/\/ar-ar.facebook.com\/ElCanillitainfo-114249515285712\/"]},{"@type":"Person","@id":"https:\/\/elcanillita.info\/press\/#\/schema\/person\/7fcb79f38045700919f7da6d97e71ba0","name":"SalaStampa.eu, world press service","image":{"@type":"ImageObject","inLanguage":"es-AR","@id":"https:\/\/secure.gravatar.com\/avatar\/c2f0e0d515a107624234994507816ca4724c7199cef73fc8bedebf6931d73888?s=96&d=mm&r=g","url":"https:\/\/secure.gravatar.com\/avatar\/c2f0e0d515a107624234994507816ca4724c7199cef73fc8bedebf6931d73888?s=96&d=mm&r=g","contentUrl":"https:\/\/secure.gravatar.com\/avatar\/c2f0e0d515a107624234994507816ca4724c7199cef73fc8bedebf6931d73888?s=96&d=mm&r=g","caption":"SalaStampa.eu, world press service"}}]}},"views":577,"_links":{"self":[{"href":"https:\/\/elcanillita.info\/press\/wp-json\/wp\/v2\/posts\/2117","targetHints":{"allow":["GET"]}}],"collection":[{"href":"https:\/\/elcanillita.info\/press\/wp-json\/wp\/v2\/posts"}],"about":[{"href":"https:\/\/elcanillita.info\/press\/wp-json\/wp\/v2\/types\/post"}],"author":[{"embeddable":true,"href":"https:\/\/elcanillita.info\/press\/wp-json\/wp\/v2\/users\/1"}],"replies":[{"embeddable":true,"href":"https:\/\/elcanillita.info\/press\/wp-json\/wp\/v2\/comments?post=2117"}],"version-history":[{"count":0,"href":"https:\/\/elcanillita.info\/press\/wp-json\/wp\/v2\/posts\/2117\/revisions"}],"wp:featuredmedia":[{"embeddable":true,"href":"https:\/\/elcanillita.info\/press\/wp-json\/wp\/v2\/media\/2118"}],"wp:attachment":[{"href":"https:\/\/elcanillita.info\/press\/wp-json\/wp\/v2\/media?parent=2117"}],"wp:term":[{"taxonomy":"category","embeddable":true,"href":"https:\/\/elcanillita.info\/press\/wp-json\/wp\/v2\/categories?post=2117"},{"taxonomy":"post_tag","embeddable":true,"href":"https:\/\/elcanillita.info\/press\/wp-json\/wp\/v2\/tags?post=2117"}],"curies":[{"name":"wp","href":"https:\/\/api.w.org\/{rel}","templated":true}]}}