{"id":2111,"date":"2021-12-11T16:08:55","date_gmt":"2021-12-11T19:08:55","guid":{"rendered":"https:\/\/elcanillita.info\/press\/?p=2111"},"modified":"2021-12-11T16:08:56","modified_gmt":"2021-12-11T19:08:56","slug":"infeccion-omicron-vacuna-natural-covid","status":"publish","type":"post","link":"https:\/\/elcanillita.info\/press\/2021\/12\/11\/infeccion-omicron-vacuna-natural-covid\/","title":{"rendered":"La infecci\u00f3n por Omicron podr\u00eda actuar como una &#8216;vacuna natural&#8217; para el Covid"},"content":{"rendered":"\n<div class=\"wp-block-image\"><figure class=\"alignleft size-full\"><img loading=\"lazy\" decoding=\"async\" width=\"600\" height=\"400\" src=\"https:\/\/elcanillita.info\/press\/images\/2021\/12\/omnicrom.jpg\" alt=\"\" class=\"wp-image-2112\" srcset=\"https:\/\/elcanillita.info\/press\/images\/2021\/12\/omnicrom.jpg 600w, https:\/\/elcanillita.info\/press\/images\/2021\/12\/omnicrom-300x200.jpg 300w\" sizes=\"auto, (max-width: 600px) 100vw, 600px\" \/><\/figure><\/div>\n\n\n\n<p>Eleanor Riley, profesora de inmunolog\u00eda y enfermedades infecciosas en la Universidad de Edimburgo, dijo que es &#8220;muy probable&#8221; que los brit\u00e1nicos contraigan la variante y que todo el mundo lo experimente en las pr\u00f3ximas semanas.<\/p>\n\n\n\n<p>De resultar m\u00e1s leve, sabemos que la infecci\u00f3n induce una respuesta inmunitaria, entonces es posible que esto act\u00fae como una vacuna natural, llegando a las personas que hasta ahora no han estado dispuestas a vacunarse &#8220;, dijo el profesor Riley a BBC Radio 4.<\/p>\n\n\n\n<p>&#8220;Pero creo que tenemos que ser muy cautelosos con eso, porque no tenemos certeza que sea m\u00e1s leve. Y creo que es muy peligroso comparar datos de Sud\u00e1frica con el Reino Unido y Europa. En el Sur de Africa han habido tantas olas de infecci\u00f3n que han atravesado mucha inmunidad en una poblaci\u00f3n mucho m\u00e1s joven &#8220;.<\/p>\n\n\n\n<p>El profesor Riley aconsej\u00f3 a las personas que actuaran sobre la base de que cualquier persona con la que entren en contacto podr\u00eda tener coronavirus, y los cient\u00edficos ya ten\u00edan una investigaci\u00f3n el viernes que mostraba una eficacia de la vacuna dr\u00e1sticamente reducida contra omicron despu\u00e9s de dos dosis.<\/p>\n\n\n\n<p>La Dra.Riley trabaj\u00f3 durante cinco a\u00f1os en la Unidad MRC de Gambia. Se uni\u00f3 a la Universidad de Edimburgo inicialmente como becario de investigaci\u00f3n en 1990, antes de trasladarse a la Escuela de Higiene y Medicina Tropical de Londres (LSHTM) en 1998 como profesor de enfermedades infecciosas e inmunolog\u00eda. Fue ascendida en 2001 a jefa del departamento de inmunolog\u00eda y enfermedades infecciosas, cargo que ocup\u00f3 hasta 2013. Fue elegida miembro de la Academia de Ciencias M\u00e9dicas en 2014.<\/p>\n\n\n\n<p>Riley fue nombrada directora del Instituto Roslin en septiembre de 2017, un mes antes de que el Roslin fuera galardonado con un Athena SWAN de oro por sus compromisos pendientes con la igualdad de g\u00e9nero en el lugar de trabajo. Fue invitada a dar la conferencia del D\u00eda Internacional de la Mujer y la Ni\u00f1a en la Ciencia de 2018 en la Universidad de St Andrews. En 2019, Riley se convirti\u00f3 en la primera mujer en recibir la Medalla Ronald Ross de LSHTM, afirmando que:<\/p>\n\n\n\n<p>La profesora Riley es l\u00edder mundial en inmunolog\u00eda de la malaria, con una experiencia \u00fanica en ciencias b\u00e1sicas, medicina veterinaria, enfermedades infecciosas humanas y salud mundial, y ha realizado importantes contribuciones al fortalecimiento de la capacidad de investigaci\u00f3n en \u00c1frica.<br>Fue elegida miembro de la Royal Society of Edinburgh en 2021.<br><br>  <small>\u00a9 2021 PanPress.eu \/ SalaStampa.eu &#8211; ElCanillita.info &#8211;  Informaci\u00f3n de dominio p\u00fablico<\/small> <\/p>\n","protected":false},"excerpt":{"rendered":"<p>La captura de la variante omicron podr\u00eda actuar como una &#8220;vacuna natural&#8221; entre las personas que actualmente no est\u00e1n vacunadas contra el coronavirus, sugiri\u00f3 una inmun\u00f3loga.<\/p>\n","protected":false},"author":1,"featured_media":2113,"comment_status":"closed","ping_status":"closed","sticky":false,"template":"","format":"standard","meta":{"footnotes":"","_links_to":"","_links_to_target":""},"categories":[24,5],"tags":[58],"class_list":["post-2111","post","type-post","status-publish","format-standard","has-post-thumbnail","hentry","category-ciencia-tecnologia","category-europa","tag-reino-unido","entry","double"],"yoast_head":"<!-- This site is optimized with the Yoast SEO plugin v27.5 - https:\/\/yoast.com\/product\/yoast-seo-wordpress\/ -->\n<title>La infecci\u00f3n por Omicron podr\u00eda actuar como una &#039;vacuna natural&#039; para el Covid - ElCanillita.Info<\/title>\n<meta name=\"robots\" content=\"index, follow, max-snippet:-1, max-image-preview:large, max-video-preview:-1\" \/>\n<link rel=\"canonical\" href=\"https:\/\/elcanillita.info\/press\/2021\/12\/11\/infeccion-omicron-vacuna-natural-covid\/\" \/>\n<meta property=\"og:locale\" content=\"es_ES\" \/>\n<meta property=\"og:type\" content=\"article\" \/>\n<meta property=\"og:title\" content=\"La infecci\u00f3n por Omicron podr\u00eda actuar como una &#039;vacuna natural&#039; para el Covid - ElCanillita.Info\" \/>\n<meta property=\"og:description\" content=\"La captura de la variante omicron podr\u00eda actuar como una &quot;vacuna natural&quot; entre las personas que actualmente no est\u00e1n vacunadas contra el coronavirus, sugiri\u00f3 una inmun\u00f3loga.\" \/>\n<meta property=\"og:url\" content=\"https:\/\/elcanillita.info\/press\/2021\/12\/11\/infeccion-omicron-vacuna-natural-covid\/\" \/>\n<meta property=\"og:site_name\" content=\"ElCanillita.Info\" \/>\n<meta property=\"article:publisher\" content=\"https:\/\/ar-ar.facebook.com\/ElCanillitainfo-114249515285712\/\" \/>\n<meta property=\"article:published_time\" content=\"2021-12-11T19:08:55+00:00\" \/>\n<meta property=\"article:modified_time\" content=\"2021-12-11T19:08:56+00:00\" \/>\n<meta property=\"og:image\" content=\"https:\/\/elcanillita.info\/press\/images\/2021\/12\/mapomni.jpg\" \/>\n\t<meta property=\"og:image:width\" content=\"600\" \/>\n\t<meta property=\"og:image:height\" content=\"335\" \/>\n\t<meta property=\"og:image:type\" content=\"image\/jpeg\" \/>\n<meta name=\"author\" content=\"SalaStampa.eu, world press service\" \/>\n<meta name=\"twitter:card\" content=\"summary_large_image\" \/>\n<meta name=\"twitter:label1\" content=\"Escrito por\" \/>\n\t<meta name=\"twitter:data1\" content=\"SalaStampa.eu, world press service\" \/>\n\t<meta name=\"twitter:label2\" content=\"Tiempo de lectura\" \/>\n\t<meta name=\"twitter:data2\" content=\"2 minutos\" \/>\n<script type=\"application\/ld+json\" class=\"yoast-schema-graph\">{\"@context\":\"https:\\\/\\\/schema.org\",\"@graph\":[{\"@type\":\"Article\",\"@id\":\"https:\\\/\\\/elcanillita.info\\\/press\\\/2021\\\/12\\\/11\\\/infeccion-omicron-vacuna-natural-covid\\\/#article\",\"isPartOf\":{\"@id\":\"https:\\\/\\\/elcanillita.info\\\/press\\\/2021\\\/12\\\/11\\\/infeccion-omicron-vacuna-natural-covid\\\/\"},\"author\":{\"name\":\"SalaStampa.eu, world press service\",\"@id\":\"https:\\\/\\\/elcanillita.info\\\/press\\\/#\\\/schema\\\/person\\\/7fcb79f38045700919f7da6d97e71ba0\"},\"headline\":\"La infecci\u00f3n por Omicron podr\u00eda actuar como una &#8216;vacuna natural&#8217; para el Covid\",\"datePublished\":\"2021-12-11T19:08:55+00:00\",\"dateModified\":\"2021-12-11T19:08:56+00:00\",\"mainEntityOfPage\":{\"@id\":\"https:\\\/\\\/elcanillita.info\\\/press\\\/2021\\\/12\\\/11\\\/infeccion-omicron-vacuna-natural-covid\\\/\"},\"wordCount\":446,\"publisher\":{\"@id\":\"https:\\\/\\\/elcanillita.info\\\/press\\\/#organization\"},\"image\":{\"@id\":\"https:\\\/\\\/elcanillita.info\\\/press\\\/2021\\\/12\\\/11\\\/infeccion-omicron-vacuna-natural-covid\\\/#primaryimage\"},\"thumbnailUrl\":\"https:\\\/\\\/elcanillita.info\\\/press\\\/images\\\/2021\\\/12\\\/mapomni.jpg\",\"keywords\":[\"Reino Unido\"],\"articleSection\":[\"Ciencia y Tecnologia\",\"Europa\"],\"inLanguage\":\"es-AR\"},{\"@type\":\"WebPage\",\"@id\":\"https:\\\/\\\/elcanillita.info\\\/press\\\/2021\\\/12\\\/11\\\/infeccion-omicron-vacuna-natural-covid\\\/\",\"url\":\"https:\\\/\\\/elcanillita.info\\\/press\\\/2021\\\/12\\\/11\\\/infeccion-omicron-vacuna-natural-covid\\\/\",\"name\":\"La infecci\u00f3n por Omicron podr\u00eda actuar como una 'vacuna natural' para el Covid - ElCanillita.Info\",\"isPartOf\":{\"@id\":\"https:\\\/\\\/elcanillita.info\\\/press\\\/#website\"},\"primaryImageOfPage\":{\"@id\":\"https:\\\/\\\/elcanillita.info\\\/press\\\/2021\\\/12\\\/11\\\/infeccion-omicron-vacuna-natural-covid\\\/#primaryimage\"},\"image\":{\"@id\":\"https:\\\/\\\/elcanillita.info\\\/press\\\/2021\\\/12\\\/11\\\/infeccion-omicron-vacuna-natural-covid\\\/#primaryimage\"},\"thumbnailUrl\":\"https:\\\/\\\/elcanillita.info\\\/press\\\/images\\\/2021\\\/12\\\/mapomni.jpg\",\"datePublished\":\"2021-12-11T19:08:55+00:00\",\"dateModified\":\"2021-12-11T19:08:56+00:00\",\"inLanguage\":\"es-AR\",\"potentialAction\":[{\"@type\":\"ReadAction\",\"target\":[\"https:\\\/\\\/elcanillita.info\\\/press\\\/2021\\\/12\\\/11\\\/infeccion-omicron-vacuna-natural-covid\\\/\"]}]},{\"@type\":\"ImageObject\",\"inLanguage\":\"es-AR\",\"@id\":\"https:\\\/\\\/elcanillita.info\\\/press\\\/2021\\\/12\\\/11\\\/infeccion-omicron-vacuna-natural-covid\\\/#primaryimage\",\"url\":\"https:\\\/\\\/elcanillita.info\\\/press\\\/images\\\/2021\\\/12\\\/mapomni.jpg\",\"contentUrl\":\"https:\\\/\\\/elcanillita.info\\\/press\\\/images\\\/2021\\\/12\\\/mapomni.jpg\",\"width\":600,\"height\":335},{\"@type\":\"WebSite\",\"@id\":\"https:\\\/\\\/elcanillita.info\\\/press\\\/#website\",\"url\":\"https:\\\/\\\/elcanillita.info\\\/press\\\/\",\"name\":\"ElCanillita.Info\",\"description\":\"desde los Apeninos a los Andes\",\"publisher\":{\"@id\":\"https:\\\/\\\/elcanillita.info\\\/press\\\/#organization\"},\"potentialAction\":[{\"@type\":\"SearchAction\",\"target\":{\"@type\":\"EntryPoint\",\"urlTemplate\":\"https:\\\/\\\/elcanillita.info\\\/press\\\/?s={search_term_string}\"},\"query-input\":{\"@type\":\"PropertyValueSpecification\",\"valueRequired\":true,\"valueName\":\"search_term_string\"}}],\"inLanguage\":\"es-AR\"},{\"@type\":\"Organization\",\"@id\":\"https:\\\/\\\/elcanillita.info\\\/press\\\/#organization\",\"name\":\"Guzzo Photos & Graphic Publications\",\"url\":\"https:\\\/\\\/elcanillita.info\\\/press\\\/\",\"logo\":{\"@type\":\"ImageObject\",\"inLanguage\":\"es-AR\",\"@id\":\"https:\\\/\\\/elcanillita.info\\\/press\\\/#\\\/schema\\\/logo\\\/image\\\/\",\"url\":\"https:\\\/\\\/elcanillita.info\\\/press\\\/images\\\/2020\\\/01\\\/cropped-cropped-cropped-elcanillitainfo.png\",\"contentUrl\":\"https:\\\/\\\/elcanillita.info\\\/press\\\/images\\\/2020\\\/01\\\/cropped-cropped-cropped-elcanillitainfo.png\",\"width\":460,\"height\":50,\"caption\":\"Guzzo Photos & Graphic Publications\"},\"image\":{\"@id\":\"https:\\\/\\\/elcanillita.info\\\/press\\\/#\\\/schema\\\/logo\\\/image\\\/\"},\"sameAs\":[\"https:\\\/\\\/ar-ar.facebook.com\\\/ElCanillitainfo-114249515285712\\\/\"]},{\"@type\":\"Person\",\"@id\":\"https:\\\/\\\/elcanillita.info\\\/press\\\/#\\\/schema\\\/person\\\/7fcb79f38045700919f7da6d97e71ba0\",\"name\":\"SalaStampa.eu, world press service\",\"image\":{\"@type\":\"ImageObject\",\"inLanguage\":\"es-AR\",\"@id\":\"https:\\\/\\\/secure.gravatar.com\\\/avatar\\\/c2f0e0d515a107624234994507816ca4724c7199cef73fc8bedebf6931d73888?s=96&d=mm&r=g\",\"url\":\"https:\\\/\\\/secure.gravatar.com\\\/avatar\\\/c2f0e0d515a107624234994507816ca4724c7199cef73fc8bedebf6931d73888?s=96&d=mm&r=g\",\"contentUrl\":\"https:\\\/\\\/secure.gravatar.com\\\/avatar\\\/c2f0e0d515a107624234994507816ca4724c7199cef73fc8bedebf6931d73888?s=96&d=mm&r=g\",\"caption\":\"SalaStampa.eu, world press service\"}}]}<\/script>\n<!-- \/ Yoast SEO plugin. -->","yoast_head_json":{"title":"La infecci\u00f3n por Omicron podr\u00eda actuar como una 'vacuna natural' para el Covid - ElCanillita.Info","robots":{"index":"index","follow":"follow","max-snippet":"max-snippet:-1","max-image-preview":"max-image-preview:large","max-video-preview":"max-video-preview:-1"},"canonical":"https:\/\/elcanillita.info\/press\/2021\/12\/11\/infeccion-omicron-vacuna-natural-covid\/","og_locale":"es_ES","og_type":"article","og_title":"La infecci\u00f3n por Omicron podr\u00eda actuar como una 'vacuna natural' para el Covid - ElCanillita.Info","og_description":"La captura de la variante omicron podr\u00eda actuar como una \"vacuna natural\" entre las personas que actualmente no est\u00e1n vacunadas contra el coronavirus, sugiri\u00f3 una inmun\u00f3loga.","og_url":"https:\/\/elcanillita.info\/press\/2021\/12\/11\/infeccion-omicron-vacuna-natural-covid\/","og_site_name":"ElCanillita.Info","article_publisher":"https:\/\/ar-ar.facebook.com\/ElCanillitainfo-114249515285712\/","article_published_time":"2021-12-11T19:08:55+00:00","article_modified_time":"2021-12-11T19:08:56+00:00","og_image":[{"width":600,"height":335,"url":"https:\/\/elcanillita.info\/press\/images\/2021\/12\/mapomni.jpg","type":"image\/jpeg"}],"author":"SalaStampa.eu, world press service","twitter_card":"summary_large_image","twitter_misc":{"Escrito por":"SalaStampa.eu, world press service","Tiempo de lectura":"2 minutos"},"schema":{"@context":"https:\/\/schema.org","@graph":[{"@type":"Article","@id":"https:\/\/elcanillita.info\/press\/2021\/12\/11\/infeccion-omicron-vacuna-natural-covid\/#article","isPartOf":{"@id":"https:\/\/elcanillita.info\/press\/2021\/12\/11\/infeccion-omicron-vacuna-natural-covid\/"},"author":{"name":"SalaStampa.eu, world press service","@id":"https:\/\/elcanillita.info\/press\/#\/schema\/person\/7fcb79f38045700919f7da6d97e71ba0"},"headline":"La infecci\u00f3n por Omicron podr\u00eda actuar como una &#8216;vacuna natural&#8217; para el Covid","datePublished":"2021-12-11T19:08:55+00:00","dateModified":"2021-12-11T19:08:56+00:00","mainEntityOfPage":{"@id":"https:\/\/elcanillita.info\/press\/2021\/12\/11\/infeccion-omicron-vacuna-natural-covid\/"},"wordCount":446,"publisher":{"@id":"https:\/\/elcanillita.info\/press\/#organization"},"image":{"@id":"https:\/\/elcanillita.info\/press\/2021\/12\/11\/infeccion-omicron-vacuna-natural-covid\/#primaryimage"},"thumbnailUrl":"https:\/\/elcanillita.info\/press\/images\/2021\/12\/mapomni.jpg","keywords":["Reino Unido"],"articleSection":["Ciencia y Tecnologia","Europa"],"inLanguage":"es-AR"},{"@type":"WebPage","@id":"https:\/\/elcanillita.info\/press\/2021\/12\/11\/infeccion-omicron-vacuna-natural-covid\/","url":"https:\/\/elcanillita.info\/press\/2021\/12\/11\/infeccion-omicron-vacuna-natural-covid\/","name":"La infecci\u00f3n por Omicron podr\u00eda actuar como una 'vacuna natural' para el Covid - ElCanillita.Info","isPartOf":{"@id":"https:\/\/elcanillita.info\/press\/#website"},"primaryImageOfPage":{"@id":"https:\/\/elcanillita.info\/press\/2021\/12\/11\/infeccion-omicron-vacuna-natural-covid\/#primaryimage"},"image":{"@id":"https:\/\/elcanillita.info\/press\/2021\/12\/11\/infeccion-omicron-vacuna-natural-covid\/#primaryimage"},"thumbnailUrl":"https:\/\/elcanillita.info\/press\/images\/2021\/12\/mapomni.jpg","datePublished":"2021-12-11T19:08:55+00:00","dateModified":"2021-12-11T19:08:56+00:00","inLanguage":"es-AR","potentialAction":[{"@type":"ReadAction","target":["https:\/\/elcanillita.info\/press\/2021\/12\/11\/infeccion-omicron-vacuna-natural-covid\/"]}]},{"@type":"ImageObject","inLanguage":"es-AR","@id":"https:\/\/elcanillita.info\/press\/2021\/12\/11\/infeccion-omicron-vacuna-natural-covid\/#primaryimage","url":"https:\/\/elcanillita.info\/press\/images\/2021\/12\/mapomni.jpg","contentUrl":"https:\/\/elcanillita.info\/press\/images\/2021\/12\/mapomni.jpg","width":600,"height":335},{"@type":"WebSite","@id":"https:\/\/elcanillita.info\/press\/#website","url":"https:\/\/elcanillita.info\/press\/","name":"ElCanillita.Info","description":"desde los Apeninos a los Andes","publisher":{"@id":"https:\/\/elcanillita.info\/press\/#organization"},"potentialAction":[{"@type":"SearchAction","target":{"@type":"EntryPoint","urlTemplate":"https:\/\/elcanillita.info\/press\/?s={search_term_string}"},"query-input":{"@type":"PropertyValueSpecification","valueRequired":true,"valueName":"search_term_string"}}],"inLanguage":"es-AR"},{"@type":"Organization","@id":"https:\/\/elcanillita.info\/press\/#organization","name":"Guzzo Photos & Graphic Publications","url":"https:\/\/elcanillita.info\/press\/","logo":{"@type":"ImageObject","inLanguage":"es-AR","@id":"https:\/\/elcanillita.info\/press\/#\/schema\/logo\/image\/","url":"https:\/\/elcanillita.info\/press\/images\/2020\/01\/cropped-cropped-cropped-elcanillitainfo.png","contentUrl":"https:\/\/elcanillita.info\/press\/images\/2020\/01\/cropped-cropped-cropped-elcanillitainfo.png","width":460,"height":50,"caption":"Guzzo Photos & Graphic Publications"},"image":{"@id":"https:\/\/elcanillita.info\/press\/#\/schema\/logo\/image\/"},"sameAs":["https:\/\/ar-ar.facebook.com\/ElCanillitainfo-114249515285712\/"]},{"@type":"Person","@id":"https:\/\/elcanillita.info\/press\/#\/schema\/person\/7fcb79f38045700919f7da6d97e71ba0","name":"SalaStampa.eu, world press service","image":{"@type":"ImageObject","inLanguage":"es-AR","@id":"https:\/\/secure.gravatar.com\/avatar\/c2f0e0d515a107624234994507816ca4724c7199cef73fc8bedebf6931d73888?s=96&d=mm&r=g","url":"https:\/\/secure.gravatar.com\/avatar\/c2f0e0d515a107624234994507816ca4724c7199cef73fc8bedebf6931d73888?s=96&d=mm&r=g","contentUrl":"https:\/\/secure.gravatar.com\/avatar\/c2f0e0d515a107624234994507816ca4724c7199cef73fc8bedebf6931d73888?s=96&d=mm&r=g","caption":"SalaStampa.eu, world press service"}}]}},"views":626,"_links":{"self":[{"href":"https:\/\/elcanillita.info\/press\/wp-json\/wp\/v2\/posts\/2111","targetHints":{"allow":["GET"]}}],"collection":[{"href":"https:\/\/elcanillita.info\/press\/wp-json\/wp\/v2\/posts"}],"about":[{"href":"https:\/\/elcanillita.info\/press\/wp-json\/wp\/v2\/types\/post"}],"author":[{"embeddable":true,"href":"https:\/\/elcanillita.info\/press\/wp-json\/wp\/v2\/users\/1"}],"replies":[{"embeddable":true,"href":"https:\/\/elcanillita.info\/press\/wp-json\/wp\/v2\/comments?post=2111"}],"version-history":[{"count":0,"href":"https:\/\/elcanillita.info\/press\/wp-json\/wp\/v2\/posts\/2111\/revisions"}],"wp:featuredmedia":[{"embeddable":true,"href":"https:\/\/elcanillita.info\/press\/wp-json\/wp\/v2\/media\/2113"}],"wp:attachment":[{"href":"https:\/\/elcanillita.info\/press\/wp-json\/wp\/v2\/media?parent=2111"}],"wp:term":[{"taxonomy":"category","embeddable":true,"href":"https:\/\/elcanillita.info\/press\/wp-json\/wp\/v2\/categories?post=2111"},{"taxonomy":"post_tag","embeddable":true,"href":"https:\/\/elcanillita.info\/press\/wp-json\/wp\/v2\/tags?post=2111"}],"curies":[{"name":"wp","href":"https:\/\/api.w.org\/{rel}","templated":true}]}}