{"id":2104,"date":"2021-12-09T16:10:19","date_gmt":"2021-12-09T19:10:19","guid":{"rendered":"https:\/\/elcanillita.info\/press\/?p=2104"},"modified":"2021-12-09T16:13:09","modified_gmt":"2021-12-09T19:13:09","slug":"mecanografa-de-un-campo-nazi-acusada-de-exterminio","status":"publish","type":"post","link":"https:\/\/elcanillita.info\/press\/2021\/12\/09\/mecanografa-de-un-campo-nazi-acusada-de-exterminio\/","title":{"rendered":"Mecan\u00f3grafa de un campo nazi acusada de exterminio"},"content":{"rendered":"\n<div class=\"wp-block-image\"><figure class=\"alignleft size-full\"><img loading=\"lazy\" decoding=\"async\" width=\"600\" height=\"400\" src=\"https:\/\/elcanillita.info\/press\/images\/2021\/12\/IrmgardF.jpg\" alt=\"\" class=\"wp-image-2105\" srcset=\"https:\/\/elcanillita.info\/press\/images\/2021\/12\/IrmgardF.jpg 600w, https:\/\/elcanillita.info\/press\/images\/2021\/12\/IrmgardF-300x200.jpg 300w\" sizes=\"auto, (max-width: 600px) 100vw, 600px\" \/><figcaption><center>Irmgard Furchner en la corte<\/center><\/figcaption><\/figure><\/div>\n\n\n\n<p>Una ex mecan\u00f3grafa de 96 a\u00f1os de un campo de concentraci\u00f3n nazi es indirectamente culpable de las atrocidades perpetradas all\u00ed, dijo el martes un sobreviviente jud\u00edo despu\u00e9s de testificar en su juicio.<\/p>\n\n\n\n<p>Irmgard Furchner deber\u00eda tener problemas para dormir por la noche, dijo Josef Salomonovic al tribunal, mientras daba un testimonio desgarrador de sus propias experiencias.<\/p>\n\n\n\n<p>El hombre de 83 a\u00f1os cont\u00f3 que ten\u00eda seis a\u00f1os cuando su padre le dio un beso de despedida por \u00faltima vez antes de ser asesinado por inyecci\u00f3n letal, en el campo de concentraci\u00f3n de Stutthof.<\/p>\n\n\n\n<p>\u201cQuiz\u00e1s tenga problemas para dormir por la noche. S\u00e9 que s\u00ed \u201d, dijo, cuando un fiscal le pregunt\u00f3 si ten\u00eda alg\u00fan mensaje para la Sra. Furchner.<\/p>\n\n\n\n<p>Salomonovic fue el primer superviviente que testific\u00f3 en el juicio de la Sra. Furchner, acusada de ser c\u00f3mplice del asesinato de 11.412 personas en Stutthof entre 1943 y 1945.<\/p>\n\n\n\n<p>La Sra. Furchner se neg\u00f3 a comparecer en la primera audiencia de su juicio y se fug\u00f3 antes de ser arrestada.<br><br>El testigo y sobreviviente del campo de concentraci\u00f3n, Josef Salomonovic, estuvo presente  en la sala del tribunal el 7 de diciembre 2021, durante la continuaci\u00f3n del juicio a la acusada de 96 a\u00f1os, exsecretaria del comandante de las SS del campo de concentraci\u00f3n de Stutthof, en Itzehoe, en el norte de Alemania. <\/p>\n\n\n\n<p>Irmgard F., es la primera mujer en ser procesada por cr\u00edmenes de la era nazi en d\u00e9cadas, est\u00e1 acusada de complicidad en el asesinato de m\u00e1s de 10,000 personas en el campamento de Stutthof en la entonces ocupada Polonia.  El tribunal emiti\u00f3 una orden de arresto en la ciudad alemana de Itzehoe, despu\u00e9s de que la acusada abandonara la casa de retiro donde vivia, el 30 de septiembre de 2021 cuando su juicio estaba programado para comenzar.<\/p>\n\n\n\n<p>Ten\u00eda 18 a\u00f1os cuando empez\u00f3 a trabajar como mecan\u00f3grafa y taqu\u00edgrafa para el comandante del campo. Trabajaba en una oficina fuera del campo principal y afirma que no sab\u00eda nada sobre la matanza sistem\u00e1tica que tuvo lugar en el interior.<\/p>\n\n\n\n<p>Pero Salomonovic desestim\u00f3 ese argumento y dijo a los periodistas despu\u00e9s de la audiencia que ella era indirectamente culpable, incluso si todo lo que hizo fue sellar el certificado de defunci\u00f3n de su padre.<\/p>\n\n\n\n<p>Le mostr\u00f3 una foto de su padre a la Sra. Furchner en el tribunal y le dijo al tribunal que estaba testificando en nombre de su familia. \u201cNo es f\u00e1cil volver a repasar todo esto\u201d, dijo. \u201cEs un deber moral. No es agradable &#8220;.<\/p>\n\n\n\n<p>Le cont\u00f3 a la corte cuando era ni\u00f1o c\u00f3mo vio a su madre despojada de su ropa y posesiones por los nazis. Le hab\u00edan afeitado la cabeza y \u00e9l no la reconoci\u00f3.<\/p>\n\n\n\n<p>En un testimonio profundamente perturbador, describi\u00f3 c\u00f3mo sobrevivi\u00f3 a ocho campos de concentraci\u00f3n cuando era ni\u00f1o, incluido Auschwitz, pero dijo que Stutthof era el peor. <\/p>\n\n\n\n<p> Fue all\u00ed donde lo separaron de su padre y lo enviaron a Auschwitz porque no pod\u00eda trabajar.<\/p>\n\n\n\n<p>\u201cMe clasificaron como par\u00e1sito. Todo el que no pod\u00eda trabajar era un par\u00e1sito \u201d, dijo al tribunal. \u201cEntr\u00e9 en el vag\u00f3n de ganado y, por supuesto, no sab\u00eda que \u00edbamos a Auschwitz o que era la \u00faltima vez que ver\u00eda a mi padre. \u00c9l me bes\u00f3.&#8221;<\/p>\n\n\n\n<p>Su padre permaneci\u00f3 en Stutthof, donde lo mataron con una inyecci\u00f3n letal.<\/p>\n\n\n\n<p>Salomonovic sobrevivi\u00f3, junto con su madre, Dora, y un hermano mayor, Michael. \u201cMi madre dijo: tengo dos peticiones, \u00bfme pueden traer a mi hijo del campo de hombres al campo de mujeres? Y entonces ocurri\u00f3 el milagro. Y luego trajeron a mi hermano tambi\u00e9n \u201d, dijo.<\/p>\n\n\n\n<p>La familia era de Checosloavquia. Fueron enviados a los campos de concentraci\u00f3n porque eran jud\u00edos.<\/p>\n\n\n\n<p>&#8220;Lo peor fue el hambre y el fr\u00edo&#8221;, dijo Salomonovic, recordando c\u00f3mo se agachaba entre las piernas de su madre para calentarse.<\/p>\n\n\n\n<p>Record\u00f3 haber pensado que estaba a punto de morir hacia el final de la guerra, cuando lo enviaron a trabajar en una f\u00e1brica de municiones en Dresde, donde un oficial de las SS tom\u00f3 su arma y dijo: \u201cEsta inmundicia tiene que desaparecer\u201d.<\/p>\n\n\n\n<p>\u201cEso significaba que me deber\u00edan disparar. Pero luego hubo un bombardeo en Dresde y por eso sigo vivo \u201d, dijo.<br><br>\n<small>PanPress.eu  \/ SalaStampa.eu &#8211; Copyright \u00a9 2021 ElCanillita.info &#8211; Derechos reservados<\/small>\n<\/p>\n","protected":false},"excerpt":{"rendered":"<p>Irmgard Furchner, la acusada de 96 a\u00f1os, deber\u00eda tener problemas para dormir por la noche, dice un hombre que sobrevivi\u00f3 a ocho campos de concentraci\u00f3n cuando era ni\u00f1o.<\/p>\n","protected":false},"author":1,"featured_media":2106,"comment_status":"closed","ping_status":"closed","sticky":false,"template":"","format":"standard","meta":{"footnotes":"","_links_to":"","_links_to_target":""},"categories":[5,22],"tags":[],"class_list":["post-2104","post","type-post","status-publish","format-standard","has-post-thumbnail","hentry","category-europa","category-justicia","entry","double"],"yoast_head":"<!-- This site is optimized with the Yoast SEO plugin v27.4 - https:\/\/yoast.com\/product\/yoast-seo-wordpress\/ -->\n<title>Mecan\u00f3grafa de un campo nazi acusada de exterminio - ElCanillita.Info<\/title>\n<meta name=\"robots\" content=\"index, follow, max-snippet:-1, max-image-preview:large, max-video-preview:-1\" \/>\n<link rel=\"canonical\" href=\"https:\/\/elcanillita.info\/press\/2021\/12\/09\/mecanografa-de-un-campo-nazi-acusada-de-exterminio\/\" \/>\n<meta property=\"og:locale\" content=\"es_ES\" \/>\n<meta property=\"og:type\" content=\"article\" \/>\n<meta property=\"og:title\" content=\"Mecan\u00f3grafa de un campo nazi acusada de exterminio - ElCanillita.Info\" \/>\n<meta property=\"og:description\" content=\"Irmgard Furchner, la acusada de 96 a\u00f1os, deber\u00eda tener problemas para dormir por la noche, dice un hombre que sobrevivi\u00f3 a ocho campos de concentraci\u00f3n cuando era ni\u00f1o.\" \/>\n<meta property=\"og:url\" content=\"https:\/\/elcanillita.info\/press\/2021\/12\/09\/mecanografa-de-un-campo-nazi-acusada-de-exterminio\/\" \/>\n<meta property=\"og:site_name\" content=\"ElCanillita.Info\" \/>\n<meta property=\"article:publisher\" content=\"https:\/\/ar-ar.facebook.com\/ElCanillitainfo-114249515285712\/\" \/>\n<meta property=\"article:published_time\" content=\"2021-12-09T19:10:19+00:00\" \/>\n<meta property=\"article:modified_time\" content=\"2021-12-09T19:13:09+00:00\" \/>\n<meta property=\"og:image\" content=\"https:\/\/elcanillita.info\/press\/images\/2021\/12\/Irmgard2.jpg\" \/>\n\t<meta property=\"og:image:width\" content=\"600\" \/>\n\t<meta property=\"og:image:height\" content=\"400\" \/>\n\t<meta property=\"og:image:type\" content=\"image\/jpeg\" \/>\n<meta name=\"author\" content=\"SalaStampa.eu, world press service\" \/>\n<meta name=\"twitter:card\" content=\"summary_large_image\" \/>\n<meta name=\"twitter:label1\" content=\"Escrito por\" \/>\n\t<meta name=\"twitter:data1\" content=\"SalaStampa.eu, world press service\" \/>\n\t<meta name=\"twitter:label2\" content=\"Tiempo de lectura\" \/>\n\t<meta name=\"twitter:data2\" content=\"4 minutos\" \/>\n<script type=\"application\/ld+json\" class=\"yoast-schema-graph\">{\"@context\":\"https:\\\/\\\/schema.org\",\"@graph\":[{\"@type\":\"Article\",\"@id\":\"https:\\\/\\\/elcanillita.info\\\/press\\\/2021\\\/12\\\/09\\\/mecanografa-de-un-campo-nazi-acusada-de-exterminio\\\/#article\",\"isPartOf\":{\"@id\":\"https:\\\/\\\/elcanillita.info\\\/press\\\/2021\\\/12\\\/09\\\/mecanografa-de-un-campo-nazi-acusada-de-exterminio\\\/\"},\"author\":{\"name\":\"SalaStampa.eu, world press service\",\"@id\":\"https:\\\/\\\/elcanillita.info\\\/press\\\/#\\\/schema\\\/person\\\/7fcb79f38045700919f7da6d97e71ba0\"},\"headline\":\"Mecan\u00f3grafa de un campo nazi acusada de exterminio\",\"datePublished\":\"2021-12-09T19:10:19+00:00\",\"dateModified\":\"2021-12-09T19:13:09+00:00\",\"mainEntityOfPage\":{\"@id\":\"https:\\\/\\\/elcanillita.info\\\/press\\\/2021\\\/12\\\/09\\\/mecanografa-de-un-campo-nazi-acusada-de-exterminio\\\/\"},\"wordCount\":754,\"publisher\":{\"@id\":\"https:\\\/\\\/elcanillita.info\\\/press\\\/#organization\"},\"image\":{\"@id\":\"https:\\\/\\\/elcanillita.info\\\/press\\\/2021\\\/12\\\/09\\\/mecanografa-de-un-campo-nazi-acusada-de-exterminio\\\/#primaryimage\"},\"thumbnailUrl\":\"https:\\\/\\\/elcanillita.info\\\/press\\\/images\\\/2021\\\/12\\\/Irmgard2.jpg\",\"articleSection\":[\"Europa\",\"Justicia\"],\"inLanguage\":\"es-AR\"},{\"@type\":\"WebPage\",\"@id\":\"https:\\\/\\\/elcanillita.info\\\/press\\\/2021\\\/12\\\/09\\\/mecanografa-de-un-campo-nazi-acusada-de-exterminio\\\/\",\"url\":\"https:\\\/\\\/elcanillita.info\\\/press\\\/2021\\\/12\\\/09\\\/mecanografa-de-un-campo-nazi-acusada-de-exterminio\\\/\",\"name\":\"Mecan\u00f3grafa de un campo nazi acusada de exterminio - ElCanillita.Info\",\"isPartOf\":{\"@id\":\"https:\\\/\\\/elcanillita.info\\\/press\\\/#website\"},\"primaryImageOfPage\":{\"@id\":\"https:\\\/\\\/elcanillita.info\\\/press\\\/2021\\\/12\\\/09\\\/mecanografa-de-un-campo-nazi-acusada-de-exterminio\\\/#primaryimage\"},\"image\":{\"@id\":\"https:\\\/\\\/elcanillita.info\\\/press\\\/2021\\\/12\\\/09\\\/mecanografa-de-un-campo-nazi-acusada-de-exterminio\\\/#primaryimage\"},\"thumbnailUrl\":\"https:\\\/\\\/elcanillita.info\\\/press\\\/images\\\/2021\\\/12\\\/Irmgard2.jpg\",\"datePublished\":\"2021-12-09T19:10:19+00:00\",\"dateModified\":\"2021-12-09T19:13:09+00:00\",\"inLanguage\":\"es-AR\",\"potentialAction\":[{\"@type\":\"ReadAction\",\"target\":[\"https:\\\/\\\/elcanillita.info\\\/press\\\/2021\\\/12\\\/09\\\/mecanografa-de-un-campo-nazi-acusada-de-exterminio\\\/\"]}]},{\"@type\":\"ImageObject\",\"inLanguage\":\"es-AR\",\"@id\":\"https:\\\/\\\/elcanillita.info\\\/press\\\/2021\\\/12\\\/09\\\/mecanografa-de-un-campo-nazi-acusada-de-exterminio\\\/#primaryimage\",\"url\":\"https:\\\/\\\/elcanillita.info\\\/press\\\/images\\\/2021\\\/12\\\/Irmgard2.jpg\",\"contentUrl\":\"https:\\\/\\\/elcanillita.info\\\/press\\\/images\\\/2021\\\/12\\\/Irmgard2.jpg\",\"width\":600,\"height\":400},{\"@type\":\"WebSite\",\"@id\":\"https:\\\/\\\/elcanillita.info\\\/press\\\/#website\",\"url\":\"https:\\\/\\\/elcanillita.info\\\/press\\\/\",\"name\":\"ElCanillita.Info\",\"description\":\"desde los Apeninos a los Andes\",\"publisher\":{\"@id\":\"https:\\\/\\\/elcanillita.info\\\/press\\\/#organization\"},\"potentialAction\":[{\"@type\":\"SearchAction\",\"target\":{\"@type\":\"EntryPoint\",\"urlTemplate\":\"https:\\\/\\\/elcanillita.info\\\/press\\\/?s={search_term_string}\"},\"query-input\":{\"@type\":\"PropertyValueSpecification\",\"valueRequired\":true,\"valueName\":\"search_term_string\"}}],\"inLanguage\":\"es-AR\"},{\"@type\":\"Organization\",\"@id\":\"https:\\\/\\\/elcanillita.info\\\/press\\\/#organization\",\"name\":\"Guzzo Photos & Graphic Publications\",\"url\":\"https:\\\/\\\/elcanillita.info\\\/press\\\/\",\"logo\":{\"@type\":\"ImageObject\",\"inLanguage\":\"es-AR\",\"@id\":\"https:\\\/\\\/elcanillita.info\\\/press\\\/#\\\/schema\\\/logo\\\/image\\\/\",\"url\":\"https:\\\/\\\/elcanillita.info\\\/press\\\/images\\\/2020\\\/01\\\/cropped-cropped-cropped-elcanillitainfo.png\",\"contentUrl\":\"https:\\\/\\\/elcanillita.info\\\/press\\\/images\\\/2020\\\/01\\\/cropped-cropped-cropped-elcanillitainfo.png\",\"width\":460,\"height\":50,\"caption\":\"Guzzo Photos & Graphic Publications\"},\"image\":{\"@id\":\"https:\\\/\\\/elcanillita.info\\\/press\\\/#\\\/schema\\\/logo\\\/image\\\/\"},\"sameAs\":[\"https:\\\/\\\/ar-ar.facebook.com\\\/ElCanillitainfo-114249515285712\\\/\"]},{\"@type\":\"Person\",\"@id\":\"https:\\\/\\\/elcanillita.info\\\/press\\\/#\\\/schema\\\/person\\\/7fcb79f38045700919f7da6d97e71ba0\",\"name\":\"SalaStampa.eu, world press service\",\"image\":{\"@type\":\"ImageObject\",\"inLanguage\":\"es-AR\",\"@id\":\"https:\\\/\\\/secure.gravatar.com\\\/avatar\\\/c2f0e0d515a107624234994507816ca4724c7199cef73fc8bedebf6931d73888?s=96&d=mm&r=g\",\"url\":\"https:\\\/\\\/secure.gravatar.com\\\/avatar\\\/c2f0e0d515a107624234994507816ca4724c7199cef73fc8bedebf6931d73888?s=96&d=mm&r=g\",\"contentUrl\":\"https:\\\/\\\/secure.gravatar.com\\\/avatar\\\/c2f0e0d515a107624234994507816ca4724c7199cef73fc8bedebf6931d73888?s=96&d=mm&r=g\",\"caption\":\"SalaStampa.eu, world press service\"}}]}<\/script>\n<!-- \/ Yoast SEO plugin. -->","yoast_head_json":{"title":"Mecan\u00f3grafa de un campo nazi acusada de exterminio - ElCanillita.Info","robots":{"index":"index","follow":"follow","max-snippet":"max-snippet:-1","max-image-preview":"max-image-preview:large","max-video-preview":"max-video-preview:-1"},"canonical":"https:\/\/elcanillita.info\/press\/2021\/12\/09\/mecanografa-de-un-campo-nazi-acusada-de-exterminio\/","og_locale":"es_ES","og_type":"article","og_title":"Mecan\u00f3grafa de un campo nazi acusada de exterminio - ElCanillita.Info","og_description":"Irmgard Furchner, la acusada de 96 a\u00f1os, deber\u00eda tener problemas para dormir por la noche, dice un hombre que sobrevivi\u00f3 a ocho campos de concentraci\u00f3n cuando era ni\u00f1o.","og_url":"https:\/\/elcanillita.info\/press\/2021\/12\/09\/mecanografa-de-un-campo-nazi-acusada-de-exterminio\/","og_site_name":"ElCanillita.Info","article_publisher":"https:\/\/ar-ar.facebook.com\/ElCanillitainfo-114249515285712\/","article_published_time":"2021-12-09T19:10:19+00:00","article_modified_time":"2021-12-09T19:13:09+00:00","og_image":[{"width":600,"height":400,"url":"https:\/\/elcanillita.info\/press\/images\/2021\/12\/Irmgard2.jpg","type":"image\/jpeg"}],"author":"SalaStampa.eu, world press service","twitter_card":"summary_large_image","twitter_misc":{"Escrito por":"SalaStampa.eu, world press service","Tiempo de lectura":"4 minutos"},"schema":{"@context":"https:\/\/schema.org","@graph":[{"@type":"Article","@id":"https:\/\/elcanillita.info\/press\/2021\/12\/09\/mecanografa-de-un-campo-nazi-acusada-de-exterminio\/#article","isPartOf":{"@id":"https:\/\/elcanillita.info\/press\/2021\/12\/09\/mecanografa-de-un-campo-nazi-acusada-de-exterminio\/"},"author":{"name":"SalaStampa.eu, world press service","@id":"https:\/\/elcanillita.info\/press\/#\/schema\/person\/7fcb79f38045700919f7da6d97e71ba0"},"headline":"Mecan\u00f3grafa de un campo nazi acusada de exterminio","datePublished":"2021-12-09T19:10:19+00:00","dateModified":"2021-12-09T19:13:09+00:00","mainEntityOfPage":{"@id":"https:\/\/elcanillita.info\/press\/2021\/12\/09\/mecanografa-de-un-campo-nazi-acusada-de-exterminio\/"},"wordCount":754,"publisher":{"@id":"https:\/\/elcanillita.info\/press\/#organization"},"image":{"@id":"https:\/\/elcanillita.info\/press\/2021\/12\/09\/mecanografa-de-un-campo-nazi-acusada-de-exterminio\/#primaryimage"},"thumbnailUrl":"https:\/\/elcanillita.info\/press\/images\/2021\/12\/Irmgard2.jpg","articleSection":["Europa","Justicia"],"inLanguage":"es-AR"},{"@type":"WebPage","@id":"https:\/\/elcanillita.info\/press\/2021\/12\/09\/mecanografa-de-un-campo-nazi-acusada-de-exterminio\/","url":"https:\/\/elcanillita.info\/press\/2021\/12\/09\/mecanografa-de-un-campo-nazi-acusada-de-exterminio\/","name":"Mecan\u00f3grafa de un campo nazi acusada de exterminio - ElCanillita.Info","isPartOf":{"@id":"https:\/\/elcanillita.info\/press\/#website"},"primaryImageOfPage":{"@id":"https:\/\/elcanillita.info\/press\/2021\/12\/09\/mecanografa-de-un-campo-nazi-acusada-de-exterminio\/#primaryimage"},"image":{"@id":"https:\/\/elcanillita.info\/press\/2021\/12\/09\/mecanografa-de-un-campo-nazi-acusada-de-exterminio\/#primaryimage"},"thumbnailUrl":"https:\/\/elcanillita.info\/press\/images\/2021\/12\/Irmgard2.jpg","datePublished":"2021-12-09T19:10:19+00:00","dateModified":"2021-12-09T19:13:09+00:00","inLanguage":"es-AR","potentialAction":[{"@type":"ReadAction","target":["https:\/\/elcanillita.info\/press\/2021\/12\/09\/mecanografa-de-un-campo-nazi-acusada-de-exterminio\/"]}]},{"@type":"ImageObject","inLanguage":"es-AR","@id":"https:\/\/elcanillita.info\/press\/2021\/12\/09\/mecanografa-de-un-campo-nazi-acusada-de-exterminio\/#primaryimage","url":"https:\/\/elcanillita.info\/press\/images\/2021\/12\/Irmgard2.jpg","contentUrl":"https:\/\/elcanillita.info\/press\/images\/2021\/12\/Irmgard2.jpg","width":600,"height":400},{"@type":"WebSite","@id":"https:\/\/elcanillita.info\/press\/#website","url":"https:\/\/elcanillita.info\/press\/","name":"ElCanillita.Info","description":"desde los Apeninos a los Andes","publisher":{"@id":"https:\/\/elcanillita.info\/press\/#organization"},"potentialAction":[{"@type":"SearchAction","target":{"@type":"EntryPoint","urlTemplate":"https:\/\/elcanillita.info\/press\/?s={search_term_string}"},"query-input":{"@type":"PropertyValueSpecification","valueRequired":true,"valueName":"search_term_string"}}],"inLanguage":"es-AR"},{"@type":"Organization","@id":"https:\/\/elcanillita.info\/press\/#organization","name":"Guzzo Photos & Graphic Publications","url":"https:\/\/elcanillita.info\/press\/","logo":{"@type":"ImageObject","inLanguage":"es-AR","@id":"https:\/\/elcanillita.info\/press\/#\/schema\/logo\/image\/","url":"https:\/\/elcanillita.info\/press\/images\/2020\/01\/cropped-cropped-cropped-elcanillitainfo.png","contentUrl":"https:\/\/elcanillita.info\/press\/images\/2020\/01\/cropped-cropped-cropped-elcanillitainfo.png","width":460,"height":50,"caption":"Guzzo Photos & Graphic Publications"},"image":{"@id":"https:\/\/elcanillita.info\/press\/#\/schema\/logo\/image\/"},"sameAs":["https:\/\/ar-ar.facebook.com\/ElCanillitainfo-114249515285712\/"]},{"@type":"Person","@id":"https:\/\/elcanillita.info\/press\/#\/schema\/person\/7fcb79f38045700919f7da6d97e71ba0","name":"SalaStampa.eu, world press service","image":{"@type":"ImageObject","inLanguage":"es-AR","@id":"https:\/\/secure.gravatar.com\/avatar\/c2f0e0d515a107624234994507816ca4724c7199cef73fc8bedebf6931d73888?s=96&d=mm&r=g","url":"https:\/\/secure.gravatar.com\/avatar\/c2f0e0d515a107624234994507816ca4724c7199cef73fc8bedebf6931d73888?s=96&d=mm&r=g","contentUrl":"https:\/\/secure.gravatar.com\/avatar\/c2f0e0d515a107624234994507816ca4724c7199cef73fc8bedebf6931d73888?s=96&d=mm&r=g","caption":"SalaStampa.eu, world press service"}}]}},"views":547,"_links":{"self":[{"href":"https:\/\/elcanillita.info\/press\/wp-json\/wp\/v2\/posts\/2104","targetHints":{"allow":["GET"]}}],"collection":[{"href":"https:\/\/elcanillita.info\/press\/wp-json\/wp\/v2\/posts"}],"about":[{"href":"https:\/\/elcanillita.info\/press\/wp-json\/wp\/v2\/types\/post"}],"author":[{"embeddable":true,"href":"https:\/\/elcanillita.info\/press\/wp-json\/wp\/v2\/users\/1"}],"replies":[{"embeddable":true,"href":"https:\/\/elcanillita.info\/press\/wp-json\/wp\/v2\/comments?post=2104"}],"version-history":[{"count":0,"href":"https:\/\/elcanillita.info\/press\/wp-json\/wp\/v2\/posts\/2104\/revisions"}],"wp:featuredmedia":[{"embeddable":true,"href":"https:\/\/elcanillita.info\/press\/wp-json\/wp\/v2\/media\/2106"}],"wp:attachment":[{"href":"https:\/\/elcanillita.info\/press\/wp-json\/wp\/v2\/media?parent=2104"}],"wp:term":[{"taxonomy":"category","embeddable":true,"href":"https:\/\/elcanillita.info\/press\/wp-json\/wp\/v2\/categories?post=2104"},{"taxonomy":"post_tag","embeddable":true,"href":"https:\/\/elcanillita.info\/press\/wp-json\/wp\/v2\/tags?post=2104"}],"curies":[{"name":"wp","href":"https:\/\/api.w.org\/{rel}","templated":true}]}}