{"id":2099,"date":"2021-12-06T14:57:59","date_gmt":"2021-12-06T17:57:59","guid":{"rendered":"https:\/\/elcanillita.info\/press\/?p=2099"},"modified":"2021-12-06T15:07:25","modified_gmt":"2021-12-06T18:07:25","slug":"eric-zemmour-violencia-mitin-politico","status":"publish","type":"post","link":"https:\/\/elcanillita.info\/press\/2021\/12\/06\/eric-zemmour-violencia-mitin-politico\/","title":{"rendered":"Eric Zemmour se enzarza con la violencia en su primer mitin pol\u00edtico"},"content":{"rendered":"\n<div class=\"wp-block-image\"><figure class=\"alignleft size-full\"><img loading=\"lazy\" decoding=\"async\" width=\"600\" height=\"400\" src=\"https:\/\/elcanillita.info\/press\/images\/2021\/12\/mitin1.jpg\" alt=\"\" class=\"wp-image-2100\" srcset=\"https:\/\/elcanillita.info\/press\/images\/2021\/12\/mitin1.jpg 600w, https:\/\/elcanillita.info\/press\/images\/2021\/12\/mitin1-300x200.jpg 300w\" sizes=\"auto, (max-width: 600px) 100vw, 600px\" \/><figcaption>Un hombre agrede violentamente a Eric Zemmour mientras se dirig\u00eda al palco donde mantendra su discurso<\/figcaption><\/figure><\/div>\n\n\n\n<p>El candidato presidencial de la derecha dura francesa, Eric Zemmour, sufri\u00f3 una lesi\u00f3n en la mu\u00f1eca despu\u00e9s de que un manifestante lo agrediera cuando estall\u00f3 la violencia durante su primer mitin pol\u00edtico el domingo.<\/p>\n\n\n\n<p>El autor y comentarista de televisi\u00f3n, de 63 a\u00f1os, sufri\u00f3 la lesi\u00f3n cuando un hombre le aferr\u00f3 violentamente mientras se dirig\u00eda al escenario en un gigantesco centro de exposiciones al noreste de Par\u00eds, dijo un ayudante a la AFP.<\/p>\n\n\n\n<p>En un discurso de una hora y media ante una multitud estimada en 10.000 personas, Zemmour prometi\u00f3 &#8220;reconquistar&#8221; Francia y expuso su visi\u00f3n de &#8220;inmigraci\u00f3n cero&#8221;, al tiempo que lanzaba mensajes contra la izquierda y los principales medios de comunicaci\u00f3n.<\/p>\n\n\n\n<p>&#8220;Si gano estas elecciones, no ser\u00e1 otra rotaci\u00f3n de poder, sino una reconquista del mayor pa\u00eds del mundo&#8221;, dijo entre los v\u00edtores de la multitud. &#8220;\u00danase a nosotros&#8221;.<\/p>\n\n\n\n<p>En escenas ca\u00f3ticas, el candidato presidencial fue sometido brevemente a una llave de cabeza por un manifestante antes de que su equipo de seguridad interviniera.<\/p>\n\n\n\n<p>Dijo que llamaba a su partido &#8220;Reconquista&#8221;, un nombre que evoca el periodo hist\u00f3rico conocido como la Reconquista, cuando las fuerzas cristianas expulsaron a los gobernantes musulmanes de la pen\u00ednsula ib\u00e9rica.<\/p>\n\n\n\n<p>&#8220;Desde la primera semana de mi mandato, la inmigraci\u00f3n cero se convertir\u00e1 en un objetivo claro de nuestra pol\u00edtica&#8221;, dijo Zemmour, al que se ha descrito como el Donald Trump franc\u00e9s, a sus partidarios que ondeaban la bandera en una sala de exposiciones.<\/p>\n\n\n\n<p>Durante su discurso, una docena de activistas de la campa\u00f1a francesa SOS Racisme se pusieron en pie al grito de &#8220;No al racismo&#8221;, lo que provoc\u00f3 que los asistentes se lanzaran pu\u00f1etazos y sillas, seg\u00fan mostraron las im\u00e1genes.<\/p>\n\n\n\n<p>Los ataques dejaron al menos a una de las manifestantes con la frente ensangrentada. Varios otros activistas fueron brutalmente agredidos y arrastrados fuera de la sala. Los enfrentamientos continuaron en el exterior de la sala de exposiciones entre los activistas antirracistas y los guardias de seguridad, seg\u00fan los informes.<\/p>\n\n\n\n<p>Los reporteros de un programa de televisi\u00f3n franc\u00e9s que cubre la pol\u00edtica fueron abucheados e insultados por los partidarios de Zemmour antes de su discurso, por lo que fueron escoltados brevemente fuera de la sala por los guardias de seguridad. Volvieron poco despu\u00e9s, pero Zemmour critic\u00f3 duramente a los medios de comunicaci\u00f3n en su discurso.<\/p>\n\n\n\n<p>&#8220;Se meten en mi vida privada, me llaman de todo\u2026 Mis adversarios quieren mi muerte pol\u00edtica, los periodistas quieren mi muerte social y los yihadistas quieren mi muerte&#8221;, dijo.  <\/p>\n\n\n\n<div class=\"wp-block-image\"><figure class=\"alignleft size-full\"><img loading=\"lazy\" decoding=\"async\" width=\"600\" height=\"400\" src=\"https:\/\/elcanillita.info\/press\/images\/2021\/12\/mitin.jpg\" alt=\"\" class=\"wp-image-2101\" srcset=\"https:\/\/elcanillita.info\/press\/images\/2021\/12\/mitin.jpg 600w, https:\/\/elcanillita.info\/press\/images\/2021\/12\/mitin-300x200.jpg 300w\" sizes=\"auto, (max-width: 600px) 100vw, 600px\" \/><figcaption> El candidato presidencial franc\u00e9s Eric Zemmour levanta los brazos ante la multitud en su primer mitin <\/figcaption><\/figure><\/div>\n\n\n\n<p>Zemmour, que ha sido condenado por incitar al odio racial, es el principal contrincante de la veterana ultraderechista Marine Le Pen por un puesto en la segunda vuelta de las elecciones del pr\u00f3ximo abril, muy probablemente contra el presidente Emmanuel Macron.<\/p>\n\n\n\n<p>Conocido por sus provocadoras declaraciones contra el islam y la inmigraci\u00f3n, se ha ganado el apoyo tanto de la base de votantes de Le Pen como de la corriente principal de la derecha conservadora.<\/p>\n\n\n\n<p>En medio de aplausos, Zemmour esboz\u00f3 una serie de propuestas contra la inmigraci\u00f3n, como limitar el n\u00famero de solicitantes de asilo a un &#8220;pu\u00f1ado&#8221; cada a\u00f1o.<\/p>\n\n\n\n<p>Dijo que eliminar\u00eda los programas de reagrupaci\u00f3n familiar y se deshar\u00eda de los extranjeros desempleados despu\u00e9s de seis meses.<\/p>\n\n\n\n<p>&#8220;Francia debe ser generosa con los nuestros&#8221;, dijo.<\/p>\n\n\n\n<p> El mitin fue tambi\u00e9n una oportunidad para que el candidato de 63 a\u00f1os recuperara el impulso despu\u00e9s de haber tropezado en las encuestas tras su espectacular entrada en la pol\u00edtica francesa en septiembre.<\/p>\n\n\n\n<p>Al grito de &#8220;\u00a1Zezu Presidente!&#8221; o cantando el himno nacional de la Marsellesa, los seguidores se colocaron con octavillas que proclamaban una candidatura antiinmigrante &#8220;para que Francia siga siendo francesa&#8221;.<\/p>\n\n\n\n<p>&#8220;Esperamos que con el anuncio de su candidatura y con este encuentro se relance un poco&#8221;, dijo Maxence Mike, un estudiante de 22 a\u00f1os, a la agencia de noticias francesa AFP.<\/p>\n\n\n\n<p>&#8220;Hay un malestar en Francia, una crisis de civilizaciones y problemas de seguridad, y por ahora \u00e9l es el \u00fanico que tiene el coraje de plantear estos problemas con claridad&#8221;, dijo Jacques Ohana, un cirujano parisino de 65 a\u00f1os, se\u00f1alando que al igual que Zemmour ten\u00eda or\u00edgenes norteafricanos. <\/p>\n\n\n\n<p>En otro lugar de Par\u00eds se celebr\u00f3 ayer una protesta contra Zemmour, organizada por m\u00e1s de 50 organizaciones, entre ellas partidos pol\u00edticos de extrema izquierda, sindicatos y grupos antirracistas. La polic\u00eda tem\u00eda que se produjeran enfrentamientos con los partidarios de extrema derecha del experto.<\/p>\n\n\n\n<p>En un mitin pol\u00edtico m\u00e1s peque\u00f1o, el candidato de la izquierda dura, Jean-Luc Melenchon, se opuso al giro a la derecha, diciendo a sus partidarios: &#8220;No, Francia no es todo sobre la derecha&#8221;: &#8220;No, Francia no es todo ultraderecha, Francia es tambi\u00e9n seguridad social, sanidad p\u00fablica&#8221;.<br><br><small>PanPress.eu  \/ SalaStampa.eu &#8211; Copyright \u00a9 2021 ElCanillita.info &#8211; Derechos reservados<\/small><\/p>\n","protected":false},"excerpt":{"rendered":"<p>Protesta contra Zemmour, organizada por m\u00e1s de 50 organizaciones, entre ellas partidos pol\u00edticos de extrema izquierda, sindicatos y grupos antirracistas. <\/p>\n","protected":false},"author":1,"featured_media":2102,"comment_status":"closed","ping_status":"closed","sticky":false,"template":"","format":"standard","meta":{"footnotes":"","_links_to":"","_links_to_target":""},"categories":[5,23],"tags":[80],"class_list":["post-2099","post","type-post","status-publish","format-standard","has-post-thumbnail","hentry","category-europa","category-politica","tag-francia","entry","double"],"yoast_head":"<!-- This site is optimized with the Yoast SEO plugin v27.5 - https:\/\/yoast.com\/product\/yoast-seo-wordpress\/ -->\n<title>Eric Zemmour se enzarza con la violencia en su primer mitin pol\u00edtico - ElCanillita.Info<\/title>\n<meta name=\"robots\" content=\"index, follow, max-snippet:-1, max-image-preview:large, max-video-preview:-1\" \/>\n<link rel=\"canonical\" href=\"https:\/\/elcanillita.info\/press\/2021\/12\/06\/eric-zemmour-violencia-mitin-politico\/\" \/>\n<meta property=\"og:locale\" content=\"es_ES\" \/>\n<meta property=\"og:type\" content=\"article\" \/>\n<meta property=\"og:title\" content=\"Eric Zemmour se enzarza con la violencia en su primer mitin pol\u00edtico - ElCanillita.Info\" \/>\n<meta property=\"og:description\" content=\"Protesta contra Zemmour, organizada por m\u00e1s de 50 organizaciones, entre ellas partidos pol\u00edticos de extrema izquierda, sindicatos y grupos antirracistas.\" \/>\n<meta property=\"og:url\" content=\"https:\/\/elcanillita.info\/press\/2021\/12\/06\/eric-zemmour-violencia-mitin-politico\/\" \/>\n<meta property=\"og:site_name\" content=\"ElCanillita.Info\" \/>\n<meta property=\"article:publisher\" content=\"https:\/\/ar-ar.facebook.com\/ElCanillitainfo-114249515285712\/\" \/>\n<meta property=\"article:published_time\" content=\"2021-12-06T17:57:59+00:00\" \/>\n<meta property=\"article:modified_time\" content=\"2021-12-06T18:07:25+00:00\" \/>\n<meta property=\"og:image\" content=\"https:\/\/elcanillita.info\/press\/images\/2021\/12\/mitin2.jpg\" \/>\n\t<meta property=\"og:image:width\" content=\"600\" \/>\n\t<meta property=\"og:image:height\" content=\"400\" \/>\n\t<meta property=\"og:image:type\" content=\"image\/jpeg\" \/>\n<meta name=\"author\" content=\"SalaStampa.eu, world press service\" \/>\n<meta name=\"twitter:card\" content=\"summary_large_image\" \/>\n<meta name=\"twitter:label1\" content=\"Escrito por\" \/>\n\t<meta name=\"twitter:data1\" content=\"SalaStampa.eu, world press service\" \/>\n\t<meta name=\"twitter:label2\" content=\"Tiempo de lectura\" \/>\n\t<meta name=\"twitter:data2\" content=\"4 minutos\" \/>\n<script type=\"application\/ld+json\" class=\"yoast-schema-graph\">{\"@context\":\"https:\\\/\\\/schema.org\",\"@graph\":[{\"@type\":\"Article\",\"@id\":\"https:\\\/\\\/elcanillita.info\\\/press\\\/2021\\\/12\\\/06\\\/eric-zemmour-violencia-mitin-politico\\\/#article\",\"isPartOf\":{\"@id\":\"https:\\\/\\\/elcanillita.info\\\/press\\\/2021\\\/12\\\/06\\\/eric-zemmour-violencia-mitin-politico\\\/\"},\"author\":{\"name\":\"SalaStampa.eu, world press service\",\"@id\":\"https:\\\/\\\/elcanillita.info\\\/press\\\/#\\\/schema\\\/person\\\/7fcb79f38045700919f7da6d97e71ba0\"},\"headline\":\"Eric Zemmour se enzarza con la violencia en su primer mitin pol\u00edtico\",\"datePublished\":\"2021-12-06T17:57:59+00:00\",\"dateModified\":\"2021-12-06T18:07:25+00:00\",\"mainEntityOfPage\":{\"@id\":\"https:\\\/\\\/elcanillita.info\\\/press\\\/2021\\\/12\\\/06\\\/eric-zemmour-violencia-mitin-politico\\\/\"},\"wordCount\":885,\"publisher\":{\"@id\":\"https:\\\/\\\/elcanillita.info\\\/press\\\/#organization\"},\"image\":{\"@id\":\"https:\\\/\\\/elcanillita.info\\\/press\\\/2021\\\/12\\\/06\\\/eric-zemmour-violencia-mitin-politico\\\/#primaryimage\"},\"thumbnailUrl\":\"https:\\\/\\\/elcanillita.info\\\/press\\\/images\\\/2021\\\/12\\\/mitin2.jpg\",\"keywords\":[\"Francia\"],\"articleSection\":[\"Europa\",\"Politica\"],\"inLanguage\":\"es-AR\"},{\"@type\":\"WebPage\",\"@id\":\"https:\\\/\\\/elcanillita.info\\\/press\\\/2021\\\/12\\\/06\\\/eric-zemmour-violencia-mitin-politico\\\/\",\"url\":\"https:\\\/\\\/elcanillita.info\\\/press\\\/2021\\\/12\\\/06\\\/eric-zemmour-violencia-mitin-politico\\\/\",\"name\":\"Eric Zemmour se enzarza con la violencia en su primer mitin pol\u00edtico - ElCanillita.Info\",\"isPartOf\":{\"@id\":\"https:\\\/\\\/elcanillita.info\\\/press\\\/#website\"},\"primaryImageOfPage\":{\"@id\":\"https:\\\/\\\/elcanillita.info\\\/press\\\/2021\\\/12\\\/06\\\/eric-zemmour-violencia-mitin-politico\\\/#primaryimage\"},\"image\":{\"@id\":\"https:\\\/\\\/elcanillita.info\\\/press\\\/2021\\\/12\\\/06\\\/eric-zemmour-violencia-mitin-politico\\\/#primaryimage\"},\"thumbnailUrl\":\"https:\\\/\\\/elcanillita.info\\\/press\\\/images\\\/2021\\\/12\\\/mitin2.jpg\",\"datePublished\":\"2021-12-06T17:57:59+00:00\",\"dateModified\":\"2021-12-06T18:07:25+00:00\",\"inLanguage\":\"es-AR\",\"potentialAction\":[{\"@type\":\"ReadAction\",\"target\":[\"https:\\\/\\\/elcanillita.info\\\/press\\\/2021\\\/12\\\/06\\\/eric-zemmour-violencia-mitin-politico\\\/\"]}]},{\"@type\":\"ImageObject\",\"inLanguage\":\"es-AR\",\"@id\":\"https:\\\/\\\/elcanillita.info\\\/press\\\/2021\\\/12\\\/06\\\/eric-zemmour-violencia-mitin-politico\\\/#primaryimage\",\"url\":\"https:\\\/\\\/elcanillita.info\\\/press\\\/images\\\/2021\\\/12\\\/mitin2.jpg\",\"contentUrl\":\"https:\\\/\\\/elcanillita.info\\\/press\\\/images\\\/2021\\\/12\\\/mitin2.jpg\",\"width\":600,\"height\":400},{\"@type\":\"WebSite\",\"@id\":\"https:\\\/\\\/elcanillita.info\\\/press\\\/#website\",\"url\":\"https:\\\/\\\/elcanillita.info\\\/press\\\/\",\"name\":\"ElCanillita.Info\",\"description\":\"desde los Apeninos a los Andes\",\"publisher\":{\"@id\":\"https:\\\/\\\/elcanillita.info\\\/press\\\/#organization\"},\"potentialAction\":[{\"@type\":\"SearchAction\",\"target\":{\"@type\":\"EntryPoint\",\"urlTemplate\":\"https:\\\/\\\/elcanillita.info\\\/press\\\/?s={search_term_string}\"},\"query-input\":{\"@type\":\"PropertyValueSpecification\",\"valueRequired\":true,\"valueName\":\"search_term_string\"}}],\"inLanguage\":\"es-AR\"},{\"@type\":\"Organization\",\"@id\":\"https:\\\/\\\/elcanillita.info\\\/press\\\/#organization\",\"name\":\"Guzzo Photos & Graphic Publications\",\"url\":\"https:\\\/\\\/elcanillita.info\\\/press\\\/\",\"logo\":{\"@type\":\"ImageObject\",\"inLanguage\":\"es-AR\",\"@id\":\"https:\\\/\\\/elcanillita.info\\\/press\\\/#\\\/schema\\\/logo\\\/image\\\/\",\"url\":\"https:\\\/\\\/elcanillita.info\\\/press\\\/images\\\/2020\\\/01\\\/cropped-cropped-cropped-elcanillitainfo.png\",\"contentUrl\":\"https:\\\/\\\/elcanillita.info\\\/press\\\/images\\\/2020\\\/01\\\/cropped-cropped-cropped-elcanillitainfo.png\",\"width\":460,\"height\":50,\"caption\":\"Guzzo Photos & Graphic Publications\"},\"image\":{\"@id\":\"https:\\\/\\\/elcanillita.info\\\/press\\\/#\\\/schema\\\/logo\\\/image\\\/\"},\"sameAs\":[\"https:\\\/\\\/ar-ar.facebook.com\\\/ElCanillitainfo-114249515285712\\\/\"]},{\"@type\":\"Person\",\"@id\":\"https:\\\/\\\/elcanillita.info\\\/press\\\/#\\\/schema\\\/person\\\/7fcb79f38045700919f7da6d97e71ba0\",\"name\":\"SalaStampa.eu, world press service\",\"image\":{\"@type\":\"ImageObject\",\"inLanguage\":\"es-AR\",\"@id\":\"https:\\\/\\\/secure.gravatar.com\\\/avatar\\\/c2f0e0d515a107624234994507816ca4724c7199cef73fc8bedebf6931d73888?s=96&d=mm&r=g\",\"url\":\"https:\\\/\\\/secure.gravatar.com\\\/avatar\\\/c2f0e0d515a107624234994507816ca4724c7199cef73fc8bedebf6931d73888?s=96&d=mm&r=g\",\"contentUrl\":\"https:\\\/\\\/secure.gravatar.com\\\/avatar\\\/c2f0e0d515a107624234994507816ca4724c7199cef73fc8bedebf6931d73888?s=96&d=mm&r=g\",\"caption\":\"SalaStampa.eu, world press service\"}}]}<\/script>\n<!-- \/ Yoast SEO plugin. -->","yoast_head_json":{"title":"Eric Zemmour se enzarza con la violencia en su primer mitin pol\u00edtico - ElCanillita.Info","robots":{"index":"index","follow":"follow","max-snippet":"max-snippet:-1","max-image-preview":"max-image-preview:large","max-video-preview":"max-video-preview:-1"},"canonical":"https:\/\/elcanillita.info\/press\/2021\/12\/06\/eric-zemmour-violencia-mitin-politico\/","og_locale":"es_ES","og_type":"article","og_title":"Eric Zemmour se enzarza con la violencia en su primer mitin pol\u00edtico - ElCanillita.Info","og_description":"Protesta contra Zemmour, organizada por m\u00e1s de 50 organizaciones, entre ellas partidos pol\u00edticos de extrema izquierda, sindicatos y grupos antirracistas.","og_url":"https:\/\/elcanillita.info\/press\/2021\/12\/06\/eric-zemmour-violencia-mitin-politico\/","og_site_name":"ElCanillita.Info","article_publisher":"https:\/\/ar-ar.facebook.com\/ElCanillitainfo-114249515285712\/","article_published_time":"2021-12-06T17:57:59+00:00","article_modified_time":"2021-12-06T18:07:25+00:00","og_image":[{"width":600,"height":400,"url":"https:\/\/elcanillita.info\/press\/images\/2021\/12\/mitin2.jpg","type":"image\/jpeg"}],"author":"SalaStampa.eu, world press service","twitter_card":"summary_large_image","twitter_misc":{"Escrito por":"SalaStampa.eu, world press service","Tiempo de lectura":"4 minutos"},"schema":{"@context":"https:\/\/schema.org","@graph":[{"@type":"Article","@id":"https:\/\/elcanillita.info\/press\/2021\/12\/06\/eric-zemmour-violencia-mitin-politico\/#article","isPartOf":{"@id":"https:\/\/elcanillita.info\/press\/2021\/12\/06\/eric-zemmour-violencia-mitin-politico\/"},"author":{"name":"SalaStampa.eu, world press service","@id":"https:\/\/elcanillita.info\/press\/#\/schema\/person\/7fcb79f38045700919f7da6d97e71ba0"},"headline":"Eric Zemmour se enzarza con la violencia en su primer mitin pol\u00edtico","datePublished":"2021-12-06T17:57:59+00:00","dateModified":"2021-12-06T18:07:25+00:00","mainEntityOfPage":{"@id":"https:\/\/elcanillita.info\/press\/2021\/12\/06\/eric-zemmour-violencia-mitin-politico\/"},"wordCount":885,"publisher":{"@id":"https:\/\/elcanillita.info\/press\/#organization"},"image":{"@id":"https:\/\/elcanillita.info\/press\/2021\/12\/06\/eric-zemmour-violencia-mitin-politico\/#primaryimage"},"thumbnailUrl":"https:\/\/elcanillita.info\/press\/images\/2021\/12\/mitin2.jpg","keywords":["Francia"],"articleSection":["Europa","Politica"],"inLanguage":"es-AR"},{"@type":"WebPage","@id":"https:\/\/elcanillita.info\/press\/2021\/12\/06\/eric-zemmour-violencia-mitin-politico\/","url":"https:\/\/elcanillita.info\/press\/2021\/12\/06\/eric-zemmour-violencia-mitin-politico\/","name":"Eric Zemmour se enzarza con la violencia en su primer mitin pol\u00edtico - ElCanillita.Info","isPartOf":{"@id":"https:\/\/elcanillita.info\/press\/#website"},"primaryImageOfPage":{"@id":"https:\/\/elcanillita.info\/press\/2021\/12\/06\/eric-zemmour-violencia-mitin-politico\/#primaryimage"},"image":{"@id":"https:\/\/elcanillita.info\/press\/2021\/12\/06\/eric-zemmour-violencia-mitin-politico\/#primaryimage"},"thumbnailUrl":"https:\/\/elcanillita.info\/press\/images\/2021\/12\/mitin2.jpg","datePublished":"2021-12-06T17:57:59+00:00","dateModified":"2021-12-06T18:07:25+00:00","inLanguage":"es-AR","potentialAction":[{"@type":"ReadAction","target":["https:\/\/elcanillita.info\/press\/2021\/12\/06\/eric-zemmour-violencia-mitin-politico\/"]}]},{"@type":"ImageObject","inLanguage":"es-AR","@id":"https:\/\/elcanillita.info\/press\/2021\/12\/06\/eric-zemmour-violencia-mitin-politico\/#primaryimage","url":"https:\/\/elcanillita.info\/press\/images\/2021\/12\/mitin2.jpg","contentUrl":"https:\/\/elcanillita.info\/press\/images\/2021\/12\/mitin2.jpg","width":600,"height":400},{"@type":"WebSite","@id":"https:\/\/elcanillita.info\/press\/#website","url":"https:\/\/elcanillita.info\/press\/","name":"ElCanillita.Info","description":"desde los Apeninos a los Andes","publisher":{"@id":"https:\/\/elcanillita.info\/press\/#organization"},"potentialAction":[{"@type":"SearchAction","target":{"@type":"EntryPoint","urlTemplate":"https:\/\/elcanillita.info\/press\/?s={search_term_string}"},"query-input":{"@type":"PropertyValueSpecification","valueRequired":true,"valueName":"search_term_string"}}],"inLanguage":"es-AR"},{"@type":"Organization","@id":"https:\/\/elcanillita.info\/press\/#organization","name":"Guzzo Photos & Graphic Publications","url":"https:\/\/elcanillita.info\/press\/","logo":{"@type":"ImageObject","inLanguage":"es-AR","@id":"https:\/\/elcanillita.info\/press\/#\/schema\/logo\/image\/","url":"https:\/\/elcanillita.info\/press\/images\/2020\/01\/cropped-cropped-cropped-elcanillitainfo.png","contentUrl":"https:\/\/elcanillita.info\/press\/images\/2020\/01\/cropped-cropped-cropped-elcanillitainfo.png","width":460,"height":50,"caption":"Guzzo Photos & Graphic Publications"},"image":{"@id":"https:\/\/elcanillita.info\/press\/#\/schema\/logo\/image\/"},"sameAs":["https:\/\/ar-ar.facebook.com\/ElCanillitainfo-114249515285712\/"]},{"@type":"Person","@id":"https:\/\/elcanillita.info\/press\/#\/schema\/person\/7fcb79f38045700919f7da6d97e71ba0","name":"SalaStampa.eu, world press service","image":{"@type":"ImageObject","inLanguage":"es-AR","@id":"https:\/\/secure.gravatar.com\/avatar\/c2f0e0d515a107624234994507816ca4724c7199cef73fc8bedebf6931d73888?s=96&d=mm&r=g","url":"https:\/\/secure.gravatar.com\/avatar\/c2f0e0d515a107624234994507816ca4724c7199cef73fc8bedebf6931d73888?s=96&d=mm&r=g","contentUrl":"https:\/\/secure.gravatar.com\/avatar\/c2f0e0d515a107624234994507816ca4724c7199cef73fc8bedebf6931d73888?s=96&d=mm&r=g","caption":"SalaStampa.eu, world press service"}}]}},"views":583,"_links":{"self":[{"href":"https:\/\/elcanillita.info\/press\/wp-json\/wp\/v2\/posts\/2099","targetHints":{"allow":["GET"]}}],"collection":[{"href":"https:\/\/elcanillita.info\/press\/wp-json\/wp\/v2\/posts"}],"about":[{"href":"https:\/\/elcanillita.info\/press\/wp-json\/wp\/v2\/types\/post"}],"author":[{"embeddable":true,"href":"https:\/\/elcanillita.info\/press\/wp-json\/wp\/v2\/users\/1"}],"replies":[{"embeddable":true,"href":"https:\/\/elcanillita.info\/press\/wp-json\/wp\/v2\/comments?post=2099"}],"version-history":[{"count":0,"href":"https:\/\/elcanillita.info\/press\/wp-json\/wp\/v2\/posts\/2099\/revisions"}],"wp:featuredmedia":[{"embeddable":true,"href":"https:\/\/elcanillita.info\/press\/wp-json\/wp\/v2\/media\/2102"}],"wp:attachment":[{"href":"https:\/\/elcanillita.info\/press\/wp-json\/wp\/v2\/media?parent=2099"}],"wp:term":[{"taxonomy":"category","embeddable":true,"href":"https:\/\/elcanillita.info\/press\/wp-json\/wp\/v2\/categories?post=2099"},{"taxonomy":"post_tag","embeddable":true,"href":"https:\/\/elcanillita.info\/press\/wp-json\/wp\/v2\/tags?post=2099"}],"curies":[{"name":"wp","href":"https:\/\/api.w.org\/{rel}","templated":true}]}}