{"id":2049,"date":"2021-10-31T02:23:54","date_gmt":"2021-10-31T05:23:54","guid":{"rendered":"https:\/\/elcanillita.info\/press\/?p=2049"},"modified":"2021-10-31T02:27:53","modified_gmt":"2021-10-31T05:27:53","slug":"boris-johnson-exige-ue-frene-emmanuel-macron","status":"publish","type":"post","link":"https:\/\/elcanillita.info\/press\/2021\/10\/31\/boris-johnson-exige-ue-frene-emmanuel-macron\/","title":{"rendered":"Boris Johnson exige a la UE que frene a Emmanuel Macron"},"content":{"rendered":"\n<div class=\"wp-block-image\"><figure class=\"aligncenter size-full\"><img loading=\"lazy\" decoding=\"async\" width=\"640\" height=\"400\" src=\"https:\/\/elcanillita.info\/press\/images\/2021\/10\/boz-macron.webp\" alt=\"\" class=\"wp-image-2050\" srcset=\"https:\/\/elcanillita.info\/press\/images\/2021\/10\/boz-macron.webp 640w, https:\/\/elcanillita.info\/press\/images\/2021\/10\/boz-macron-300x188.webp 300w\" sizes=\"auto, (max-width: 640px) 100vw, 640px\" \/><figcaption><center>El presidente franc\u00e9s E.Macron (izq.) gesticula mientras habla con el primer ministro brit\u00e1nico Boris Johnson<\/center><\/figcaption><\/figure><\/div>\n\n\n\n<p>Johnson ha advertido de que las amenazas de Francia pueden hacer que la Uni\u00f3n Europea incumpla su acuerdo comercial tras el Brexit.<\/p>\n\n\n\n<p>Boris Johnson ha instado a Bruselas a frenar a Francia mientras Gran Breta\u00f1a acusa a Emmanuel Macron de participar en un &#8220;patr\u00f3n&#8221; de amenazas contra el Reino Unido.<\/p>\n\n\n\n<p>En una reuni\u00f3n con Ursula von der Leyen, la presidente de la Comisi\u00f3n Europea, en Roma, Johnson se quej\u00f3 de la ret\u00f3rica agresiva de Francia y exigi\u00f3 una explicaci\u00f3n sobre una carta del primer ministro del pa\u00eds que dec\u00eda que hab\u00eda que demostrar a Gran Breta\u00f1a que el Brexit es &#8220;perjudicial&#8221;.<\/p>\n\n\n\n<p>Altas fuentes del gobierno dijeron que la carta, de Jean Castex a la Sra. Von der Leyen, suger\u00eda que la UE podr\u00eda no haber estado negociando de &#8220;buena fe&#8221; sobre Irlanda del Norte, que actualmente es objeto de un virtual impasse entre las dos partes.<\/p>\n\n\n\n<p>Johnson advirti\u00f3 a la se\u00f1ora Von der Leyen de que las amenazas de Francia de bloquear el desembarco de barcos pesqueros brit\u00e1nicos en los puertos del pa\u00eds, reforzar los controles de los buques y camiones del Reino Unido, e incluso interrumpir el suministro de electricidad a Jersey, pondr\u00edan a toda la UE en peligro de incumplimiento de su acuerdo comercial post-Brexit con el Reino Unido.<\/p>\n\n\n\n<p><strong>Si Francia sigue adelante, pondr\u00e1 a toda la UE en infracci\u00f3n<\/strong><\/p>\n\n\n\n<p>Una fuente del gobierno dijo: &#8220;La UE tiene que hacer algo aqu\u00ed porque si Francia sigue adelante pondr\u00e1 a toda la UE en incumplimiento&#8221;.<\/p>\n\n\n\n<p>Los ministros del gabinete han acusado a Macron de intensificar deliberadamente la disputa pesquera con Gran Breta\u00f1a en un intento de aumentar su popularidad en Francia, como parte de un intento de evitar ser desbancado por los rivales nacionalistas en las elecciones presidenciales del pr\u00f3ximo a\u00f1o.<\/p>\n\n\n\n<div class=\"wp-block-image\"><figure class=\"aligncenter size-full\"><img loading=\"lazy\" decoding=\"async\" width=\"600\" height=\"400\" src=\"https:\/\/elcanillita.info\/press\/images\/2021\/10\/coliseo.jpg\" alt=\"\" class=\"wp-image-2051\" srcset=\"https:\/\/elcanillita.info\/press\/images\/2021\/10\/coliseo.jpg 600w, https:\/\/elcanillita.info\/press\/images\/2021\/10\/coliseo-300x200.jpg 300w\" sizes=\"auto, (max-width: 600px) 100vw, 600px\" \/><\/figure><\/div>\n\n\n\n<p>\u00c9ste domingo, Macron y Johnson hablar\u00e1n de la disputa cara a cara cuando se re\u00fanan al margen del G20. El s\u00e1bado, los dos hombres intercambiaron un choque de pu\u00f1os simulado al llegar a una foto de grupo de los l\u00edderes del G7. Sus esposas, Carrie Johnson y Brigitte Macron, fueron fotografiadas juntas en el Coliseo.<\/p>\n\n\n\n<p>La Sra. Johnson junto a las parejas de los l\u00edderes mundiales durante el programa conyugal del G20 en Roma<\/p>\n\n\n\n<p>El lunes, los ministros celebrar\u00e1n una reuni\u00f3n del comit\u00e9 del Gabinete de Gran Breta\u00f1a Global para discutir la respuesta brit\u00e1nica a las amenazas de Francia y las negociaciones de Lord Frost con la UE sobre Irlanda del Norte.<\/p>\n\n\n\n<p>Queda claro que altos cargos del gobierno han estado discutiendo planes para aumentar el uso de los puertos belgas y holandeses para enviar carga desde y hacia el Reino Unido a la luz de las amenazas de Francia, con el fin de reducir dr\u00e1sticamente la dependencia de Gran Breta\u00f1a a largo plazo.<\/p>\n\n\n\n<p>Una fuente de Whitehall afirm\u00f3 que una de las ideas que se est\u00e1n debatiendo, es ofrecer a las empresas &#8220;incentivos&#8221; para que utilicen rutas distintas de los &#8220;estrechos cortos&#8221; entre Inglaterra y Francia.<\/p>\n\n\n\n<p>El plan, que se encuentra en una fase inicial, implicar\u00eda el gasto de grandes sumas de dinero para potenciar las infraestructuras de los puertos menos utilizados, con el fin de crear una capacidad suficiente para alejar el comercio de las rutas m\u00e1s populares, incluidas las de Dover y Folkestone a Calais.<\/p>\n\n\n\n<p>El plan se dise\u00f1ar\u00eda para &#8220;reducir la posible influencia de Francia en caso de que intente causar trastornos&#8221;.<\/p>\n\n\n\n<p>El s\u00e1bado, Johnson dijo que hab\u00eda &#8220;algunas turbulencias en la relaci\u00f3n&#8221; con Francia tras la carta de Castex, que afirmaba que era &#8220;esencial dejar claro\u2026 que salir de la uni\u00f3n es m\u00e1s perjudicial que permanecer en ella&#8221;.<\/p>\n\n\n\n<p>El ministro insinu\u00f3 que Gran Breta\u00f1a podr\u00eda activar el mecanismo de disputa en el acuerdo comercial post-Brexit entre el Reino Unido y la UE tan pronto como esta semana, en relaci\u00f3n con la disputa pesquera con Francia.<\/p>\n\n\n\n<p>Tras la reuni\u00f3n de Johnson con la Sra. von der Leyen en la cumbre del G20 en Roma, un portavoz de Downing Street dijo: &#8220;El Primer Ministro\u2026 plante\u00f3 su preocupaci\u00f3n por la ret\u00f3rica del gobierno franc\u00e9s en los \u00faltimos d\u00edas sobre la cuesti\u00f3n de las licencias de pesca.<\/p>\n\n\n\n<p>&#8220;El Primer Ministro subray\u00f3 que las amenazas francesas son completamente injustificadas y no parecen ser compatibles con el Acuerdo de Comercio y Cooperaci\u00f3n entre el Reino Unido y la UE ni con el derecho internacional en general&#8221;.<\/p>\n\n\n\n<p>Una alta fuente del gobierno dijo: &#8220;La carta plantea definitivamente la cuesti\u00f3n de c\u00f3mo est\u00e1 actuando la UE y si est\u00e1 actuando o no de buena fe en torno a las negociaciones&#8221;.<\/p>\n\n\n\n<p><strong>El n\u00famero 10, &#8220;preocupado y sorprendido&#8221; por la respuesta francesa<\/strong><\/p>\n\n\n\n<p>Lord Frost, negociador del Reino Unido para el Brexit, tuite\u00f3 m\u00e1s tarde que el Gobierno estaba &#8220;preocupado y sorprendido&#8221; por los comentarios del Sr. Castex, y a\u00f1adi\u00f3: &#8220;Espero que esta opini\u00f3n no se extienda por toda la UE. Verla expresada de esta manera es claramente muy preocupante y muy problem\u00e1tica en el contexto actual en el que estamos tratando de resolver muchas cuestiones muy delicadas, incluido el Protocolo sobre Irlanda del Norte&#8221;.<\/p>\n\n\n\n<p>&#8220;Esto es tanto m\u00e1s as\u00ed cuanto que las amenazas hechas por Francia esta semana a nuestra industria pesquera, a los suministros de energ\u00eda y a la futura cooperaci\u00f3n, por ejemplo, a trav\u00e9s del programa de investigaci\u00f3n Horizonte, lamentablemente forman parte de un patr\u00f3n que ha persistido durante gran parte de este a\u00f1o&#8221;.<\/p>\n\n\n\n<p>Las amenazas francesas se produjeron tras el enfado de Par\u00eds por las decisiones del Reino Unido y Jersey de denegar las licencias de pesca a docenas de barcos franceses para acceder a las aguas brit\u00e1nicas. Francia ha advertido que tomar\u00e1 medidas de represalia si el conflicto no se resuelve antes del martes.<\/p>\n\n\n\n<p>Fuentes del Reino Unido advirtieron de que es &#8220;responsabilidad de la UE&#8221; cumplir con el acuerdo comercial post-Brexit, que el Sr. Johnson dijo a la Sra. von der Leyen que ahora est\u00e1 amenazado.<\/p>\n\n\n\n<p>Una fuente del Reino Unido dijo sobre las acciones de Francia: &#8220;No es el tipo de diplomacia que se espera de un vecino cercano y plantea preguntas sobre si todas las acciones francesas deben juzgarse ahora en el contexto de su determinaci\u00f3n de mostrar el Brexit como un fracaso&#8221;.<\/p>\n\n\n\n<p>El s\u00e1bado, Jean-Marc Puissesseau, presidente de los puertos de Calais y Boulogne-sur-Mer, dijo que la disputa y las posteriores amenazas sobre los derechos de pesca eran &#8220;rid\u00edculas&#8221;.<\/p>\n\n\n\n<p>En declaraciones al programa &#8220;Today&#8221; de Radio 4 de la BBC, Puissesseau dijo que habr\u00eda consecuencias &#8220;terribles&#8221; si Francia cumpl\u00eda su amenaza de bloquear a los arrastreros brit\u00e1nicos de los puertos franceses por la decisi\u00f3n de denegar a &#8220;s\u00f3lo 40 barcos peque\u00f1os&#8221; las licencias para pescar en aguas del Reino Unido.<br><br><small>Copyright \u00a9 2021 ElCanillita.info &#8211; PanPress.eu \/ SalaStampa.eu <\/small>\n<\/p>\n","protected":false},"excerpt":{"rendered":"<p>El primer ministro Johnson advierte que las amenazas pesqueras de Francia demuestran que las negociaciones del Brexit &#8220;no fueron de buena fe&#8221;.<\/p>\n","protected":false},"author":1,"featured_media":2052,"comment_status":"closed","ping_status":"closed","sticky":false,"template":"","format":"standard","meta":{"footnotes":"","_links_to":"","_links_to_target":""},"categories":[5,23],"tags":[58],"class_list":["post-2049","post","type-post","status-publish","format-standard","has-post-thumbnail","hentry","category-europa","category-politica","tag-reino-unido","entry","double"],"yoast_head":"<!-- This site is optimized with the Yoast SEO plugin v27.5 - https:\/\/yoast.com\/product\/yoast-seo-wordpress\/ -->\n<title>Boris Johnson exige a la UE que frene a Emmanuel Macron - ElCanillita.Info<\/title>\n<meta name=\"robots\" content=\"index, follow, max-snippet:-1, max-image-preview:large, max-video-preview:-1\" \/>\n<link rel=\"canonical\" href=\"https:\/\/elcanillita.info\/press\/2021\/10\/31\/boris-johnson-exige-ue-frene-emmanuel-macron\/\" \/>\n<meta property=\"og:locale\" content=\"es_ES\" \/>\n<meta property=\"og:type\" content=\"article\" \/>\n<meta property=\"og:title\" content=\"Boris Johnson exige a la UE que frene a Emmanuel Macron - ElCanillita.Info\" \/>\n<meta property=\"og:description\" content=\"El primer ministro Johnson advierte que las amenazas pesqueras de Francia demuestran que las negociaciones del Brexit &quot;no fueron de buena fe&quot;.\" \/>\n<meta property=\"og:url\" content=\"https:\/\/elcanillita.info\/press\/2021\/10\/31\/boris-johnson-exige-ue-frene-emmanuel-macron\/\" \/>\n<meta property=\"og:site_name\" content=\"ElCanillita.Info\" \/>\n<meta property=\"article:publisher\" content=\"https:\/\/ar-ar.facebook.com\/ElCanillitainfo-114249515285712\/\" \/>\n<meta property=\"article:published_time\" content=\"2021-10-31T05:23:54+00:00\" \/>\n<meta property=\"article:modified_time\" content=\"2021-10-31T05:27:53+00:00\" \/>\n<meta property=\"og:image\" content=\"https:\/\/elcanillita.info\/press\/images\/2021\/10\/callais.jpg\" \/>\n\t<meta property=\"og:image:width\" content=\"600\" \/>\n\t<meta property=\"og:image:height\" content=\"438\" \/>\n\t<meta property=\"og:image:type\" content=\"image\/jpeg\" \/>\n<meta name=\"author\" content=\"SalaStampa.eu, world press service\" \/>\n<meta name=\"twitter:card\" content=\"summary_large_image\" \/>\n<meta name=\"twitter:label1\" content=\"Escrito por\" \/>\n\t<meta name=\"twitter:data1\" content=\"SalaStampa.eu, world press service\" \/>\n\t<meta name=\"twitter:label2\" content=\"Tiempo de lectura\" \/>\n\t<meta name=\"twitter:data2\" content=\"6 minutos\" \/>\n<script type=\"application\/ld+json\" class=\"yoast-schema-graph\">{\"@context\":\"https:\\\/\\\/schema.org\",\"@graph\":[{\"@type\":\"Article\",\"@id\":\"https:\\\/\\\/elcanillita.info\\\/press\\\/2021\\\/10\\\/31\\\/boris-johnson-exige-ue-frene-emmanuel-macron\\\/#article\",\"isPartOf\":{\"@id\":\"https:\\\/\\\/elcanillita.info\\\/press\\\/2021\\\/10\\\/31\\\/boris-johnson-exige-ue-frene-emmanuel-macron\\\/\"},\"author\":{\"name\":\"SalaStampa.eu, world press service\",\"@id\":\"https:\\\/\\\/elcanillita.info\\\/press\\\/#\\\/schema\\\/person\\\/7fcb79f38045700919f7da6d97e71ba0\"},\"headline\":\"Boris Johnson exige a la UE que frene a Emmanuel Macron\",\"datePublished\":\"2021-10-31T05:23:54+00:00\",\"dateModified\":\"2021-10-31T05:27:53+00:00\",\"mainEntityOfPage\":{\"@id\":\"https:\\\/\\\/elcanillita.info\\\/press\\\/2021\\\/10\\\/31\\\/boris-johnson-exige-ue-frene-emmanuel-macron\\\/\"},\"wordCount\":1207,\"publisher\":{\"@id\":\"https:\\\/\\\/elcanillita.info\\\/press\\\/#organization\"},\"image\":{\"@id\":\"https:\\\/\\\/elcanillita.info\\\/press\\\/2021\\\/10\\\/31\\\/boris-johnson-exige-ue-frene-emmanuel-macron\\\/#primaryimage\"},\"thumbnailUrl\":\"https:\\\/\\\/elcanillita.info\\\/press\\\/images\\\/2021\\\/10\\\/callais.jpg\",\"keywords\":[\"Reino Unido\"],\"articleSection\":[\"Europa\",\"Politica\"],\"inLanguage\":\"es-AR\"},{\"@type\":\"WebPage\",\"@id\":\"https:\\\/\\\/elcanillita.info\\\/press\\\/2021\\\/10\\\/31\\\/boris-johnson-exige-ue-frene-emmanuel-macron\\\/\",\"url\":\"https:\\\/\\\/elcanillita.info\\\/press\\\/2021\\\/10\\\/31\\\/boris-johnson-exige-ue-frene-emmanuel-macron\\\/\",\"name\":\"Boris Johnson exige a la UE que frene a Emmanuel Macron - ElCanillita.Info\",\"isPartOf\":{\"@id\":\"https:\\\/\\\/elcanillita.info\\\/press\\\/#website\"},\"primaryImageOfPage\":{\"@id\":\"https:\\\/\\\/elcanillita.info\\\/press\\\/2021\\\/10\\\/31\\\/boris-johnson-exige-ue-frene-emmanuel-macron\\\/#primaryimage\"},\"image\":{\"@id\":\"https:\\\/\\\/elcanillita.info\\\/press\\\/2021\\\/10\\\/31\\\/boris-johnson-exige-ue-frene-emmanuel-macron\\\/#primaryimage\"},\"thumbnailUrl\":\"https:\\\/\\\/elcanillita.info\\\/press\\\/images\\\/2021\\\/10\\\/callais.jpg\",\"datePublished\":\"2021-10-31T05:23:54+00:00\",\"dateModified\":\"2021-10-31T05:27:53+00:00\",\"inLanguage\":\"es-AR\",\"potentialAction\":[{\"@type\":\"ReadAction\",\"target\":[\"https:\\\/\\\/elcanillita.info\\\/press\\\/2021\\\/10\\\/31\\\/boris-johnson-exige-ue-frene-emmanuel-macron\\\/\"]}]},{\"@type\":\"ImageObject\",\"inLanguage\":\"es-AR\",\"@id\":\"https:\\\/\\\/elcanillita.info\\\/press\\\/2021\\\/10\\\/31\\\/boris-johnson-exige-ue-frene-emmanuel-macron\\\/#primaryimage\",\"url\":\"https:\\\/\\\/elcanillita.info\\\/press\\\/images\\\/2021\\\/10\\\/callais.jpg\",\"contentUrl\":\"https:\\\/\\\/elcanillita.info\\\/press\\\/images\\\/2021\\\/10\\\/callais.jpg\",\"width\":600,\"height\":438},{\"@type\":\"WebSite\",\"@id\":\"https:\\\/\\\/elcanillita.info\\\/press\\\/#website\",\"url\":\"https:\\\/\\\/elcanillita.info\\\/press\\\/\",\"name\":\"ElCanillita.Info\",\"description\":\"desde los Apeninos a los Andes\",\"publisher\":{\"@id\":\"https:\\\/\\\/elcanillita.info\\\/press\\\/#organization\"},\"potentialAction\":[{\"@type\":\"SearchAction\",\"target\":{\"@type\":\"EntryPoint\",\"urlTemplate\":\"https:\\\/\\\/elcanillita.info\\\/press\\\/?s={search_term_string}\"},\"query-input\":{\"@type\":\"PropertyValueSpecification\",\"valueRequired\":true,\"valueName\":\"search_term_string\"}}],\"inLanguage\":\"es-AR\"},{\"@type\":\"Organization\",\"@id\":\"https:\\\/\\\/elcanillita.info\\\/press\\\/#organization\",\"name\":\"Guzzo Photos & Graphic Publications\",\"url\":\"https:\\\/\\\/elcanillita.info\\\/press\\\/\",\"logo\":{\"@type\":\"ImageObject\",\"inLanguage\":\"es-AR\",\"@id\":\"https:\\\/\\\/elcanillita.info\\\/press\\\/#\\\/schema\\\/logo\\\/image\\\/\",\"url\":\"https:\\\/\\\/elcanillita.info\\\/press\\\/images\\\/2020\\\/01\\\/cropped-cropped-cropped-elcanillitainfo.png\",\"contentUrl\":\"https:\\\/\\\/elcanillita.info\\\/press\\\/images\\\/2020\\\/01\\\/cropped-cropped-cropped-elcanillitainfo.png\",\"width\":460,\"height\":50,\"caption\":\"Guzzo Photos & Graphic Publications\"},\"image\":{\"@id\":\"https:\\\/\\\/elcanillita.info\\\/press\\\/#\\\/schema\\\/logo\\\/image\\\/\"},\"sameAs\":[\"https:\\\/\\\/ar-ar.facebook.com\\\/ElCanillitainfo-114249515285712\\\/\"]},{\"@type\":\"Person\",\"@id\":\"https:\\\/\\\/elcanillita.info\\\/press\\\/#\\\/schema\\\/person\\\/7fcb79f38045700919f7da6d97e71ba0\",\"name\":\"SalaStampa.eu, world press service\",\"image\":{\"@type\":\"ImageObject\",\"inLanguage\":\"es-AR\",\"@id\":\"https:\\\/\\\/secure.gravatar.com\\\/avatar\\\/c2f0e0d515a107624234994507816ca4724c7199cef73fc8bedebf6931d73888?s=96&d=mm&r=g\",\"url\":\"https:\\\/\\\/secure.gravatar.com\\\/avatar\\\/c2f0e0d515a107624234994507816ca4724c7199cef73fc8bedebf6931d73888?s=96&d=mm&r=g\",\"contentUrl\":\"https:\\\/\\\/secure.gravatar.com\\\/avatar\\\/c2f0e0d515a107624234994507816ca4724c7199cef73fc8bedebf6931d73888?s=96&d=mm&r=g\",\"caption\":\"SalaStampa.eu, world press service\"}}]}<\/script>\n<!-- \/ Yoast SEO plugin. -->","yoast_head_json":{"title":"Boris Johnson exige a la UE que frene a Emmanuel Macron - ElCanillita.Info","robots":{"index":"index","follow":"follow","max-snippet":"max-snippet:-1","max-image-preview":"max-image-preview:large","max-video-preview":"max-video-preview:-1"},"canonical":"https:\/\/elcanillita.info\/press\/2021\/10\/31\/boris-johnson-exige-ue-frene-emmanuel-macron\/","og_locale":"es_ES","og_type":"article","og_title":"Boris Johnson exige a la UE que frene a Emmanuel Macron - ElCanillita.Info","og_description":"El primer ministro Johnson advierte que las amenazas pesqueras de Francia demuestran que las negociaciones del Brexit \"no fueron de buena fe\".","og_url":"https:\/\/elcanillita.info\/press\/2021\/10\/31\/boris-johnson-exige-ue-frene-emmanuel-macron\/","og_site_name":"ElCanillita.Info","article_publisher":"https:\/\/ar-ar.facebook.com\/ElCanillitainfo-114249515285712\/","article_published_time":"2021-10-31T05:23:54+00:00","article_modified_time":"2021-10-31T05:27:53+00:00","og_image":[{"width":600,"height":438,"url":"https:\/\/elcanillita.info\/press\/images\/2021\/10\/callais.jpg","type":"image\/jpeg"}],"author":"SalaStampa.eu, world press service","twitter_card":"summary_large_image","twitter_misc":{"Escrito por":"SalaStampa.eu, world press service","Tiempo de lectura":"6 minutos"},"schema":{"@context":"https:\/\/schema.org","@graph":[{"@type":"Article","@id":"https:\/\/elcanillita.info\/press\/2021\/10\/31\/boris-johnson-exige-ue-frene-emmanuel-macron\/#article","isPartOf":{"@id":"https:\/\/elcanillita.info\/press\/2021\/10\/31\/boris-johnson-exige-ue-frene-emmanuel-macron\/"},"author":{"name":"SalaStampa.eu, world press service","@id":"https:\/\/elcanillita.info\/press\/#\/schema\/person\/7fcb79f38045700919f7da6d97e71ba0"},"headline":"Boris Johnson exige a la UE que frene a Emmanuel Macron","datePublished":"2021-10-31T05:23:54+00:00","dateModified":"2021-10-31T05:27:53+00:00","mainEntityOfPage":{"@id":"https:\/\/elcanillita.info\/press\/2021\/10\/31\/boris-johnson-exige-ue-frene-emmanuel-macron\/"},"wordCount":1207,"publisher":{"@id":"https:\/\/elcanillita.info\/press\/#organization"},"image":{"@id":"https:\/\/elcanillita.info\/press\/2021\/10\/31\/boris-johnson-exige-ue-frene-emmanuel-macron\/#primaryimage"},"thumbnailUrl":"https:\/\/elcanillita.info\/press\/images\/2021\/10\/callais.jpg","keywords":["Reino Unido"],"articleSection":["Europa","Politica"],"inLanguage":"es-AR"},{"@type":"WebPage","@id":"https:\/\/elcanillita.info\/press\/2021\/10\/31\/boris-johnson-exige-ue-frene-emmanuel-macron\/","url":"https:\/\/elcanillita.info\/press\/2021\/10\/31\/boris-johnson-exige-ue-frene-emmanuel-macron\/","name":"Boris Johnson exige a la UE que frene a Emmanuel Macron - ElCanillita.Info","isPartOf":{"@id":"https:\/\/elcanillita.info\/press\/#website"},"primaryImageOfPage":{"@id":"https:\/\/elcanillita.info\/press\/2021\/10\/31\/boris-johnson-exige-ue-frene-emmanuel-macron\/#primaryimage"},"image":{"@id":"https:\/\/elcanillita.info\/press\/2021\/10\/31\/boris-johnson-exige-ue-frene-emmanuel-macron\/#primaryimage"},"thumbnailUrl":"https:\/\/elcanillita.info\/press\/images\/2021\/10\/callais.jpg","datePublished":"2021-10-31T05:23:54+00:00","dateModified":"2021-10-31T05:27:53+00:00","inLanguage":"es-AR","potentialAction":[{"@type":"ReadAction","target":["https:\/\/elcanillita.info\/press\/2021\/10\/31\/boris-johnson-exige-ue-frene-emmanuel-macron\/"]}]},{"@type":"ImageObject","inLanguage":"es-AR","@id":"https:\/\/elcanillita.info\/press\/2021\/10\/31\/boris-johnson-exige-ue-frene-emmanuel-macron\/#primaryimage","url":"https:\/\/elcanillita.info\/press\/images\/2021\/10\/callais.jpg","contentUrl":"https:\/\/elcanillita.info\/press\/images\/2021\/10\/callais.jpg","width":600,"height":438},{"@type":"WebSite","@id":"https:\/\/elcanillita.info\/press\/#website","url":"https:\/\/elcanillita.info\/press\/","name":"ElCanillita.Info","description":"desde los Apeninos a los Andes","publisher":{"@id":"https:\/\/elcanillita.info\/press\/#organization"},"potentialAction":[{"@type":"SearchAction","target":{"@type":"EntryPoint","urlTemplate":"https:\/\/elcanillita.info\/press\/?s={search_term_string}"},"query-input":{"@type":"PropertyValueSpecification","valueRequired":true,"valueName":"search_term_string"}}],"inLanguage":"es-AR"},{"@type":"Organization","@id":"https:\/\/elcanillita.info\/press\/#organization","name":"Guzzo Photos & Graphic Publications","url":"https:\/\/elcanillita.info\/press\/","logo":{"@type":"ImageObject","inLanguage":"es-AR","@id":"https:\/\/elcanillita.info\/press\/#\/schema\/logo\/image\/","url":"https:\/\/elcanillita.info\/press\/images\/2020\/01\/cropped-cropped-cropped-elcanillitainfo.png","contentUrl":"https:\/\/elcanillita.info\/press\/images\/2020\/01\/cropped-cropped-cropped-elcanillitainfo.png","width":460,"height":50,"caption":"Guzzo Photos & Graphic Publications"},"image":{"@id":"https:\/\/elcanillita.info\/press\/#\/schema\/logo\/image\/"},"sameAs":["https:\/\/ar-ar.facebook.com\/ElCanillitainfo-114249515285712\/"]},{"@type":"Person","@id":"https:\/\/elcanillita.info\/press\/#\/schema\/person\/7fcb79f38045700919f7da6d97e71ba0","name":"SalaStampa.eu, world press service","image":{"@type":"ImageObject","inLanguage":"es-AR","@id":"https:\/\/secure.gravatar.com\/avatar\/c2f0e0d515a107624234994507816ca4724c7199cef73fc8bedebf6931d73888?s=96&d=mm&r=g","url":"https:\/\/secure.gravatar.com\/avatar\/c2f0e0d515a107624234994507816ca4724c7199cef73fc8bedebf6931d73888?s=96&d=mm&r=g","contentUrl":"https:\/\/secure.gravatar.com\/avatar\/c2f0e0d515a107624234994507816ca4724c7199cef73fc8bedebf6931d73888?s=96&d=mm&r=g","caption":"SalaStampa.eu, world press service"}}]}},"views":616,"_links":{"self":[{"href":"https:\/\/elcanillita.info\/press\/wp-json\/wp\/v2\/posts\/2049","targetHints":{"allow":["GET"]}}],"collection":[{"href":"https:\/\/elcanillita.info\/press\/wp-json\/wp\/v2\/posts"}],"about":[{"href":"https:\/\/elcanillita.info\/press\/wp-json\/wp\/v2\/types\/post"}],"author":[{"embeddable":true,"href":"https:\/\/elcanillita.info\/press\/wp-json\/wp\/v2\/users\/1"}],"replies":[{"embeddable":true,"href":"https:\/\/elcanillita.info\/press\/wp-json\/wp\/v2\/comments?post=2049"}],"version-history":[{"count":0,"href":"https:\/\/elcanillita.info\/press\/wp-json\/wp\/v2\/posts\/2049\/revisions"}],"wp:featuredmedia":[{"embeddable":true,"href":"https:\/\/elcanillita.info\/press\/wp-json\/wp\/v2\/media\/2052"}],"wp:attachment":[{"href":"https:\/\/elcanillita.info\/press\/wp-json\/wp\/v2\/media?parent=2049"}],"wp:term":[{"taxonomy":"category","embeddable":true,"href":"https:\/\/elcanillita.info\/press\/wp-json\/wp\/v2\/categories?post=2049"},{"taxonomy":"post_tag","embeddable":true,"href":"https:\/\/elcanillita.info\/press\/wp-json\/wp\/v2\/tags?post=2049"}],"curies":[{"name":"wp","href":"https:\/\/api.w.org\/{rel}","templated":true}]}}