{"id":2013,"date":"2021-10-05T12:54:00","date_gmt":"2021-10-05T15:54:00","guid":{"rendered":"https:\/\/elcanillita.info\/press\/?p=2013"},"modified":"2021-10-05T15:18:45","modified_gmt":"2021-10-05T18:18:45","slug":"escision-red-trafico-cocaina-desencadena-decapitaciones","status":"publish","type":"post","link":"https:\/\/elcanillita.info\/press\/2021\/10\/05\/escision-red-trafico-cocaina-desencadena-decapitaciones\/","title":{"rendered":"La escisi\u00f3n de una importante red de tr\u00e1fico de coca\u00edna desencadena una serie de decapitaciones"},"content":{"rendered":"\n<div class=\"wp-block-image\"><figure class=\"alignleft size-full\"><img loading=\"lazy\" decoding=\"async\" width=\"600\" height=\"400\" src=\"https:\/\/elcanillita.info\/press\/images\/2021\/10\/ecuador2.jpg\" alt=\"\" class=\"wp-image-2015\" srcset=\"https:\/\/elcanillita.info\/press\/images\/2021\/10\/ecuador2.jpg 600w, https:\/\/elcanillita.info\/press\/images\/2021\/10\/ecuador2-300x200.jpg 300w\" sizes=\"auto, (max-width: 600px) 100vw, 600px\" \/><figcaption>M\u00e1s de 100 muertos en salvajes motines en las c\u00e1rceles de Ecuador. Los familiares esperan noticias sobre sus seres queridos tras la muerte de 118 presos en un estallido de violencia entre bandas. <\/figcaption><\/figure><\/div>\n\n\n\n<p>El salvajismo del mot\u00edn m\u00e1s mort\u00edfero ocurrido la semana pasada en las superpobladas c\u00e1rceles de Ecuador, en el que los reclusos se decapitaron unos a otros con machetes, es una muestra de la creciente influencia de los c\u00e1rteles de la droga mexicanos que alimentan de coca\u00edna a Europa y Am\u00e9rica.<\/p>\n\n\n\n<p>Un total de 118 presos murieron, varios de ellos decapitados y desmembrados, y casi 100 m\u00e1s resultaron heridos, en la Penitenciar\u00eda de la Costa, situada en un antiguo fuerte del puerto del Pac\u00edfico de Guayaquil, centro del comercio de coca\u00edna del pa\u00eds.<\/p>\n\n\n\n<p>La violencia estall\u00f3 despu\u00e9s de que una banda, conocida como Los Choneros, originaria de la ciudad de Chone, intentara retomar un ala que le hab\u00edan arrebatado tres grupos escindidos, los Tigres, los Lobos y los Chonero-killers.<\/p>\n\n\n\n<p>Los Choneros est\u00e1n aliados con el c\u00e1rtel de Sinaloa de Joaqu\u00edn &#8220;El Chapo&#8221; G\u00fazman, el capo mexicano de la droga que cumple cadena perpetua m\u00e1s 30 a\u00f1os en una c\u00e1rcel de Estados Unidos. Las otras tres bandas est\u00e1n alineadas con el c\u00e1rtel rival Jalisco Nueva Generaci\u00f3n.<\/p>\n\n\n\n<p>&#8220;Fue una disputa territorial&#8221;, dijo Mario Pazmi\u00f1o, ex jefe de la inteligencia militar de Ecuador. &#8220;La violencia pretend\u00eda enviar un mensaje, aterrorizar a los enemigos de la banda&#8221;.<\/p>\n\n\n\n<p>Ecuador produce cantidades m\u00ednimas de coca\u00edna, pero se encuentra entre los dos mayores productores del mundo, Colombia y Per\u00fa, y es un importante punto de tr\u00e1nsito. Se calcula que el 80% de toda la coca\u00edna que entra en Ecuador sale de Guayaquil, a pocas horas en coche de las fronteras de ambos pa\u00edses, escondida en contenedores de transporte hacia puertos que van desde Los \u00c1ngeles hasta Rotterdam.<\/p>\n\n\n\n<p> La disputa entre las bandas estall\u00f3 por primera vez el pasado mes de diciembre, cuando un l\u00edder de Los Choneros fue asesinado por un sicario en un centro comercial local, lo que provoc\u00f3 una serie de disturbios en las c\u00e1rceles en una sociedad que, seg\u00fan los est\u00e1ndares latinoamericanos, es relativamente pac\u00edfica. En un mot\u00edn anterior, en febrero, murieron 79 personas.<\/p>\n\n\n\n<p>El ba\u00f1o de sangre tambi\u00e9n arroja luz sobre el desastroso sistema penitenciario de Ecuador, construido para albergar a 30.000 personas, pero que en la actualidad cuenta con una poblaci\u00f3n de alrededor de 40.000. La corrupci\u00f3n es generalizada, y los guardias aceptan habitualmente sobornos para permitir la entrada de armas, drogas y prostitutas en las c\u00e1rceles.<\/p>\n\n\n\n<p>Mientras tanto, los presos controlan todos los aspectos de la vida en el interior, incluyendo d\u00f3nde duermen los nuevos reclusos y qu\u00e9 partes de la c\u00e1rcel pueden visitar.<\/p>\n\n\n\n<p>&#8220;Cuando un preso llega por primera vez, se le pregunta si quiere &#8220;seguridad&#8221;. Si dice que s\u00ed, debe pagar y unirse a una banda. Si dice que no, queda a merced de las bandas&#8221;, dice Pazmi\u00f1o.<\/p>\n\n\n\n<p>El presidente Guillermo Lasso declar\u00f3 el estado de emergencia tras los disturbios. Pero para Pazmi\u00f1o, nada que no sea una reestructuraci\u00f3n completa del sistema penitenciario, incluyendo la eliminaci\u00f3n de los guardias y celadores corruptos, ser\u00e1 suficiente.<\/p>\n\n\n\n<p>&#8220;La polic\u00eda debe hacerse cargo de las prisiones durante 12 o 18 meses. Es la \u00fanica manera de hacer frente a la corrupci\u00f3n y de recuperar el control de las bandas&#8221;, a\u00f1ade Pazmi\u00f1o. Pero reconoce que en una sociedad en la que la pobreza preexistente se ha visto intensificada por la pandemia de coronavirus, invertir los escasos recursos en los reclusos es una ortiga pol\u00edtica que pocos quieren agarrar.<br><br>\n<small>Copyright \u00a9 2021 ElCanillita.info \/ PanPress.eu &#8211; SalaStampa.eu <\/small><\/p>\n","protected":false},"excerpt":{"rendered":"<p>Ata\u00fades en la parte trasera de una camioneta fuera de una morgue despu\u00e9s de que estallara un mot\u00edn mortal en la prisi\u00f3n Penitenciaria del Litoral.<\/p>\n","protected":false},"author":1,"featured_media":2014,"comment_status":"closed","ping_status":"closed","sticky":false,"template":"","format":"standard","meta":{"footnotes":"","_links_to":"","_links_to_target":""},"categories":[70,11],"tags":[53],"class_list":["post-2013","post","type-post","status-publish","format-standard","has-post-thumbnail","hentry","category-actualidad","category-america-del-sur","tag-ecuador","entry","double"],"yoast_head":"<!-- This site is optimized with the Yoast SEO plugin v27.4 - https:\/\/yoast.com\/product\/yoast-seo-wordpress\/ -->\n<title>La escisi\u00f3n de una importante red de tr\u00e1fico de coca\u00edna desencadena una serie de decapitaciones - ElCanillita.Info<\/title>\n<meta name=\"robots\" content=\"index, follow, max-snippet:-1, max-image-preview:large, max-video-preview:-1\" \/>\n<link rel=\"canonical\" href=\"https:\/\/elcanillita.info\/press\/2021\/10\/05\/escision-red-trafico-cocaina-desencadena-decapitaciones\/\" \/>\n<meta property=\"og:locale\" content=\"es_ES\" \/>\n<meta property=\"og:type\" content=\"article\" \/>\n<meta property=\"og:title\" content=\"La escisi\u00f3n de una importante red de tr\u00e1fico de coca\u00edna desencadena una serie de decapitaciones - ElCanillita.Info\" \/>\n<meta property=\"og:description\" content=\"Ata\u00fades en la parte trasera de una camioneta fuera de una morgue despu\u00e9s de que estallara un mot\u00edn mortal en la prisi\u00f3n Penitenciaria del Litoral.\" \/>\n<meta property=\"og:url\" content=\"https:\/\/elcanillita.info\/press\/2021\/10\/05\/escision-red-trafico-cocaina-desencadena-decapitaciones\/\" \/>\n<meta property=\"og:site_name\" content=\"ElCanillita.Info\" \/>\n<meta property=\"article:publisher\" content=\"https:\/\/ar-ar.facebook.com\/ElCanillitainfo-114249515285712\/\" \/>\n<meta property=\"article:published_time\" content=\"2021-10-05T15:54:00+00:00\" \/>\n<meta property=\"article:modified_time\" content=\"2021-10-05T18:18:45+00:00\" \/>\n<meta property=\"og:image\" content=\"https:\/\/elcanillita.info\/press\/images\/2021\/10\/ecuador1.jpg\" \/>\n\t<meta property=\"og:image:width\" content=\"639\" \/>\n\t<meta property=\"og:image:height\" content=\"400\" \/>\n\t<meta property=\"og:image:type\" content=\"image\/jpeg\" \/>\n<meta name=\"author\" content=\"SalaStampa.eu, world press service\" \/>\n<meta name=\"twitter:card\" content=\"summary_large_image\" \/>\n<meta name=\"twitter:label1\" content=\"Escrito por\" \/>\n\t<meta name=\"twitter:data1\" content=\"SalaStampa.eu, world press service\" \/>\n\t<meta name=\"twitter:label2\" content=\"Tiempo de lectura\" \/>\n\t<meta name=\"twitter:data2\" content=\"3 minutos\" \/>\n<script type=\"application\/ld+json\" class=\"yoast-schema-graph\">{\"@context\":\"https:\\\/\\\/schema.org\",\"@graph\":[{\"@type\":\"Article\",\"@id\":\"https:\\\/\\\/elcanillita.info\\\/press\\\/2021\\\/10\\\/05\\\/escision-red-trafico-cocaina-desencadena-decapitaciones\\\/#article\",\"isPartOf\":{\"@id\":\"https:\\\/\\\/elcanillita.info\\\/press\\\/2021\\\/10\\\/05\\\/escision-red-trafico-cocaina-desencadena-decapitaciones\\\/\"},\"author\":{\"name\":\"SalaStampa.eu, world press service\",\"@id\":\"https:\\\/\\\/elcanillita.info\\\/press\\\/#\\\/schema\\\/person\\\/7fcb79f38045700919f7da6d97e71ba0\"},\"headline\":\"La escisi\u00f3n de una importante red de tr\u00e1fico de coca\u00edna desencadena una serie de decapitaciones\",\"datePublished\":\"2021-10-05T15:54:00+00:00\",\"dateModified\":\"2021-10-05T18:18:45+00:00\",\"mainEntityOfPage\":{\"@id\":\"https:\\\/\\\/elcanillita.info\\\/press\\\/2021\\\/10\\\/05\\\/escision-red-trafico-cocaina-desencadena-decapitaciones\\\/\"},\"wordCount\":656,\"publisher\":{\"@id\":\"https:\\\/\\\/elcanillita.info\\\/press\\\/#organization\"},\"image\":{\"@id\":\"https:\\\/\\\/elcanillita.info\\\/press\\\/2021\\\/10\\\/05\\\/escision-red-trafico-cocaina-desencadena-decapitaciones\\\/#primaryimage\"},\"thumbnailUrl\":\"https:\\\/\\\/elcanillita.info\\\/press\\\/images\\\/2021\\\/10\\\/ecuador1.jpg\",\"keywords\":[\"Ecuador\"],\"articleSection\":[\"Actualidad\",\"Am\u00e9rica del Sur\"],\"inLanguage\":\"es-AR\"},{\"@type\":\"WebPage\",\"@id\":\"https:\\\/\\\/elcanillita.info\\\/press\\\/2021\\\/10\\\/05\\\/escision-red-trafico-cocaina-desencadena-decapitaciones\\\/\",\"url\":\"https:\\\/\\\/elcanillita.info\\\/press\\\/2021\\\/10\\\/05\\\/escision-red-trafico-cocaina-desencadena-decapitaciones\\\/\",\"name\":\"La escisi\u00f3n de una importante red de tr\u00e1fico de coca\u00edna desencadena una serie de decapitaciones - ElCanillita.Info\",\"isPartOf\":{\"@id\":\"https:\\\/\\\/elcanillita.info\\\/press\\\/#website\"},\"primaryImageOfPage\":{\"@id\":\"https:\\\/\\\/elcanillita.info\\\/press\\\/2021\\\/10\\\/05\\\/escision-red-trafico-cocaina-desencadena-decapitaciones\\\/#primaryimage\"},\"image\":{\"@id\":\"https:\\\/\\\/elcanillita.info\\\/press\\\/2021\\\/10\\\/05\\\/escision-red-trafico-cocaina-desencadena-decapitaciones\\\/#primaryimage\"},\"thumbnailUrl\":\"https:\\\/\\\/elcanillita.info\\\/press\\\/images\\\/2021\\\/10\\\/ecuador1.jpg\",\"datePublished\":\"2021-10-05T15:54:00+00:00\",\"dateModified\":\"2021-10-05T18:18:45+00:00\",\"inLanguage\":\"es-AR\",\"potentialAction\":[{\"@type\":\"ReadAction\",\"target\":[\"https:\\\/\\\/elcanillita.info\\\/press\\\/2021\\\/10\\\/05\\\/escision-red-trafico-cocaina-desencadena-decapitaciones\\\/\"]}]},{\"@type\":\"ImageObject\",\"inLanguage\":\"es-AR\",\"@id\":\"https:\\\/\\\/elcanillita.info\\\/press\\\/2021\\\/10\\\/05\\\/escision-red-trafico-cocaina-desencadena-decapitaciones\\\/#primaryimage\",\"url\":\"https:\\\/\\\/elcanillita.info\\\/press\\\/images\\\/2021\\\/10\\\/ecuador1.jpg\",\"contentUrl\":\"https:\\\/\\\/elcanillita.info\\\/press\\\/images\\\/2021\\\/10\\\/ecuador1.jpg\",\"width\":639,\"height\":400},{\"@type\":\"WebSite\",\"@id\":\"https:\\\/\\\/elcanillita.info\\\/press\\\/#website\",\"url\":\"https:\\\/\\\/elcanillita.info\\\/press\\\/\",\"name\":\"ElCanillita.Info\",\"description\":\"desde los Apeninos a los Andes\",\"publisher\":{\"@id\":\"https:\\\/\\\/elcanillita.info\\\/press\\\/#organization\"},\"potentialAction\":[{\"@type\":\"SearchAction\",\"target\":{\"@type\":\"EntryPoint\",\"urlTemplate\":\"https:\\\/\\\/elcanillita.info\\\/press\\\/?s={search_term_string}\"},\"query-input\":{\"@type\":\"PropertyValueSpecification\",\"valueRequired\":true,\"valueName\":\"search_term_string\"}}],\"inLanguage\":\"es-AR\"},{\"@type\":\"Organization\",\"@id\":\"https:\\\/\\\/elcanillita.info\\\/press\\\/#organization\",\"name\":\"Guzzo Photos & Graphic Publications\",\"url\":\"https:\\\/\\\/elcanillita.info\\\/press\\\/\",\"logo\":{\"@type\":\"ImageObject\",\"inLanguage\":\"es-AR\",\"@id\":\"https:\\\/\\\/elcanillita.info\\\/press\\\/#\\\/schema\\\/logo\\\/image\\\/\",\"url\":\"https:\\\/\\\/elcanillita.info\\\/press\\\/images\\\/2020\\\/01\\\/cropped-cropped-cropped-elcanillitainfo.png\",\"contentUrl\":\"https:\\\/\\\/elcanillita.info\\\/press\\\/images\\\/2020\\\/01\\\/cropped-cropped-cropped-elcanillitainfo.png\",\"width\":460,\"height\":50,\"caption\":\"Guzzo Photos & Graphic Publications\"},\"image\":{\"@id\":\"https:\\\/\\\/elcanillita.info\\\/press\\\/#\\\/schema\\\/logo\\\/image\\\/\"},\"sameAs\":[\"https:\\\/\\\/ar-ar.facebook.com\\\/ElCanillitainfo-114249515285712\\\/\"]},{\"@type\":\"Person\",\"@id\":\"https:\\\/\\\/elcanillita.info\\\/press\\\/#\\\/schema\\\/person\\\/7fcb79f38045700919f7da6d97e71ba0\",\"name\":\"SalaStampa.eu, world press service\",\"image\":{\"@type\":\"ImageObject\",\"inLanguage\":\"es-AR\",\"@id\":\"https:\\\/\\\/secure.gravatar.com\\\/avatar\\\/c2f0e0d515a107624234994507816ca4724c7199cef73fc8bedebf6931d73888?s=96&d=mm&r=g\",\"url\":\"https:\\\/\\\/secure.gravatar.com\\\/avatar\\\/c2f0e0d515a107624234994507816ca4724c7199cef73fc8bedebf6931d73888?s=96&d=mm&r=g\",\"contentUrl\":\"https:\\\/\\\/secure.gravatar.com\\\/avatar\\\/c2f0e0d515a107624234994507816ca4724c7199cef73fc8bedebf6931d73888?s=96&d=mm&r=g\",\"caption\":\"SalaStampa.eu, world press service\"}}]}<\/script>\n<!-- \/ Yoast SEO plugin. -->","yoast_head_json":{"title":"La escisi\u00f3n de una importante red de tr\u00e1fico de coca\u00edna desencadena una serie de decapitaciones - ElCanillita.Info","robots":{"index":"index","follow":"follow","max-snippet":"max-snippet:-1","max-image-preview":"max-image-preview:large","max-video-preview":"max-video-preview:-1"},"canonical":"https:\/\/elcanillita.info\/press\/2021\/10\/05\/escision-red-trafico-cocaina-desencadena-decapitaciones\/","og_locale":"es_ES","og_type":"article","og_title":"La escisi\u00f3n de una importante red de tr\u00e1fico de coca\u00edna desencadena una serie de decapitaciones - ElCanillita.Info","og_description":"Ata\u00fades en la parte trasera de una camioneta fuera de una morgue despu\u00e9s de que estallara un mot\u00edn mortal en la prisi\u00f3n Penitenciaria del Litoral.","og_url":"https:\/\/elcanillita.info\/press\/2021\/10\/05\/escision-red-trafico-cocaina-desencadena-decapitaciones\/","og_site_name":"ElCanillita.Info","article_publisher":"https:\/\/ar-ar.facebook.com\/ElCanillitainfo-114249515285712\/","article_published_time":"2021-10-05T15:54:00+00:00","article_modified_time":"2021-10-05T18:18:45+00:00","og_image":[{"width":639,"height":400,"url":"https:\/\/elcanillita.info\/press\/images\/2021\/10\/ecuador1.jpg","type":"image\/jpeg"}],"author":"SalaStampa.eu, world press service","twitter_card":"summary_large_image","twitter_misc":{"Escrito por":"SalaStampa.eu, world press service","Tiempo de lectura":"3 minutos"},"schema":{"@context":"https:\/\/schema.org","@graph":[{"@type":"Article","@id":"https:\/\/elcanillita.info\/press\/2021\/10\/05\/escision-red-trafico-cocaina-desencadena-decapitaciones\/#article","isPartOf":{"@id":"https:\/\/elcanillita.info\/press\/2021\/10\/05\/escision-red-trafico-cocaina-desencadena-decapitaciones\/"},"author":{"name":"SalaStampa.eu, world press service","@id":"https:\/\/elcanillita.info\/press\/#\/schema\/person\/7fcb79f38045700919f7da6d97e71ba0"},"headline":"La escisi\u00f3n de una importante red de tr\u00e1fico de coca\u00edna desencadena una serie de decapitaciones","datePublished":"2021-10-05T15:54:00+00:00","dateModified":"2021-10-05T18:18:45+00:00","mainEntityOfPage":{"@id":"https:\/\/elcanillita.info\/press\/2021\/10\/05\/escision-red-trafico-cocaina-desencadena-decapitaciones\/"},"wordCount":656,"publisher":{"@id":"https:\/\/elcanillita.info\/press\/#organization"},"image":{"@id":"https:\/\/elcanillita.info\/press\/2021\/10\/05\/escision-red-trafico-cocaina-desencadena-decapitaciones\/#primaryimage"},"thumbnailUrl":"https:\/\/elcanillita.info\/press\/images\/2021\/10\/ecuador1.jpg","keywords":["Ecuador"],"articleSection":["Actualidad","Am\u00e9rica del Sur"],"inLanguage":"es-AR"},{"@type":"WebPage","@id":"https:\/\/elcanillita.info\/press\/2021\/10\/05\/escision-red-trafico-cocaina-desencadena-decapitaciones\/","url":"https:\/\/elcanillita.info\/press\/2021\/10\/05\/escision-red-trafico-cocaina-desencadena-decapitaciones\/","name":"La escisi\u00f3n de una importante red de tr\u00e1fico de coca\u00edna desencadena una serie de decapitaciones - ElCanillita.Info","isPartOf":{"@id":"https:\/\/elcanillita.info\/press\/#website"},"primaryImageOfPage":{"@id":"https:\/\/elcanillita.info\/press\/2021\/10\/05\/escision-red-trafico-cocaina-desencadena-decapitaciones\/#primaryimage"},"image":{"@id":"https:\/\/elcanillita.info\/press\/2021\/10\/05\/escision-red-trafico-cocaina-desencadena-decapitaciones\/#primaryimage"},"thumbnailUrl":"https:\/\/elcanillita.info\/press\/images\/2021\/10\/ecuador1.jpg","datePublished":"2021-10-05T15:54:00+00:00","dateModified":"2021-10-05T18:18:45+00:00","inLanguage":"es-AR","potentialAction":[{"@type":"ReadAction","target":["https:\/\/elcanillita.info\/press\/2021\/10\/05\/escision-red-trafico-cocaina-desencadena-decapitaciones\/"]}]},{"@type":"ImageObject","inLanguage":"es-AR","@id":"https:\/\/elcanillita.info\/press\/2021\/10\/05\/escision-red-trafico-cocaina-desencadena-decapitaciones\/#primaryimage","url":"https:\/\/elcanillita.info\/press\/images\/2021\/10\/ecuador1.jpg","contentUrl":"https:\/\/elcanillita.info\/press\/images\/2021\/10\/ecuador1.jpg","width":639,"height":400},{"@type":"WebSite","@id":"https:\/\/elcanillita.info\/press\/#website","url":"https:\/\/elcanillita.info\/press\/","name":"ElCanillita.Info","description":"desde los Apeninos a los Andes","publisher":{"@id":"https:\/\/elcanillita.info\/press\/#organization"},"potentialAction":[{"@type":"SearchAction","target":{"@type":"EntryPoint","urlTemplate":"https:\/\/elcanillita.info\/press\/?s={search_term_string}"},"query-input":{"@type":"PropertyValueSpecification","valueRequired":true,"valueName":"search_term_string"}}],"inLanguage":"es-AR"},{"@type":"Organization","@id":"https:\/\/elcanillita.info\/press\/#organization","name":"Guzzo Photos & Graphic Publications","url":"https:\/\/elcanillita.info\/press\/","logo":{"@type":"ImageObject","inLanguage":"es-AR","@id":"https:\/\/elcanillita.info\/press\/#\/schema\/logo\/image\/","url":"https:\/\/elcanillita.info\/press\/images\/2020\/01\/cropped-cropped-cropped-elcanillitainfo.png","contentUrl":"https:\/\/elcanillita.info\/press\/images\/2020\/01\/cropped-cropped-cropped-elcanillitainfo.png","width":460,"height":50,"caption":"Guzzo Photos & Graphic Publications"},"image":{"@id":"https:\/\/elcanillita.info\/press\/#\/schema\/logo\/image\/"},"sameAs":["https:\/\/ar-ar.facebook.com\/ElCanillitainfo-114249515285712\/"]},{"@type":"Person","@id":"https:\/\/elcanillita.info\/press\/#\/schema\/person\/7fcb79f38045700919f7da6d97e71ba0","name":"SalaStampa.eu, world press service","image":{"@type":"ImageObject","inLanguage":"es-AR","@id":"https:\/\/secure.gravatar.com\/avatar\/c2f0e0d515a107624234994507816ca4724c7199cef73fc8bedebf6931d73888?s=96&d=mm&r=g","url":"https:\/\/secure.gravatar.com\/avatar\/c2f0e0d515a107624234994507816ca4724c7199cef73fc8bedebf6931d73888?s=96&d=mm&r=g","contentUrl":"https:\/\/secure.gravatar.com\/avatar\/c2f0e0d515a107624234994507816ca4724c7199cef73fc8bedebf6931d73888?s=96&d=mm&r=g","caption":"SalaStampa.eu, world press service"}}]}},"views":664,"_links":{"self":[{"href":"https:\/\/elcanillita.info\/press\/wp-json\/wp\/v2\/posts\/2013","targetHints":{"allow":["GET"]}}],"collection":[{"href":"https:\/\/elcanillita.info\/press\/wp-json\/wp\/v2\/posts"}],"about":[{"href":"https:\/\/elcanillita.info\/press\/wp-json\/wp\/v2\/types\/post"}],"author":[{"embeddable":true,"href":"https:\/\/elcanillita.info\/press\/wp-json\/wp\/v2\/users\/1"}],"replies":[{"embeddable":true,"href":"https:\/\/elcanillita.info\/press\/wp-json\/wp\/v2\/comments?post=2013"}],"version-history":[{"count":0,"href":"https:\/\/elcanillita.info\/press\/wp-json\/wp\/v2\/posts\/2013\/revisions"}],"wp:featuredmedia":[{"embeddable":true,"href":"https:\/\/elcanillita.info\/press\/wp-json\/wp\/v2\/media\/2014"}],"wp:attachment":[{"href":"https:\/\/elcanillita.info\/press\/wp-json\/wp\/v2\/media?parent=2013"}],"wp:term":[{"taxonomy":"category","embeddable":true,"href":"https:\/\/elcanillita.info\/press\/wp-json\/wp\/v2\/categories?post=2013"},{"taxonomy":"post_tag","embeddable":true,"href":"https:\/\/elcanillita.info\/press\/wp-json\/wp\/v2\/tags?post=2013"}],"curies":[{"name":"wp","href":"https:\/\/api.w.org\/{rel}","templated":true}]}}