{"id":2008,"date":"2021-10-03T21:08:30","date_gmt":"2021-10-04T00:08:30","guid":{"rendered":"https:\/\/elcanillita.info\/press\/?p=2008"},"modified":"2021-10-03T21:13:47","modified_gmt":"2021-10-04T00:13:47","slug":"boris-johnson-advertido-cargos-tories-no-subir-impuestos","status":"publish","type":"post","link":"https:\/\/elcanillita.info\/press\/2021\/10\/03\/boris-johnson-advertido-cargos-tories-no-subir-impuestos\/","title":{"rendered":"Boris Johnson fue advertido por altos cargos tories de no subir los impuestos tras negarse a descartarlo"},"content":{"rendered":"\n<div class=\"wp-block-image\"><figure class=\"aligncenter size-full\"><img loading=\"lazy\" decoding=\"async\" width=\"600\" height=\"400\" src=\"https:\/\/elcanillita.info\/press\/images\/2021\/10\/johnson_20211003-1.jpg\" alt=\"\" class=\"wp-image-2011\" srcset=\"https:\/\/elcanillita.info\/press\/images\/2021\/10\/johnson_20211003-1.jpg 600w, https:\/\/elcanillita.info\/press\/images\/2021\/10\/johnson_20211003-1-300x200.jpg 300w\" sizes=\"auto, (max-width: 600px) 100vw, 600px\" \/><\/figure><\/div>\n\n\n\n<p>Boris Johnson recibi\u00f3 el domingo una advertencia p\u00fablica de los altos cargos tories para que no suba los impuestos en los Presupuestos de este mes, despu\u00e9s de que no descartara en repetidas ocasiones una subida.<\/p>\n\n\n\n<p>Los ministros del gabinete y los altos cargos de los Tories instaron al Primer Ministro a cumplir con sus afirmaciones de ser un conservador de bajos impuestos, en medio de los temores de que la reputaci\u00f3n del partido se est\u00e9 erosionando.<\/p>\n\n\n\n<p>Jacob Rees-Mogg, l\u00edder de la C\u00e1mara de los Comunes y miembro del Gabinete, argument\u00f3 que subir los impuestos era contraproducente y que en realidad supondr\u00eda &#8220;menos&#8221; ingresos fiscales para el Tesoro.<\/p>\n\n\n\n<p>Sir Graham Brady, que como presidente del Comit\u00e9 1922 es el backbencher tory de mayor rango, dijo que la &#8220;reputaci\u00f3n cre\u00edble&#8221; de los tories como partido de bajos impuestos estaba amenazada.<\/p>\n\n\n\n<p>Sir Iain Duncan Smith, antiguo l\u00edder conservador, pidi\u00f3 una &#8220;base impositiva m\u00e1s baja&#8221;, advirtiendo que las subidas de impuestos y los recortes de la inversi\u00f3n podr\u00edan crear una &#8220;tormenta perfecta&#8221;.<\/p>\n\n\n\n<p>Todos estos llamamientos se produjeron despu\u00e9s de que Johnson se negara al menos tres veces durante su entrevista en el programa Andrew Marr Show de la BBC One a descartar una subida de impuestos en el pr\u00f3ximo presupuesto del 27 de octubre.<\/p>\n\n\n\n<p>No hay nadie que se oponga m\u00e1s a las subidas de impuestos innecesarias que yo&#8221;.<br>La creciente presi\u00f3n se produce despu\u00e9s de que el Primer Ministro y Rishi Sunak, el Canciller, llevaran la presi\u00f3n fiscal del Reino Unido a su punto m\u00e1s alto en 70 a\u00f1os.<\/p>\n\n\n\n<p>En primavera se congelaron los umbrales del impuesto sobre la renta y se aument\u00f3 el impuesto de sociedades, mientras que en oto\u00f1o se anunci\u00f3 una subida de 1,25 puntos porcentuales en la Seguridad Social.<\/p>\n\n\n\n<p>Cuando se le pregunt\u00f3 si descartaba una subida de impuestos en el Presupuesto, el Primer Ministro respondi\u00f3: &#8220;Puedo decirle que no hay un opositor m\u00e1s feroz y m\u00e1s celoso a las subidas de impuestos innecesarias que yo.<\/p>\n\n\n\n<p>&#8220;Pero hemos tenido que hacer frente a una pandemia de una magnitud que este pa\u00eds no hab\u00eda visto antes en nuestra vida y mucho antes&#8221;.<\/p>\n\n\n\n<p> Presionado varias veces para que descartara categ\u00f3ricamente un aumento, dijo: &#8220;Si puedo evitarlo, no quiero volver a subir los impuestos, por supuesto que no&#8221;.<\/p>\n\n\n\n<p>El Primer Ministro invoc\u00f3 despu\u00e9s a la Dama de Hierro para defender su posici\u00f3n, diciendo: &#8220;Margaret Thatcher no habr\u00eda pedido m\u00e1s dinero prestado ahora, se lo digo de forma gratuita&#8221;.<\/p>\n\n\n\n<p>El Sr. Sunak ya hab\u00eda indicado a los conservadores que podr\u00eda recortar los impuestos antes de las elecciones, en un aparente intento de mantenerlos de su lado este a\u00f1o, cuando los impuestos suban.<\/p>\n\n\n\n<p>Pero una serie de influyentes diputados conservadores hicieron p\u00fablica su oposici\u00f3n a los impuestos elevados en actos paralelos durante el primer d\u00eda completo de la conferencia anual de los tories en Manchester.<\/p>\n\n\n\n<p><strong>Estamos en el l\u00edmite de lo razonable<\/strong><\/p>\n\n\n\n<p>El Sr. Mogg dijo: &#8220;Siempre debemos procurar que el dinero que gasta el Estado se gaste de forma eficiente, y que la presi\u00f3n fiscal sea razonable. Y estamos en el l\u00edmite superior de lo razonable de la presi\u00f3n fiscal&#8221;.<\/p>\n\n\n\n<p>Advirti\u00f3 que el aumento de los impuestos puede provocar una disminuci\u00f3n de los ingresos fiscales, ya que las personas y las empresas se desplazan para evitar la subida, argumentando: &#8220;La cuesti\u00f3n es que si se fijan tipos m\u00e1s altos se obtienen menos impuestos&#8221;.<\/p>\n\n\n\n<p>El Sr. Mogg dijo que \u00e9sto se demostr\u00f3 durante los d\u00edas de Harold Wilson, diciendo: &#8220;\u00bfPor qu\u00e9 demonios se piensa que unas cuotas m\u00e1s altas en la d\u00e9cada de 2020 tendr\u00e1n un efecto mayor que en los a\u00f1os 70 y 80?&#8221;.<\/p>\n\n\n\n<p>Liz Truss, la ministra de Asuntos Exteriores, pareci\u00f3 pedir que se redujera la burocracia, diciendo: &#8220;La mejor manera de aumentar los ingresos fiscales es viendo el crecimiento econ\u00f3mico, para que m\u00e1s empresas paguen los impuestos y eso es lo que tenemos que hacer&#8221;.<\/p>\n\n\n\n<p><strong>No se puede engordar una vaca o un cerdo en un d\u00eda de mercado<\/strong><\/p>\n\n\n\n<p>Sir Graham dijo: &#8220;Si queremos llegar a las pr\u00f3ximas elecciones generales con una reputaci\u00f3n cre\u00edble, como el partido que cree en los impuestos m\u00e1s bajos que se pueden conseguir en estas circunstancias, entonces no podemos (citando a Lynton Crosby) engordar una vaca o un cerdo el d\u00eda del mercado&#8221;.<\/p>\n\n\n\n<p>&#8220;Hay que empezar antes. Hay que exponer algo con mucha antelaci\u00f3n, es decir, c\u00f3mo pretendemos conseguir de nuevo ese futuro de impuestos m\u00e1s bajos, y trabajar para intentar que la gente se lo crea&#8221;.<\/p>\n\n\n\n<p>Sir Iain dijo: &#8220;Mi opini\u00f3n es que tenemos que tener una base impositiva m\u00e1s baja porque eso genera m\u00e1s dinero para la gente y \u00e9sta puede gastar ese dinero y devolverlo a la econom\u00eda y tiene m\u00e1s dinero entonces para cuidar de s\u00ed misma&#8221;.<\/p>\n\n\n\n<p>Y a\u00f1adi\u00f3: &#8220;Si se suben los impuestos y se reduce la inversi\u00f3n en quienes m\u00e1s lo necesitan, se produce una tormenta y eso es algo que queremos evitar en la medida de lo posible&#8221;.<br><br><small>Copyright \u00a92021 ElCanillita.info \/ SalaStampa.eu, affiliate of the networks operated by Broadcasting Board of Governors &#8211; VOA<\/small> <\/p>\n","protected":false},"excerpt":{"rendered":"<p>Los ministros del gabinete y los altos cargos de los Tories han instado al Primer Ministro a cumplir con sus afirmaciones de ser un conservador de bajos impuestos<\/p>\n","protected":false},"author":1,"featured_media":2010,"comment_status":"closed","ping_status":"closed","sticky":false,"template":"","format":"standard","meta":{"footnotes":"","_links_to":"","_links_to_target":""},"categories":[70,20,5],"tags":[58],"class_list":["post-2008","post","type-post","status-publish","format-standard","has-post-thumbnail","hentry","category-actualidad","category-economia","category-europa","tag-reino-unido","entry","double"],"yoast_head":"<!-- This site is optimized with the Yoast SEO plugin v27.5 - https:\/\/yoast.com\/product\/yoast-seo-wordpress\/ -->\n<title>Boris Johnson fue advertido por altos cargos tories de no subir los impuestos tras negarse a descartarlo - ElCanillita.Info<\/title>\n<meta name=\"robots\" content=\"index, follow, max-snippet:-1, max-image-preview:large, max-video-preview:-1\" \/>\n<link rel=\"canonical\" href=\"https:\/\/elcanillita.info\/press\/2021\/10\/03\/boris-johnson-advertido-cargos-tories-no-subir-impuestos\/\" \/>\n<meta property=\"og:locale\" content=\"es_ES\" \/>\n<meta property=\"og:type\" content=\"article\" \/>\n<meta property=\"og:title\" content=\"Boris Johnson fue advertido por altos cargos tories de no subir los impuestos tras negarse a descartarlo - ElCanillita.Info\" \/>\n<meta property=\"og:description\" content=\"Los ministros del gabinete y los altos cargos de los Tories han instado al Primer Ministro a cumplir con sus afirmaciones de ser un conservador de bajos impuestos\" \/>\n<meta property=\"og:url\" content=\"https:\/\/elcanillita.info\/press\/2021\/10\/03\/boris-johnson-advertido-cargos-tories-no-subir-impuestos\/\" \/>\n<meta property=\"og:site_name\" content=\"ElCanillita.Info\" \/>\n<meta property=\"article:publisher\" content=\"https:\/\/ar-ar.facebook.com\/ElCanillitainfo-114249515285712\/\" \/>\n<meta property=\"article:published_time\" content=\"2021-10-04T00:08:30+00:00\" \/>\n<meta property=\"article:modified_time\" content=\"2021-10-04T00:13:47+00:00\" \/>\n<meta property=\"og:image\" content=\"https:\/\/elcanillita.info\/press\/images\/2021\/10\/boris.jpg\" \/>\n\t<meta property=\"og:image:width\" content=\"600\" \/>\n\t<meta property=\"og:image:height\" content=\"400\" \/>\n\t<meta property=\"og:image:type\" content=\"image\/jpeg\" \/>\n<meta name=\"author\" content=\"SalaStampa.eu, world press service\" \/>\n<meta name=\"twitter:card\" content=\"summary_large_image\" \/>\n<meta name=\"twitter:label1\" content=\"Escrito por\" \/>\n\t<meta name=\"twitter:data1\" content=\"SalaStampa.eu, world press service\" \/>\n\t<meta name=\"twitter:label2\" content=\"Tiempo de lectura\" \/>\n\t<meta name=\"twitter:data2\" content=\"4 minutos\" \/>\n<script type=\"application\/ld+json\" class=\"yoast-schema-graph\">{\"@context\":\"https:\\\/\\\/schema.org\",\"@graph\":[{\"@type\":\"Article\",\"@id\":\"https:\\\/\\\/elcanillita.info\\\/press\\\/2021\\\/10\\\/03\\\/boris-johnson-advertido-cargos-tories-no-subir-impuestos\\\/#article\",\"isPartOf\":{\"@id\":\"https:\\\/\\\/elcanillita.info\\\/press\\\/2021\\\/10\\\/03\\\/boris-johnson-advertido-cargos-tories-no-subir-impuestos\\\/\"},\"author\":{\"name\":\"SalaStampa.eu, world press service\",\"@id\":\"https:\\\/\\\/elcanillita.info\\\/press\\\/#\\\/schema\\\/person\\\/7fcb79f38045700919f7da6d97e71ba0\"},\"headline\":\"Boris Johnson fue advertido por altos cargos tories de no subir los impuestos tras negarse a descartarlo\",\"datePublished\":\"2021-10-04T00:08:30+00:00\",\"dateModified\":\"2021-10-04T00:13:47+00:00\",\"mainEntityOfPage\":{\"@id\":\"https:\\\/\\\/elcanillita.info\\\/press\\\/2021\\\/10\\\/03\\\/boris-johnson-advertido-cargos-tories-no-subir-impuestos\\\/\"},\"wordCount\":913,\"publisher\":{\"@id\":\"https:\\\/\\\/elcanillita.info\\\/press\\\/#organization\"},\"image\":{\"@id\":\"https:\\\/\\\/elcanillita.info\\\/press\\\/2021\\\/10\\\/03\\\/boris-johnson-advertido-cargos-tories-no-subir-impuestos\\\/#primaryimage\"},\"thumbnailUrl\":\"https:\\\/\\\/elcanillita.info\\\/press\\\/images\\\/2021\\\/10\\\/boris.jpg\",\"keywords\":[\"Reino Unido\"],\"articleSection\":[\"Actualidad\",\"Economia\",\"Europa\"],\"inLanguage\":\"es-AR\"},{\"@type\":\"WebPage\",\"@id\":\"https:\\\/\\\/elcanillita.info\\\/press\\\/2021\\\/10\\\/03\\\/boris-johnson-advertido-cargos-tories-no-subir-impuestos\\\/\",\"url\":\"https:\\\/\\\/elcanillita.info\\\/press\\\/2021\\\/10\\\/03\\\/boris-johnson-advertido-cargos-tories-no-subir-impuestos\\\/\",\"name\":\"Boris Johnson fue advertido por altos cargos tories de no subir los impuestos tras negarse a descartarlo - ElCanillita.Info\",\"isPartOf\":{\"@id\":\"https:\\\/\\\/elcanillita.info\\\/press\\\/#website\"},\"primaryImageOfPage\":{\"@id\":\"https:\\\/\\\/elcanillita.info\\\/press\\\/2021\\\/10\\\/03\\\/boris-johnson-advertido-cargos-tories-no-subir-impuestos\\\/#primaryimage\"},\"image\":{\"@id\":\"https:\\\/\\\/elcanillita.info\\\/press\\\/2021\\\/10\\\/03\\\/boris-johnson-advertido-cargos-tories-no-subir-impuestos\\\/#primaryimage\"},\"thumbnailUrl\":\"https:\\\/\\\/elcanillita.info\\\/press\\\/images\\\/2021\\\/10\\\/boris.jpg\",\"datePublished\":\"2021-10-04T00:08:30+00:00\",\"dateModified\":\"2021-10-04T00:13:47+00:00\",\"inLanguage\":\"es-AR\",\"potentialAction\":[{\"@type\":\"ReadAction\",\"target\":[\"https:\\\/\\\/elcanillita.info\\\/press\\\/2021\\\/10\\\/03\\\/boris-johnson-advertido-cargos-tories-no-subir-impuestos\\\/\"]}]},{\"@type\":\"ImageObject\",\"inLanguage\":\"es-AR\",\"@id\":\"https:\\\/\\\/elcanillita.info\\\/press\\\/2021\\\/10\\\/03\\\/boris-johnson-advertido-cargos-tories-no-subir-impuestos\\\/#primaryimage\",\"url\":\"https:\\\/\\\/elcanillita.info\\\/press\\\/images\\\/2021\\\/10\\\/boris.jpg\",\"contentUrl\":\"https:\\\/\\\/elcanillita.info\\\/press\\\/images\\\/2021\\\/10\\\/boris.jpg\",\"width\":600,\"height\":400},{\"@type\":\"WebSite\",\"@id\":\"https:\\\/\\\/elcanillita.info\\\/press\\\/#website\",\"url\":\"https:\\\/\\\/elcanillita.info\\\/press\\\/\",\"name\":\"ElCanillita.Info\",\"description\":\"desde los Apeninos a los Andes\",\"publisher\":{\"@id\":\"https:\\\/\\\/elcanillita.info\\\/press\\\/#organization\"},\"potentialAction\":[{\"@type\":\"SearchAction\",\"target\":{\"@type\":\"EntryPoint\",\"urlTemplate\":\"https:\\\/\\\/elcanillita.info\\\/press\\\/?s={search_term_string}\"},\"query-input\":{\"@type\":\"PropertyValueSpecification\",\"valueRequired\":true,\"valueName\":\"search_term_string\"}}],\"inLanguage\":\"es-AR\"},{\"@type\":\"Organization\",\"@id\":\"https:\\\/\\\/elcanillita.info\\\/press\\\/#organization\",\"name\":\"Guzzo Photos & Graphic Publications\",\"url\":\"https:\\\/\\\/elcanillita.info\\\/press\\\/\",\"logo\":{\"@type\":\"ImageObject\",\"inLanguage\":\"es-AR\",\"@id\":\"https:\\\/\\\/elcanillita.info\\\/press\\\/#\\\/schema\\\/logo\\\/image\\\/\",\"url\":\"https:\\\/\\\/elcanillita.info\\\/press\\\/images\\\/2020\\\/01\\\/cropped-cropped-cropped-elcanillitainfo.png\",\"contentUrl\":\"https:\\\/\\\/elcanillita.info\\\/press\\\/images\\\/2020\\\/01\\\/cropped-cropped-cropped-elcanillitainfo.png\",\"width\":460,\"height\":50,\"caption\":\"Guzzo Photos & Graphic Publications\"},\"image\":{\"@id\":\"https:\\\/\\\/elcanillita.info\\\/press\\\/#\\\/schema\\\/logo\\\/image\\\/\"},\"sameAs\":[\"https:\\\/\\\/ar-ar.facebook.com\\\/ElCanillitainfo-114249515285712\\\/\"]},{\"@type\":\"Person\",\"@id\":\"https:\\\/\\\/elcanillita.info\\\/press\\\/#\\\/schema\\\/person\\\/7fcb79f38045700919f7da6d97e71ba0\",\"name\":\"SalaStampa.eu, world press service\",\"image\":{\"@type\":\"ImageObject\",\"inLanguage\":\"es-AR\",\"@id\":\"https:\\\/\\\/secure.gravatar.com\\\/avatar\\\/c2f0e0d515a107624234994507816ca4724c7199cef73fc8bedebf6931d73888?s=96&d=mm&r=g\",\"url\":\"https:\\\/\\\/secure.gravatar.com\\\/avatar\\\/c2f0e0d515a107624234994507816ca4724c7199cef73fc8bedebf6931d73888?s=96&d=mm&r=g\",\"contentUrl\":\"https:\\\/\\\/secure.gravatar.com\\\/avatar\\\/c2f0e0d515a107624234994507816ca4724c7199cef73fc8bedebf6931d73888?s=96&d=mm&r=g\",\"caption\":\"SalaStampa.eu, world press service\"}}]}<\/script>\n<!-- \/ Yoast SEO plugin. -->","yoast_head_json":{"title":"Boris Johnson fue advertido por altos cargos tories de no subir los impuestos tras negarse a descartarlo - ElCanillita.Info","robots":{"index":"index","follow":"follow","max-snippet":"max-snippet:-1","max-image-preview":"max-image-preview:large","max-video-preview":"max-video-preview:-1"},"canonical":"https:\/\/elcanillita.info\/press\/2021\/10\/03\/boris-johnson-advertido-cargos-tories-no-subir-impuestos\/","og_locale":"es_ES","og_type":"article","og_title":"Boris Johnson fue advertido por altos cargos tories de no subir los impuestos tras negarse a descartarlo - ElCanillita.Info","og_description":"Los ministros del gabinete y los altos cargos de los Tories han instado al Primer Ministro a cumplir con sus afirmaciones de ser un conservador de bajos impuestos","og_url":"https:\/\/elcanillita.info\/press\/2021\/10\/03\/boris-johnson-advertido-cargos-tories-no-subir-impuestos\/","og_site_name":"ElCanillita.Info","article_publisher":"https:\/\/ar-ar.facebook.com\/ElCanillitainfo-114249515285712\/","article_published_time":"2021-10-04T00:08:30+00:00","article_modified_time":"2021-10-04T00:13:47+00:00","og_image":[{"width":600,"height":400,"url":"https:\/\/elcanillita.info\/press\/images\/2021\/10\/boris.jpg","type":"image\/jpeg"}],"author":"SalaStampa.eu, world press service","twitter_card":"summary_large_image","twitter_misc":{"Escrito por":"SalaStampa.eu, world press service","Tiempo de lectura":"4 minutos"},"schema":{"@context":"https:\/\/schema.org","@graph":[{"@type":"Article","@id":"https:\/\/elcanillita.info\/press\/2021\/10\/03\/boris-johnson-advertido-cargos-tories-no-subir-impuestos\/#article","isPartOf":{"@id":"https:\/\/elcanillita.info\/press\/2021\/10\/03\/boris-johnson-advertido-cargos-tories-no-subir-impuestos\/"},"author":{"name":"SalaStampa.eu, world press service","@id":"https:\/\/elcanillita.info\/press\/#\/schema\/person\/7fcb79f38045700919f7da6d97e71ba0"},"headline":"Boris Johnson fue advertido por altos cargos tories de no subir los impuestos tras negarse a descartarlo","datePublished":"2021-10-04T00:08:30+00:00","dateModified":"2021-10-04T00:13:47+00:00","mainEntityOfPage":{"@id":"https:\/\/elcanillita.info\/press\/2021\/10\/03\/boris-johnson-advertido-cargos-tories-no-subir-impuestos\/"},"wordCount":913,"publisher":{"@id":"https:\/\/elcanillita.info\/press\/#organization"},"image":{"@id":"https:\/\/elcanillita.info\/press\/2021\/10\/03\/boris-johnson-advertido-cargos-tories-no-subir-impuestos\/#primaryimage"},"thumbnailUrl":"https:\/\/elcanillita.info\/press\/images\/2021\/10\/boris.jpg","keywords":["Reino Unido"],"articleSection":["Actualidad","Economia","Europa"],"inLanguage":"es-AR"},{"@type":"WebPage","@id":"https:\/\/elcanillita.info\/press\/2021\/10\/03\/boris-johnson-advertido-cargos-tories-no-subir-impuestos\/","url":"https:\/\/elcanillita.info\/press\/2021\/10\/03\/boris-johnson-advertido-cargos-tories-no-subir-impuestos\/","name":"Boris Johnson fue advertido por altos cargos tories de no subir los impuestos tras negarse a descartarlo - ElCanillita.Info","isPartOf":{"@id":"https:\/\/elcanillita.info\/press\/#website"},"primaryImageOfPage":{"@id":"https:\/\/elcanillita.info\/press\/2021\/10\/03\/boris-johnson-advertido-cargos-tories-no-subir-impuestos\/#primaryimage"},"image":{"@id":"https:\/\/elcanillita.info\/press\/2021\/10\/03\/boris-johnson-advertido-cargos-tories-no-subir-impuestos\/#primaryimage"},"thumbnailUrl":"https:\/\/elcanillita.info\/press\/images\/2021\/10\/boris.jpg","datePublished":"2021-10-04T00:08:30+00:00","dateModified":"2021-10-04T00:13:47+00:00","inLanguage":"es-AR","potentialAction":[{"@type":"ReadAction","target":["https:\/\/elcanillita.info\/press\/2021\/10\/03\/boris-johnson-advertido-cargos-tories-no-subir-impuestos\/"]}]},{"@type":"ImageObject","inLanguage":"es-AR","@id":"https:\/\/elcanillita.info\/press\/2021\/10\/03\/boris-johnson-advertido-cargos-tories-no-subir-impuestos\/#primaryimage","url":"https:\/\/elcanillita.info\/press\/images\/2021\/10\/boris.jpg","contentUrl":"https:\/\/elcanillita.info\/press\/images\/2021\/10\/boris.jpg","width":600,"height":400},{"@type":"WebSite","@id":"https:\/\/elcanillita.info\/press\/#website","url":"https:\/\/elcanillita.info\/press\/","name":"ElCanillita.Info","description":"desde los Apeninos a los Andes","publisher":{"@id":"https:\/\/elcanillita.info\/press\/#organization"},"potentialAction":[{"@type":"SearchAction","target":{"@type":"EntryPoint","urlTemplate":"https:\/\/elcanillita.info\/press\/?s={search_term_string}"},"query-input":{"@type":"PropertyValueSpecification","valueRequired":true,"valueName":"search_term_string"}}],"inLanguage":"es-AR"},{"@type":"Organization","@id":"https:\/\/elcanillita.info\/press\/#organization","name":"Guzzo Photos & Graphic Publications","url":"https:\/\/elcanillita.info\/press\/","logo":{"@type":"ImageObject","inLanguage":"es-AR","@id":"https:\/\/elcanillita.info\/press\/#\/schema\/logo\/image\/","url":"https:\/\/elcanillita.info\/press\/images\/2020\/01\/cropped-cropped-cropped-elcanillitainfo.png","contentUrl":"https:\/\/elcanillita.info\/press\/images\/2020\/01\/cropped-cropped-cropped-elcanillitainfo.png","width":460,"height":50,"caption":"Guzzo Photos & Graphic Publications"},"image":{"@id":"https:\/\/elcanillita.info\/press\/#\/schema\/logo\/image\/"},"sameAs":["https:\/\/ar-ar.facebook.com\/ElCanillitainfo-114249515285712\/"]},{"@type":"Person","@id":"https:\/\/elcanillita.info\/press\/#\/schema\/person\/7fcb79f38045700919f7da6d97e71ba0","name":"SalaStampa.eu, world press service","image":{"@type":"ImageObject","inLanguage":"es-AR","@id":"https:\/\/secure.gravatar.com\/avatar\/c2f0e0d515a107624234994507816ca4724c7199cef73fc8bedebf6931d73888?s=96&d=mm&r=g","url":"https:\/\/secure.gravatar.com\/avatar\/c2f0e0d515a107624234994507816ca4724c7199cef73fc8bedebf6931d73888?s=96&d=mm&r=g","contentUrl":"https:\/\/secure.gravatar.com\/avatar\/c2f0e0d515a107624234994507816ca4724c7199cef73fc8bedebf6931d73888?s=96&d=mm&r=g","caption":"SalaStampa.eu, world press service"}}]}},"views":521,"_links":{"self":[{"href":"https:\/\/elcanillita.info\/press\/wp-json\/wp\/v2\/posts\/2008","targetHints":{"allow":["GET"]}}],"collection":[{"href":"https:\/\/elcanillita.info\/press\/wp-json\/wp\/v2\/posts"}],"about":[{"href":"https:\/\/elcanillita.info\/press\/wp-json\/wp\/v2\/types\/post"}],"author":[{"embeddable":true,"href":"https:\/\/elcanillita.info\/press\/wp-json\/wp\/v2\/users\/1"}],"replies":[{"embeddable":true,"href":"https:\/\/elcanillita.info\/press\/wp-json\/wp\/v2\/comments?post=2008"}],"version-history":[{"count":0,"href":"https:\/\/elcanillita.info\/press\/wp-json\/wp\/v2\/posts\/2008\/revisions"}],"wp:featuredmedia":[{"embeddable":true,"href":"https:\/\/elcanillita.info\/press\/wp-json\/wp\/v2\/media\/2010"}],"wp:attachment":[{"href":"https:\/\/elcanillita.info\/press\/wp-json\/wp\/v2\/media?parent=2008"}],"wp:term":[{"taxonomy":"category","embeddable":true,"href":"https:\/\/elcanillita.info\/press\/wp-json\/wp\/v2\/categories?post=2008"},{"taxonomy":"post_tag","embeddable":true,"href":"https:\/\/elcanillita.info\/press\/wp-json\/wp\/v2\/tags?post=2008"}],"curies":[{"name":"wp","href":"https:\/\/api.w.org\/{rel}","templated":true}]}}