{"id":197,"date":"2020-01-25T12:35:46","date_gmt":"2020-01-25T15:35:46","guid":{"rendered":"https:\/\/elcanillita.info\/press\/?p=197"},"modified":"2020-02-06T09:27:20","modified_gmt":"2020-02-06T12:27:20","slug":"catilina-fue-un-poroto","status":"publish","type":"post","link":"https:\/\/elcanillita.info\/press\/2020\/01\/25\/catilina-fue-un-poroto\/","title":{"rendered":"Catilina fue un poroto"},"content":{"rendered":"\n<p><strong><small>&#8220;La victoria de los malos es el fruto de la cobard\u00eda de los buenos&#8221;<\/small><br><small>San Juan Bosco<\/small><\/strong><\/p>\n\n\n\n<p>Argentina Hoy<br>En 2010, Jos\u00e9 Enrique Miguens escribi\u00f3 un magn\u00edfico  art\u00edculo, \u201cDarse cuenta\u201d<strong> <\/strong>referido a la ley de medios, en el que  describi\u00f3 el m\u00e9todo que utiliz\u00f3 Adolf Hitler, que no ten\u00eda la mayor\u00eda \u2013hab\u00eda  obtenido en las \u00faltimas elecciones s\u00f3lo el 36,8% de los votos-, para hacerse con  el poder absoluto. En el Reichstag, su partido presentaba un proyecto de ley; la  forma de encararlo ca\u00eda bien a la izquierda moderada; apoyada por los nazis y  los socialistas, obten\u00eda la sanci\u00f3n. Acto seguido, presentaba otro que, esa vez,  gustaba a los comunistas que, sumados a los nazis, lo convert\u00eda en ley; y as\u00ed  sucesivamente. Cuando la sociedad se dio cuenta, ya fue demasiado tarde; el  precio de esa desatenci\u00f3n fue cincuenta millones de muertos y la devastaci\u00f3n de  medio mundo.<\/p>\n\n\n\n<p>La historia viene a cuento por lo que est\u00e1 sucediendo \nhoy en la Argentina donde en el H\u00ba Aguantadero, con la descarada complicidad del \n\u201clavagnismo\u201d y a lomos de la eterna emergencia econ\u00f3mica y una \u201csolidaridad\u201d \nimpuesta por ley, bastante rara porque deja fuera a muchos privilegiados, el \nperonismo pegoteado deleg\u00f3 en Alberto Fern\u00e1ndez casi la suma del poder p\u00fablico. \nY ello ante un Poder Judicial que, cobardemente, no reacciona cuando el \nPresidente y sus ministros cuestionan p\u00fablicamente fallos, pruebas y \ndetenciones; recordemos que tanto el Presidente cuanto el Gobernador Axel \nKiciloff nombraron a algunos procesados como funcionarios, invocando siempre la \nfamosa <em>lawfare<\/em>.<\/p>\n\n\n\n<p>Pero ni siquiera esas situaciones expresan el colmo de \nlo que estamos viviendo. A ese l\u00edmite se llega al contemplar, muy pasivamente \npor cierto, el copamiento por Cristina Fern\u00e1ndez de todos los resortes que se \nvinculan con las mayores \u201ccajas\u201d estatales y, sobre todo, de los organismos de \ncontrol; es natural que haya puesto en ellos el foco, porque ser\u00e1n determinantes \npara la suerte de las causas por corrupci\u00f3n, lavado de dinero, enriquecimiento \nil\u00edcito y traici\u00f3n a la Patria que la afectan y tanto la \npreocupan.<\/p>\n\n\n\n<p>No s\u00f3lo hablo de sus escuderos nombrados en la Oficina \nAnticorrupci\u00f3n y la Fiscal\u00eda de Investigaciones Administrativas, que act\u00faan en \nesos procesos como querellantes, y en la Procuraci\u00f3n del Tesoro (jefe de todos \nlos abogados del Estado nacional), que ya logr\u00f3 para Carlos <em>Chino <\/em>Zannini, sino que impulsa a Daniel \nRafecas, el mismo Juez que pretendi\u00f3 archivar la denuncia de Alberto Nisman por \nel memor\u00e1ndum con Ir\u00e1n sin disponer prueba alguna, nada menos que como \nProcurador General, es decir, jefe de los fiscales federales. Si los acusadores \ndejan de ejercer ese rol, habr\u00e1 logrado la tan ansiada \nimpunidad.<\/p>\n\n\n\n<p>Pero ni con eso qued\u00f3 conforme: quiere nombrar como \ncabeza de la Inspecci\u00f3n General de Justicia, organismo de control legal de las \nsociedades, a un abogado \u2013Ricardo Nissen- que fue apoderado de sus hijos M\u00e1ximo \ny Florencia en Hotesur S.A., la empresa que result\u00f3 instrumento para que \nCrist\u00f3bal L\u00f3pez y L\u00e1zaro B\u00e1ez \u201creintegraran\u201d a la familia Kirchner parte de los \nsobreprecios que obten\u00edan en las licitaciones ama\u00f1adas o a trav\u00e9s de las \nfacilidades \u201cextraordinarias\u201d que les otorgaba la DGI para devolver los \nimpuestos robados. Y qu\u00e9 decir de la radio y la televisi\u00f3n p\u00fablicas, puestas en \nmanos de Rosario Lufrano, que ha prometido usarlas para denostar al gobierno \nanterior. \u00a1Hola, Joseph Goebbels! <\/p>\n\n\n\n<p>Mientras tanto, los ministros del Poder Ejecutivo, \nrespaldados expresamente por el Presidente, se dedican a demoler todo aquello de \nlo poco que la sociedad valor\u00f3 positivamente del gobierno de Mauricio Macri: \ndesarmaron a la Polic\u00eda, pretenden ideologizar a las fuerzas armadas, compraron \ndiputados electos por la oposici\u00f3n, terminaron con la movilidad legal autom\u00e1tica \nde las jubilaciones en desmedro de los que trabajaron toda su vida, dinamitaron \nla econom\u00eda del conocimiento, redujeron la lucha contra el narcotr\u00e1fico y \npretenden despenalizar el consumo de marihuana, instauraron la tarjeta \nalimentaria como elemento de control social (\u00a1vamos, Nicol\u00e1s Maduro!), \nincrementaron el gasto, expolian a la clase media con impuestazos impagables, \nvolvieron a perseguir al campo y crearon infinidad de cargos en la \nadministraci\u00f3n p\u00fablica que inundaron de &nbsp;familiares, de militantes sin experiencia \nni <em>curriculum<\/em>, de piqueteros, de \nterroristas de ERP y Montoneros y de fan\u00e1ticos dispuestos a expulsar a quienes \nno resulten afines al partido que se ha quedado con el poder absoluto. La \ncomparaci\u00f3n con el proceder del primer peronismo no es mera \ncoincidencia.<\/p>\n\n\n\n<p>Marco Tulio Cicer\u00f3n, que fue asesinado por ello (\u00bfle \nrecuerda algo?), sesenta y tres a\u00f1os antes de Cristo le pregunt\u00f3 en el Senado a \nLucio Catilina hasta cu\u00e1ndo abusar\u00eda de la paciencia de los romanos con sus \npretensiones de demoler la rep\u00fablica y hoy, m\u00e1s de veinte siglos despu\u00e9s, se lo \npregunto al kirchnerismo; tambi\u00e9n se lo pregunto, en sentido inverso, al \ncuarenta y uno por ciento que no lo vot\u00f3. Porque, m\u00e1s all\u00e1 de los malabares \nverbales, ya est\u00e1 claro que aqu\u00e9l volvi\u00f3 para quedarse y llevarnos al \n\u201csocialismo del siglo XXI\u201d, apoyado por Cuba, por Venezuela y por la \nprobadamente disolvente Rusia de Vladimir Putin. <\/p>\n\n\n\n<p><p>La \u00fanica esperanza de un mejor devenir para nuestro \nfuturo, al menos hasta que se consiga refinanciar la deuda p\u00fablica, se centra \nhoy en Donald Trump, por el enorme peso que tienen los Estados Unidos en el FMI. \nEso obliga a Alberto Fern\u00e1ndez a alinearse con su pol\u00edtica exterior, o sea, \nacompa\u00f1ar el enfrentamiento con los ayatollahs iran\u00edes y con el tirano Nicol\u00e1s \nMaduro, y le implica renegar de los alineamientos que tanto promovi\u00f3 Cristina \nFern\u00e1ndez durante su gesti\u00f3n anterior. En este tema, cu\u00e1nto durar\u00e1 y qu\u00e9 \nresultado tendr\u00e1 el enfrentamiento con su compa\u00f1era nadie lo sabe, pero \nseguramente ameritar\u00e1 alquilar balcones.&nbsp; \n<\/p>\n \n<p>Buenos.Aires., 25 Enero 2020<\/p>\n<p> <small>\u00a9 2020 Enrique Guillermo Avogadro<\/small><br>\n<small>\u00a9 2020 ElCanillita.Info \u2013 Todos los derechos reservados<br> Prohibida la reproducci\u00f3n total o parcial de \u00e9ste art\u00edculo sin autorizaci\u00f3n explicita del autor<\/small><\/p><\/p>\n","protected":false},"excerpt":{"rendered":"<p>Argentina Hoy &#8211; En 2010, Jos\u00e9 Enrique Miguens escribi\u00f3 un magn\u00edfico  art\u00edculo, \u201cDarse cuenta\u201d (https:\/\/tinyurl.com\/wkbdufl) referido a la ley de medios, en el que  describi\u00f3 el m\u00e9todo que utiliz\u00f3 Adolf Hitler, que no ten\u00eda la mayor\u00eda \u2013hab\u00eda  obtenido en las \u00faltimas elecciones s\u00f3lo el 36,8% de los votos-, para hacerse con  el poder absoluto.  <\/p>\n","protected":false},"author":1,"featured_media":0,"comment_status":"closed","ping_status":"closed","sticky":false,"template":"","format":"standard","meta":{"footnotes":"","_links_to":"","_links_to_target":""},"categories":[11,22,23,25],"tags":[29],"class_list":["post-197","post","type-post","status-publish","format-standard","hentry","category-america-del-sur","category-justicia","category-politica","category-sociedad","tag-argentina","entry","double"],"yoast_head":"<!-- This site is optimized with the Yoast SEO plugin v27.4 - https:\/\/yoast.com\/product\/yoast-seo-wordpress\/ -->\n<title>Catilina fue un poroto - ElCanillita.Info<\/title>\n<meta name=\"robots\" content=\"index, follow, max-snippet:-1, max-image-preview:large, max-video-preview:-1\" \/>\n<link rel=\"canonical\" href=\"https:\/\/elcanillita.info\/press\/2020\/01\/25\/catilina-fue-un-poroto\/\" \/>\n<meta property=\"og:locale\" content=\"es_ES\" \/>\n<meta property=\"og:type\" content=\"article\" \/>\n<meta property=\"og:title\" content=\"Catilina fue un poroto - ElCanillita.Info\" \/>\n<meta property=\"og:description\" content=\"Argentina Hoy - En 2010, Jos\u00e9 Enrique Miguens escribi\u00f3 un magn\u00edfico art\u00edculo, \u201cDarse cuenta\u201d (https:\/\/tinyurl.com\/wkbdufl) referido a la ley de medios, en el que describi\u00f3 el m\u00e9todo que utiliz\u00f3 Adolf Hitler, que no ten\u00eda la mayor\u00eda \u2013hab\u00eda obtenido en las \u00faltimas elecciones s\u00f3lo el 36,8% de los votos-, para hacerse con el poder absoluto.\" \/>\n<meta property=\"og:url\" content=\"https:\/\/elcanillita.info\/press\/2020\/01\/25\/catilina-fue-un-poroto\/\" \/>\n<meta property=\"og:site_name\" content=\"ElCanillita.Info\" \/>\n<meta property=\"article:publisher\" content=\"https:\/\/ar-ar.facebook.com\/ElCanillitainfo-114249515285712\/\" \/>\n<meta property=\"article:published_time\" content=\"2020-01-25T15:35:46+00:00\" \/>\n<meta property=\"article:modified_time\" content=\"2020-02-06T12:27:20+00:00\" \/>\n<meta name=\"author\" content=\"SalaStampa.eu, world press service\" \/>\n<meta name=\"twitter:card\" content=\"summary_large_image\" \/>\n<meta name=\"twitter:label1\" content=\"Escrito por\" \/>\n\t<meta name=\"twitter:data1\" content=\"SalaStampa.eu, world press service\" \/>\n\t<meta name=\"twitter:label2\" content=\"Tiempo de lectura\" \/>\n\t<meta name=\"twitter:data2\" content=\"5 minutos\" \/>\n<script type=\"application\/ld+json\" class=\"yoast-schema-graph\">{\"@context\":\"https:\\\/\\\/schema.org\",\"@graph\":[{\"@type\":\"Article\",\"@id\":\"https:\\\/\\\/elcanillita.info\\\/press\\\/2020\\\/01\\\/25\\\/catilina-fue-un-poroto\\\/#article\",\"isPartOf\":{\"@id\":\"https:\\\/\\\/elcanillita.info\\\/press\\\/2020\\\/01\\\/25\\\/catilina-fue-un-poroto\\\/\"},\"author\":{\"name\":\"SalaStampa.eu, world press service\",\"@id\":\"https:\\\/\\\/elcanillita.info\\\/press\\\/#\\\/schema\\\/person\\\/7fcb79f38045700919f7da6d97e71ba0\"},\"headline\":\"Catilina fue un poroto\",\"datePublished\":\"2020-01-25T15:35:46+00:00\",\"dateModified\":\"2020-02-06T12:27:20+00:00\",\"mainEntityOfPage\":{\"@id\":\"https:\\\/\\\/elcanillita.info\\\/press\\\/2020\\\/01\\\/25\\\/catilina-fue-un-poroto\\\/\"},\"wordCount\":1032,\"publisher\":{\"@id\":\"https:\\\/\\\/elcanillita.info\\\/press\\\/#organization\"},\"keywords\":[\"Argentina\"],\"articleSection\":[\"Am\u00e9rica del Sur\",\"Justicia\",\"Politica\",\"Sociedad\"],\"inLanguage\":\"es-AR\"},{\"@type\":\"WebPage\",\"@id\":\"https:\\\/\\\/elcanillita.info\\\/press\\\/2020\\\/01\\\/25\\\/catilina-fue-un-poroto\\\/\",\"url\":\"https:\\\/\\\/elcanillita.info\\\/press\\\/2020\\\/01\\\/25\\\/catilina-fue-un-poroto\\\/\",\"name\":\"Catilina fue un poroto - ElCanillita.Info\",\"isPartOf\":{\"@id\":\"https:\\\/\\\/elcanillita.info\\\/press\\\/#website\"},\"datePublished\":\"2020-01-25T15:35:46+00:00\",\"dateModified\":\"2020-02-06T12:27:20+00:00\",\"inLanguage\":\"es-AR\",\"potentialAction\":[{\"@type\":\"ReadAction\",\"target\":[\"https:\\\/\\\/elcanillita.info\\\/press\\\/2020\\\/01\\\/25\\\/catilina-fue-un-poroto\\\/\"]}]},{\"@type\":\"WebSite\",\"@id\":\"https:\\\/\\\/elcanillita.info\\\/press\\\/#website\",\"url\":\"https:\\\/\\\/elcanillita.info\\\/press\\\/\",\"name\":\"ElCanillita.Info\",\"description\":\"desde los Apeninos a los Andes\",\"publisher\":{\"@id\":\"https:\\\/\\\/elcanillita.info\\\/press\\\/#organization\"},\"potentialAction\":[{\"@type\":\"SearchAction\",\"target\":{\"@type\":\"EntryPoint\",\"urlTemplate\":\"https:\\\/\\\/elcanillita.info\\\/press\\\/?s={search_term_string}\"},\"query-input\":{\"@type\":\"PropertyValueSpecification\",\"valueRequired\":true,\"valueName\":\"search_term_string\"}}],\"inLanguage\":\"es-AR\"},{\"@type\":\"Organization\",\"@id\":\"https:\\\/\\\/elcanillita.info\\\/press\\\/#organization\",\"name\":\"Guzzo Photos & Graphic Publications\",\"url\":\"https:\\\/\\\/elcanillita.info\\\/press\\\/\",\"logo\":{\"@type\":\"ImageObject\",\"inLanguage\":\"es-AR\",\"@id\":\"https:\\\/\\\/elcanillita.info\\\/press\\\/#\\\/schema\\\/logo\\\/image\\\/\",\"url\":\"https:\\\/\\\/elcanillita.info\\\/press\\\/images\\\/2020\\\/01\\\/cropped-cropped-cropped-elcanillitainfo.png\",\"contentUrl\":\"https:\\\/\\\/elcanillita.info\\\/press\\\/images\\\/2020\\\/01\\\/cropped-cropped-cropped-elcanillitainfo.png\",\"width\":460,\"height\":50,\"caption\":\"Guzzo Photos & Graphic Publications\"},\"image\":{\"@id\":\"https:\\\/\\\/elcanillita.info\\\/press\\\/#\\\/schema\\\/logo\\\/image\\\/\"},\"sameAs\":[\"https:\\\/\\\/ar-ar.facebook.com\\\/ElCanillitainfo-114249515285712\\\/\"]},{\"@type\":\"Person\",\"@id\":\"https:\\\/\\\/elcanillita.info\\\/press\\\/#\\\/schema\\\/person\\\/7fcb79f38045700919f7da6d97e71ba0\",\"name\":\"SalaStampa.eu, world press service\",\"image\":{\"@type\":\"ImageObject\",\"inLanguage\":\"es-AR\",\"@id\":\"https:\\\/\\\/secure.gravatar.com\\\/avatar\\\/c2f0e0d515a107624234994507816ca4724c7199cef73fc8bedebf6931d73888?s=96&d=mm&r=g\",\"url\":\"https:\\\/\\\/secure.gravatar.com\\\/avatar\\\/c2f0e0d515a107624234994507816ca4724c7199cef73fc8bedebf6931d73888?s=96&d=mm&r=g\",\"contentUrl\":\"https:\\\/\\\/secure.gravatar.com\\\/avatar\\\/c2f0e0d515a107624234994507816ca4724c7199cef73fc8bedebf6931d73888?s=96&d=mm&r=g\",\"caption\":\"SalaStampa.eu, world press service\"}}]}<\/script>\n<!-- \/ Yoast SEO plugin. -->","yoast_head_json":{"title":"Catilina fue un poroto - ElCanillita.Info","robots":{"index":"index","follow":"follow","max-snippet":"max-snippet:-1","max-image-preview":"max-image-preview:large","max-video-preview":"max-video-preview:-1"},"canonical":"https:\/\/elcanillita.info\/press\/2020\/01\/25\/catilina-fue-un-poroto\/","og_locale":"es_ES","og_type":"article","og_title":"Catilina fue un poroto - ElCanillita.Info","og_description":"Argentina Hoy - En 2010, Jos\u00e9 Enrique Miguens escribi\u00f3 un magn\u00edfico art\u00edculo, \u201cDarse cuenta\u201d (https:\/\/tinyurl.com\/wkbdufl) referido a la ley de medios, en el que describi\u00f3 el m\u00e9todo que utiliz\u00f3 Adolf Hitler, que no ten\u00eda la mayor\u00eda \u2013hab\u00eda obtenido en las \u00faltimas elecciones s\u00f3lo el 36,8% de los votos-, para hacerse con el poder absoluto.","og_url":"https:\/\/elcanillita.info\/press\/2020\/01\/25\/catilina-fue-un-poroto\/","og_site_name":"ElCanillita.Info","article_publisher":"https:\/\/ar-ar.facebook.com\/ElCanillitainfo-114249515285712\/","article_published_time":"2020-01-25T15:35:46+00:00","article_modified_time":"2020-02-06T12:27:20+00:00","author":"SalaStampa.eu, world press service","twitter_card":"summary_large_image","twitter_misc":{"Escrito por":"SalaStampa.eu, world press service","Tiempo de lectura":"5 minutos"},"schema":{"@context":"https:\/\/schema.org","@graph":[{"@type":"Article","@id":"https:\/\/elcanillita.info\/press\/2020\/01\/25\/catilina-fue-un-poroto\/#article","isPartOf":{"@id":"https:\/\/elcanillita.info\/press\/2020\/01\/25\/catilina-fue-un-poroto\/"},"author":{"name":"SalaStampa.eu, world press service","@id":"https:\/\/elcanillita.info\/press\/#\/schema\/person\/7fcb79f38045700919f7da6d97e71ba0"},"headline":"Catilina fue un poroto","datePublished":"2020-01-25T15:35:46+00:00","dateModified":"2020-02-06T12:27:20+00:00","mainEntityOfPage":{"@id":"https:\/\/elcanillita.info\/press\/2020\/01\/25\/catilina-fue-un-poroto\/"},"wordCount":1032,"publisher":{"@id":"https:\/\/elcanillita.info\/press\/#organization"},"keywords":["Argentina"],"articleSection":["Am\u00e9rica del Sur","Justicia","Politica","Sociedad"],"inLanguage":"es-AR"},{"@type":"WebPage","@id":"https:\/\/elcanillita.info\/press\/2020\/01\/25\/catilina-fue-un-poroto\/","url":"https:\/\/elcanillita.info\/press\/2020\/01\/25\/catilina-fue-un-poroto\/","name":"Catilina fue un poroto - ElCanillita.Info","isPartOf":{"@id":"https:\/\/elcanillita.info\/press\/#website"},"datePublished":"2020-01-25T15:35:46+00:00","dateModified":"2020-02-06T12:27:20+00:00","inLanguage":"es-AR","potentialAction":[{"@type":"ReadAction","target":["https:\/\/elcanillita.info\/press\/2020\/01\/25\/catilina-fue-un-poroto\/"]}]},{"@type":"WebSite","@id":"https:\/\/elcanillita.info\/press\/#website","url":"https:\/\/elcanillita.info\/press\/","name":"ElCanillita.Info","description":"desde los Apeninos a los Andes","publisher":{"@id":"https:\/\/elcanillita.info\/press\/#organization"},"potentialAction":[{"@type":"SearchAction","target":{"@type":"EntryPoint","urlTemplate":"https:\/\/elcanillita.info\/press\/?s={search_term_string}"},"query-input":{"@type":"PropertyValueSpecification","valueRequired":true,"valueName":"search_term_string"}}],"inLanguage":"es-AR"},{"@type":"Organization","@id":"https:\/\/elcanillita.info\/press\/#organization","name":"Guzzo Photos & Graphic Publications","url":"https:\/\/elcanillita.info\/press\/","logo":{"@type":"ImageObject","inLanguage":"es-AR","@id":"https:\/\/elcanillita.info\/press\/#\/schema\/logo\/image\/","url":"https:\/\/elcanillita.info\/press\/images\/2020\/01\/cropped-cropped-cropped-elcanillitainfo.png","contentUrl":"https:\/\/elcanillita.info\/press\/images\/2020\/01\/cropped-cropped-cropped-elcanillitainfo.png","width":460,"height":50,"caption":"Guzzo Photos & Graphic Publications"},"image":{"@id":"https:\/\/elcanillita.info\/press\/#\/schema\/logo\/image\/"},"sameAs":["https:\/\/ar-ar.facebook.com\/ElCanillitainfo-114249515285712\/"]},{"@type":"Person","@id":"https:\/\/elcanillita.info\/press\/#\/schema\/person\/7fcb79f38045700919f7da6d97e71ba0","name":"SalaStampa.eu, world press service","image":{"@type":"ImageObject","inLanguage":"es-AR","@id":"https:\/\/secure.gravatar.com\/avatar\/c2f0e0d515a107624234994507816ca4724c7199cef73fc8bedebf6931d73888?s=96&d=mm&r=g","url":"https:\/\/secure.gravatar.com\/avatar\/c2f0e0d515a107624234994507816ca4724c7199cef73fc8bedebf6931d73888?s=96&d=mm&r=g","contentUrl":"https:\/\/secure.gravatar.com\/avatar\/c2f0e0d515a107624234994507816ca4724c7199cef73fc8bedebf6931d73888?s=96&d=mm&r=g","caption":"SalaStampa.eu, world press service"}}]}},"views":798,"_links":{"self":[{"href":"https:\/\/elcanillita.info\/press\/wp-json\/wp\/v2\/posts\/197","targetHints":{"allow":["GET"]}}],"collection":[{"href":"https:\/\/elcanillita.info\/press\/wp-json\/wp\/v2\/posts"}],"about":[{"href":"https:\/\/elcanillita.info\/press\/wp-json\/wp\/v2\/types\/post"}],"author":[{"embeddable":true,"href":"https:\/\/elcanillita.info\/press\/wp-json\/wp\/v2\/users\/1"}],"replies":[{"embeddable":true,"href":"https:\/\/elcanillita.info\/press\/wp-json\/wp\/v2\/comments?post=197"}],"version-history":[{"count":0,"href":"https:\/\/elcanillita.info\/press\/wp-json\/wp\/v2\/posts\/197\/revisions"}],"wp:attachment":[{"href":"https:\/\/elcanillita.info\/press\/wp-json\/wp\/v2\/media?parent=197"}],"wp:term":[{"taxonomy":"category","embeddable":true,"href":"https:\/\/elcanillita.info\/press\/wp-json\/wp\/v2\/categories?post=197"},{"taxonomy":"post_tag","embeddable":true,"href":"https:\/\/elcanillita.info\/press\/wp-json\/wp\/v2\/tags?post=197"}],"curies":[{"name":"wp","href":"https:\/\/api.w.org\/{rel}","templated":true}]}}