{"id":196,"date":"2020-01-24T18:44:12","date_gmt":"2020-01-24T21:44:12","guid":{"rendered":"https:\/\/elcanillita.info\/press\/?p=196"},"modified":"2020-01-24T18:44:15","modified_gmt":"2020-01-24T21:44:15","slug":"mortalidad-infantil-de-la-mano-con-la-crisis-venezolana","status":"publish","type":"post","link":"https:\/\/elcanillita.info\/press\/2020\/01\/24\/mortalidad-infantil-de-la-mano-con-la-crisis-venezolana\/","title":{"rendered":"Mortalidad infantil, de la mano con la crisis venezolana"},"content":{"rendered":"\n<p>Caracas, 24.01.2020 &#8211; Familiares de ni\u00f1os en riesgo denuncian desabastecimiento de medicamentos, suministros m\u00e9dicos, imposibilidad de hacer trasplantes y precarias condiciones sanitarias en centros de salud, en Venezuela.<\/p>\n\n\n\n<p>Para la directora de la ONG Prepara familia, Katerine Mart\u00ednez, la situaci\u00f3n del sistema de salud infantil en toda Venezuela es dram\u00e1tica y atenta contra la vidas de los menores.&nbsp;&nbsp;<\/p>\n\n\n\n<p>\u201cYo creo que todos los ni\u00f1os que est\u00e1n en este momento en una unidad pedi\u00e1trica en este momento est\u00e1n en riesgo, sin agua, que es esencial hay un tema de contaminaci\u00f3n, es muy duro lo que viven los ni\u00f1os en este momento\u201d, afirma.<\/p>\n\n\n\n<p>Por su parte, el gobierno en disputa del pa\u00eds report\u00f3 16 muertes de ni\u00f1os por cada mil habitantes, en 2016, y se ha negado a publicar cifras oficiales de infantes fallecidos. Sostiene, adem\u00e1s, que no puede pagar la deuda de medicamentos e insumos m\u00e9dicos, contra\u00edda con otros pa\u00edses, debido a las sanciones impuestas por Estados Unidos.<\/p>\n\n\n\n<p>Mari Lobo, madre de B\u00e1rbara, quien padece linfoma no&nbsp;Hodgkin \u2014un c\u00e1ncer que se origina cuando las c\u00e9lulas comienzan a crecer sin control\u2014, dice que&nbsp; tiene mucho temor, pues el tratamiento tiene efectos secundarios y especialmente porque no puede tener a la mano los medicamentos y el material m\u00e9dico que su ni\u00f1a necesita.&nbsp;<\/p>\n\n\n\n<p>\u201cTengo miedo porque si mi hija necesita una simple placa para ver c\u00f3mo va su tratamiento, tenemos la atenci\u00f3n de enfermeras y m\u00e9dicos pero falta la parte de los insumos. Todo tiene que ser un equilibrio, todo debe estar completo para que funcione correctamente. Mientras mi hija estuvo en el diagn\u00f3stico fallecieron 4 ni\u00f1os, ellos colapsaron por falta de trasplante\u201d, afirma.<\/p>\n\n\n\n<p>Por su parte, Yamilca Blanco, quien tiene una ni\u00f1a&nbsp; diagnosticada con leucemia, asegura que los m\u00e9dicos trabajan pr\u00e1cticamente &#8220;con las u\u00f1as&#8221; ante la creciente falta de suministros m\u00e9dicos en los centros de salud.&nbsp;<\/p>\n\n\n\n<p>\u201cLos quir\u00f3fanos est\u00e1n contaminados, no hay soluciones, no hay nada.&nbsp; Necesitamos una respuesta, los doctores hacen todo lo posible por salvar vidas, pero no pueden trabajar sin insumos\u201d, sostiene.<\/p>\n\n\n\n<p><br><br>\n<small>2020 voanoticias \u2013 salastampa.eu, afiliada a la red Broadcasting Board of Governors \u00a9 2020 BBG<\/small><\/p>\n","protected":false},"excerpt":{"rendered":"<p>Caracas, 24.01.2020 &#8211; Familiares de ni\u00f1os en riesgo denuncian desabastecimiento de medicamentos, suministros m\u00e9dicos, imposibilidad de hacer trasplantes y precarias condiciones sanitarias en centros de salud, en Venezuela.<\/p>\n","protected":false},"author":1,"featured_media":0,"comment_status":"closed","ping_status":"closed","sticky":false,"template":"","format":"standard","meta":{"footnotes":"","_links_to":"","_links_to_target":""},"categories":[11,20,23,25],"tags":[37],"class_list":["post-196","post","type-post","status-publish","format-standard","hentry","category-america-del-sur","category-economia","category-politica","category-sociedad","tag-venezuela","entry","double"],"yoast_head":"<!-- This site is optimized with the Yoast SEO plugin v27.4 - https:\/\/yoast.com\/product\/yoast-seo-wordpress\/ -->\n<title>Mortalidad infantil, de la mano con la crisis venezolana - ElCanillita.Info<\/title>\n<meta name=\"robots\" content=\"index, follow, max-snippet:-1, max-image-preview:large, max-video-preview:-1\" \/>\n<link rel=\"canonical\" href=\"https:\/\/elcanillita.info\/press\/2020\/01\/24\/mortalidad-infantil-de-la-mano-con-la-crisis-venezolana\/\" \/>\n<meta property=\"og:locale\" content=\"es_ES\" \/>\n<meta property=\"og:type\" content=\"article\" \/>\n<meta property=\"og:title\" content=\"Mortalidad infantil, de la mano con la crisis venezolana - ElCanillita.Info\" \/>\n<meta property=\"og:description\" content=\"Caracas, 24.01.2020 - Familiares de ni\u00f1os en riesgo denuncian desabastecimiento de medicamentos, suministros m\u00e9dicos, imposibilidad de hacer trasplantes y precarias condiciones sanitarias en centros de salud, en Venezuela.\" \/>\n<meta property=\"og:url\" content=\"https:\/\/elcanillita.info\/press\/2020\/01\/24\/mortalidad-infantil-de-la-mano-con-la-crisis-venezolana\/\" \/>\n<meta property=\"og:site_name\" content=\"ElCanillita.Info\" \/>\n<meta property=\"article:publisher\" content=\"https:\/\/ar-ar.facebook.com\/ElCanillitainfo-114249515285712\/\" \/>\n<meta property=\"article:published_time\" content=\"2020-01-24T21:44:12+00:00\" \/>\n<meta property=\"article:modified_time\" content=\"2020-01-24T21:44:15+00:00\" \/>\n<meta name=\"author\" content=\"SalaStampa.eu, world press service\" \/>\n<meta name=\"twitter:card\" content=\"summary_large_image\" \/>\n<meta name=\"twitter:label1\" content=\"Escrito por\" \/>\n\t<meta name=\"twitter:data1\" content=\"SalaStampa.eu, world press service\" \/>\n\t<meta name=\"twitter:label2\" content=\"Tiempo de lectura\" \/>\n\t<meta name=\"twitter:data2\" content=\"2 minutos\" \/>\n<script type=\"application\/ld+json\" class=\"yoast-schema-graph\">{\"@context\":\"https:\\\/\\\/schema.org\",\"@graph\":[{\"@type\":\"Article\",\"@id\":\"https:\\\/\\\/elcanillita.info\\\/press\\\/2020\\\/01\\\/24\\\/mortalidad-infantil-de-la-mano-con-la-crisis-venezolana\\\/#article\",\"isPartOf\":{\"@id\":\"https:\\\/\\\/elcanillita.info\\\/press\\\/2020\\\/01\\\/24\\\/mortalidad-infantil-de-la-mano-con-la-crisis-venezolana\\\/\"},\"author\":{\"name\":\"SalaStampa.eu, world press service\",\"@id\":\"https:\\\/\\\/elcanillita.info\\\/press\\\/#\\\/schema\\\/person\\\/7fcb79f38045700919f7da6d97e71ba0\"},\"headline\":\"Mortalidad infantil, de la mano con la crisis venezolana\",\"datePublished\":\"2020-01-24T21:44:12+00:00\",\"dateModified\":\"2020-01-24T21:44:15+00:00\",\"mainEntityOfPage\":{\"@id\":\"https:\\\/\\\/elcanillita.info\\\/press\\\/2020\\\/01\\\/24\\\/mortalidad-infantil-de-la-mano-con-la-crisis-venezolana\\\/\"},\"wordCount\":392,\"publisher\":{\"@id\":\"https:\\\/\\\/elcanillita.info\\\/press\\\/#organization\"},\"keywords\":[\"Venezuela\"],\"articleSection\":[\"Am\u00e9rica del Sur\",\"Economia\",\"Politica\",\"Sociedad\"],\"inLanguage\":\"es-AR\"},{\"@type\":\"WebPage\",\"@id\":\"https:\\\/\\\/elcanillita.info\\\/press\\\/2020\\\/01\\\/24\\\/mortalidad-infantil-de-la-mano-con-la-crisis-venezolana\\\/\",\"url\":\"https:\\\/\\\/elcanillita.info\\\/press\\\/2020\\\/01\\\/24\\\/mortalidad-infantil-de-la-mano-con-la-crisis-venezolana\\\/\",\"name\":\"Mortalidad infantil, de la mano con la crisis venezolana - ElCanillita.Info\",\"isPartOf\":{\"@id\":\"https:\\\/\\\/elcanillita.info\\\/press\\\/#website\"},\"datePublished\":\"2020-01-24T21:44:12+00:00\",\"dateModified\":\"2020-01-24T21:44:15+00:00\",\"inLanguage\":\"es-AR\",\"potentialAction\":[{\"@type\":\"ReadAction\",\"target\":[\"https:\\\/\\\/elcanillita.info\\\/press\\\/2020\\\/01\\\/24\\\/mortalidad-infantil-de-la-mano-con-la-crisis-venezolana\\\/\"]}]},{\"@type\":\"WebSite\",\"@id\":\"https:\\\/\\\/elcanillita.info\\\/press\\\/#website\",\"url\":\"https:\\\/\\\/elcanillita.info\\\/press\\\/\",\"name\":\"ElCanillita.Info\",\"description\":\"desde los Apeninos a los Andes\",\"publisher\":{\"@id\":\"https:\\\/\\\/elcanillita.info\\\/press\\\/#organization\"},\"potentialAction\":[{\"@type\":\"SearchAction\",\"target\":{\"@type\":\"EntryPoint\",\"urlTemplate\":\"https:\\\/\\\/elcanillita.info\\\/press\\\/?s={search_term_string}\"},\"query-input\":{\"@type\":\"PropertyValueSpecification\",\"valueRequired\":true,\"valueName\":\"search_term_string\"}}],\"inLanguage\":\"es-AR\"},{\"@type\":\"Organization\",\"@id\":\"https:\\\/\\\/elcanillita.info\\\/press\\\/#organization\",\"name\":\"Guzzo Photos & Graphic Publications\",\"url\":\"https:\\\/\\\/elcanillita.info\\\/press\\\/\",\"logo\":{\"@type\":\"ImageObject\",\"inLanguage\":\"es-AR\",\"@id\":\"https:\\\/\\\/elcanillita.info\\\/press\\\/#\\\/schema\\\/logo\\\/image\\\/\",\"url\":\"https:\\\/\\\/elcanillita.info\\\/press\\\/images\\\/2020\\\/01\\\/cropped-cropped-cropped-elcanillitainfo.png\",\"contentUrl\":\"https:\\\/\\\/elcanillita.info\\\/press\\\/images\\\/2020\\\/01\\\/cropped-cropped-cropped-elcanillitainfo.png\",\"width\":460,\"height\":50,\"caption\":\"Guzzo Photos & Graphic Publications\"},\"image\":{\"@id\":\"https:\\\/\\\/elcanillita.info\\\/press\\\/#\\\/schema\\\/logo\\\/image\\\/\"},\"sameAs\":[\"https:\\\/\\\/ar-ar.facebook.com\\\/ElCanillitainfo-114249515285712\\\/\"]},{\"@type\":\"Person\",\"@id\":\"https:\\\/\\\/elcanillita.info\\\/press\\\/#\\\/schema\\\/person\\\/7fcb79f38045700919f7da6d97e71ba0\",\"name\":\"SalaStampa.eu, world press service\",\"image\":{\"@type\":\"ImageObject\",\"inLanguage\":\"es-AR\",\"@id\":\"https:\\\/\\\/secure.gravatar.com\\\/avatar\\\/c2f0e0d515a107624234994507816ca4724c7199cef73fc8bedebf6931d73888?s=96&d=mm&r=g\",\"url\":\"https:\\\/\\\/secure.gravatar.com\\\/avatar\\\/c2f0e0d515a107624234994507816ca4724c7199cef73fc8bedebf6931d73888?s=96&d=mm&r=g\",\"contentUrl\":\"https:\\\/\\\/secure.gravatar.com\\\/avatar\\\/c2f0e0d515a107624234994507816ca4724c7199cef73fc8bedebf6931d73888?s=96&d=mm&r=g\",\"caption\":\"SalaStampa.eu, world press service\"}}]}<\/script>\n<!-- \/ Yoast SEO plugin. -->","yoast_head_json":{"title":"Mortalidad infantil, de la mano con la crisis venezolana - ElCanillita.Info","robots":{"index":"index","follow":"follow","max-snippet":"max-snippet:-1","max-image-preview":"max-image-preview:large","max-video-preview":"max-video-preview:-1"},"canonical":"https:\/\/elcanillita.info\/press\/2020\/01\/24\/mortalidad-infantil-de-la-mano-con-la-crisis-venezolana\/","og_locale":"es_ES","og_type":"article","og_title":"Mortalidad infantil, de la mano con la crisis venezolana - ElCanillita.Info","og_description":"Caracas, 24.01.2020 - Familiares de ni\u00f1os en riesgo denuncian desabastecimiento de medicamentos, suministros m\u00e9dicos, imposibilidad de hacer trasplantes y precarias condiciones sanitarias en centros de salud, en Venezuela.","og_url":"https:\/\/elcanillita.info\/press\/2020\/01\/24\/mortalidad-infantil-de-la-mano-con-la-crisis-venezolana\/","og_site_name":"ElCanillita.Info","article_publisher":"https:\/\/ar-ar.facebook.com\/ElCanillitainfo-114249515285712\/","article_published_time":"2020-01-24T21:44:12+00:00","article_modified_time":"2020-01-24T21:44:15+00:00","author":"SalaStampa.eu, world press service","twitter_card":"summary_large_image","twitter_misc":{"Escrito por":"SalaStampa.eu, world press service","Tiempo de lectura":"2 minutos"},"schema":{"@context":"https:\/\/schema.org","@graph":[{"@type":"Article","@id":"https:\/\/elcanillita.info\/press\/2020\/01\/24\/mortalidad-infantil-de-la-mano-con-la-crisis-venezolana\/#article","isPartOf":{"@id":"https:\/\/elcanillita.info\/press\/2020\/01\/24\/mortalidad-infantil-de-la-mano-con-la-crisis-venezolana\/"},"author":{"name":"SalaStampa.eu, world press service","@id":"https:\/\/elcanillita.info\/press\/#\/schema\/person\/7fcb79f38045700919f7da6d97e71ba0"},"headline":"Mortalidad infantil, de la mano con la crisis venezolana","datePublished":"2020-01-24T21:44:12+00:00","dateModified":"2020-01-24T21:44:15+00:00","mainEntityOfPage":{"@id":"https:\/\/elcanillita.info\/press\/2020\/01\/24\/mortalidad-infantil-de-la-mano-con-la-crisis-venezolana\/"},"wordCount":392,"publisher":{"@id":"https:\/\/elcanillita.info\/press\/#organization"},"keywords":["Venezuela"],"articleSection":["Am\u00e9rica del Sur","Economia","Politica","Sociedad"],"inLanguage":"es-AR"},{"@type":"WebPage","@id":"https:\/\/elcanillita.info\/press\/2020\/01\/24\/mortalidad-infantil-de-la-mano-con-la-crisis-venezolana\/","url":"https:\/\/elcanillita.info\/press\/2020\/01\/24\/mortalidad-infantil-de-la-mano-con-la-crisis-venezolana\/","name":"Mortalidad infantil, de la mano con la crisis venezolana - ElCanillita.Info","isPartOf":{"@id":"https:\/\/elcanillita.info\/press\/#website"},"datePublished":"2020-01-24T21:44:12+00:00","dateModified":"2020-01-24T21:44:15+00:00","inLanguage":"es-AR","potentialAction":[{"@type":"ReadAction","target":["https:\/\/elcanillita.info\/press\/2020\/01\/24\/mortalidad-infantil-de-la-mano-con-la-crisis-venezolana\/"]}]},{"@type":"WebSite","@id":"https:\/\/elcanillita.info\/press\/#website","url":"https:\/\/elcanillita.info\/press\/","name":"ElCanillita.Info","description":"desde los Apeninos a los Andes","publisher":{"@id":"https:\/\/elcanillita.info\/press\/#organization"},"potentialAction":[{"@type":"SearchAction","target":{"@type":"EntryPoint","urlTemplate":"https:\/\/elcanillita.info\/press\/?s={search_term_string}"},"query-input":{"@type":"PropertyValueSpecification","valueRequired":true,"valueName":"search_term_string"}}],"inLanguage":"es-AR"},{"@type":"Organization","@id":"https:\/\/elcanillita.info\/press\/#organization","name":"Guzzo Photos & Graphic Publications","url":"https:\/\/elcanillita.info\/press\/","logo":{"@type":"ImageObject","inLanguage":"es-AR","@id":"https:\/\/elcanillita.info\/press\/#\/schema\/logo\/image\/","url":"https:\/\/elcanillita.info\/press\/images\/2020\/01\/cropped-cropped-cropped-elcanillitainfo.png","contentUrl":"https:\/\/elcanillita.info\/press\/images\/2020\/01\/cropped-cropped-cropped-elcanillitainfo.png","width":460,"height":50,"caption":"Guzzo Photos & Graphic Publications"},"image":{"@id":"https:\/\/elcanillita.info\/press\/#\/schema\/logo\/image\/"},"sameAs":["https:\/\/ar-ar.facebook.com\/ElCanillitainfo-114249515285712\/"]},{"@type":"Person","@id":"https:\/\/elcanillita.info\/press\/#\/schema\/person\/7fcb79f38045700919f7da6d97e71ba0","name":"SalaStampa.eu, world press service","image":{"@type":"ImageObject","inLanguage":"es-AR","@id":"https:\/\/secure.gravatar.com\/avatar\/c2f0e0d515a107624234994507816ca4724c7199cef73fc8bedebf6931d73888?s=96&d=mm&r=g","url":"https:\/\/secure.gravatar.com\/avatar\/c2f0e0d515a107624234994507816ca4724c7199cef73fc8bedebf6931d73888?s=96&d=mm&r=g","contentUrl":"https:\/\/secure.gravatar.com\/avatar\/c2f0e0d515a107624234994507816ca4724c7199cef73fc8bedebf6931d73888?s=96&d=mm&r=g","caption":"SalaStampa.eu, world press service"}}]}},"views":762,"_links":{"self":[{"href":"https:\/\/elcanillita.info\/press\/wp-json\/wp\/v2\/posts\/196","targetHints":{"allow":["GET"]}}],"collection":[{"href":"https:\/\/elcanillita.info\/press\/wp-json\/wp\/v2\/posts"}],"about":[{"href":"https:\/\/elcanillita.info\/press\/wp-json\/wp\/v2\/types\/post"}],"author":[{"embeddable":true,"href":"https:\/\/elcanillita.info\/press\/wp-json\/wp\/v2\/users\/1"}],"replies":[{"embeddable":true,"href":"https:\/\/elcanillita.info\/press\/wp-json\/wp\/v2\/comments?post=196"}],"version-history":[{"count":0,"href":"https:\/\/elcanillita.info\/press\/wp-json\/wp\/v2\/posts\/196\/revisions"}],"wp:attachment":[{"href":"https:\/\/elcanillita.info\/press\/wp-json\/wp\/v2\/media?parent=196"}],"wp:term":[{"taxonomy":"category","embeddable":true,"href":"https:\/\/elcanillita.info\/press\/wp-json\/wp\/v2\/categories?post=196"},{"taxonomy":"post_tag","embeddable":true,"href":"https:\/\/elcanillita.info\/press\/wp-json\/wp\/v2\/tags?post=196"}],"curies":[{"name":"wp","href":"https:\/\/api.w.org\/{rel}","templated":true}]}}