{"id":1938,"date":"2021-08-19T14:57:16","date_gmt":"2021-08-19T17:57:16","guid":{"rendered":"https:\/\/elcanillita.info\/press\/?p=1938"},"modified":"2021-08-19T15:00:15","modified_gmt":"2021-08-19T18:00:15","slug":"parlamento-britanico-condena-joe-biden-afganistan","status":"publish","type":"post","link":"https:\/\/elcanillita.info\/press\/2021\/08\/19\/parlamento-britanico-condena-joe-biden-afganistan\/","title":{"rendered":"El Parlamento Brit\u00e1nico condena a Joe Biden por su desacato a Afganist\u00e1n"},"content":{"rendered":"\n<div class=\"wp-block-image\"><figure class=\"aligncenter size-full\"><img loading=\"lazy\" decoding=\"async\" width=\"600\" height=\"375\" src=\"https:\/\/elcanillita.info\/press\/images\/2021\/08\/Mr.TT_-1.jpg\" alt=\"\" class=\"wp-image-1941\" srcset=\"https:\/\/elcanillita.info\/press\/images\/2021\/08\/Mr.TT_-1.jpg 600w, https:\/\/elcanillita.info\/press\/images\/2021\/08\/Mr.TT_-1-300x188.jpg 300w\" sizes=\"auto, (max-width: 600px) 100vw, 600px\" \/><figcaption><small>Tom Tugendhat, el presidente tory de la comisi\u00f3n de asuntos exteriores.<\/small><\/figcaption><\/figure><\/div>\n\n\n\n<p>Diputados y pares se unen para condenar el &#8220;deshonor&#8221; de la retirada del presidente de EE.UU. y sus cr\u00edticas a las tropas afganas que se quedaron atr\u00e1s para enfrentarse a los talibanes<\/p>\n\n\n\n<p>La gesti\u00f3n de Joe Biden de la retirada de Afganist\u00e1n fue condenada como &#8220;catastr\u00f3fica&#8221; y &#8220;vergonzosa&#8221; el mi\u00e9rcoles, cuando las C\u00e1maras del Parlamento emitieron una reprimenda sin precedentes a un presidente estadounidense.<\/p>\n\n\n\n<p>Diputados y parlamentarios de todo el espectro pol\u00edtico, incluido Boris Johnson, culparon en parte al aliado m\u00e1s cercano de Gran Breta\u00f1a por la toma de posesi\u00f3n de los talibanes y el caos que sigui\u00f3.<\/p>\n\n\n\n<p>Se acus\u00f3 a Biden de &#8220;arrojarnos a nosotros y a todo el mundo al fuego&#8221; al retirar las tropas estadounidenses, y se le calific\u00f3 de &#8220;deshonroso&#8221; por criticar a las fuerzas afganas por no tener voluntad de lucha.<\/p>\n\n\n\n<p>Los ex jefes de defensa que dirigieron las tropas brit\u00e1nicas en Oriente Medio fueron algunos de los que se pronunciaron, mientras que se advirti\u00f3 que la retirada de Occidente envalentonar\u00eda a Rusia y China.<\/p>\n\n\n\n<p>Las intervenciones marcan un deterioro de las relaciones entre el Reino Unido y Estados Unidos casi exactamente 20 a\u00f1os despu\u00e9s de que Gran Breta\u00f1a se uniera a Estados Unidos en la invasi\u00f3n de Afganist\u00e1n para erradicar el terrorismo tras los atentados del 11 de septiembre.<\/p>\n\n\n\n<p>Pero no s\u00f3lo el Sr. Biden se enfrent\u00f3 a las cr\u00edticas, ya que el Sr. Johnson y sus ministros dijeron que hab\u00edan supervisado el peor desastre de la pol\u00edtica exterior brit\u00e1nica en 65 a\u00f1os.<\/p>\n\n\n\n<p>El Primer Ministro fue acusado de no haber hecho lo suficiente para reunir a los aliados para apoyar a Afganist\u00e1n cuando la salida de Estados Unidos se hizo evidente, incluso por su predecesora, Theresa May.<br><\/p>\n\n\n\n<p>El debate del mi\u00e9rcoles marc\u00f3 la primera vez que el Parlamento se reuni\u00f3 con normalidad en m\u00e1s de un a\u00f1o, ya que los diputados y los pares se agolparon en las c\u00e1maras sin las reglas de distanciamiento social de Covid.<\/p>\n\n\n\n<p>Johnson comenz\u00f3 argumentando que la decisi\u00f3n de Estados Unidos de retirar las tropas de Afganist\u00e1n hab\u00eda forzado la mano de Gran Breta\u00f1a, diciendo que era una &#8220;ilusi\u00f3n&#8221; pensar que otros aliados quer\u00edan intervenir para mantener la paz.<\/p>\n\n\n\n<p>&#8220;Occidente no podr\u00eda continuar esta misi\u00f3n liderada por Estados Unidos -una misi\u00f3n concebida y ejecutada en apoyo y defensa de Estados Unidos- sin la log\u00edstica estadounidense, sin el poder a\u00e9reo estadounidense y sin el poder\u00edo estadounidense&#8221;, dijo el Primer Ministro en un claro ataque a Washington.<\/p>\n\n\n\n<p>Parlamentarios de todos los partidos de los Comunes fueron contundentes en sus cr\u00edticas. Sir Keir Starmer, l\u00edder laborista, dijo: &#8220;Estados Unidos es, por supuesto, un aliado importante, pero pasar por alto la lucha de las tropas y fuerzas afganas, y el hecho de que hayan estado al frente de esa lucha en los \u00faltimos a\u00f1os, es un error&#8221;.<\/p>\n\n\n\n<p>Sir Ed Davey, l\u00edder de los liberales dem\u00f3cratas, dijo: &#8220;La decisi\u00f3n estadounidense de retirarse no fue solo un error: fue un error evitable, desde el acuerdo defectuoso del presidente Trump con los talibanes hasta la decisi\u00f3n del presidente Biden de proceder, y de proceder de una manera tan desastrosa.&#8221;<\/p>\n\n\n\n<p>Tom Tugendhat, el presidente tory de la comisi\u00f3n de asuntos exteriores, que luch\u00f3 junto a los afganos como soldado brit\u00e1nico, critic\u00f3 las cr\u00edticas de Biden al ej\u00e9rcito afgano.<\/p>\n\n\n\n<p>&#8220;Ver a su comandante en jefe poner en duda el valor de los hombres con los que luch\u00e9, afirmar que huyeron, es vergonzoso&#8221;, dijo, ante los murmullos de aprobaci\u00f3n de otros diputados.<\/p>\n\n\n\n<p>El diputado laborista Chris Bryant calific\u00f3 las declaraciones de Biden sobre los soldados afganos como &#8220;uno de los comentarios m\u00e1s vergonzosos jam\u00e1s realizados por un presidente estadounidense&#8221;.<\/p>\n\n\n\n<p>Khalid Mahmood, diputado laborista y ex ministro de Defensa, dijo: &#8220;El gobierno de Biden acaba de llegar y, sin mirar lo que est\u00e1 ocurriendo sobre el terreno, ha tomado una decisi\u00f3n unilateral, arroj\u00e1ndonos a nosotros y a todo el mundo al fuego&#8221;.<\/p>\n\n\n\n<p>Otros parlamentarios que sirvieron como soldados tambi\u00e9n arremetieron contra el Sr. Biden. Iain Duncan Smith, ex l\u00edder tory, calific\u00f3 sus comentarios de &#8220;vergonzosos&#8221;, mientras que el diputado laborista Dan Jarvis los calific\u00f3 de &#8220;especialmente desagradables y deshonrosos&#8221;. Tobias Ellwood, ex ministro de Veteranos, dijo que la retirada de Estados Unidos era &#8220;una decisi\u00f3n absolutamente equivocada&#8221;.<\/p>\n\n\n\n<p>Los principales conservadores de los Lores tambi\u00e9n manifestaron su desaprobaci\u00f3n. Lord Hammond, ex secretario de Asuntos Exteriores, dijo: &#8220;Cuando escucho al presidente de EE.UU., no puedo evitar llegar a la conclusi\u00f3n de que esta decisi\u00f3n se ha tomado por un sentido de orden pol\u00edtico: tenemos que cerrar un expediente; tenemos que poner un l\u00edmite; ha durado demasiado&#8221;.<\/p>\n\n\n\n<p>Lord Howard, otro ex dirigente tory, dijo que la retirada de Biden &#8220;es, y ser\u00e1 vista por la historia, como un error catastr\u00f3fico que bien puede resultar ser el legado que defina su presidencia&#8221;.<\/p>\n\n\n\n<p>La acalorada ret\u00f3rica ha puesto en el punto de mira el estado de la &#8220;relaci\u00f3n especial&#8221; y la asociaci\u00f3n Biden-Johnson. De nuestra fuente, se entiende que el Sr. Johnson hab\u00eda intentado llamar por tel\u00e9fono al Sr. Biden para hablar de la ca\u00edda de Kabul desde el lunes por la ma\u00f1ana. Finalmente, ambos hablaron cerca de las 10 de la noche del martes.<\/p>\n\n\n\n<p>El mi\u00e9rcoles, el general Sir Nick Carter, jefe de las Fuerzas Armadas, acus\u00f3 a Estados Unidos de &#8220;destrozar&#8221; la moral de las tropas afganas al detener los ataques a\u00e9reos.<\/p>\n\n\n\n<p>Otra fuente de defensa brit\u00e1nica insisti\u00f3 en que los militares del Reino Unido y de Estados Unidos segu\u00edan trabajando estrechamente en el aeropuerto de Kabul en una carrera contrarreloj en curso para evacuar a las personas<br><br> <small>Copyright \u00a9 2021 PanPress.Eu &#8211; Diana Casco \/ Ruben Guzzo &#8211; SalaStampa.Eu affiliate of the networks operated by Broadcasting Board of Governors<\/small><\/p>\n","protected":false},"excerpt":{"rendered":"<p>Tom Tugendhat, el presidente tory de la comisi\u00f3n de asuntos exteriores, que luch\u00f3 junto a los afganos como soldado brit\u00e1nico, critic\u00f3 las cr\u00edticas de Biden al ej\u00e9rcito afgano.<\/p>\n","protected":false},"author":1,"featured_media":1940,"comment_status":"closed","ping_status":"closed","sticky":false,"template":"","format":"standard","meta":{"footnotes":"","_links_to":"","_links_to_target":""},"categories":[70,16,5,23],"tags":[58],"class_list":["post-1938","post","type-post","status-publish","format-standard","has-post-thumbnail","hentry","category-actualidad","category-asia","category-europa","category-politica","tag-reino-unido","entry","double"],"yoast_head":"<!-- This site is optimized with the Yoast SEO plugin v27.5 - https:\/\/yoast.com\/product\/yoast-seo-wordpress\/ -->\n<title>El Parlamento Brit\u00e1nico condena a Joe Biden por su desacato a Afganist\u00e1n - ElCanillita.Info<\/title>\n<meta name=\"robots\" content=\"index, follow, max-snippet:-1, max-image-preview:large, max-video-preview:-1\" \/>\n<link rel=\"canonical\" href=\"https:\/\/elcanillita.info\/press\/2021\/08\/19\/parlamento-britanico-condena-joe-biden-afganistan\/\" \/>\n<meta property=\"og:locale\" content=\"es_ES\" \/>\n<meta property=\"og:type\" content=\"article\" \/>\n<meta property=\"og:title\" content=\"El Parlamento Brit\u00e1nico condena a Joe Biden por su desacato a Afganist\u00e1n - ElCanillita.Info\" \/>\n<meta property=\"og:description\" content=\"Tom Tugendhat, el presidente tory de la comisi\u00f3n de asuntos exteriores, que luch\u00f3 junto a los afganos como soldado brit\u00e1nico, critic\u00f3 las cr\u00edticas de Biden al ej\u00e9rcito afgano.\" \/>\n<meta property=\"og:url\" content=\"https:\/\/elcanillita.info\/press\/2021\/08\/19\/parlamento-britanico-condena-joe-biden-afganistan\/\" \/>\n<meta property=\"og:site_name\" content=\"ElCanillita.Info\" \/>\n<meta property=\"article:publisher\" content=\"https:\/\/ar-ar.facebook.com\/ElCanillitainfo-114249515285712\/\" \/>\n<meta property=\"article:published_time\" content=\"2021-08-19T17:57:16+00:00\" \/>\n<meta property=\"article:modified_time\" content=\"2021-08-19T18:00:15+00:00\" \/>\n<meta property=\"og:image\" content=\"https:\/\/elcanillita.info\/press\/images\/2021\/08\/retirada.jpg\" \/>\n\t<meta property=\"og:image:width\" content=\"600\" \/>\n\t<meta property=\"og:image:height\" content=\"337\" \/>\n\t<meta property=\"og:image:type\" content=\"image\/jpeg\" \/>\n<meta name=\"author\" content=\"SalaStampa.eu, world press service\" \/>\n<meta name=\"twitter:card\" content=\"summary_large_image\" \/>\n<meta name=\"twitter:label1\" content=\"Escrito por\" \/>\n\t<meta name=\"twitter:data1\" content=\"SalaStampa.eu, world press service\" \/>\n\t<meta name=\"twitter:label2\" content=\"Tiempo de lectura\" \/>\n\t<meta name=\"twitter:data2\" content=\"5 minutos\" \/>\n<script type=\"application\/ld+json\" class=\"yoast-schema-graph\">{\"@context\":\"https:\\\/\\\/schema.org\",\"@graph\":[{\"@type\":\"Article\",\"@id\":\"https:\\\/\\\/elcanillita.info\\\/press\\\/2021\\\/08\\\/19\\\/parlamento-britanico-condena-joe-biden-afganistan\\\/#article\",\"isPartOf\":{\"@id\":\"https:\\\/\\\/elcanillita.info\\\/press\\\/2021\\\/08\\\/19\\\/parlamento-britanico-condena-joe-biden-afganistan\\\/\"},\"author\":{\"name\":\"SalaStampa.eu, world press service\",\"@id\":\"https:\\\/\\\/elcanillita.info\\\/press\\\/#\\\/schema\\\/person\\\/7fcb79f38045700919f7da6d97e71ba0\"},\"headline\":\"El Parlamento Brit\u00e1nico condena a Joe Biden por su desacato a Afganist\u00e1n\",\"datePublished\":\"2021-08-19T17:57:16+00:00\",\"dateModified\":\"2021-08-19T18:00:15+00:00\",\"mainEntityOfPage\":{\"@id\":\"https:\\\/\\\/elcanillita.info\\\/press\\\/2021\\\/08\\\/19\\\/parlamento-britanico-condena-joe-biden-afganistan\\\/\"},\"wordCount\":1039,\"publisher\":{\"@id\":\"https:\\\/\\\/elcanillita.info\\\/press\\\/#organization\"},\"image\":{\"@id\":\"https:\\\/\\\/elcanillita.info\\\/press\\\/2021\\\/08\\\/19\\\/parlamento-britanico-condena-joe-biden-afganistan\\\/#primaryimage\"},\"thumbnailUrl\":\"https:\\\/\\\/elcanillita.info\\\/press\\\/images\\\/2021\\\/08\\\/retirada.jpg\",\"keywords\":[\"Reino Unido\"],\"articleSection\":[\"Actualidad\",\"Asia\",\"Europa\",\"Politica\"],\"inLanguage\":\"es-AR\"},{\"@type\":\"WebPage\",\"@id\":\"https:\\\/\\\/elcanillita.info\\\/press\\\/2021\\\/08\\\/19\\\/parlamento-britanico-condena-joe-biden-afganistan\\\/\",\"url\":\"https:\\\/\\\/elcanillita.info\\\/press\\\/2021\\\/08\\\/19\\\/parlamento-britanico-condena-joe-biden-afganistan\\\/\",\"name\":\"El Parlamento Brit\u00e1nico condena a Joe Biden por su desacato a Afganist\u00e1n - ElCanillita.Info\",\"isPartOf\":{\"@id\":\"https:\\\/\\\/elcanillita.info\\\/press\\\/#website\"},\"primaryImageOfPage\":{\"@id\":\"https:\\\/\\\/elcanillita.info\\\/press\\\/2021\\\/08\\\/19\\\/parlamento-britanico-condena-joe-biden-afganistan\\\/#primaryimage\"},\"image\":{\"@id\":\"https:\\\/\\\/elcanillita.info\\\/press\\\/2021\\\/08\\\/19\\\/parlamento-britanico-condena-joe-biden-afganistan\\\/#primaryimage\"},\"thumbnailUrl\":\"https:\\\/\\\/elcanillita.info\\\/press\\\/images\\\/2021\\\/08\\\/retirada.jpg\",\"datePublished\":\"2021-08-19T17:57:16+00:00\",\"dateModified\":\"2021-08-19T18:00:15+00:00\",\"inLanguage\":\"es-AR\",\"potentialAction\":[{\"@type\":\"ReadAction\",\"target\":[\"https:\\\/\\\/elcanillita.info\\\/press\\\/2021\\\/08\\\/19\\\/parlamento-britanico-condena-joe-biden-afganistan\\\/\"]}]},{\"@type\":\"ImageObject\",\"inLanguage\":\"es-AR\",\"@id\":\"https:\\\/\\\/elcanillita.info\\\/press\\\/2021\\\/08\\\/19\\\/parlamento-britanico-condena-joe-biden-afganistan\\\/#primaryimage\",\"url\":\"https:\\\/\\\/elcanillita.info\\\/press\\\/images\\\/2021\\\/08\\\/retirada.jpg\",\"contentUrl\":\"https:\\\/\\\/elcanillita.info\\\/press\\\/images\\\/2021\\\/08\\\/retirada.jpg\",\"width\":600,\"height\":337},{\"@type\":\"WebSite\",\"@id\":\"https:\\\/\\\/elcanillita.info\\\/press\\\/#website\",\"url\":\"https:\\\/\\\/elcanillita.info\\\/press\\\/\",\"name\":\"ElCanillita.Info\",\"description\":\"desde los Apeninos a los Andes\",\"publisher\":{\"@id\":\"https:\\\/\\\/elcanillita.info\\\/press\\\/#organization\"},\"potentialAction\":[{\"@type\":\"SearchAction\",\"target\":{\"@type\":\"EntryPoint\",\"urlTemplate\":\"https:\\\/\\\/elcanillita.info\\\/press\\\/?s={search_term_string}\"},\"query-input\":{\"@type\":\"PropertyValueSpecification\",\"valueRequired\":true,\"valueName\":\"search_term_string\"}}],\"inLanguage\":\"es-AR\"},{\"@type\":\"Organization\",\"@id\":\"https:\\\/\\\/elcanillita.info\\\/press\\\/#organization\",\"name\":\"Guzzo Photos & Graphic Publications\",\"url\":\"https:\\\/\\\/elcanillita.info\\\/press\\\/\",\"logo\":{\"@type\":\"ImageObject\",\"inLanguage\":\"es-AR\",\"@id\":\"https:\\\/\\\/elcanillita.info\\\/press\\\/#\\\/schema\\\/logo\\\/image\\\/\",\"url\":\"https:\\\/\\\/elcanillita.info\\\/press\\\/images\\\/2020\\\/01\\\/cropped-cropped-cropped-elcanillitainfo.png\",\"contentUrl\":\"https:\\\/\\\/elcanillita.info\\\/press\\\/images\\\/2020\\\/01\\\/cropped-cropped-cropped-elcanillitainfo.png\",\"width\":460,\"height\":50,\"caption\":\"Guzzo Photos & Graphic Publications\"},\"image\":{\"@id\":\"https:\\\/\\\/elcanillita.info\\\/press\\\/#\\\/schema\\\/logo\\\/image\\\/\"},\"sameAs\":[\"https:\\\/\\\/ar-ar.facebook.com\\\/ElCanillitainfo-114249515285712\\\/\"]},{\"@type\":\"Person\",\"@id\":\"https:\\\/\\\/elcanillita.info\\\/press\\\/#\\\/schema\\\/person\\\/7fcb79f38045700919f7da6d97e71ba0\",\"name\":\"SalaStampa.eu, world press service\",\"image\":{\"@type\":\"ImageObject\",\"inLanguage\":\"es-AR\",\"@id\":\"https:\\\/\\\/secure.gravatar.com\\\/avatar\\\/c2f0e0d515a107624234994507816ca4724c7199cef73fc8bedebf6931d73888?s=96&d=mm&r=g\",\"url\":\"https:\\\/\\\/secure.gravatar.com\\\/avatar\\\/c2f0e0d515a107624234994507816ca4724c7199cef73fc8bedebf6931d73888?s=96&d=mm&r=g\",\"contentUrl\":\"https:\\\/\\\/secure.gravatar.com\\\/avatar\\\/c2f0e0d515a107624234994507816ca4724c7199cef73fc8bedebf6931d73888?s=96&d=mm&r=g\",\"caption\":\"SalaStampa.eu, world press service\"}}]}<\/script>\n<!-- \/ Yoast SEO plugin. -->","yoast_head_json":{"title":"El Parlamento Brit\u00e1nico condena a Joe Biden por su desacato a Afganist\u00e1n - ElCanillita.Info","robots":{"index":"index","follow":"follow","max-snippet":"max-snippet:-1","max-image-preview":"max-image-preview:large","max-video-preview":"max-video-preview:-1"},"canonical":"https:\/\/elcanillita.info\/press\/2021\/08\/19\/parlamento-britanico-condena-joe-biden-afganistan\/","og_locale":"es_ES","og_type":"article","og_title":"El Parlamento Brit\u00e1nico condena a Joe Biden por su desacato a Afganist\u00e1n - ElCanillita.Info","og_description":"Tom Tugendhat, el presidente tory de la comisi\u00f3n de asuntos exteriores, que luch\u00f3 junto a los afganos como soldado brit\u00e1nico, critic\u00f3 las cr\u00edticas de Biden al ej\u00e9rcito afgano.","og_url":"https:\/\/elcanillita.info\/press\/2021\/08\/19\/parlamento-britanico-condena-joe-biden-afganistan\/","og_site_name":"ElCanillita.Info","article_publisher":"https:\/\/ar-ar.facebook.com\/ElCanillitainfo-114249515285712\/","article_published_time":"2021-08-19T17:57:16+00:00","article_modified_time":"2021-08-19T18:00:15+00:00","og_image":[{"width":600,"height":337,"url":"https:\/\/elcanillita.info\/press\/images\/2021\/08\/retirada.jpg","type":"image\/jpeg"}],"author":"SalaStampa.eu, world press service","twitter_card":"summary_large_image","twitter_misc":{"Escrito por":"SalaStampa.eu, world press service","Tiempo de lectura":"5 minutos"},"schema":{"@context":"https:\/\/schema.org","@graph":[{"@type":"Article","@id":"https:\/\/elcanillita.info\/press\/2021\/08\/19\/parlamento-britanico-condena-joe-biden-afganistan\/#article","isPartOf":{"@id":"https:\/\/elcanillita.info\/press\/2021\/08\/19\/parlamento-britanico-condena-joe-biden-afganistan\/"},"author":{"name":"SalaStampa.eu, world press service","@id":"https:\/\/elcanillita.info\/press\/#\/schema\/person\/7fcb79f38045700919f7da6d97e71ba0"},"headline":"El Parlamento Brit\u00e1nico condena a Joe Biden por su desacato a Afganist\u00e1n","datePublished":"2021-08-19T17:57:16+00:00","dateModified":"2021-08-19T18:00:15+00:00","mainEntityOfPage":{"@id":"https:\/\/elcanillita.info\/press\/2021\/08\/19\/parlamento-britanico-condena-joe-biden-afganistan\/"},"wordCount":1039,"publisher":{"@id":"https:\/\/elcanillita.info\/press\/#organization"},"image":{"@id":"https:\/\/elcanillita.info\/press\/2021\/08\/19\/parlamento-britanico-condena-joe-biden-afganistan\/#primaryimage"},"thumbnailUrl":"https:\/\/elcanillita.info\/press\/images\/2021\/08\/retirada.jpg","keywords":["Reino Unido"],"articleSection":["Actualidad","Asia","Europa","Politica"],"inLanguage":"es-AR"},{"@type":"WebPage","@id":"https:\/\/elcanillita.info\/press\/2021\/08\/19\/parlamento-britanico-condena-joe-biden-afganistan\/","url":"https:\/\/elcanillita.info\/press\/2021\/08\/19\/parlamento-britanico-condena-joe-biden-afganistan\/","name":"El Parlamento Brit\u00e1nico condena a Joe Biden por su desacato a Afganist\u00e1n - ElCanillita.Info","isPartOf":{"@id":"https:\/\/elcanillita.info\/press\/#website"},"primaryImageOfPage":{"@id":"https:\/\/elcanillita.info\/press\/2021\/08\/19\/parlamento-britanico-condena-joe-biden-afganistan\/#primaryimage"},"image":{"@id":"https:\/\/elcanillita.info\/press\/2021\/08\/19\/parlamento-britanico-condena-joe-biden-afganistan\/#primaryimage"},"thumbnailUrl":"https:\/\/elcanillita.info\/press\/images\/2021\/08\/retirada.jpg","datePublished":"2021-08-19T17:57:16+00:00","dateModified":"2021-08-19T18:00:15+00:00","inLanguage":"es-AR","potentialAction":[{"@type":"ReadAction","target":["https:\/\/elcanillita.info\/press\/2021\/08\/19\/parlamento-britanico-condena-joe-biden-afganistan\/"]}]},{"@type":"ImageObject","inLanguage":"es-AR","@id":"https:\/\/elcanillita.info\/press\/2021\/08\/19\/parlamento-britanico-condena-joe-biden-afganistan\/#primaryimage","url":"https:\/\/elcanillita.info\/press\/images\/2021\/08\/retirada.jpg","contentUrl":"https:\/\/elcanillita.info\/press\/images\/2021\/08\/retirada.jpg","width":600,"height":337},{"@type":"WebSite","@id":"https:\/\/elcanillita.info\/press\/#website","url":"https:\/\/elcanillita.info\/press\/","name":"ElCanillita.Info","description":"desde los Apeninos a los Andes","publisher":{"@id":"https:\/\/elcanillita.info\/press\/#organization"},"potentialAction":[{"@type":"SearchAction","target":{"@type":"EntryPoint","urlTemplate":"https:\/\/elcanillita.info\/press\/?s={search_term_string}"},"query-input":{"@type":"PropertyValueSpecification","valueRequired":true,"valueName":"search_term_string"}}],"inLanguage":"es-AR"},{"@type":"Organization","@id":"https:\/\/elcanillita.info\/press\/#organization","name":"Guzzo Photos & Graphic Publications","url":"https:\/\/elcanillita.info\/press\/","logo":{"@type":"ImageObject","inLanguage":"es-AR","@id":"https:\/\/elcanillita.info\/press\/#\/schema\/logo\/image\/","url":"https:\/\/elcanillita.info\/press\/images\/2020\/01\/cropped-cropped-cropped-elcanillitainfo.png","contentUrl":"https:\/\/elcanillita.info\/press\/images\/2020\/01\/cropped-cropped-cropped-elcanillitainfo.png","width":460,"height":50,"caption":"Guzzo Photos & Graphic Publications"},"image":{"@id":"https:\/\/elcanillita.info\/press\/#\/schema\/logo\/image\/"},"sameAs":["https:\/\/ar-ar.facebook.com\/ElCanillitainfo-114249515285712\/"]},{"@type":"Person","@id":"https:\/\/elcanillita.info\/press\/#\/schema\/person\/7fcb79f38045700919f7da6d97e71ba0","name":"SalaStampa.eu, world press service","image":{"@type":"ImageObject","inLanguage":"es-AR","@id":"https:\/\/secure.gravatar.com\/avatar\/c2f0e0d515a107624234994507816ca4724c7199cef73fc8bedebf6931d73888?s=96&d=mm&r=g","url":"https:\/\/secure.gravatar.com\/avatar\/c2f0e0d515a107624234994507816ca4724c7199cef73fc8bedebf6931d73888?s=96&d=mm&r=g","contentUrl":"https:\/\/secure.gravatar.com\/avatar\/c2f0e0d515a107624234994507816ca4724c7199cef73fc8bedebf6931d73888?s=96&d=mm&r=g","caption":"SalaStampa.eu, world press service"}}]}},"views":698,"_links":{"self":[{"href":"https:\/\/elcanillita.info\/press\/wp-json\/wp\/v2\/posts\/1938","targetHints":{"allow":["GET"]}}],"collection":[{"href":"https:\/\/elcanillita.info\/press\/wp-json\/wp\/v2\/posts"}],"about":[{"href":"https:\/\/elcanillita.info\/press\/wp-json\/wp\/v2\/types\/post"}],"author":[{"embeddable":true,"href":"https:\/\/elcanillita.info\/press\/wp-json\/wp\/v2\/users\/1"}],"replies":[{"embeddable":true,"href":"https:\/\/elcanillita.info\/press\/wp-json\/wp\/v2\/comments?post=1938"}],"version-history":[{"count":0,"href":"https:\/\/elcanillita.info\/press\/wp-json\/wp\/v2\/posts\/1938\/revisions"}],"wp:featuredmedia":[{"embeddable":true,"href":"https:\/\/elcanillita.info\/press\/wp-json\/wp\/v2\/media\/1940"}],"wp:attachment":[{"href":"https:\/\/elcanillita.info\/press\/wp-json\/wp\/v2\/media?parent=1938"}],"wp:term":[{"taxonomy":"category","embeddable":true,"href":"https:\/\/elcanillita.info\/press\/wp-json\/wp\/v2\/categories?post=1938"},{"taxonomy":"post_tag","embeddable":true,"href":"https:\/\/elcanillita.info\/press\/wp-json\/wp\/v2\/tags?post=1938"}],"curies":[{"name":"wp","href":"https:\/\/api.w.org\/{rel}","templated":true}]}}