{"id":1934,"date":"2021-08-18T02:21:38","date_gmt":"2021-08-18T05:21:38","guid":{"rendered":"https:\/\/elcanillita.info\/press\/?p=1934"},"modified":"2023-04-07T07:20:29","modified_gmt":"2023-04-07T10:20:29","slug":"priti-patel-europa-refugiados-afganos","status":"publish","type":"post","link":"https:\/\/elcanillita.info\/press\/2021\/08\/18\/priti-patel-europa-refugiados-afganos\/","title":{"rendered":"Priti Patel pide a Europa que ayude a acoger a los refugiados afganos"},"content":{"rendered":"\n<figure class=\"wp-block-image size-full\"><img loading=\"lazy\" decoding=\"async\" width=\"600\" height=\"375\" src=\"https:\/\/elcanillita.info\/press\/images\/2021\/08\/afga_pampress-1.jpg\" alt=\"\" class=\"wp-image-1936\" srcset=\"https:\/\/elcanillita.info\/press\/images\/2021\/08\/afga_pampress-1.jpg 600w, https:\/\/elcanillita.info\/press\/images\/2021\/08\/afga_pampress-1-300x188.jpg 300w\" sizes=\"auto, (max-width: 600px) 100vw, 600px\" \/><\/figure>\n\n\n\n<p>Priti Patel ha instado a los pa\u00edses europeos a dar asilo a los afganos que huyen de los talibanes al anunciar que Gran Breta\u00f1a conceder\u00e1 asilo a 20.000 refugiados.<\/p>\n\n\n\n<p>El llamamiento de la ministra del Interior, se produce en medio de los temores en Europa de que el n\u00famero de afganos que buscan huir de los talibanes pueda provocar una nueva crisis migratoria en todo el continente.<\/p>\n\n\n\n<p>Emmanuel Macron, el presidente franc\u00e9s, advirti\u00f3 de los &#8220;flujos migratorios irregulares&#8221; procedentes de Afganist\u00e1n, y dijo que Francia, Alemania y otros pa\u00edses de la UE estaban trabajando en una respuesta coordinada.<\/p>\n\n\n\n<p>Angela Merkel, la canciller alemana, respald\u00f3 las propuestas para que los refugiados que huyen de Afganist\u00e1n sean atendidos en los pa\u00edses vecinos, y a\u00f1adi\u00f3: &#8220;Entonces podremos pensar, como segundo paso, si las personas especialmente afectadas pueden ser tra\u00eddas a Europa de forma controlada&#8221;.<\/p>\n\n\n\n<p>Grecia dijo que no estaba dispuesta a ser el punto de entrada de una nueva oleada de afganos que huyeran a Europa.<\/p>\n\n\n\n<p>Patel afirm\u00f3 que el Reino Unido reubicar\u00eda a 5.000 inmigrantes afganos durante el primer a\u00f1o y a 20.000 a largo plazo, dando prioridad a las mujeres y ni\u00f1as y a las minor\u00edas religiosas y de otro tipo que se enfrentan a la &#8220;tiran\u00eda y la opresi\u00f3n&#8221; del r\u00e9gimen talib\u00e1n.<\/p>\n\n\n\n<p><strong>Gran Breta\u00f1a &#8220;no puede hacer esto sola<\/strong><\/p>\n\n\n\n<p>Patel dijo que Gran Breta\u00f1a no pod\u00eda actuar sola: &#8220;El Reino Unido tambi\u00e9n est\u00e1 haciendo todo lo posible para animar a otros pa\u00edses a ayudar. No s\u00f3lo queremos dar ejemplo, sino que no podemos hacerlo solos&#8221;.<\/p>\n\n\n\n<p>Dijo que Boris Johnson hab\u00eda hablado con los gobiernos franc\u00e9s y alem\u00e1n, mientras que ella dirig\u00eda las conversaciones con las naciones de los &#8220;Cinco Ojos&#8221;, Estados Unidos, Canad\u00e1, Australia y Nueva Zelanda, sobre &#8220;cuestiones como el reasentamiento y la migraci\u00f3n&#8221;.<\/p>\n\n\n\n<p>&#8220;El Gobierno del Reino Unido siempre estar\u00e1 al lado de aquellos a los que se les han apagado las luces de la Libertad&#8221;, dijo Patel.<\/p>\n\n\n\n<p>&#8220;Quiero asegurarme de que, como naci\u00f3n, hacemos todo lo posible para proporcionar apoyo a los m\u00e1s vulnerables que huyen de Afganist\u00e1n, para que puedan empezar una nueva vida en condiciones de seguridad en el Reino Unido, lejos de la tiran\u00eda y la opresi\u00f3n a las que se enfrentan en Afganist\u00e1n&#8221;.<\/p>\n\n\n\n<p><strong>Evacuaciones con permiso de los talibanes<\/strong><\/p>\n\n\n\n<p>Se produjo mientras miles de afganos pasaban un segundo d\u00eda tratando de huir en el aeropuerto de Kabul. Aunque est\u00e1 custodiado por tropas brit\u00e1nicas y estadounidenses, el jefe militar brit\u00e1nico encargado de la evacuaci\u00f3n admiti\u00f3 que las fuerzas occidentales depend\u00edan del permiso de los talibanes para operar.<\/p>\n\n\n\n<p> El vicealmirante Ben Key dijo que los talibanes &#8220;son los proveedores de seguridad ahora&#8221; y que &#8220;nos permiten&#8221; operar sobre el terreno.<\/p>\n\n\n\n<p>Los nuevos l\u00edderes talibanes hicieron su primera aparici\u00f3n p\u00fablica en la que afirmaron que no se perseguir\u00eda a las mujeres y que los afganos que hab\u00edan colaborado con el Reino Unido y Estados Unidos no ser\u00edan objeto de represalias.<\/p>\n\n\n\n<p>Zabihullah Mujahid, portavoz de los talibanes, declar\u00f3 sobre los derechos de las mujeres: &#8220;Nos comprometemos a dejar que las mujeres trabajen de acuerdo con los principios del Islam&#8221;.<\/p>\n\n\n\n<p>Tambi\u00e9n se supo que los talibanes tienen ahora acceso a un alijo de armas y equipos militares entregados al desaparecido ej\u00e9rcito nacional afgano por las fuerzas estadounidenses y brit\u00e1nicas.<\/p>\n\n\n\n<p>Aunque Boris Johnson ha estado en estrecha comunicaci\u00f3n con sus hom\u00f3logos europeos, la Casa Blanca admiti\u00f3 ayer que hasta el martes por la noche el presidente estadounidense no hab\u00eda hablado con ning\u00fan otro l\u00edder mundial desde que Kabul cay\u00f3 bajo el control de los talibanes, lo que se suma a la creciente frustraci\u00f3n, por la gesti\u00f3n de la crisis por parte del presidente estadounidense de sus aliados.<\/p>\n\n\n\n<p>Esto cambi\u00f3 cuando Joe Biden habl\u00f3 con Johnson cerca de las 10 de la noche, hora del Reino Unido. Un portavoz de Downing Street dijo que ambos acordaron &#8220;trabajar estrechamente&#8221; para sacar a sus ciudadanos y personal de Afganist\u00e1n, as\u00ed como actuar para evitar una &#8220;crisis humanitaria&#8221;.<\/p>\n\n\n\n<p>Los cr\u00edticos han sugerido que Biden ha vuelto a la actitud de &#8220;Am\u00e9rica primero&#8221; de Donald Trump. Un alto ministro del gabinete dijo que su enfoque era &#8220;fundamentalmente&#8221; el mismo que la postura aislacionista adoptada por su predecesor, a\u00f1adiendo que &#8220;deber\u00eda preocuparnos a todos en el sentido m\u00e1s amplio.&#8221;<\/p>\n\n\n\n<p><strong>Plan de reasentamiento de afganos<\/strong><\/p>\n\n\n\n<p>El nuevo plan de reasentamiento de ciudadanos afganos del Reino Unido sigue a las promesas de Canad\u00e1 de acoger a 20.000 refugiados y a los planes de Alemania de evacuar a 10.000 afganos que hayan trabajado con el ej\u00e9rcito alem\u00e1n o con ONG.<\/p>\n\n\n\n<p>El plan funcionar\u00e1 como el plan de reasentamiento de sirios creado por el Ministerio del Interior en 2015 y que estaba dirigido a mujeres con hijos, personas con enfermedades graves y supervivientes de torturas.<\/p>\n\n\n\n<p>Estos fueron identificados por la agencia de refugiados ACNUR, tras huir de Siria a Jordania, Turqu\u00eda y L\u00edbano. Luego fueron examinados por el Ministerio del Interior antes de ser reubicados en el Reino Unido. Las fuentes dijeron que la \u00faltima crisis ser\u00eda compleja debido a la dificultad de los afganos para llegar a los pa\u00edses desde los que ser reasentados.<\/p>\n\n\n\n<p>La Sra. Patel prometi\u00f3 que el Reino Unido &#8220;puede y debe&#8221; actuar, ya que, seg\u00fan dijo, el plan cumple los objetivos del nuevo plan de inmigraci\u00f3n del Gobierno al ofrecer rutas seguras y legales para los m\u00e1s necesitados, al tiempo que se endurecen los controles fronterizos contra los inmigrantes ilegales.<\/p>\n\n\n\n<p>&#8220;Debemos tener un sistema que d\u00e9 prioridad a los m\u00e1s necesitados, para que puedan establecerse aqu\u00ed y recibir apoyo para integrarse y prosperar&#8221;, dijo.<\/p>\n\n\n\n<p>Tambi\u00e9n prometi\u00f3 que no se comprometer\u00eda la seguridad nacional y la seguridad p\u00fablica. &#8220;Cualquiera que llegue aqu\u00ed -a trav\u00e9s de cualquiera de los programas- tendr\u00e1 que pasar los mismos controles de seguridad estrictos realizados por nuestra polic\u00eda y nuestros socios de inteligencia&#8221;, dijo.<\/p>\n\n\n\n<p>El martes se supo que un &#8220;peque\u00f1o n\u00famero&#8221; de solicitantes del plan de reasentamiento para empleados afganos de agencias brit\u00e1nicas hab\u00eda sido bloqueado por motivos de seguridad nacional. La nueva v\u00eda se suma al plan &#8220;Arap&#8221;, que ya ha reasentado a 3.300 afganos en el Reino Unido y se espera que llegue a 5.000.<\/p>\n\n\n\n<p><strong>Johnson se enfrentar\u00e1 a las cr\u00edticas por el desastre de Kabul<\/strong><\/p>\n\n\n\n<p>Este mi\u00e9rcoles, Johnson har\u00e1 una declaraci\u00f3n ante la C\u00e1mara de los Comunes, convocada inusualmente durante el receso de verano para un debate de un d\u00eda, sobre la situaci\u00f3n en Afganist\u00e1n.<\/p>\n\n\n\n<p>El Primer Ministro se enfrentar\u00e1 a una oleada de cr\u00edticas tanto de los diputados laboristas como de los tories sobre la gesti\u00f3n de la evacuaci\u00f3n y las predicciones err\u00f3neas sobre el aumento de los talibanes.<\/p>\n\n\n\n<p>Se espera que Johnson repita sus recientes comentarios p\u00fablicos de que las vidas de los soldados brit\u00e1nicos no se perdieron &#8220;en vano&#8221; en Afganist\u00e1n, dada la seguridad que la campa\u00f1a aport\u00f3 a las calles del Reino Unido.<\/p>\n\n\n\n<p>El martes por la noche, dijo: &#8220;La mejor soluci\u00f3n para todos es un Afganist\u00e1n que funcione para todos los afganos. Eso significa que la comunidad internacional debe unirse para establecer condiciones pol\u00edticas firmes en la futura gobernanza del pa\u00eds.<\/p>\n\n\n\n<p>&#8220;Y significa centrar nuestros esfuerzos en aumentar la resistencia de la regi\u00f3n en general para evitar una emergencia humanitaria&#8221;.<\/p>\n\n\n\n<p>Se espera que decenas de diputados acudan en persona a los Comunes para hacer declaraciones sobre la debacle afgana, ya que las normas de distanciamiento social ya no est\u00e1n vigentes en el Parlamento.<\/p>\n\n\n\n<p><strong>La BBC retira a su personal<\/strong><\/p>\n\n\n\n<p>Adem\u00e1s de hablar con Merkel, Johnson tambi\u00e9n lo hizo con Imran Khan, el primer ministro pakistan\u00ed, en su empe\u00f1o por lograr una posici\u00f3n internacional unida sobre c\u00f3mo enfrentarse a los talibanes.<\/p>\n\n\n\n<p>El martes se supo que la BBC hab\u00eda comenzado a retirar a algunos afganos que trabajaban para la corporaci\u00f3n en el pa\u00eds.<\/p>\n\n\n\n<p>En un mensaje dirigido a todo el personal, Tim Davie, el director general, y Fran Unsworth, la directora de noticias y asuntos de actualidad, dijeron: &#8220;Queremos asegurarles que estamos haciendo todo lo posible para garantizar la seguridad de nuestro personal y equipos&#8221;.<br><br><small>Copyright \u00a9 2021 PanPress.Eu &#8211; Diana Casco \/ Ruben Guzzo &#8211; SalaStampa.Eu<\/small> <small>affiliate of the networks operated by Broadcasting Board of Governors &#8211; USAGM <\/small><\/p>\n","protected":false},"excerpt":{"rendered":"<p>El llamamiento de la ministra del Interior, se produce mientras el Reino Unido ofrece 20.000 plazas de asilo en medio del temor en el continente a una nueva crisis migratoria.<\/p>\n","protected":false},"author":1,"featured_media":1937,"comment_status":"closed","ping_status":"closed","sticky":false,"template":"","format":"standard","meta":{"footnotes":"","_links_to":"","_links_to_target":""},"categories":[70,16,23,116,25],"tags":[],"class_list":["post-1934","post","type-post","status-publish","format-standard","has-post-thumbnail","hentry","category-actualidad","category-asia","category-politica","category-united-kingdom","category-sociedad","entry","double"],"yoast_head":"<!-- This site is optimized with the Yoast SEO plugin v27.5 - https:\/\/yoast.com\/product\/yoast-seo-wordpress\/ -->\n<title>Priti Patel pide a Europa que ayude a acoger a los refugiados afganos - ElCanillita.Info<\/title>\n<meta name=\"robots\" content=\"index, follow, max-snippet:-1, max-image-preview:large, max-video-preview:-1\" \/>\n<link rel=\"canonical\" href=\"https:\/\/elcanillita.info\/press\/2021\/08\/18\/priti-patel-europa-refugiados-afganos\/\" \/>\n<meta property=\"og:locale\" content=\"es_ES\" \/>\n<meta property=\"og:type\" content=\"article\" \/>\n<meta property=\"og:title\" content=\"Priti Patel pide a Europa que ayude a acoger a los refugiados afganos - ElCanillita.Info\" \/>\n<meta property=\"og:description\" content=\"El llamamiento de la ministra del Interior, se produce mientras el Reino Unido ofrece 20.000 plazas de asilo en medio del temor en el continente a una nueva crisis migratoria.\" \/>\n<meta property=\"og:url\" content=\"https:\/\/elcanillita.info\/press\/2021\/08\/18\/priti-patel-europa-refugiados-afganos\/\" \/>\n<meta property=\"og:site_name\" content=\"ElCanillita.Info\" \/>\n<meta property=\"article:publisher\" content=\"https:\/\/ar-ar.facebook.com\/ElCanillitainfo-114249515285712\/\" \/>\n<meta property=\"article:published_time\" content=\"2021-08-18T05:21:38+00:00\" \/>\n<meta property=\"article:modified_time\" content=\"2023-04-07T10:20:29+00:00\" \/>\n<meta property=\"og:image\" content=\"https:\/\/elcanillita.info\/press\/images\/2021\/08\/afgha_mapp.jpg\" \/>\n\t<meta property=\"og:image:width\" content=\"600\" \/>\n\t<meta property=\"og:image:height\" content=\"646\" \/>\n\t<meta property=\"og:image:type\" content=\"image\/jpeg\" \/>\n<meta name=\"author\" content=\"SalaStampa.eu, world press service\" \/>\n<meta name=\"twitter:card\" content=\"summary_large_image\" \/>\n<meta name=\"twitter:label1\" content=\"Escrito por\" \/>\n\t<meta name=\"twitter:data1\" content=\"SalaStampa.eu, world press service\" \/>\n\t<meta name=\"twitter:label2\" content=\"Tiempo de lectura\" \/>\n\t<meta name=\"twitter:data2\" content=\"7 minutos\" \/>\n<script type=\"application\/ld+json\" class=\"yoast-schema-graph\">{\"@context\":\"https:\\\/\\\/schema.org\",\"@graph\":[{\"@type\":\"Article\",\"@id\":\"https:\\\/\\\/elcanillita.info\\\/press\\\/2021\\\/08\\\/18\\\/priti-patel-europa-refugiados-afganos\\\/#article\",\"isPartOf\":{\"@id\":\"https:\\\/\\\/elcanillita.info\\\/press\\\/2021\\\/08\\\/18\\\/priti-patel-europa-refugiados-afganos\\\/\"},\"author\":{\"name\":\"SalaStampa.eu, world press service\",\"@id\":\"https:\\\/\\\/elcanillita.info\\\/press\\\/#\\\/schema\\\/person\\\/7fcb79f38045700919f7da6d97e71ba0\"},\"headline\":\"Priti Patel pide a Europa que ayude a acoger a los refugiados afganos\",\"datePublished\":\"2021-08-18T05:21:38+00:00\",\"dateModified\":\"2023-04-07T10:20:29+00:00\",\"mainEntityOfPage\":{\"@id\":\"https:\\\/\\\/elcanillita.info\\\/press\\\/2021\\\/08\\\/18\\\/priti-patel-europa-refugiados-afganos\\\/\"},\"wordCount\":1460,\"publisher\":{\"@id\":\"https:\\\/\\\/elcanillita.info\\\/press\\\/#organization\"},\"image\":{\"@id\":\"https:\\\/\\\/elcanillita.info\\\/press\\\/2021\\\/08\\\/18\\\/priti-patel-europa-refugiados-afganos\\\/#primaryimage\"},\"thumbnailUrl\":\"https:\\\/\\\/elcanillita.info\\\/press\\\/images\\\/2021\\\/08\\\/afgha_mapp.jpg\",\"articleSection\":[\"Actualidad\",\"Asia\",\"Politica\",\"Reino Unido\",\"Sociedad\"],\"inLanguage\":\"es-AR\"},{\"@type\":\"WebPage\",\"@id\":\"https:\\\/\\\/elcanillita.info\\\/press\\\/2021\\\/08\\\/18\\\/priti-patel-europa-refugiados-afganos\\\/\",\"url\":\"https:\\\/\\\/elcanillita.info\\\/press\\\/2021\\\/08\\\/18\\\/priti-patel-europa-refugiados-afganos\\\/\",\"name\":\"Priti Patel pide a Europa que ayude a acoger a los refugiados afganos - ElCanillita.Info\",\"isPartOf\":{\"@id\":\"https:\\\/\\\/elcanillita.info\\\/press\\\/#website\"},\"primaryImageOfPage\":{\"@id\":\"https:\\\/\\\/elcanillita.info\\\/press\\\/2021\\\/08\\\/18\\\/priti-patel-europa-refugiados-afganos\\\/#primaryimage\"},\"image\":{\"@id\":\"https:\\\/\\\/elcanillita.info\\\/press\\\/2021\\\/08\\\/18\\\/priti-patel-europa-refugiados-afganos\\\/#primaryimage\"},\"thumbnailUrl\":\"https:\\\/\\\/elcanillita.info\\\/press\\\/images\\\/2021\\\/08\\\/afgha_mapp.jpg\",\"datePublished\":\"2021-08-18T05:21:38+00:00\",\"dateModified\":\"2023-04-07T10:20:29+00:00\",\"inLanguage\":\"es-AR\",\"potentialAction\":[{\"@type\":\"ReadAction\",\"target\":[\"https:\\\/\\\/elcanillita.info\\\/press\\\/2021\\\/08\\\/18\\\/priti-patel-europa-refugiados-afganos\\\/\"]}]},{\"@type\":\"ImageObject\",\"inLanguage\":\"es-AR\",\"@id\":\"https:\\\/\\\/elcanillita.info\\\/press\\\/2021\\\/08\\\/18\\\/priti-patel-europa-refugiados-afganos\\\/#primaryimage\",\"url\":\"https:\\\/\\\/elcanillita.info\\\/press\\\/images\\\/2021\\\/08\\\/afgha_mapp.jpg\",\"contentUrl\":\"https:\\\/\\\/elcanillita.info\\\/press\\\/images\\\/2021\\\/08\\\/afgha_mapp.jpg\",\"width\":600,\"height\":646},{\"@type\":\"WebSite\",\"@id\":\"https:\\\/\\\/elcanillita.info\\\/press\\\/#website\",\"url\":\"https:\\\/\\\/elcanillita.info\\\/press\\\/\",\"name\":\"ElCanillita.Info\",\"description\":\"desde los Apeninos a los Andes\",\"publisher\":{\"@id\":\"https:\\\/\\\/elcanillita.info\\\/press\\\/#organization\"},\"potentialAction\":[{\"@type\":\"SearchAction\",\"target\":{\"@type\":\"EntryPoint\",\"urlTemplate\":\"https:\\\/\\\/elcanillita.info\\\/press\\\/?s={search_term_string}\"},\"query-input\":{\"@type\":\"PropertyValueSpecification\",\"valueRequired\":true,\"valueName\":\"search_term_string\"}}],\"inLanguage\":\"es-AR\"},{\"@type\":\"Organization\",\"@id\":\"https:\\\/\\\/elcanillita.info\\\/press\\\/#organization\",\"name\":\"Guzzo Photos & Graphic Publications\",\"url\":\"https:\\\/\\\/elcanillita.info\\\/press\\\/\",\"logo\":{\"@type\":\"ImageObject\",\"inLanguage\":\"es-AR\",\"@id\":\"https:\\\/\\\/elcanillita.info\\\/press\\\/#\\\/schema\\\/logo\\\/image\\\/\",\"url\":\"https:\\\/\\\/elcanillita.info\\\/press\\\/images\\\/2020\\\/01\\\/cropped-cropped-cropped-elcanillitainfo.png\",\"contentUrl\":\"https:\\\/\\\/elcanillita.info\\\/press\\\/images\\\/2020\\\/01\\\/cropped-cropped-cropped-elcanillitainfo.png\",\"width\":460,\"height\":50,\"caption\":\"Guzzo Photos & Graphic Publications\"},\"image\":{\"@id\":\"https:\\\/\\\/elcanillita.info\\\/press\\\/#\\\/schema\\\/logo\\\/image\\\/\"},\"sameAs\":[\"https:\\\/\\\/ar-ar.facebook.com\\\/ElCanillitainfo-114249515285712\\\/\"]},{\"@type\":\"Person\",\"@id\":\"https:\\\/\\\/elcanillita.info\\\/press\\\/#\\\/schema\\\/person\\\/7fcb79f38045700919f7da6d97e71ba0\",\"name\":\"SalaStampa.eu, world press service\",\"image\":{\"@type\":\"ImageObject\",\"inLanguage\":\"es-AR\",\"@id\":\"https:\\\/\\\/secure.gravatar.com\\\/avatar\\\/c2f0e0d515a107624234994507816ca4724c7199cef73fc8bedebf6931d73888?s=96&d=mm&r=g\",\"url\":\"https:\\\/\\\/secure.gravatar.com\\\/avatar\\\/c2f0e0d515a107624234994507816ca4724c7199cef73fc8bedebf6931d73888?s=96&d=mm&r=g\",\"contentUrl\":\"https:\\\/\\\/secure.gravatar.com\\\/avatar\\\/c2f0e0d515a107624234994507816ca4724c7199cef73fc8bedebf6931d73888?s=96&d=mm&r=g\",\"caption\":\"SalaStampa.eu, world press service\"}}]}<\/script>\n<!-- \/ Yoast SEO plugin. -->","yoast_head_json":{"title":"Priti Patel pide a Europa que ayude a acoger a los refugiados afganos - ElCanillita.Info","robots":{"index":"index","follow":"follow","max-snippet":"max-snippet:-1","max-image-preview":"max-image-preview:large","max-video-preview":"max-video-preview:-1"},"canonical":"https:\/\/elcanillita.info\/press\/2021\/08\/18\/priti-patel-europa-refugiados-afganos\/","og_locale":"es_ES","og_type":"article","og_title":"Priti Patel pide a Europa que ayude a acoger a los refugiados afganos - ElCanillita.Info","og_description":"El llamamiento de la ministra del Interior, se produce mientras el Reino Unido ofrece 20.000 plazas de asilo en medio del temor en el continente a una nueva crisis migratoria.","og_url":"https:\/\/elcanillita.info\/press\/2021\/08\/18\/priti-patel-europa-refugiados-afganos\/","og_site_name":"ElCanillita.Info","article_publisher":"https:\/\/ar-ar.facebook.com\/ElCanillitainfo-114249515285712\/","article_published_time":"2021-08-18T05:21:38+00:00","article_modified_time":"2023-04-07T10:20:29+00:00","og_image":[{"width":600,"height":646,"url":"https:\/\/elcanillita.info\/press\/images\/2021\/08\/afgha_mapp.jpg","type":"image\/jpeg"}],"author":"SalaStampa.eu, world press service","twitter_card":"summary_large_image","twitter_misc":{"Escrito por":"SalaStampa.eu, world press service","Tiempo de lectura":"7 minutos"},"schema":{"@context":"https:\/\/schema.org","@graph":[{"@type":"Article","@id":"https:\/\/elcanillita.info\/press\/2021\/08\/18\/priti-patel-europa-refugiados-afganos\/#article","isPartOf":{"@id":"https:\/\/elcanillita.info\/press\/2021\/08\/18\/priti-patel-europa-refugiados-afganos\/"},"author":{"name":"SalaStampa.eu, world press service","@id":"https:\/\/elcanillita.info\/press\/#\/schema\/person\/7fcb79f38045700919f7da6d97e71ba0"},"headline":"Priti Patel pide a Europa que ayude a acoger a los refugiados afganos","datePublished":"2021-08-18T05:21:38+00:00","dateModified":"2023-04-07T10:20:29+00:00","mainEntityOfPage":{"@id":"https:\/\/elcanillita.info\/press\/2021\/08\/18\/priti-patel-europa-refugiados-afganos\/"},"wordCount":1460,"publisher":{"@id":"https:\/\/elcanillita.info\/press\/#organization"},"image":{"@id":"https:\/\/elcanillita.info\/press\/2021\/08\/18\/priti-patel-europa-refugiados-afganos\/#primaryimage"},"thumbnailUrl":"https:\/\/elcanillita.info\/press\/images\/2021\/08\/afgha_mapp.jpg","articleSection":["Actualidad","Asia","Politica","Reino Unido","Sociedad"],"inLanguage":"es-AR"},{"@type":"WebPage","@id":"https:\/\/elcanillita.info\/press\/2021\/08\/18\/priti-patel-europa-refugiados-afganos\/","url":"https:\/\/elcanillita.info\/press\/2021\/08\/18\/priti-patel-europa-refugiados-afganos\/","name":"Priti Patel pide a Europa que ayude a acoger a los refugiados afganos - ElCanillita.Info","isPartOf":{"@id":"https:\/\/elcanillita.info\/press\/#website"},"primaryImageOfPage":{"@id":"https:\/\/elcanillita.info\/press\/2021\/08\/18\/priti-patel-europa-refugiados-afganos\/#primaryimage"},"image":{"@id":"https:\/\/elcanillita.info\/press\/2021\/08\/18\/priti-patel-europa-refugiados-afganos\/#primaryimage"},"thumbnailUrl":"https:\/\/elcanillita.info\/press\/images\/2021\/08\/afgha_mapp.jpg","datePublished":"2021-08-18T05:21:38+00:00","dateModified":"2023-04-07T10:20:29+00:00","inLanguage":"es-AR","potentialAction":[{"@type":"ReadAction","target":["https:\/\/elcanillita.info\/press\/2021\/08\/18\/priti-patel-europa-refugiados-afganos\/"]}]},{"@type":"ImageObject","inLanguage":"es-AR","@id":"https:\/\/elcanillita.info\/press\/2021\/08\/18\/priti-patel-europa-refugiados-afganos\/#primaryimage","url":"https:\/\/elcanillita.info\/press\/images\/2021\/08\/afgha_mapp.jpg","contentUrl":"https:\/\/elcanillita.info\/press\/images\/2021\/08\/afgha_mapp.jpg","width":600,"height":646},{"@type":"WebSite","@id":"https:\/\/elcanillita.info\/press\/#website","url":"https:\/\/elcanillita.info\/press\/","name":"ElCanillita.Info","description":"desde los Apeninos a los Andes","publisher":{"@id":"https:\/\/elcanillita.info\/press\/#organization"},"potentialAction":[{"@type":"SearchAction","target":{"@type":"EntryPoint","urlTemplate":"https:\/\/elcanillita.info\/press\/?s={search_term_string}"},"query-input":{"@type":"PropertyValueSpecification","valueRequired":true,"valueName":"search_term_string"}}],"inLanguage":"es-AR"},{"@type":"Organization","@id":"https:\/\/elcanillita.info\/press\/#organization","name":"Guzzo Photos & Graphic Publications","url":"https:\/\/elcanillita.info\/press\/","logo":{"@type":"ImageObject","inLanguage":"es-AR","@id":"https:\/\/elcanillita.info\/press\/#\/schema\/logo\/image\/","url":"https:\/\/elcanillita.info\/press\/images\/2020\/01\/cropped-cropped-cropped-elcanillitainfo.png","contentUrl":"https:\/\/elcanillita.info\/press\/images\/2020\/01\/cropped-cropped-cropped-elcanillitainfo.png","width":460,"height":50,"caption":"Guzzo Photos & Graphic Publications"},"image":{"@id":"https:\/\/elcanillita.info\/press\/#\/schema\/logo\/image\/"},"sameAs":["https:\/\/ar-ar.facebook.com\/ElCanillitainfo-114249515285712\/"]},{"@type":"Person","@id":"https:\/\/elcanillita.info\/press\/#\/schema\/person\/7fcb79f38045700919f7da6d97e71ba0","name":"SalaStampa.eu, world press service","image":{"@type":"ImageObject","inLanguage":"es-AR","@id":"https:\/\/secure.gravatar.com\/avatar\/c2f0e0d515a107624234994507816ca4724c7199cef73fc8bedebf6931d73888?s=96&d=mm&r=g","url":"https:\/\/secure.gravatar.com\/avatar\/c2f0e0d515a107624234994507816ca4724c7199cef73fc8bedebf6931d73888?s=96&d=mm&r=g","contentUrl":"https:\/\/secure.gravatar.com\/avatar\/c2f0e0d515a107624234994507816ca4724c7199cef73fc8bedebf6931d73888?s=96&d=mm&r=g","caption":"SalaStampa.eu, world press service"}}]}},"views":547,"_links":{"self":[{"href":"https:\/\/elcanillita.info\/press\/wp-json\/wp\/v2\/posts\/1934","targetHints":{"allow":["GET"]}}],"collection":[{"href":"https:\/\/elcanillita.info\/press\/wp-json\/wp\/v2\/posts"}],"about":[{"href":"https:\/\/elcanillita.info\/press\/wp-json\/wp\/v2\/types\/post"}],"author":[{"embeddable":true,"href":"https:\/\/elcanillita.info\/press\/wp-json\/wp\/v2\/users\/1"}],"replies":[{"embeddable":true,"href":"https:\/\/elcanillita.info\/press\/wp-json\/wp\/v2\/comments?post=1934"}],"version-history":[{"count":0,"href":"https:\/\/elcanillita.info\/press\/wp-json\/wp\/v2\/posts\/1934\/revisions"}],"wp:featuredmedia":[{"embeddable":true,"href":"https:\/\/elcanillita.info\/press\/wp-json\/wp\/v2\/media\/1937"}],"wp:attachment":[{"href":"https:\/\/elcanillita.info\/press\/wp-json\/wp\/v2\/media?parent=1934"}],"wp:term":[{"taxonomy":"category","embeddable":true,"href":"https:\/\/elcanillita.info\/press\/wp-json\/wp\/v2\/categories?post=1934"},{"taxonomy":"post_tag","embeddable":true,"href":"https:\/\/elcanillita.info\/press\/wp-json\/wp\/v2\/tags?post=1934"}],"curies":[{"name":"wp","href":"https:\/\/api.w.org\/{rel}","templated":true}]}}