{"id":1919,"date":"2021-07-22T12:34:42","date_gmt":"2021-07-22T15:34:42","guid":{"rendered":"https:\/\/elcanillita.info\/press\/?p=1919"},"modified":"2021-07-22T12:43:27","modified_gmt":"2021-07-22T15:43:27","slug":"director-ceremonia-juegos-olimpicos-tokyo-despedido","status":"publish","type":"post","link":"https:\/\/elcanillita.info\/press\/2021\/07\/22\/director-ceremonia-juegos-olimpicos-tokyo-despedido\/","title":{"rendered":"El director de la ceremonia de apertura de los Juegos Ol\u00edmpicos de Tokyo fue despedido por un chiste sobre el Holocausto"},"content":{"rendered":"\n<div class=\"wp-block-image\"><figure class=\"aligncenter size-large\"><img loading=\"lazy\" decoding=\"async\" width=\"600\" height=\"375\" src=\"https:\/\/elcanillita.info\/press\/images\/2021\/07\/Tokyo.jpg\" alt=\"\" class=\"wp-image-1920\" srcset=\"https:\/\/elcanillita.info\/press\/images\/2021\/07\/Tokyo.jpg 600w, https:\/\/elcanillita.info\/press\/images\/2021\/07\/Tokyo-300x188.jpg 300w\" sizes=\"auto, (max-width: 600px) 100vw, 600px\" \/><figcaption><small>Kentaro Kobayashi ha sido despedido en la v\u00edspera del evento<\/small><\/figcaption><\/figure><\/div>\n\n\n\n<p>Kentaro Kobayashi, que estaba en parte a cargo de la apertura del tel\u00f3n, fue despedido despu\u00e9s de que salieran a la luz acusaciones de antisemitismo por un comentario que hizo en un acto de comedia en 1998.<\/p>\n\n\n\n<p>Seg\u00fan varios peri\u00f3dicos japoneses, Kobayashi se burl\u00f3 del asesinato en masa de seis millones de jud\u00edos diciendo: &#8220;Juguemos al Holocausto&#8221;.<\/p>\n\n\n\n<p>La problem\u00e1tica ceremonia de apertura ya se enfrentaba al dolor de cabeza de sustituir a un compositor despu\u00e9s de que el m\u00fasico japon\u00e9s Keigo Oyamada renunciara a su puesto tras las hist\u00f3ricas denuncias de presunto acoso y comportamiento abusivo.<\/p>\n\n\n\n<p>El director ejecutivo de Tokyo 2020, Toshiro Muto, confirm\u00f3 posteriormente que los organizadores &#8220;revisar\u00e1n todo el programa&#8221; de la ceremonia de apertura tras el despido de Kobayashi.<\/p>\n\n\n\n<p>La organizaci\u00f3n, en plena crisis y a s\u00f3lo 24 horas de la multimillonaria ceremonia, ofreci\u00f3 tambi\u00e9n &#8220;nuestras m\u00e1s profundas disculpas&#8221; por la verg\u00fcenza causada a los participantes en los Juegos.<\/p>\n\n\n\n<p>&#8220;En el poco tiempo que queda para la Ceremonia de Apertura, ofrecemos nuestras m\u00e1s profundas disculpas por cualquier ofensa y angustia que este asunto haya podido causar a las muchas personas involucradas en los Juegos Ol\u00edmpicos, as\u00ed como a los ciudadanos de Jap\u00f3n y del mundo&#8221;, dec\u00eda un comunicado de Tokyo 2020.<\/p>\n\n\n\n<p>El presidente del Comit\u00e9 Organizador, Seiko Hashimoto, dijo que aceptaba la responsabilidad de los organizadores por no haber investigado adecuadamente a quienes trabajaron en la ceremonia.<\/p>\n\n\n\n<p>&#8220;Tan pronto como fue posible decidimos que teniamos que abordar el asunto y decidimos el despido&#8221;, a\u00f1adi\u00f3.<br><br>Hashimoto asumi\u00f3 la responsabilidad de una situaci\u00f3n que dijo &#8220;lamentar profundamente&#8221;. &#8220;La responsabilidad general recae en m\u00ed&#8221;, a\u00f1adi\u00f3. La ceremonia, a\u00f1adi\u00f3, ser\u00e1 &#8220;sombr\u00eda&#8221;.<\/p>\n\n\n\n<p>Se prev\u00e9 una asistencia hist\u00f3ricamente baja para el viernes, con la prohibici\u00f3n de asistir a los espectadores y la negativa de cientos de atletas a presentarse debido al riesgo percibido de Covid-19.<\/p>\n\n\n\n<p>S\u00f3lo 30 de los 375 atletas del equipo de Gran Breta\u00f1a estar\u00e1n presentes, y muchas naciones han reducido su n\u00famero debido al riesgo potencial.<\/p>\n\n\n\n<p>Los medios de comunicaci\u00f3n locales informaron de que el ex primer ministro Shinzo Abe, uno de los mayores defensores iniciales de la celebraci\u00f3n de los Juegos en Tokyo, tambi\u00e9n ten\u00eda previsto no acudir a la cita en medio de una creciente reacci\u00f3n japonesa.<\/p>\n\n\n\n<p>Por su parte, el director del espect\u00e1culo, Kobayashi, hab\u00eda sido atacado antes de su despido por el Centro Simon Wiesenthal, una organizaci\u00f3n jud\u00eda internacional de derechos humanos.<\/p>\n\n\n\n<p>&#8220;Cualquier asociaci\u00f3n de esta persona con los Juegos Ol\u00edmpicos de Tokyo insultar\u00eda la memoria de seis millones de jud\u00edos y ser\u00eda una cruel burla a los Juegos Paral\u00edmpicos&#8221;, dijo Abraham Cooper, rabino y decano asociado y director de acci\u00f3n social global del centro.<\/p>\n\n\n\n<p>El jueves, el comit\u00e9 organizador de Tokyo 2020 confirm\u00f3 que Kobayash hab\u00eda sido despedido por la broma.<\/p>\n\n\n\n<p>En un comunicado, Kobayashi se disculp\u00f3, describiendo el sketch como algo &#8220;extremadamente inapropiado&#8221;.<\/p>\n\n\n\n<p>&#8220;Era de una \u00e9poca en la que no consegu\u00eda hacer re\u00edr como quer\u00eda, y creo que intentaba captar la atenci\u00f3n de la gente de forma superficial&#8221;.<\/p>\n\n\n\n<p>Este nuevo rev\u00e9s se produce meses despu\u00e9s de que Yoshiro Mori, antiguo jefe del comit\u00e9 organizador de Tokyo 2020, dimitiera tras hacer comentarios sexistas.<\/p>\n\n\n\n<p>Poco despu\u00e9s se produjo la dimisi\u00f3n del jefe creativo de los Juegos Ol\u00edmpicos de Tokyo, Hiroshi Sasaki, tras hacer comentarios despectivos sobre una popular animadora japonesa.<\/p>\n\n\n\n<p>En una encuesta reciente del peri\u00f3dico Asahi, el 68% de los encuestados expres\u00f3 sus dudas sobre la capacidad de los organizadores de los Juegos Ol\u00edmpicos para controlar las infecciones por coronavirus, y el 55% se opuso a la celebraci\u00f3n de los Juegos.<\/p>\n\n\n\n<p>Adem\u00e1s de tener que lidiar con la creciente ansiedad por los contagios en Jap\u00f3n, los organizadores han tenido que lidiar con una delicada l\u00ednea pol\u00edtica en los \u00faltimos d\u00edas.<\/p>\n\n\n\n<p>Las futbolistas del equipo brit\u00e1nico recibieron permiso para arrodillarse antes del partido, en contra de los deseos del Comit\u00e9 Ol\u00edmpico Internacional.<\/p>\n\n\n\n<p>Se inform\u00f3 de que se hab\u00eda prohibido a los canales oficiales la publicaci\u00f3n de im\u00e1genes del gesto, pero los canales de las redes sociales ol\u00edmpicas publicaron el jueves im\u00e1genes de Lucy Bronze haciendo la demostraci\u00f3n previa al partido.<\/p>\n\n\n\n<p>El gesto de arrodillarse en el podio sigue siendo sacrosanto, pero cada vez es m\u00e1s probable que la resoluci\u00f3n del Comit\u00e9 Ol\u00edmpico Internacional sobre su norma de la Secci\u00f3n 50 se ponga a prueba en los pr\u00f3ximos quince d\u00edas.<br><br><small>PanPress.eu  \/ SalaStampa.eu &#8211; Copyright \u00a9 2021 ElCanillita.info &#8211; Derechos reservados<\/small><\/p>\n","protected":false},"excerpt":{"rendered":"<p>La ceremonia de inauguraci\u00f3n de los Juegos Olimpicos se ha visto sumida en la confusi\u00f3n despu\u00e9s de que el director del espect\u00e1culo haya sido despedido por una broma que hizo sobre el Holocausto.<\/p>\n","protected":false},"author":1,"featured_media":1920,"comment_status":"closed","ping_status":"closed","sticky":false,"template":"","format":"standard","meta":{"footnotes":"","_links_to":"","_links_to_target":""},"categories":[70,16,19,78,26],"tags":[66],"class_list":["post-1919","post","type-post","status-publish","format-standard","has-post-thumbnail","hentry","category-actualidad","category-asia","category-cultura","category-sanidad","category-sport","tag-japon","entry","double"],"yoast_head":"<!-- This site is optimized with the Yoast SEO plugin v27.5 - https:\/\/yoast.com\/product\/yoast-seo-wordpress\/ -->\n<title>El director de la ceremonia de apertura de los Juegos Ol\u00edmpicos de Tokyo fue despedido por un chiste sobre el Holocausto - ElCanillita.Info<\/title>\n<meta name=\"robots\" content=\"index, follow, max-snippet:-1, max-image-preview:large, max-video-preview:-1\" \/>\n<link rel=\"canonical\" href=\"https:\/\/elcanillita.info\/press\/2021\/07\/22\/director-ceremonia-juegos-olimpicos-tokyo-despedido\/\" \/>\n<meta property=\"og:locale\" content=\"es_ES\" \/>\n<meta property=\"og:type\" content=\"article\" \/>\n<meta property=\"og:title\" content=\"El director de la ceremonia de apertura de los Juegos Ol\u00edmpicos de Tokyo fue despedido por un chiste sobre el Holocausto - ElCanillita.Info\" \/>\n<meta property=\"og:description\" content=\"La ceremonia de inauguraci\u00f3n de los Juegos Olimpicos se ha visto sumida en la confusi\u00f3n despu\u00e9s de que el director del espect\u00e1culo haya sido despedido por una broma que hizo sobre el Holocausto.\" \/>\n<meta property=\"og:url\" content=\"https:\/\/elcanillita.info\/press\/2021\/07\/22\/director-ceremonia-juegos-olimpicos-tokyo-despedido\/\" \/>\n<meta property=\"og:site_name\" content=\"ElCanillita.Info\" \/>\n<meta property=\"article:publisher\" content=\"https:\/\/ar-ar.facebook.com\/ElCanillitainfo-114249515285712\/\" \/>\n<meta property=\"article:published_time\" content=\"2021-07-22T15:34:42+00:00\" \/>\n<meta property=\"article:modified_time\" content=\"2021-07-22T15:43:27+00:00\" \/>\n<meta property=\"og:image\" content=\"https:\/\/elcanillita.info\/press\/images\/2021\/07\/Tokyo.jpg\" \/>\n\t<meta property=\"og:image:width\" content=\"600\" \/>\n\t<meta property=\"og:image:height\" content=\"375\" \/>\n\t<meta property=\"og:image:type\" content=\"image\/jpeg\" \/>\n<meta name=\"author\" content=\"SalaStampa.eu, world press service\" \/>\n<meta name=\"twitter:card\" content=\"summary_large_image\" \/>\n<meta name=\"twitter:label1\" content=\"Escrito por\" \/>\n\t<meta name=\"twitter:data1\" content=\"SalaStampa.eu, world press service\" \/>\n\t<meta name=\"twitter:label2\" content=\"Tiempo de lectura\" \/>\n\t<meta name=\"twitter:data2\" content=\"4 minutos\" \/>\n<script type=\"application\/ld+json\" class=\"yoast-schema-graph\">{\"@context\":\"https:\\\/\\\/schema.org\",\"@graph\":[{\"@type\":\"Article\",\"@id\":\"https:\\\/\\\/elcanillita.info\\\/press\\\/2021\\\/07\\\/22\\\/director-ceremonia-juegos-olimpicos-tokyo-despedido\\\/#article\",\"isPartOf\":{\"@id\":\"https:\\\/\\\/elcanillita.info\\\/press\\\/2021\\\/07\\\/22\\\/director-ceremonia-juegos-olimpicos-tokyo-despedido\\\/\"},\"author\":{\"name\":\"SalaStampa.eu, world press service\",\"@id\":\"https:\\\/\\\/elcanillita.info\\\/press\\\/#\\\/schema\\\/person\\\/7fcb79f38045700919f7da6d97e71ba0\"},\"headline\":\"El director de la ceremonia de apertura de los Juegos Ol\u00edmpicos de Tokyo fue despedido por un chiste sobre el Holocausto\",\"datePublished\":\"2021-07-22T15:34:42+00:00\",\"dateModified\":\"2021-07-22T15:43:27+00:00\",\"mainEntityOfPage\":{\"@id\":\"https:\\\/\\\/elcanillita.info\\\/press\\\/2021\\\/07\\\/22\\\/director-ceremonia-juegos-olimpicos-tokyo-despedido\\\/\"},\"wordCount\":827,\"publisher\":{\"@id\":\"https:\\\/\\\/elcanillita.info\\\/press\\\/#organization\"},\"image\":{\"@id\":\"https:\\\/\\\/elcanillita.info\\\/press\\\/2021\\\/07\\\/22\\\/director-ceremonia-juegos-olimpicos-tokyo-despedido\\\/#primaryimage\"},\"thumbnailUrl\":\"https:\\\/\\\/elcanillita.info\\\/press\\\/images\\\/2021\\\/07\\\/Tokyo.jpg\",\"keywords\":[\"Jap\u00f3n\"],\"articleSection\":[\"Actualidad\",\"Asia\",\"Cultura\",\"Sanidad\",\"Sport\"],\"inLanguage\":\"es-AR\"},{\"@type\":\"WebPage\",\"@id\":\"https:\\\/\\\/elcanillita.info\\\/press\\\/2021\\\/07\\\/22\\\/director-ceremonia-juegos-olimpicos-tokyo-despedido\\\/\",\"url\":\"https:\\\/\\\/elcanillita.info\\\/press\\\/2021\\\/07\\\/22\\\/director-ceremonia-juegos-olimpicos-tokyo-despedido\\\/\",\"name\":\"El director de la ceremonia de apertura de los Juegos Ol\u00edmpicos de Tokyo fue despedido por un chiste sobre el Holocausto - ElCanillita.Info\",\"isPartOf\":{\"@id\":\"https:\\\/\\\/elcanillita.info\\\/press\\\/#website\"},\"primaryImageOfPage\":{\"@id\":\"https:\\\/\\\/elcanillita.info\\\/press\\\/2021\\\/07\\\/22\\\/director-ceremonia-juegos-olimpicos-tokyo-despedido\\\/#primaryimage\"},\"image\":{\"@id\":\"https:\\\/\\\/elcanillita.info\\\/press\\\/2021\\\/07\\\/22\\\/director-ceremonia-juegos-olimpicos-tokyo-despedido\\\/#primaryimage\"},\"thumbnailUrl\":\"https:\\\/\\\/elcanillita.info\\\/press\\\/images\\\/2021\\\/07\\\/Tokyo.jpg\",\"datePublished\":\"2021-07-22T15:34:42+00:00\",\"dateModified\":\"2021-07-22T15:43:27+00:00\",\"inLanguage\":\"es-AR\",\"potentialAction\":[{\"@type\":\"ReadAction\",\"target\":[\"https:\\\/\\\/elcanillita.info\\\/press\\\/2021\\\/07\\\/22\\\/director-ceremonia-juegos-olimpicos-tokyo-despedido\\\/\"]}]},{\"@type\":\"ImageObject\",\"inLanguage\":\"es-AR\",\"@id\":\"https:\\\/\\\/elcanillita.info\\\/press\\\/2021\\\/07\\\/22\\\/director-ceremonia-juegos-olimpicos-tokyo-despedido\\\/#primaryimage\",\"url\":\"https:\\\/\\\/elcanillita.info\\\/press\\\/images\\\/2021\\\/07\\\/Tokyo.jpg\",\"contentUrl\":\"https:\\\/\\\/elcanillita.info\\\/press\\\/images\\\/2021\\\/07\\\/Tokyo.jpg\",\"width\":600,\"height\":375},{\"@type\":\"WebSite\",\"@id\":\"https:\\\/\\\/elcanillita.info\\\/press\\\/#website\",\"url\":\"https:\\\/\\\/elcanillita.info\\\/press\\\/\",\"name\":\"ElCanillita.Info\",\"description\":\"desde los Apeninos a los Andes\",\"publisher\":{\"@id\":\"https:\\\/\\\/elcanillita.info\\\/press\\\/#organization\"},\"potentialAction\":[{\"@type\":\"SearchAction\",\"target\":{\"@type\":\"EntryPoint\",\"urlTemplate\":\"https:\\\/\\\/elcanillita.info\\\/press\\\/?s={search_term_string}\"},\"query-input\":{\"@type\":\"PropertyValueSpecification\",\"valueRequired\":true,\"valueName\":\"search_term_string\"}}],\"inLanguage\":\"es-AR\"},{\"@type\":\"Organization\",\"@id\":\"https:\\\/\\\/elcanillita.info\\\/press\\\/#organization\",\"name\":\"Guzzo Photos & Graphic Publications\",\"url\":\"https:\\\/\\\/elcanillita.info\\\/press\\\/\",\"logo\":{\"@type\":\"ImageObject\",\"inLanguage\":\"es-AR\",\"@id\":\"https:\\\/\\\/elcanillita.info\\\/press\\\/#\\\/schema\\\/logo\\\/image\\\/\",\"url\":\"https:\\\/\\\/elcanillita.info\\\/press\\\/images\\\/2020\\\/01\\\/cropped-cropped-cropped-elcanillitainfo.png\",\"contentUrl\":\"https:\\\/\\\/elcanillita.info\\\/press\\\/images\\\/2020\\\/01\\\/cropped-cropped-cropped-elcanillitainfo.png\",\"width\":460,\"height\":50,\"caption\":\"Guzzo Photos & Graphic Publications\"},\"image\":{\"@id\":\"https:\\\/\\\/elcanillita.info\\\/press\\\/#\\\/schema\\\/logo\\\/image\\\/\"},\"sameAs\":[\"https:\\\/\\\/ar-ar.facebook.com\\\/ElCanillitainfo-114249515285712\\\/\"]},{\"@type\":\"Person\",\"@id\":\"https:\\\/\\\/elcanillita.info\\\/press\\\/#\\\/schema\\\/person\\\/7fcb79f38045700919f7da6d97e71ba0\",\"name\":\"SalaStampa.eu, world press service\",\"image\":{\"@type\":\"ImageObject\",\"inLanguage\":\"es-AR\",\"@id\":\"https:\\\/\\\/secure.gravatar.com\\\/avatar\\\/c2f0e0d515a107624234994507816ca4724c7199cef73fc8bedebf6931d73888?s=96&d=mm&r=g\",\"url\":\"https:\\\/\\\/secure.gravatar.com\\\/avatar\\\/c2f0e0d515a107624234994507816ca4724c7199cef73fc8bedebf6931d73888?s=96&d=mm&r=g\",\"contentUrl\":\"https:\\\/\\\/secure.gravatar.com\\\/avatar\\\/c2f0e0d515a107624234994507816ca4724c7199cef73fc8bedebf6931d73888?s=96&d=mm&r=g\",\"caption\":\"SalaStampa.eu, world press service\"}}]}<\/script>\n<!-- \/ Yoast SEO plugin. -->","yoast_head_json":{"title":"El director de la ceremonia de apertura de los Juegos Ol\u00edmpicos de Tokyo fue despedido por un chiste sobre el Holocausto - ElCanillita.Info","robots":{"index":"index","follow":"follow","max-snippet":"max-snippet:-1","max-image-preview":"max-image-preview:large","max-video-preview":"max-video-preview:-1"},"canonical":"https:\/\/elcanillita.info\/press\/2021\/07\/22\/director-ceremonia-juegos-olimpicos-tokyo-despedido\/","og_locale":"es_ES","og_type":"article","og_title":"El director de la ceremonia de apertura de los Juegos Ol\u00edmpicos de Tokyo fue despedido por un chiste sobre el Holocausto - ElCanillita.Info","og_description":"La ceremonia de inauguraci\u00f3n de los Juegos Olimpicos se ha visto sumida en la confusi\u00f3n despu\u00e9s de que el director del espect\u00e1culo haya sido despedido por una broma que hizo sobre el Holocausto.","og_url":"https:\/\/elcanillita.info\/press\/2021\/07\/22\/director-ceremonia-juegos-olimpicos-tokyo-despedido\/","og_site_name":"ElCanillita.Info","article_publisher":"https:\/\/ar-ar.facebook.com\/ElCanillitainfo-114249515285712\/","article_published_time":"2021-07-22T15:34:42+00:00","article_modified_time":"2021-07-22T15:43:27+00:00","og_image":[{"width":600,"height":375,"url":"https:\/\/elcanillita.info\/press\/images\/2021\/07\/Tokyo.jpg","type":"image\/jpeg"}],"author":"SalaStampa.eu, world press service","twitter_card":"summary_large_image","twitter_misc":{"Escrito por":"SalaStampa.eu, world press service","Tiempo de lectura":"4 minutos"},"schema":{"@context":"https:\/\/schema.org","@graph":[{"@type":"Article","@id":"https:\/\/elcanillita.info\/press\/2021\/07\/22\/director-ceremonia-juegos-olimpicos-tokyo-despedido\/#article","isPartOf":{"@id":"https:\/\/elcanillita.info\/press\/2021\/07\/22\/director-ceremonia-juegos-olimpicos-tokyo-despedido\/"},"author":{"name":"SalaStampa.eu, world press service","@id":"https:\/\/elcanillita.info\/press\/#\/schema\/person\/7fcb79f38045700919f7da6d97e71ba0"},"headline":"El director de la ceremonia de apertura de los Juegos Ol\u00edmpicos de Tokyo fue despedido por un chiste sobre el Holocausto","datePublished":"2021-07-22T15:34:42+00:00","dateModified":"2021-07-22T15:43:27+00:00","mainEntityOfPage":{"@id":"https:\/\/elcanillita.info\/press\/2021\/07\/22\/director-ceremonia-juegos-olimpicos-tokyo-despedido\/"},"wordCount":827,"publisher":{"@id":"https:\/\/elcanillita.info\/press\/#organization"},"image":{"@id":"https:\/\/elcanillita.info\/press\/2021\/07\/22\/director-ceremonia-juegos-olimpicos-tokyo-despedido\/#primaryimage"},"thumbnailUrl":"https:\/\/elcanillita.info\/press\/images\/2021\/07\/Tokyo.jpg","keywords":["Jap\u00f3n"],"articleSection":["Actualidad","Asia","Cultura","Sanidad","Sport"],"inLanguage":"es-AR"},{"@type":"WebPage","@id":"https:\/\/elcanillita.info\/press\/2021\/07\/22\/director-ceremonia-juegos-olimpicos-tokyo-despedido\/","url":"https:\/\/elcanillita.info\/press\/2021\/07\/22\/director-ceremonia-juegos-olimpicos-tokyo-despedido\/","name":"El director de la ceremonia de apertura de los Juegos Ol\u00edmpicos de Tokyo fue despedido por un chiste sobre el Holocausto - ElCanillita.Info","isPartOf":{"@id":"https:\/\/elcanillita.info\/press\/#website"},"primaryImageOfPage":{"@id":"https:\/\/elcanillita.info\/press\/2021\/07\/22\/director-ceremonia-juegos-olimpicos-tokyo-despedido\/#primaryimage"},"image":{"@id":"https:\/\/elcanillita.info\/press\/2021\/07\/22\/director-ceremonia-juegos-olimpicos-tokyo-despedido\/#primaryimage"},"thumbnailUrl":"https:\/\/elcanillita.info\/press\/images\/2021\/07\/Tokyo.jpg","datePublished":"2021-07-22T15:34:42+00:00","dateModified":"2021-07-22T15:43:27+00:00","inLanguage":"es-AR","potentialAction":[{"@type":"ReadAction","target":["https:\/\/elcanillita.info\/press\/2021\/07\/22\/director-ceremonia-juegos-olimpicos-tokyo-despedido\/"]}]},{"@type":"ImageObject","inLanguage":"es-AR","@id":"https:\/\/elcanillita.info\/press\/2021\/07\/22\/director-ceremonia-juegos-olimpicos-tokyo-despedido\/#primaryimage","url":"https:\/\/elcanillita.info\/press\/images\/2021\/07\/Tokyo.jpg","contentUrl":"https:\/\/elcanillita.info\/press\/images\/2021\/07\/Tokyo.jpg","width":600,"height":375},{"@type":"WebSite","@id":"https:\/\/elcanillita.info\/press\/#website","url":"https:\/\/elcanillita.info\/press\/","name":"ElCanillita.Info","description":"desde los Apeninos a los Andes","publisher":{"@id":"https:\/\/elcanillita.info\/press\/#organization"},"potentialAction":[{"@type":"SearchAction","target":{"@type":"EntryPoint","urlTemplate":"https:\/\/elcanillita.info\/press\/?s={search_term_string}"},"query-input":{"@type":"PropertyValueSpecification","valueRequired":true,"valueName":"search_term_string"}}],"inLanguage":"es-AR"},{"@type":"Organization","@id":"https:\/\/elcanillita.info\/press\/#organization","name":"Guzzo Photos & Graphic Publications","url":"https:\/\/elcanillita.info\/press\/","logo":{"@type":"ImageObject","inLanguage":"es-AR","@id":"https:\/\/elcanillita.info\/press\/#\/schema\/logo\/image\/","url":"https:\/\/elcanillita.info\/press\/images\/2020\/01\/cropped-cropped-cropped-elcanillitainfo.png","contentUrl":"https:\/\/elcanillita.info\/press\/images\/2020\/01\/cropped-cropped-cropped-elcanillitainfo.png","width":460,"height":50,"caption":"Guzzo Photos & Graphic Publications"},"image":{"@id":"https:\/\/elcanillita.info\/press\/#\/schema\/logo\/image\/"},"sameAs":["https:\/\/ar-ar.facebook.com\/ElCanillitainfo-114249515285712\/"]},{"@type":"Person","@id":"https:\/\/elcanillita.info\/press\/#\/schema\/person\/7fcb79f38045700919f7da6d97e71ba0","name":"SalaStampa.eu, world press service","image":{"@type":"ImageObject","inLanguage":"es-AR","@id":"https:\/\/secure.gravatar.com\/avatar\/c2f0e0d515a107624234994507816ca4724c7199cef73fc8bedebf6931d73888?s=96&d=mm&r=g","url":"https:\/\/secure.gravatar.com\/avatar\/c2f0e0d515a107624234994507816ca4724c7199cef73fc8bedebf6931d73888?s=96&d=mm&r=g","contentUrl":"https:\/\/secure.gravatar.com\/avatar\/c2f0e0d515a107624234994507816ca4724c7199cef73fc8bedebf6931d73888?s=96&d=mm&r=g","caption":"SalaStampa.eu, world press service"}}]}},"views":731,"_links":{"self":[{"href":"https:\/\/elcanillita.info\/press\/wp-json\/wp\/v2\/posts\/1919","targetHints":{"allow":["GET"]}}],"collection":[{"href":"https:\/\/elcanillita.info\/press\/wp-json\/wp\/v2\/posts"}],"about":[{"href":"https:\/\/elcanillita.info\/press\/wp-json\/wp\/v2\/types\/post"}],"author":[{"embeddable":true,"href":"https:\/\/elcanillita.info\/press\/wp-json\/wp\/v2\/users\/1"}],"replies":[{"embeddable":true,"href":"https:\/\/elcanillita.info\/press\/wp-json\/wp\/v2\/comments?post=1919"}],"version-history":[{"count":0,"href":"https:\/\/elcanillita.info\/press\/wp-json\/wp\/v2\/posts\/1919\/revisions"}],"wp:featuredmedia":[{"embeddable":true,"href":"https:\/\/elcanillita.info\/press\/wp-json\/wp\/v2\/media\/1920"}],"wp:attachment":[{"href":"https:\/\/elcanillita.info\/press\/wp-json\/wp\/v2\/media?parent=1919"}],"wp:term":[{"taxonomy":"category","embeddable":true,"href":"https:\/\/elcanillita.info\/press\/wp-json\/wp\/v2\/categories?post=1919"},{"taxonomy":"post_tag","embeddable":true,"href":"https:\/\/elcanillita.info\/press\/wp-json\/wp\/v2\/tags?post=1919"}],"curies":[{"name":"wp","href":"https:\/\/api.w.org\/{rel}","templated":true}]}}