{"id":1898,"date":"2021-07-02T07:28:40","date_gmt":"2021-07-02T10:28:40","guid":{"rendered":"https:\/\/elcanillita.info\/press\/?p=1898"},"modified":"2021-07-02T08:39:39","modified_gmt":"2021-07-02T11:39:39","slug":"william-harry-calido-reencuentro","status":"publish","type":"post","link":"https:\/\/elcanillita.info\/press\/2021\/07\/02\/william-harry-calido-reencuentro\/","title":{"rendered":"William y Harry disfrutan de un c\u00e1lido reencuentro"},"content":{"rendered":"\n<div class=\"wp-block-image\"><figure class=\"alignleft size-large\"><img loading=\"lazy\" decoding=\"async\" width=\"600\" height=\"375\" src=\"https:\/\/elcanillita.info\/press\/images\/2021\/07\/diana.jpg\" alt=\"\" class=\"wp-image-1899\" srcset=\"https:\/\/elcanillita.info\/press\/images\/2021\/07\/diana.jpg 600w, https:\/\/elcanillita.info\/press\/images\/2021\/07\/diana-300x188.jpg 300w\" sizes=\"auto, (max-width: 600px) 100vw, 600px\" \/><\/figure><\/div>\n\n\n\n<p>Reunidos en memoria de su querida madre, el duque de Cambridge y el duque de Sussex se mostraron tranquilamente c\u00f3modos en compa\u00f1\u00eda uno del otro al inaugurar la estatua de Diana, princesa de Gales.<\/p>\n\n\n\n<p>Y a\u00fan cuando sigan por &#8220;caminos diferentes&#8221;, no hubo se\u00f1ales de acritud entre los hermanos, mientras caminaban hacia el hist\u00f3rico compromiso del jueves y compart\u00edan una broma, en el reci\u00e9n replantado Jard\u00edn del Palacio de Kensington.<\/p>\n\n\n\n<p>Como siempre, el Pr\u00edncipe Harry parec\u00eda el m\u00e1s relajado de la pareja, con su chaqueta desabrochada, mientras que la del Pr\u00edncipe Guillermo estaba abotonada &#8211; una se\u00f1al, tal vez, de las diferencias en sus personalidades que han contribuido a las dificultades recientes.<\/p>\n\n\n\n<p>Lejos de poner simplemente coraje a las cosas, hubo destellos de los buenos tiempos. No s\u00f3lo se mantuvieron hombro a hombro, tambien se permitieron bromear un poco.<\/p>\n\n\n\n<p>Al igual que en el funeral del Duque de Edimburgo, la \u00faltima vez que estuvieron juntos, la ocasi\u00f3n pudo ser conservadora, pero el ambiente era gentil y ligero.<\/p>\n\n\n\n<p>Sabiendo que el mundo los estar\u00eda mirando, se esperaba que los hermanos se comportaran lo mejor posible. Pero la calidez entre ellos parec\u00eda genuina y no forzada, reflejando la naturaleza galvanizadora de este proyecto tan conmovedor y personal.<\/p>\n\n\n\n<p>Aunque no cabe duda de que han tenido -y tienen- sus diferencias, \u00e9ste ha sido un tema en el que ambos han demostrado estar totalmente de acuerdo.<\/p>\n\n\n\n<p>No s\u00f3lo han colaborado estrechamente en el dise\u00f1o del escultor Ian Rank-Broadley, tambi\u00e9n en la ubicaci\u00f3n de la estatua y en su decoraci\u00f3n floral, prueba que los hijos de Diana siempre han estado de acuerdo en mantener vivo su extraordinario legado.<\/p>\n\n\n\n<p> En el comunicado conjunto que publicaron anunciando que habr\u00eda sido el 60\u00ba cumplea\u00f1os de su madre, recordaron su amor, su fuerza y su car\u00e1cter, cualidades que la convirtieron, en una fuerza del bien en todo el mundo.<\/p>\n\n\n\n<p>&#8220;Todos los d\u00edas deseamos que siga con nosotros&#8221;, dijeron.&#8221;Y nuestra esperanza es que esta estatua sea vista para siempre como un s\u00edmbolo de su vida y su legado&#8221;.<\/p>\n\n\n\n<p>Tambi\u00e9n fue significativo que ambos estuvieran de acuerdo en que se inmortalizara a su madre no en su apogeo de los a\u00f1os ochenta, sino tal y como era en su \u00faltima etapa de su vida, cuando recobr\u00f3 confianza en su papel de embajadora de causas humanitarias, pretendiendo transmitir su car\u00e1cter y compasi\u00f3n.<\/p>\n\n\n\n<p>Aqu\u00ed estaban dos hermanos, en comuni\u00f3n con su deseo de ver a su madre recordada en su mejor momento, rodeada de ni\u00f1os que representan la universalidad y el impacto generacional de su trabajo.<\/p>\n\n\n\n<p>Mientras compart\u00edan con orgullo el bronce de su madre con el mundo, no importaba realmente lo que hicieran los cr\u00edticos, ni siquiera las legiones de fans de Diana.<\/p>\n\n\n\n<p>En ese momento, lo m\u00e1s importante, era ver que los hijos de una madre que los educ\u00f3 como iguales, estaban contentos de ser un esp\u00edritu \u00fanico y que los convirti\u00f3 en un icono del siglo XX. <br><br> <small>Copyright \u00a92021 ElCanillita.info \/ Ruben Guzzo &#8211; PressCard 59120, ODG &#8211; Roma &#8211; PanPress.eu \/ SalaStampa.eu <\/small><\/p>\n","protected":false},"excerpt":{"rendered":"<p>La calidez entre los hermanos parec\u00eda genuina y no forzada. Si a\u00fan quedaban tensiones, las manten\u00edan bien ocultas.<\/p>\n","protected":false},"author":1,"featured_media":1900,"comment_status":"closed","ping_status":"closed","sticky":false,"template":"","format":"standard","meta":{"footnotes":"","_links_to":"","_links_to_target":""},"categories":[70,5,25],"tags":[58],"class_list":["post-1898","post","type-post","status-publish","format-standard","has-post-thumbnail","hentry","category-actualidad","category-europa","category-sociedad","tag-reino-unido","entry","double"],"yoast_head":"<!-- This site is optimized with the Yoast SEO plugin v27.5 - https:\/\/yoast.com\/product\/yoast-seo-wordpress\/ -->\n<title>William y Harry disfrutan de un c\u00e1lido reencuentro - ElCanillita.Info<\/title>\n<meta name=\"robots\" content=\"index, follow, max-snippet:-1, max-image-preview:large, max-video-preview:-1\" \/>\n<link rel=\"canonical\" href=\"https:\/\/elcanillita.info\/press\/2021\/07\/02\/william-harry-calido-reencuentro\/\" \/>\n<meta property=\"og:locale\" content=\"es_ES\" \/>\n<meta property=\"og:type\" content=\"article\" \/>\n<meta property=\"og:title\" content=\"William y Harry disfrutan de un c\u00e1lido reencuentro - ElCanillita.Info\" \/>\n<meta property=\"og:description\" content=\"La calidez entre los hermanos parec\u00eda genuina y no forzada. Si a\u00fan quedaban tensiones, las manten\u00edan bien ocultas.\" \/>\n<meta property=\"og:url\" content=\"https:\/\/elcanillita.info\/press\/2021\/07\/02\/william-harry-calido-reencuentro\/\" \/>\n<meta property=\"og:site_name\" content=\"ElCanillita.Info\" \/>\n<meta property=\"article:publisher\" content=\"https:\/\/ar-ar.facebook.com\/ElCanillitainfo-114249515285712\/\" \/>\n<meta property=\"article:published_time\" content=\"2021-07-02T10:28:40+00:00\" \/>\n<meta property=\"article:modified_time\" content=\"2021-07-02T11:39:39+00:00\" \/>\n<meta property=\"og:image\" content=\"https:\/\/elcanillita.info\/press\/images\/2021\/07\/diana2.jpg\" \/>\n\t<meta property=\"og:image:width\" content=\"600\" \/>\n\t<meta property=\"og:image:height\" content=\"375\" \/>\n\t<meta property=\"og:image:type\" content=\"image\/jpeg\" \/>\n<meta name=\"author\" content=\"SalaStampa.eu, world press service\" \/>\n<meta name=\"twitter:card\" content=\"summary_large_image\" \/>\n<meta name=\"twitter:label1\" content=\"Escrito por\" \/>\n\t<meta name=\"twitter:data1\" content=\"SalaStampa.eu, world press service\" \/>\n\t<meta name=\"twitter:label2\" content=\"Tiempo de lectura\" \/>\n\t<meta name=\"twitter:data2\" content=\"3 minutos\" \/>\n<script type=\"application\/ld+json\" class=\"yoast-schema-graph\">{\"@context\":\"https:\\\/\\\/schema.org\",\"@graph\":[{\"@type\":\"Article\",\"@id\":\"https:\\\/\\\/elcanillita.info\\\/press\\\/2021\\\/07\\\/02\\\/william-harry-calido-reencuentro\\\/#article\",\"isPartOf\":{\"@id\":\"https:\\\/\\\/elcanillita.info\\\/press\\\/2021\\\/07\\\/02\\\/william-harry-calido-reencuentro\\\/\"},\"author\":{\"name\":\"SalaStampa.eu, world press service\",\"@id\":\"https:\\\/\\\/elcanillita.info\\\/press\\\/#\\\/schema\\\/person\\\/7fcb79f38045700919f7da6d97e71ba0\"},\"headline\":\"William y Harry disfrutan de un c\u00e1lido reencuentro\",\"datePublished\":\"2021-07-02T10:28:40+00:00\",\"dateModified\":\"2021-07-02T11:39:39+00:00\",\"mainEntityOfPage\":{\"@id\":\"https:\\\/\\\/elcanillita.info\\\/press\\\/2021\\\/07\\\/02\\\/william-harry-calido-reencuentro\\\/\"},\"wordCount\":548,\"publisher\":{\"@id\":\"https:\\\/\\\/elcanillita.info\\\/press\\\/#organization\"},\"image\":{\"@id\":\"https:\\\/\\\/elcanillita.info\\\/press\\\/2021\\\/07\\\/02\\\/william-harry-calido-reencuentro\\\/#primaryimage\"},\"thumbnailUrl\":\"https:\\\/\\\/elcanillita.info\\\/press\\\/images\\\/2021\\\/07\\\/diana2.jpg\",\"keywords\":[\"Reino Unido\"],\"articleSection\":[\"Actualidad\",\"Europa\",\"Sociedad\"],\"inLanguage\":\"es-AR\"},{\"@type\":\"WebPage\",\"@id\":\"https:\\\/\\\/elcanillita.info\\\/press\\\/2021\\\/07\\\/02\\\/william-harry-calido-reencuentro\\\/\",\"url\":\"https:\\\/\\\/elcanillita.info\\\/press\\\/2021\\\/07\\\/02\\\/william-harry-calido-reencuentro\\\/\",\"name\":\"William y Harry disfrutan de un c\u00e1lido reencuentro - ElCanillita.Info\",\"isPartOf\":{\"@id\":\"https:\\\/\\\/elcanillita.info\\\/press\\\/#website\"},\"primaryImageOfPage\":{\"@id\":\"https:\\\/\\\/elcanillita.info\\\/press\\\/2021\\\/07\\\/02\\\/william-harry-calido-reencuentro\\\/#primaryimage\"},\"image\":{\"@id\":\"https:\\\/\\\/elcanillita.info\\\/press\\\/2021\\\/07\\\/02\\\/william-harry-calido-reencuentro\\\/#primaryimage\"},\"thumbnailUrl\":\"https:\\\/\\\/elcanillita.info\\\/press\\\/images\\\/2021\\\/07\\\/diana2.jpg\",\"datePublished\":\"2021-07-02T10:28:40+00:00\",\"dateModified\":\"2021-07-02T11:39:39+00:00\",\"inLanguage\":\"es-AR\",\"potentialAction\":[{\"@type\":\"ReadAction\",\"target\":[\"https:\\\/\\\/elcanillita.info\\\/press\\\/2021\\\/07\\\/02\\\/william-harry-calido-reencuentro\\\/\"]}]},{\"@type\":\"ImageObject\",\"inLanguage\":\"es-AR\",\"@id\":\"https:\\\/\\\/elcanillita.info\\\/press\\\/2021\\\/07\\\/02\\\/william-harry-calido-reencuentro\\\/#primaryimage\",\"url\":\"https:\\\/\\\/elcanillita.info\\\/press\\\/images\\\/2021\\\/07\\\/diana2.jpg\",\"contentUrl\":\"https:\\\/\\\/elcanillita.info\\\/press\\\/images\\\/2021\\\/07\\\/diana2.jpg\",\"width\":600,\"height\":375},{\"@type\":\"WebSite\",\"@id\":\"https:\\\/\\\/elcanillita.info\\\/press\\\/#website\",\"url\":\"https:\\\/\\\/elcanillita.info\\\/press\\\/\",\"name\":\"ElCanillita.Info\",\"description\":\"desde los Apeninos a los Andes\",\"publisher\":{\"@id\":\"https:\\\/\\\/elcanillita.info\\\/press\\\/#organization\"},\"potentialAction\":[{\"@type\":\"SearchAction\",\"target\":{\"@type\":\"EntryPoint\",\"urlTemplate\":\"https:\\\/\\\/elcanillita.info\\\/press\\\/?s={search_term_string}\"},\"query-input\":{\"@type\":\"PropertyValueSpecification\",\"valueRequired\":true,\"valueName\":\"search_term_string\"}}],\"inLanguage\":\"es-AR\"},{\"@type\":\"Organization\",\"@id\":\"https:\\\/\\\/elcanillita.info\\\/press\\\/#organization\",\"name\":\"Guzzo Photos & Graphic Publications\",\"url\":\"https:\\\/\\\/elcanillita.info\\\/press\\\/\",\"logo\":{\"@type\":\"ImageObject\",\"inLanguage\":\"es-AR\",\"@id\":\"https:\\\/\\\/elcanillita.info\\\/press\\\/#\\\/schema\\\/logo\\\/image\\\/\",\"url\":\"https:\\\/\\\/elcanillita.info\\\/press\\\/images\\\/2020\\\/01\\\/cropped-cropped-cropped-elcanillitainfo.png\",\"contentUrl\":\"https:\\\/\\\/elcanillita.info\\\/press\\\/images\\\/2020\\\/01\\\/cropped-cropped-cropped-elcanillitainfo.png\",\"width\":460,\"height\":50,\"caption\":\"Guzzo Photos & Graphic Publications\"},\"image\":{\"@id\":\"https:\\\/\\\/elcanillita.info\\\/press\\\/#\\\/schema\\\/logo\\\/image\\\/\"},\"sameAs\":[\"https:\\\/\\\/ar-ar.facebook.com\\\/ElCanillitainfo-114249515285712\\\/\"]},{\"@type\":\"Person\",\"@id\":\"https:\\\/\\\/elcanillita.info\\\/press\\\/#\\\/schema\\\/person\\\/7fcb79f38045700919f7da6d97e71ba0\",\"name\":\"SalaStampa.eu, world press service\",\"image\":{\"@type\":\"ImageObject\",\"inLanguage\":\"es-AR\",\"@id\":\"https:\\\/\\\/secure.gravatar.com\\\/avatar\\\/c2f0e0d515a107624234994507816ca4724c7199cef73fc8bedebf6931d73888?s=96&d=mm&r=g\",\"url\":\"https:\\\/\\\/secure.gravatar.com\\\/avatar\\\/c2f0e0d515a107624234994507816ca4724c7199cef73fc8bedebf6931d73888?s=96&d=mm&r=g\",\"contentUrl\":\"https:\\\/\\\/secure.gravatar.com\\\/avatar\\\/c2f0e0d515a107624234994507816ca4724c7199cef73fc8bedebf6931d73888?s=96&d=mm&r=g\",\"caption\":\"SalaStampa.eu, world press service\"}}]}<\/script>\n<!-- \/ Yoast SEO plugin. -->","yoast_head_json":{"title":"William y Harry disfrutan de un c\u00e1lido reencuentro - ElCanillita.Info","robots":{"index":"index","follow":"follow","max-snippet":"max-snippet:-1","max-image-preview":"max-image-preview:large","max-video-preview":"max-video-preview:-1"},"canonical":"https:\/\/elcanillita.info\/press\/2021\/07\/02\/william-harry-calido-reencuentro\/","og_locale":"es_ES","og_type":"article","og_title":"William y Harry disfrutan de un c\u00e1lido reencuentro - ElCanillita.Info","og_description":"La calidez entre los hermanos parec\u00eda genuina y no forzada. Si a\u00fan quedaban tensiones, las manten\u00edan bien ocultas.","og_url":"https:\/\/elcanillita.info\/press\/2021\/07\/02\/william-harry-calido-reencuentro\/","og_site_name":"ElCanillita.Info","article_publisher":"https:\/\/ar-ar.facebook.com\/ElCanillitainfo-114249515285712\/","article_published_time":"2021-07-02T10:28:40+00:00","article_modified_time":"2021-07-02T11:39:39+00:00","og_image":[{"width":600,"height":375,"url":"https:\/\/elcanillita.info\/press\/images\/2021\/07\/diana2.jpg","type":"image\/jpeg"}],"author":"SalaStampa.eu, world press service","twitter_card":"summary_large_image","twitter_misc":{"Escrito por":"SalaStampa.eu, world press service","Tiempo de lectura":"3 minutos"},"schema":{"@context":"https:\/\/schema.org","@graph":[{"@type":"Article","@id":"https:\/\/elcanillita.info\/press\/2021\/07\/02\/william-harry-calido-reencuentro\/#article","isPartOf":{"@id":"https:\/\/elcanillita.info\/press\/2021\/07\/02\/william-harry-calido-reencuentro\/"},"author":{"name":"SalaStampa.eu, world press service","@id":"https:\/\/elcanillita.info\/press\/#\/schema\/person\/7fcb79f38045700919f7da6d97e71ba0"},"headline":"William y Harry disfrutan de un c\u00e1lido reencuentro","datePublished":"2021-07-02T10:28:40+00:00","dateModified":"2021-07-02T11:39:39+00:00","mainEntityOfPage":{"@id":"https:\/\/elcanillita.info\/press\/2021\/07\/02\/william-harry-calido-reencuentro\/"},"wordCount":548,"publisher":{"@id":"https:\/\/elcanillita.info\/press\/#organization"},"image":{"@id":"https:\/\/elcanillita.info\/press\/2021\/07\/02\/william-harry-calido-reencuentro\/#primaryimage"},"thumbnailUrl":"https:\/\/elcanillita.info\/press\/images\/2021\/07\/diana2.jpg","keywords":["Reino Unido"],"articleSection":["Actualidad","Europa","Sociedad"],"inLanguage":"es-AR"},{"@type":"WebPage","@id":"https:\/\/elcanillita.info\/press\/2021\/07\/02\/william-harry-calido-reencuentro\/","url":"https:\/\/elcanillita.info\/press\/2021\/07\/02\/william-harry-calido-reencuentro\/","name":"William y Harry disfrutan de un c\u00e1lido reencuentro - ElCanillita.Info","isPartOf":{"@id":"https:\/\/elcanillita.info\/press\/#website"},"primaryImageOfPage":{"@id":"https:\/\/elcanillita.info\/press\/2021\/07\/02\/william-harry-calido-reencuentro\/#primaryimage"},"image":{"@id":"https:\/\/elcanillita.info\/press\/2021\/07\/02\/william-harry-calido-reencuentro\/#primaryimage"},"thumbnailUrl":"https:\/\/elcanillita.info\/press\/images\/2021\/07\/diana2.jpg","datePublished":"2021-07-02T10:28:40+00:00","dateModified":"2021-07-02T11:39:39+00:00","inLanguage":"es-AR","potentialAction":[{"@type":"ReadAction","target":["https:\/\/elcanillita.info\/press\/2021\/07\/02\/william-harry-calido-reencuentro\/"]}]},{"@type":"ImageObject","inLanguage":"es-AR","@id":"https:\/\/elcanillita.info\/press\/2021\/07\/02\/william-harry-calido-reencuentro\/#primaryimage","url":"https:\/\/elcanillita.info\/press\/images\/2021\/07\/diana2.jpg","contentUrl":"https:\/\/elcanillita.info\/press\/images\/2021\/07\/diana2.jpg","width":600,"height":375},{"@type":"WebSite","@id":"https:\/\/elcanillita.info\/press\/#website","url":"https:\/\/elcanillita.info\/press\/","name":"ElCanillita.Info","description":"desde los Apeninos a los Andes","publisher":{"@id":"https:\/\/elcanillita.info\/press\/#organization"},"potentialAction":[{"@type":"SearchAction","target":{"@type":"EntryPoint","urlTemplate":"https:\/\/elcanillita.info\/press\/?s={search_term_string}"},"query-input":{"@type":"PropertyValueSpecification","valueRequired":true,"valueName":"search_term_string"}}],"inLanguage":"es-AR"},{"@type":"Organization","@id":"https:\/\/elcanillita.info\/press\/#organization","name":"Guzzo Photos & Graphic Publications","url":"https:\/\/elcanillita.info\/press\/","logo":{"@type":"ImageObject","inLanguage":"es-AR","@id":"https:\/\/elcanillita.info\/press\/#\/schema\/logo\/image\/","url":"https:\/\/elcanillita.info\/press\/images\/2020\/01\/cropped-cropped-cropped-elcanillitainfo.png","contentUrl":"https:\/\/elcanillita.info\/press\/images\/2020\/01\/cropped-cropped-cropped-elcanillitainfo.png","width":460,"height":50,"caption":"Guzzo Photos & Graphic Publications"},"image":{"@id":"https:\/\/elcanillita.info\/press\/#\/schema\/logo\/image\/"},"sameAs":["https:\/\/ar-ar.facebook.com\/ElCanillitainfo-114249515285712\/"]},{"@type":"Person","@id":"https:\/\/elcanillita.info\/press\/#\/schema\/person\/7fcb79f38045700919f7da6d97e71ba0","name":"SalaStampa.eu, world press service","image":{"@type":"ImageObject","inLanguage":"es-AR","@id":"https:\/\/secure.gravatar.com\/avatar\/c2f0e0d515a107624234994507816ca4724c7199cef73fc8bedebf6931d73888?s=96&d=mm&r=g","url":"https:\/\/secure.gravatar.com\/avatar\/c2f0e0d515a107624234994507816ca4724c7199cef73fc8bedebf6931d73888?s=96&d=mm&r=g","contentUrl":"https:\/\/secure.gravatar.com\/avatar\/c2f0e0d515a107624234994507816ca4724c7199cef73fc8bedebf6931d73888?s=96&d=mm&r=g","caption":"SalaStampa.eu, world press service"}}]}},"views":569,"_links":{"self":[{"href":"https:\/\/elcanillita.info\/press\/wp-json\/wp\/v2\/posts\/1898","targetHints":{"allow":["GET"]}}],"collection":[{"href":"https:\/\/elcanillita.info\/press\/wp-json\/wp\/v2\/posts"}],"about":[{"href":"https:\/\/elcanillita.info\/press\/wp-json\/wp\/v2\/types\/post"}],"author":[{"embeddable":true,"href":"https:\/\/elcanillita.info\/press\/wp-json\/wp\/v2\/users\/1"}],"replies":[{"embeddable":true,"href":"https:\/\/elcanillita.info\/press\/wp-json\/wp\/v2\/comments?post=1898"}],"version-history":[{"count":0,"href":"https:\/\/elcanillita.info\/press\/wp-json\/wp\/v2\/posts\/1898\/revisions"}],"wp:featuredmedia":[{"embeddable":true,"href":"https:\/\/elcanillita.info\/press\/wp-json\/wp\/v2\/media\/1900"}],"wp:attachment":[{"href":"https:\/\/elcanillita.info\/press\/wp-json\/wp\/v2\/media?parent=1898"}],"wp:term":[{"taxonomy":"category","embeddable":true,"href":"https:\/\/elcanillita.info\/press\/wp-json\/wp\/v2\/categories?post=1898"},{"taxonomy":"post_tag","embeddable":true,"href":"https:\/\/elcanillita.info\/press\/wp-json\/wp\/v2\/tags?post=1898"}],"curies":[{"name":"wp","href":"https:\/\/api.w.org\/{rel}","templated":true}]}}