{"id":1889,"date":"2021-07-01T21:37:43","date_gmt":"2021-07-02T00:37:43","guid":{"rendered":"https:\/\/elcanillita.info\/press\/?p=1889"},"modified":"2021-07-01T21:55:09","modified_gmt":"2021-07-02T00:55:09","slug":"dictaduras-embrujadas","status":"publish","type":"post","link":"https:\/\/elcanillita.info\/press\/2021\/07\/01\/dictaduras-embrujadas\/","title":{"rendered":"Dictaduras Embrujadas"},"content":{"rendered":"\n<div class=\"wp-block-image\"><figure class=\"aligncenter size-large\"><img loading=\"lazy\" decoding=\"async\" width=\"600\" height=\"400\" src=\"https:\/\/elcanillita.info\/press\/images\/2021\/07\/nica.jpg\" alt=\"\" class=\"wp-image-1890\" srcset=\"https:\/\/elcanillita.info\/press\/images\/2021\/07\/nica.jpg 600w, https:\/\/elcanillita.info\/press\/images\/2021\/07\/nica-300x200.jpg 300w\" sizes=\"auto, (max-width: 600px) 100vw, 600px\" \/><figcaption><small>Rosario Murillo y Daniel Ortega<\/small><\/figcaption><\/figure><\/div>\n\n\n\n<p>por \u00c1lvaro Riveros Tejada<br><br>Quienes por razones etarias tuvimos la oportunidad hist\u00f3rica, ya con pleno uso de raz\u00f3n, de presenciar el cambio de unos cuantos gobiernos nacionales, como internacionales, sean estos democr\u00e1ticos o dictatoriales, no podemos olvidar que dichos giros no estuvieron exentos de matices que iban, desde el colgamiento de un presidente, hasta la entronizaci\u00f3n de las actuales satrap\u00edas caribe\u00f1as.<\/p>\n\n\n\n<p>Sin embargo, dichos matices en las abruptas tomas de gobierno no exced\u00edan al af\u00e1n pol\u00edtico de cambio doctrinario o filos\u00f3fico de algunos ciudadanos, o en la mala bebida de alg\u00fan jefe militar, que decidi\u00f3 darle un d\u00eda de gloria a la Patria, en medio de una algarab\u00eda con sus camaradas.<\/p>\n\n\n\n<p>Si bien el objetivo era el mismo; la toma del poder por el poder; actos de menuda rapi\u00f1a, el proceder de estas autocracias fue variando peligrosamente en estas \u00faltimas d\u00e9cadas, gracias a la aparici\u00f3n de una innovadora organizaci\u00f3n del crimen internacional, que con el altisonante denominativo de \u201cForo de Sao Paulo\u201d cop\u00f3 el gobierno de varios pa\u00edses de la regi\u00f3n, desde M\u00e9xico, hasta la Argentina, y no solo entreg\u00f3 recursos, sino que hizo parte de esa mal\u00e9fica cadena productiva del narcotr\u00e1fico, el lavado de dinero, el contrabando, la trata y tr\u00e1fico de gente, y un largo y temible etc\u00e9tera.<\/p>\n\n\n\n<p>Una de las muestras actuales y tangibles de esa realidad, es la dictadura que asola Nicaragua, el segundo pa\u00eds m\u00e1s pobre de Am\u00e9rica Latina, despu\u00e9s de Hait\u00ed, desde que en un acto de dislate colectivo, como el que est\u00e1 por suceder en la hermana rep\u00fablica del Per\u00fa, eligieron a Daniel Ortega para ocupar la primera magistratura de la naci\u00f3n, olvidando su catastr\u00f3fica primera gesti\u00f3n (1985-1990).<\/p>\n\n\n\n<p>Es l\u00f3gico que los peruanos, al elegir a Castillo, por la enorme campa\u00f1a de dinero e influencia del Foro de Sao Paulo que, al igual que el virus chino, muta y aparece con distintas formas y nombres, se arrepentir\u00e1n por este error, al constatar que vendieron gratuitamente su alma al Diablo.<\/p>\n\n\n\n<p>Y esto no es un decir, pues cuando los sandinistas derrocaron a Anastasio Somoza en 1979, la familia Ortega Murillo se traslad\u00f3 a Managua, donde la presencia demoniaca de esta pareja se puso en evidencia, cuando la hija de Rosario Murillo, esposa del tirano, de apenas 12 a\u00f1os de edad fue violada por el \u201ccomandante\u201d haciendo que Zoilam\u00e9rica, como se llama la ni\u00f1a, sufra callada dicha aberraci\u00f3n encubierta por su propia madre, por la perspectiva de que todo aquello se supiera y se convirtiera en el centro de un gran esc\u00e1ndalo.<\/p>\n\n\n\n<p>El sacerdote colombiano Luis Carrillo, quien fue expulsado de Nicaragua el pasado 16 de octubre, por \u00f3rdenes de la Direcci\u00f3n General de Migraci\u00f3n y Extranjer\u00eda, dijo que Rosario Murillo \u201cutiliza la brujer\u00eda\u201d, por lo que llam\u00f3 a obispos nicarag\u00fcenses a realizar un exorcismo por el pa\u00eds. A Carrillo, quien trabaj\u00f3 cuatro a\u00f1os en la Di\u00f3cesis de Estel\u00ed, le fue suspendida su residencia permanente que venc\u00eda el 15 de enero de 2022, porque en sus homil\u00edas criticaba y denunciaba las acciones contra los derechos humanos de los nicarag\u00fcenses, por parte de una Dictadura Embrujada.<br><br><small>Copyright \u00a9 2021 ElCanillita.info \/ SalaStampa.eu &#8211; Informaci\u00f3n de dominio p\u00fablico<\/small> <\/p>\n","protected":false},"excerpt":{"rendered":"<p>Seg\u00fan Esmeralda Cardenal compa\u00f1era de Rosario Murillo en el diario La Prensa y amiga, a los 15 a\u00f1os, cuando Rosario Murillo regres\u00f3 de vacaciones de Europa donde estaba estudiando, conoci\u00f3 a Jorge Narv\u00e1ez, su primer esposo, padre de Zoilam\u00e9rica, la hija primog\u00e9nita de Rosario. A pesar de las desavenencias tuvo un segundo hijo del matrimonio, Rafael.  Se separ\u00f3 y empez\u00f3 a trabajar en el diario La Prensa, all\u00ed conoci\u00f3 a su segundo marido, el periodista de sucesos Anuar Hassan. Con \u00e9l tuvo su tercer hijo, que muri\u00f3 en el terremoto de Managua de 1972.<\/p>\n<p>En 1977 Rosario decidi\u00f3 exiliarse. Entonces ten\u00eda como pareja a Carlos Vicente &#8220;Quincho&#8221; Ibarra que se sum\u00f3 a la petici\u00f3n de asilo en la Embajada de Venezuela en Nicaragua. Rosario Murillo y Quincho Ibarra viajaron a Venezuela, de ah\u00ed a Panam\u00e1 y finalmente a Costa Rica, donde comenzar\u00eda la relaci\u00f3n amorosa con Daniel Ortega. La casa de seguridad donde viv\u00eda Murillo en Costa Rica era la oficina de propaganda internacional del Frente Sandinista.<\/p>\n","protected":false},"author":1,"featured_media":1891,"comment_status":"closed","ping_status":"closed","sticky":false,"template":"","format":"standard","meta":{"footnotes":"","_links_to":"","_links_to_target":""},"categories":[70,10,23,25],"tags":[32],"class_list":["post-1889","post","type-post","status-publish","format-standard","has-post-thumbnail","hentry","category-actualidad","category-america-central","category-politica","category-sociedad","tag-nicaragua","entry","double"],"yoast_head":"<!-- This site is optimized with the Yoast SEO plugin v27.5 - https:\/\/yoast.com\/product\/yoast-seo-wordpress\/ -->\n<title>Dictaduras Embrujadas - ElCanillita.Info<\/title>\n<meta name=\"robots\" content=\"index, follow, max-snippet:-1, max-image-preview:large, max-video-preview:-1\" \/>\n<link rel=\"canonical\" href=\"https:\/\/elcanillita.info\/press\/2021\/07\/01\/dictaduras-embrujadas\/\" \/>\n<meta property=\"og:locale\" content=\"es_ES\" \/>\n<meta property=\"og:type\" content=\"article\" \/>\n<meta property=\"og:title\" content=\"Dictaduras Embrujadas - ElCanillita.Info\" \/>\n<meta property=\"og:description\" content=\"Seg\u00fan Esmeralda Cardenal compa\u00f1era de Rosario Murillo en el diario La Prensa y amiga, a los 15 a\u00f1os, cuando Rosario Murillo regres\u00f3 de vacaciones de Europa donde estaba estudiando, conoci\u00f3 a Jorge Narv\u00e1ez, su primer esposo, padre de Zoilam\u00e9rica, la hija primog\u00e9nita de Rosario. A pesar de las desavenencias tuvo un segundo hijo del matrimonio, Rafael. Se separ\u00f3 y empez\u00f3 a trabajar en el diario La Prensa, all\u00ed conoci\u00f3 a su segundo marido, el periodista de sucesos Anuar Hassan. Con \u00e9l tuvo su tercer hijo, que muri\u00f3 en el terremoto de Managua de 1972. En 1977 Rosario decidi\u00f3 exiliarse. Entonces ten\u00eda como pareja a Carlos Vicente &quot;Quincho&quot; Ibarra que se sum\u00f3 a la petici\u00f3n de asilo en la Embajada de Venezuela en Nicaragua. Rosario Murillo y Quincho Ibarra viajaron a Venezuela, de ah\u00ed a Panam\u00e1 y finalmente a Costa Rica, donde comenzar\u00eda la relaci\u00f3n amorosa con Daniel Ortega. La casa de seguridad donde viv\u00eda Murillo en Costa Rica era la oficina de propaganda internacional del Frente Sandinista.\" \/>\n<meta property=\"og:url\" content=\"https:\/\/elcanillita.info\/press\/2021\/07\/01\/dictaduras-embrujadas\/\" \/>\n<meta property=\"og:site_name\" content=\"ElCanillita.Info\" \/>\n<meta property=\"article:publisher\" content=\"https:\/\/ar-ar.facebook.com\/ElCanillitainfo-114249515285712\/\" \/>\n<meta property=\"article:published_time\" content=\"2021-07-02T00:37:43+00:00\" \/>\n<meta property=\"article:modified_time\" content=\"2021-07-02T00:55:09+00:00\" \/>\n<meta property=\"og:image\" content=\"https:\/\/elcanillita.info\/press\/images\/2021\/07\/do.jpg\" \/>\n\t<meta property=\"og:image:width\" content=\"600\" \/>\n\t<meta property=\"og:image:height\" content=\"430\" \/>\n\t<meta property=\"og:image:type\" content=\"image\/jpeg\" \/>\n<meta name=\"author\" content=\"SalaStampa.eu, world press service\" \/>\n<meta name=\"twitter:card\" content=\"summary_large_image\" \/>\n<meta name=\"twitter:label1\" content=\"Escrito por\" \/>\n\t<meta name=\"twitter:data1\" content=\"SalaStampa.eu, world press service\" \/>\n\t<meta name=\"twitter:label2\" content=\"Tiempo de lectura\" \/>\n\t<meta name=\"twitter:data2\" content=\"3 minutos\" \/>\n<script type=\"application\/ld+json\" class=\"yoast-schema-graph\">{\"@context\":\"https:\\\/\\\/schema.org\",\"@graph\":[{\"@type\":\"Article\",\"@id\":\"https:\\\/\\\/elcanillita.info\\\/press\\\/2021\\\/07\\\/01\\\/dictaduras-embrujadas\\\/#article\",\"isPartOf\":{\"@id\":\"https:\\\/\\\/elcanillita.info\\\/press\\\/2021\\\/07\\\/01\\\/dictaduras-embrujadas\\\/\"},\"author\":{\"name\":\"SalaStampa.eu, world press service\",\"@id\":\"https:\\\/\\\/elcanillita.info\\\/press\\\/#\\\/schema\\\/person\\\/7fcb79f38045700919f7da6d97e71ba0\"},\"headline\":\"Dictaduras Embrujadas\",\"datePublished\":\"2021-07-02T00:37:43+00:00\",\"dateModified\":\"2021-07-02T00:55:09+00:00\",\"mainEntityOfPage\":{\"@id\":\"https:\\\/\\\/elcanillita.info\\\/press\\\/2021\\\/07\\\/01\\\/dictaduras-embrujadas\\\/\"},\"wordCount\":575,\"publisher\":{\"@id\":\"https:\\\/\\\/elcanillita.info\\\/press\\\/#organization\"},\"image\":{\"@id\":\"https:\\\/\\\/elcanillita.info\\\/press\\\/2021\\\/07\\\/01\\\/dictaduras-embrujadas\\\/#primaryimage\"},\"thumbnailUrl\":\"https:\\\/\\\/elcanillita.info\\\/press\\\/images\\\/2021\\\/07\\\/do.jpg\",\"keywords\":[\"Nicaragua\"],\"articleSection\":[\"Actualidad\",\"Am\u00e9rica Central\",\"Politica\",\"Sociedad\"],\"inLanguage\":\"es-AR\"},{\"@type\":\"WebPage\",\"@id\":\"https:\\\/\\\/elcanillita.info\\\/press\\\/2021\\\/07\\\/01\\\/dictaduras-embrujadas\\\/\",\"url\":\"https:\\\/\\\/elcanillita.info\\\/press\\\/2021\\\/07\\\/01\\\/dictaduras-embrujadas\\\/\",\"name\":\"Dictaduras Embrujadas - ElCanillita.Info\",\"isPartOf\":{\"@id\":\"https:\\\/\\\/elcanillita.info\\\/press\\\/#website\"},\"primaryImageOfPage\":{\"@id\":\"https:\\\/\\\/elcanillita.info\\\/press\\\/2021\\\/07\\\/01\\\/dictaduras-embrujadas\\\/#primaryimage\"},\"image\":{\"@id\":\"https:\\\/\\\/elcanillita.info\\\/press\\\/2021\\\/07\\\/01\\\/dictaduras-embrujadas\\\/#primaryimage\"},\"thumbnailUrl\":\"https:\\\/\\\/elcanillita.info\\\/press\\\/images\\\/2021\\\/07\\\/do.jpg\",\"datePublished\":\"2021-07-02T00:37:43+00:00\",\"dateModified\":\"2021-07-02T00:55:09+00:00\",\"inLanguage\":\"es-AR\",\"potentialAction\":[{\"@type\":\"ReadAction\",\"target\":[\"https:\\\/\\\/elcanillita.info\\\/press\\\/2021\\\/07\\\/01\\\/dictaduras-embrujadas\\\/\"]}]},{\"@type\":\"ImageObject\",\"inLanguage\":\"es-AR\",\"@id\":\"https:\\\/\\\/elcanillita.info\\\/press\\\/2021\\\/07\\\/01\\\/dictaduras-embrujadas\\\/#primaryimage\",\"url\":\"https:\\\/\\\/elcanillita.info\\\/press\\\/images\\\/2021\\\/07\\\/do.jpg\",\"contentUrl\":\"https:\\\/\\\/elcanillita.info\\\/press\\\/images\\\/2021\\\/07\\\/do.jpg\",\"width\":600,\"height\":430},{\"@type\":\"WebSite\",\"@id\":\"https:\\\/\\\/elcanillita.info\\\/press\\\/#website\",\"url\":\"https:\\\/\\\/elcanillita.info\\\/press\\\/\",\"name\":\"ElCanillita.Info\",\"description\":\"desde los Apeninos a los Andes\",\"publisher\":{\"@id\":\"https:\\\/\\\/elcanillita.info\\\/press\\\/#organization\"},\"potentialAction\":[{\"@type\":\"SearchAction\",\"target\":{\"@type\":\"EntryPoint\",\"urlTemplate\":\"https:\\\/\\\/elcanillita.info\\\/press\\\/?s={search_term_string}\"},\"query-input\":{\"@type\":\"PropertyValueSpecification\",\"valueRequired\":true,\"valueName\":\"search_term_string\"}}],\"inLanguage\":\"es-AR\"},{\"@type\":\"Organization\",\"@id\":\"https:\\\/\\\/elcanillita.info\\\/press\\\/#organization\",\"name\":\"Guzzo Photos & Graphic Publications\",\"url\":\"https:\\\/\\\/elcanillita.info\\\/press\\\/\",\"logo\":{\"@type\":\"ImageObject\",\"inLanguage\":\"es-AR\",\"@id\":\"https:\\\/\\\/elcanillita.info\\\/press\\\/#\\\/schema\\\/logo\\\/image\\\/\",\"url\":\"https:\\\/\\\/elcanillita.info\\\/press\\\/images\\\/2020\\\/01\\\/cropped-cropped-cropped-elcanillitainfo.png\",\"contentUrl\":\"https:\\\/\\\/elcanillita.info\\\/press\\\/images\\\/2020\\\/01\\\/cropped-cropped-cropped-elcanillitainfo.png\",\"width\":460,\"height\":50,\"caption\":\"Guzzo Photos & Graphic Publications\"},\"image\":{\"@id\":\"https:\\\/\\\/elcanillita.info\\\/press\\\/#\\\/schema\\\/logo\\\/image\\\/\"},\"sameAs\":[\"https:\\\/\\\/ar-ar.facebook.com\\\/ElCanillitainfo-114249515285712\\\/\"]},{\"@type\":\"Person\",\"@id\":\"https:\\\/\\\/elcanillita.info\\\/press\\\/#\\\/schema\\\/person\\\/7fcb79f38045700919f7da6d97e71ba0\",\"name\":\"SalaStampa.eu, world press service\",\"image\":{\"@type\":\"ImageObject\",\"inLanguage\":\"es-AR\",\"@id\":\"https:\\\/\\\/secure.gravatar.com\\\/avatar\\\/c2f0e0d515a107624234994507816ca4724c7199cef73fc8bedebf6931d73888?s=96&d=mm&r=g\",\"url\":\"https:\\\/\\\/secure.gravatar.com\\\/avatar\\\/c2f0e0d515a107624234994507816ca4724c7199cef73fc8bedebf6931d73888?s=96&d=mm&r=g\",\"contentUrl\":\"https:\\\/\\\/secure.gravatar.com\\\/avatar\\\/c2f0e0d515a107624234994507816ca4724c7199cef73fc8bedebf6931d73888?s=96&d=mm&r=g\",\"caption\":\"SalaStampa.eu, world press service\"}}]}<\/script>\n<!-- \/ Yoast SEO plugin. -->","yoast_head_json":{"title":"Dictaduras Embrujadas - ElCanillita.Info","robots":{"index":"index","follow":"follow","max-snippet":"max-snippet:-1","max-image-preview":"max-image-preview:large","max-video-preview":"max-video-preview:-1"},"canonical":"https:\/\/elcanillita.info\/press\/2021\/07\/01\/dictaduras-embrujadas\/","og_locale":"es_ES","og_type":"article","og_title":"Dictaduras Embrujadas - ElCanillita.Info","og_description":"Seg\u00fan Esmeralda Cardenal compa\u00f1era de Rosario Murillo en el diario La Prensa y amiga, a los 15 a\u00f1os, cuando Rosario Murillo regres\u00f3 de vacaciones de Europa donde estaba estudiando, conoci\u00f3 a Jorge Narv\u00e1ez, su primer esposo, padre de Zoilam\u00e9rica, la hija primog\u00e9nita de Rosario. A pesar de las desavenencias tuvo un segundo hijo del matrimonio, Rafael. Se separ\u00f3 y empez\u00f3 a trabajar en el diario La Prensa, all\u00ed conoci\u00f3 a su segundo marido, el periodista de sucesos Anuar Hassan. Con \u00e9l tuvo su tercer hijo, que muri\u00f3 en el terremoto de Managua de 1972. En 1977 Rosario decidi\u00f3 exiliarse. Entonces ten\u00eda como pareja a Carlos Vicente \"Quincho\" Ibarra que se sum\u00f3 a la petici\u00f3n de asilo en la Embajada de Venezuela en Nicaragua. Rosario Murillo y Quincho Ibarra viajaron a Venezuela, de ah\u00ed a Panam\u00e1 y finalmente a Costa Rica, donde comenzar\u00eda la relaci\u00f3n amorosa con Daniel Ortega. La casa de seguridad donde viv\u00eda Murillo en Costa Rica era la oficina de propaganda internacional del Frente Sandinista.","og_url":"https:\/\/elcanillita.info\/press\/2021\/07\/01\/dictaduras-embrujadas\/","og_site_name":"ElCanillita.Info","article_publisher":"https:\/\/ar-ar.facebook.com\/ElCanillitainfo-114249515285712\/","article_published_time":"2021-07-02T00:37:43+00:00","article_modified_time":"2021-07-02T00:55:09+00:00","og_image":[{"width":600,"height":430,"url":"https:\/\/elcanillita.info\/press\/images\/2021\/07\/do.jpg","type":"image\/jpeg"}],"author":"SalaStampa.eu, world press service","twitter_card":"summary_large_image","twitter_misc":{"Escrito por":"SalaStampa.eu, world press service","Tiempo de lectura":"3 minutos"},"schema":{"@context":"https:\/\/schema.org","@graph":[{"@type":"Article","@id":"https:\/\/elcanillita.info\/press\/2021\/07\/01\/dictaduras-embrujadas\/#article","isPartOf":{"@id":"https:\/\/elcanillita.info\/press\/2021\/07\/01\/dictaduras-embrujadas\/"},"author":{"name":"SalaStampa.eu, world press service","@id":"https:\/\/elcanillita.info\/press\/#\/schema\/person\/7fcb79f38045700919f7da6d97e71ba0"},"headline":"Dictaduras Embrujadas","datePublished":"2021-07-02T00:37:43+00:00","dateModified":"2021-07-02T00:55:09+00:00","mainEntityOfPage":{"@id":"https:\/\/elcanillita.info\/press\/2021\/07\/01\/dictaduras-embrujadas\/"},"wordCount":575,"publisher":{"@id":"https:\/\/elcanillita.info\/press\/#organization"},"image":{"@id":"https:\/\/elcanillita.info\/press\/2021\/07\/01\/dictaduras-embrujadas\/#primaryimage"},"thumbnailUrl":"https:\/\/elcanillita.info\/press\/images\/2021\/07\/do.jpg","keywords":["Nicaragua"],"articleSection":["Actualidad","Am\u00e9rica Central","Politica","Sociedad"],"inLanguage":"es-AR"},{"@type":"WebPage","@id":"https:\/\/elcanillita.info\/press\/2021\/07\/01\/dictaduras-embrujadas\/","url":"https:\/\/elcanillita.info\/press\/2021\/07\/01\/dictaduras-embrujadas\/","name":"Dictaduras Embrujadas - ElCanillita.Info","isPartOf":{"@id":"https:\/\/elcanillita.info\/press\/#website"},"primaryImageOfPage":{"@id":"https:\/\/elcanillita.info\/press\/2021\/07\/01\/dictaduras-embrujadas\/#primaryimage"},"image":{"@id":"https:\/\/elcanillita.info\/press\/2021\/07\/01\/dictaduras-embrujadas\/#primaryimage"},"thumbnailUrl":"https:\/\/elcanillita.info\/press\/images\/2021\/07\/do.jpg","datePublished":"2021-07-02T00:37:43+00:00","dateModified":"2021-07-02T00:55:09+00:00","inLanguage":"es-AR","potentialAction":[{"@type":"ReadAction","target":["https:\/\/elcanillita.info\/press\/2021\/07\/01\/dictaduras-embrujadas\/"]}]},{"@type":"ImageObject","inLanguage":"es-AR","@id":"https:\/\/elcanillita.info\/press\/2021\/07\/01\/dictaduras-embrujadas\/#primaryimage","url":"https:\/\/elcanillita.info\/press\/images\/2021\/07\/do.jpg","contentUrl":"https:\/\/elcanillita.info\/press\/images\/2021\/07\/do.jpg","width":600,"height":430},{"@type":"WebSite","@id":"https:\/\/elcanillita.info\/press\/#website","url":"https:\/\/elcanillita.info\/press\/","name":"ElCanillita.Info","description":"desde los Apeninos a los Andes","publisher":{"@id":"https:\/\/elcanillita.info\/press\/#organization"},"potentialAction":[{"@type":"SearchAction","target":{"@type":"EntryPoint","urlTemplate":"https:\/\/elcanillita.info\/press\/?s={search_term_string}"},"query-input":{"@type":"PropertyValueSpecification","valueRequired":true,"valueName":"search_term_string"}}],"inLanguage":"es-AR"},{"@type":"Organization","@id":"https:\/\/elcanillita.info\/press\/#organization","name":"Guzzo Photos & Graphic Publications","url":"https:\/\/elcanillita.info\/press\/","logo":{"@type":"ImageObject","inLanguage":"es-AR","@id":"https:\/\/elcanillita.info\/press\/#\/schema\/logo\/image\/","url":"https:\/\/elcanillita.info\/press\/images\/2020\/01\/cropped-cropped-cropped-elcanillitainfo.png","contentUrl":"https:\/\/elcanillita.info\/press\/images\/2020\/01\/cropped-cropped-cropped-elcanillitainfo.png","width":460,"height":50,"caption":"Guzzo Photos & Graphic Publications"},"image":{"@id":"https:\/\/elcanillita.info\/press\/#\/schema\/logo\/image\/"},"sameAs":["https:\/\/ar-ar.facebook.com\/ElCanillitainfo-114249515285712\/"]},{"@type":"Person","@id":"https:\/\/elcanillita.info\/press\/#\/schema\/person\/7fcb79f38045700919f7da6d97e71ba0","name":"SalaStampa.eu, world press service","image":{"@type":"ImageObject","inLanguage":"es-AR","@id":"https:\/\/secure.gravatar.com\/avatar\/c2f0e0d515a107624234994507816ca4724c7199cef73fc8bedebf6931d73888?s=96&d=mm&r=g","url":"https:\/\/secure.gravatar.com\/avatar\/c2f0e0d515a107624234994507816ca4724c7199cef73fc8bedebf6931d73888?s=96&d=mm&r=g","contentUrl":"https:\/\/secure.gravatar.com\/avatar\/c2f0e0d515a107624234994507816ca4724c7199cef73fc8bedebf6931d73888?s=96&d=mm&r=g","caption":"SalaStampa.eu, world press service"}}]}},"views":660,"_links":{"self":[{"href":"https:\/\/elcanillita.info\/press\/wp-json\/wp\/v2\/posts\/1889","targetHints":{"allow":["GET"]}}],"collection":[{"href":"https:\/\/elcanillita.info\/press\/wp-json\/wp\/v2\/posts"}],"about":[{"href":"https:\/\/elcanillita.info\/press\/wp-json\/wp\/v2\/types\/post"}],"author":[{"embeddable":true,"href":"https:\/\/elcanillita.info\/press\/wp-json\/wp\/v2\/users\/1"}],"replies":[{"embeddable":true,"href":"https:\/\/elcanillita.info\/press\/wp-json\/wp\/v2\/comments?post=1889"}],"version-history":[{"count":0,"href":"https:\/\/elcanillita.info\/press\/wp-json\/wp\/v2\/posts\/1889\/revisions"}],"wp:featuredmedia":[{"embeddable":true,"href":"https:\/\/elcanillita.info\/press\/wp-json\/wp\/v2\/media\/1891"}],"wp:attachment":[{"href":"https:\/\/elcanillita.info\/press\/wp-json\/wp\/v2\/media?parent=1889"}],"wp:term":[{"taxonomy":"category","embeddable":true,"href":"https:\/\/elcanillita.info\/press\/wp-json\/wp\/v2\/categories?post=1889"},{"taxonomy":"post_tag","embeddable":true,"href":"https:\/\/elcanillita.info\/press\/wp-json\/wp\/v2\/tags?post=1889"}],"curies":[{"name":"wp","href":"https:\/\/api.w.org\/{rel}","templated":true}]}}