{"id":1872,"date":"2021-06-30T07:55:27","date_gmt":"2021-06-30T10:55:27","guid":{"rendered":"https:\/\/elcanillita.info\/press\/?p=1872"},"modified":"2021-06-30T15:15:20","modified_gmt":"2021-06-30T18:15:20","slug":"carta-bruselas-27-coordinar-medidas-viajes-variante-delta-casos-francia","status":"publish","type":"post","link":"https:\/\/elcanillita.info\/press\/2021\/06\/30\/carta-bruselas-27-coordinar-medidas-viajes-variante-delta-casos-francia\/","title":{"rendered":"Carta de Bruselas a los 27, &#8220;coordinar las medidas sobre los viajes, la variante Delta representa el 20% de los casos en Francia."},"content":{"rendered":"\n<div class=\"wp-block-image\"><figure class=\"alignleft size-large\"><img loading=\"lazy\" decoding=\"async\" width=\"600\" height=\"415\" src=\"https:\/\/elcanillita.info\/press\/images\/2021\/06\/france.jpg\" alt=\"\" class=\"wp-image-1874\" srcset=\"https:\/\/elcanillita.info\/press\/images\/2021\/06\/france.jpg 600w, https:\/\/elcanillita.info\/press\/images\/2021\/06\/france-300x208.jpg 300w\" sizes=\"auto, (max-width: 600px) 100vw, 600px\" \/><\/figure><\/div>\n\n\n\n<p>La variante Delta representa &#8220;alrededor del 20% de los nuevos casos diagnosticados en Francia&#8221;, advirti\u00f3 esta ma\u00f1ana el ministro de Sanidad franc\u00e9s, Olivier V\u00e9ran, en la radio France Info.<\/p>\n\n\n\n<p>La variante Delta, continu\u00f3, &#8220;se vuelve progresivamente dominante&#8221;. &#8220;Progresa en comparaci\u00f3n con otros virus. Debemos permanecer muy atentos&#8221;, a\u00f1adi\u00f3.<\/p>\n\n\n\n<p>El n\u00famero de muertes relacionadas con el coronavirus en Rusia ha aumentado en 652 en las \u00faltimas 24 horas, frente a las 611 del d\u00eda anterior, lo que eleva el total a 134.545. As\u00ed lo informa el centro nacional de crisis por coronavirus. Se trata del mayor n\u00famero de muertes registrado en un solo d\u00eda desde el inicio de la pandemia. La tasa de mortalidad provisional es del 2,45%. Informa Tass.<\/p>\n\n\n\n<p>Aplicar lo antes posible, preferiblemente antes del 1 de julio, las recomendaciones del Consejo de la UE para coordinar las medidas restrictivas a la circulaci\u00f3n de ciudadanos provocadas por la pandemia y el certificado digital de la UE. As\u00ed lo solicitaron los comisarios europeos Didier Reynders, Thierry Breton y Stella Kyriakides en una carta dirigida a las 27 capitales europeas.<br><br> La Comisi\u00f3n recomienda, en particular, garantizar la libertad de movimiento de las personas que se han recuperado de Covid o han completado su ciclo de vacunaci\u00f3n, asegurar la unidad familiar y coordinar las medidas tomando como referencia los mapas elaborados por el ECDC.<br><br><small>Copyright \u00a92021 ElCanillita.info \/ Ruben Guzzo &#8211; PressCard 59120, ODG &#8211; Roma &#8211; PanPress.eu \/ SalaStampa.eu <\/small><\/p>\n","protected":false},"excerpt":{"rendered":"<p>Ministro de Sanidad franc\u00e9s: &#8220;La mutaci\u00f3n se est\u00e1 volviendo dominante, permanezcan atentos&#8221;<\/p>\n","protected":false},"author":1,"featured_media":1873,"comment_status":"closed","ping_status":"closed","sticky":false,"template":"","format":"standard","meta":{"footnotes":"","_links_to":"","_links_to_target":""},"categories":[70,5,78,25],"tags":[80,49],"class_list":["post-1872","post","type-post","status-publish","format-standard","has-post-thumbnail","hentry","category-actualidad","category-europa","category-sanidad","category-sociedad","tag-francia","tag-rusia","entry","double"],"yoast_head":"<!-- This site is optimized with the Yoast SEO plugin v27.5 - https:\/\/yoast.com\/product\/yoast-seo-wordpress\/ -->\n<title>Carta de Bruselas a los 27, &quot;coordinar las medidas sobre los viajes, la variante Delta representa el 20% de los casos en Francia. - ElCanillita.Info<\/title>\n<meta name=\"robots\" content=\"index, follow, max-snippet:-1, max-image-preview:large, max-video-preview:-1\" \/>\n<link rel=\"canonical\" href=\"https:\/\/elcanillita.info\/press\/2021\/06\/30\/carta-bruselas-27-coordinar-medidas-viajes-variante-delta-casos-francia\/\" \/>\n<meta property=\"og:locale\" content=\"es_ES\" \/>\n<meta property=\"og:type\" content=\"article\" \/>\n<meta property=\"og:title\" content=\"Carta de Bruselas a los 27, &quot;coordinar las medidas sobre los viajes, la variante Delta representa el 20% de los casos en Francia. - ElCanillita.Info\" \/>\n<meta property=\"og:description\" content=\"Ministro de Sanidad franc\u00e9s: &quot;La mutaci\u00f3n se est\u00e1 volviendo dominante, permanezcan atentos&quot;\" \/>\n<meta property=\"og:url\" content=\"https:\/\/elcanillita.info\/press\/2021\/06\/30\/carta-bruselas-27-coordinar-medidas-viajes-variante-delta-casos-francia\/\" \/>\n<meta property=\"og:site_name\" content=\"ElCanillita.Info\" \/>\n<meta property=\"article:publisher\" content=\"https:\/\/ar-ar.facebook.com\/ElCanillitainfo-114249515285712\/\" \/>\n<meta property=\"article:published_time\" content=\"2021-06-30T10:55:27+00:00\" \/>\n<meta property=\"article:modified_time\" content=\"2021-06-30T18:15:20+00:00\" \/>\n<meta property=\"og:image\" content=\"https:\/\/elcanillita.info\/press\/images\/2021\/06\/minfrance.jpg\" \/>\n\t<meta property=\"og:image:width\" content=\"600\" \/>\n\t<meta property=\"og:image:height\" content=\"400\" \/>\n\t<meta property=\"og:image:type\" content=\"image\/jpeg\" \/>\n<meta name=\"author\" content=\"SalaStampa.eu, world press service\" \/>\n<meta name=\"twitter:card\" content=\"summary_large_image\" \/>\n<meta name=\"twitter:label1\" content=\"Escrito por\" \/>\n\t<meta name=\"twitter:data1\" content=\"SalaStampa.eu, world press service\" \/>\n\t<meta name=\"twitter:label2\" content=\"Tiempo de lectura\" \/>\n\t<meta name=\"twitter:data2\" content=\"2 minutos\" \/>\n<script type=\"application\/ld+json\" class=\"yoast-schema-graph\">{\"@context\":\"https:\\\/\\\/schema.org\",\"@graph\":[{\"@type\":\"Article\",\"@id\":\"https:\\\/\\\/elcanillita.info\\\/press\\\/2021\\\/06\\\/30\\\/carta-bruselas-27-coordinar-medidas-viajes-variante-delta-casos-francia\\\/#article\",\"isPartOf\":{\"@id\":\"https:\\\/\\\/elcanillita.info\\\/press\\\/2021\\\/06\\\/30\\\/carta-bruselas-27-coordinar-medidas-viajes-variante-delta-casos-francia\\\/\"},\"author\":{\"name\":\"SalaStampa.eu, world press service\",\"@id\":\"https:\\\/\\\/elcanillita.info\\\/press\\\/#\\\/schema\\\/person\\\/7fcb79f38045700919f7da6d97e71ba0\"},\"headline\":\"Carta de Bruselas a los 27, &#8220;coordinar las medidas sobre los viajes, la variante Delta representa el 20% de los casos en Francia.\",\"datePublished\":\"2021-06-30T10:55:27+00:00\",\"dateModified\":\"2021-06-30T18:15:20+00:00\",\"mainEntityOfPage\":{\"@id\":\"https:\\\/\\\/elcanillita.info\\\/press\\\/2021\\\/06\\\/30\\\/carta-bruselas-27-coordinar-medidas-viajes-variante-delta-casos-francia\\\/\"},\"wordCount\":262,\"publisher\":{\"@id\":\"https:\\\/\\\/elcanillita.info\\\/press\\\/#organization\"},\"image\":{\"@id\":\"https:\\\/\\\/elcanillita.info\\\/press\\\/2021\\\/06\\\/30\\\/carta-bruselas-27-coordinar-medidas-viajes-variante-delta-casos-francia\\\/#primaryimage\"},\"thumbnailUrl\":\"https:\\\/\\\/elcanillita.info\\\/press\\\/images\\\/2021\\\/06\\\/minfrance.jpg\",\"keywords\":[\"Francia\",\"Rusia\"],\"articleSection\":[\"Actualidad\",\"Europa\",\"Sanidad\",\"Sociedad\"],\"inLanguage\":\"es-AR\"},{\"@type\":\"WebPage\",\"@id\":\"https:\\\/\\\/elcanillita.info\\\/press\\\/2021\\\/06\\\/30\\\/carta-bruselas-27-coordinar-medidas-viajes-variante-delta-casos-francia\\\/\",\"url\":\"https:\\\/\\\/elcanillita.info\\\/press\\\/2021\\\/06\\\/30\\\/carta-bruselas-27-coordinar-medidas-viajes-variante-delta-casos-francia\\\/\",\"name\":\"Carta de Bruselas a los 27, \\\"coordinar las medidas sobre los viajes, la variante Delta representa el 20% de los casos en Francia. - ElCanillita.Info\",\"isPartOf\":{\"@id\":\"https:\\\/\\\/elcanillita.info\\\/press\\\/#website\"},\"primaryImageOfPage\":{\"@id\":\"https:\\\/\\\/elcanillita.info\\\/press\\\/2021\\\/06\\\/30\\\/carta-bruselas-27-coordinar-medidas-viajes-variante-delta-casos-francia\\\/#primaryimage\"},\"image\":{\"@id\":\"https:\\\/\\\/elcanillita.info\\\/press\\\/2021\\\/06\\\/30\\\/carta-bruselas-27-coordinar-medidas-viajes-variante-delta-casos-francia\\\/#primaryimage\"},\"thumbnailUrl\":\"https:\\\/\\\/elcanillita.info\\\/press\\\/images\\\/2021\\\/06\\\/minfrance.jpg\",\"datePublished\":\"2021-06-30T10:55:27+00:00\",\"dateModified\":\"2021-06-30T18:15:20+00:00\",\"inLanguage\":\"es-AR\",\"potentialAction\":[{\"@type\":\"ReadAction\",\"target\":[\"https:\\\/\\\/elcanillita.info\\\/press\\\/2021\\\/06\\\/30\\\/carta-bruselas-27-coordinar-medidas-viajes-variante-delta-casos-francia\\\/\"]}]},{\"@type\":\"ImageObject\",\"inLanguage\":\"es-AR\",\"@id\":\"https:\\\/\\\/elcanillita.info\\\/press\\\/2021\\\/06\\\/30\\\/carta-bruselas-27-coordinar-medidas-viajes-variante-delta-casos-francia\\\/#primaryimage\",\"url\":\"https:\\\/\\\/elcanillita.info\\\/press\\\/images\\\/2021\\\/06\\\/minfrance.jpg\",\"contentUrl\":\"https:\\\/\\\/elcanillita.info\\\/press\\\/images\\\/2021\\\/06\\\/minfrance.jpg\",\"width\":600,\"height\":400},{\"@type\":\"WebSite\",\"@id\":\"https:\\\/\\\/elcanillita.info\\\/press\\\/#website\",\"url\":\"https:\\\/\\\/elcanillita.info\\\/press\\\/\",\"name\":\"ElCanillita.Info\",\"description\":\"desde los Apeninos a los Andes\",\"publisher\":{\"@id\":\"https:\\\/\\\/elcanillita.info\\\/press\\\/#organization\"},\"potentialAction\":[{\"@type\":\"SearchAction\",\"target\":{\"@type\":\"EntryPoint\",\"urlTemplate\":\"https:\\\/\\\/elcanillita.info\\\/press\\\/?s={search_term_string}\"},\"query-input\":{\"@type\":\"PropertyValueSpecification\",\"valueRequired\":true,\"valueName\":\"search_term_string\"}}],\"inLanguage\":\"es-AR\"},{\"@type\":\"Organization\",\"@id\":\"https:\\\/\\\/elcanillita.info\\\/press\\\/#organization\",\"name\":\"Guzzo Photos & Graphic Publications\",\"url\":\"https:\\\/\\\/elcanillita.info\\\/press\\\/\",\"logo\":{\"@type\":\"ImageObject\",\"inLanguage\":\"es-AR\",\"@id\":\"https:\\\/\\\/elcanillita.info\\\/press\\\/#\\\/schema\\\/logo\\\/image\\\/\",\"url\":\"https:\\\/\\\/elcanillita.info\\\/press\\\/images\\\/2020\\\/01\\\/cropped-cropped-cropped-elcanillitainfo.png\",\"contentUrl\":\"https:\\\/\\\/elcanillita.info\\\/press\\\/images\\\/2020\\\/01\\\/cropped-cropped-cropped-elcanillitainfo.png\",\"width\":460,\"height\":50,\"caption\":\"Guzzo Photos & Graphic Publications\"},\"image\":{\"@id\":\"https:\\\/\\\/elcanillita.info\\\/press\\\/#\\\/schema\\\/logo\\\/image\\\/\"},\"sameAs\":[\"https:\\\/\\\/ar-ar.facebook.com\\\/ElCanillitainfo-114249515285712\\\/\"]},{\"@type\":\"Person\",\"@id\":\"https:\\\/\\\/elcanillita.info\\\/press\\\/#\\\/schema\\\/person\\\/7fcb79f38045700919f7da6d97e71ba0\",\"name\":\"SalaStampa.eu, world press service\",\"image\":{\"@type\":\"ImageObject\",\"inLanguage\":\"es-AR\",\"@id\":\"https:\\\/\\\/secure.gravatar.com\\\/avatar\\\/c2f0e0d515a107624234994507816ca4724c7199cef73fc8bedebf6931d73888?s=96&d=mm&r=g\",\"url\":\"https:\\\/\\\/secure.gravatar.com\\\/avatar\\\/c2f0e0d515a107624234994507816ca4724c7199cef73fc8bedebf6931d73888?s=96&d=mm&r=g\",\"contentUrl\":\"https:\\\/\\\/secure.gravatar.com\\\/avatar\\\/c2f0e0d515a107624234994507816ca4724c7199cef73fc8bedebf6931d73888?s=96&d=mm&r=g\",\"caption\":\"SalaStampa.eu, world press service\"}}]}<\/script>\n<!-- \/ Yoast SEO plugin. -->","yoast_head_json":{"title":"Carta de Bruselas a los 27, \"coordinar las medidas sobre los viajes, la variante Delta representa el 20% de los casos en Francia. - ElCanillita.Info","robots":{"index":"index","follow":"follow","max-snippet":"max-snippet:-1","max-image-preview":"max-image-preview:large","max-video-preview":"max-video-preview:-1"},"canonical":"https:\/\/elcanillita.info\/press\/2021\/06\/30\/carta-bruselas-27-coordinar-medidas-viajes-variante-delta-casos-francia\/","og_locale":"es_ES","og_type":"article","og_title":"Carta de Bruselas a los 27, \"coordinar las medidas sobre los viajes, la variante Delta representa el 20% de los casos en Francia. - ElCanillita.Info","og_description":"Ministro de Sanidad franc\u00e9s: \"La mutaci\u00f3n se est\u00e1 volviendo dominante, permanezcan atentos\"","og_url":"https:\/\/elcanillita.info\/press\/2021\/06\/30\/carta-bruselas-27-coordinar-medidas-viajes-variante-delta-casos-francia\/","og_site_name":"ElCanillita.Info","article_publisher":"https:\/\/ar-ar.facebook.com\/ElCanillitainfo-114249515285712\/","article_published_time":"2021-06-30T10:55:27+00:00","article_modified_time":"2021-06-30T18:15:20+00:00","og_image":[{"width":600,"height":400,"url":"https:\/\/elcanillita.info\/press\/images\/2021\/06\/minfrance.jpg","type":"image\/jpeg"}],"author":"SalaStampa.eu, world press service","twitter_card":"summary_large_image","twitter_misc":{"Escrito por":"SalaStampa.eu, world press service","Tiempo de lectura":"2 minutos"},"schema":{"@context":"https:\/\/schema.org","@graph":[{"@type":"Article","@id":"https:\/\/elcanillita.info\/press\/2021\/06\/30\/carta-bruselas-27-coordinar-medidas-viajes-variante-delta-casos-francia\/#article","isPartOf":{"@id":"https:\/\/elcanillita.info\/press\/2021\/06\/30\/carta-bruselas-27-coordinar-medidas-viajes-variante-delta-casos-francia\/"},"author":{"name":"SalaStampa.eu, world press service","@id":"https:\/\/elcanillita.info\/press\/#\/schema\/person\/7fcb79f38045700919f7da6d97e71ba0"},"headline":"Carta de Bruselas a los 27, &#8220;coordinar las medidas sobre los viajes, la variante Delta representa el 20% de los casos en Francia.","datePublished":"2021-06-30T10:55:27+00:00","dateModified":"2021-06-30T18:15:20+00:00","mainEntityOfPage":{"@id":"https:\/\/elcanillita.info\/press\/2021\/06\/30\/carta-bruselas-27-coordinar-medidas-viajes-variante-delta-casos-francia\/"},"wordCount":262,"publisher":{"@id":"https:\/\/elcanillita.info\/press\/#organization"},"image":{"@id":"https:\/\/elcanillita.info\/press\/2021\/06\/30\/carta-bruselas-27-coordinar-medidas-viajes-variante-delta-casos-francia\/#primaryimage"},"thumbnailUrl":"https:\/\/elcanillita.info\/press\/images\/2021\/06\/minfrance.jpg","keywords":["Francia","Rusia"],"articleSection":["Actualidad","Europa","Sanidad","Sociedad"],"inLanguage":"es-AR"},{"@type":"WebPage","@id":"https:\/\/elcanillita.info\/press\/2021\/06\/30\/carta-bruselas-27-coordinar-medidas-viajes-variante-delta-casos-francia\/","url":"https:\/\/elcanillita.info\/press\/2021\/06\/30\/carta-bruselas-27-coordinar-medidas-viajes-variante-delta-casos-francia\/","name":"Carta de Bruselas a los 27, \"coordinar las medidas sobre los viajes, la variante Delta representa el 20% de los casos en Francia. - ElCanillita.Info","isPartOf":{"@id":"https:\/\/elcanillita.info\/press\/#website"},"primaryImageOfPage":{"@id":"https:\/\/elcanillita.info\/press\/2021\/06\/30\/carta-bruselas-27-coordinar-medidas-viajes-variante-delta-casos-francia\/#primaryimage"},"image":{"@id":"https:\/\/elcanillita.info\/press\/2021\/06\/30\/carta-bruselas-27-coordinar-medidas-viajes-variante-delta-casos-francia\/#primaryimage"},"thumbnailUrl":"https:\/\/elcanillita.info\/press\/images\/2021\/06\/minfrance.jpg","datePublished":"2021-06-30T10:55:27+00:00","dateModified":"2021-06-30T18:15:20+00:00","inLanguage":"es-AR","potentialAction":[{"@type":"ReadAction","target":["https:\/\/elcanillita.info\/press\/2021\/06\/30\/carta-bruselas-27-coordinar-medidas-viajes-variante-delta-casos-francia\/"]}]},{"@type":"ImageObject","inLanguage":"es-AR","@id":"https:\/\/elcanillita.info\/press\/2021\/06\/30\/carta-bruselas-27-coordinar-medidas-viajes-variante-delta-casos-francia\/#primaryimage","url":"https:\/\/elcanillita.info\/press\/images\/2021\/06\/minfrance.jpg","contentUrl":"https:\/\/elcanillita.info\/press\/images\/2021\/06\/minfrance.jpg","width":600,"height":400},{"@type":"WebSite","@id":"https:\/\/elcanillita.info\/press\/#website","url":"https:\/\/elcanillita.info\/press\/","name":"ElCanillita.Info","description":"desde los Apeninos a los Andes","publisher":{"@id":"https:\/\/elcanillita.info\/press\/#organization"},"potentialAction":[{"@type":"SearchAction","target":{"@type":"EntryPoint","urlTemplate":"https:\/\/elcanillita.info\/press\/?s={search_term_string}"},"query-input":{"@type":"PropertyValueSpecification","valueRequired":true,"valueName":"search_term_string"}}],"inLanguage":"es-AR"},{"@type":"Organization","@id":"https:\/\/elcanillita.info\/press\/#organization","name":"Guzzo Photos & Graphic Publications","url":"https:\/\/elcanillita.info\/press\/","logo":{"@type":"ImageObject","inLanguage":"es-AR","@id":"https:\/\/elcanillita.info\/press\/#\/schema\/logo\/image\/","url":"https:\/\/elcanillita.info\/press\/images\/2020\/01\/cropped-cropped-cropped-elcanillitainfo.png","contentUrl":"https:\/\/elcanillita.info\/press\/images\/2020\/01\/cropped-cropped-cropped-elcanillitainfo.png","width":460,"height":50,"caption":"Guzzo Photos & Graphic Publications"},"image":{"@id":"https:\/\/elcanillita.info\/press\/#\/schema\/logo\/image\/"},"sameAs":["https:\/\/ar-ar.facebook.com\/ElCanillitainfo-114249515285712\/"]},{"@type":"Person","@id":"https:\/\/elcanillita.info\/press\/#\/schema\/person\/7fcb79f38045700919f7da6d97e71ba0","name":"SalaStampa.eu, world press service","image":{"@type":"ImageObject","inLanguage":"es-AR","@id":"https:\/\/secure.gravatar.com\/avatar\/c2f0e0d515a107624234994507816ca4724c7199cef73fc8bedebf6931d73888?s=96&d=mm&r=g","url":"https:\/\/secure.gravatar.com\/avatar\/c2f0e0d515a107624234994507816ca4724c7199cef73fc8bedebf6931d73888?s=96&d=mm&r=g","contentUrl":"https:\/\/secure.gravatar.com\/avatar\/c2f0e0d515a107624234994507816ca4724c7199cef73fc8bedebf6931d73888?s=96&d=mm&r=g","caption":"SalaStampa.eu, world press service"}}]}},"views":672,"_links":{"self":[{"href":"https:\/\/elcanillita.info\/press\/wp-json\/wp\/v2\/posts\/1872","targetHints":{"allow":["GET"]}}],"collection":[{"href":"https:\/\/elcanillita.info\/press\/wp-json\/wp\/v2\/posts"}],"about":[{"href":"https:\/\/elcanillita.info\/press\/wp-json\/wp\/v2\/types\/post"}],"author":[{"embeddable":true,"href":"https:\/\/elcanillita.info\/press\/wp-json\/wp\/v2\/users\/1"}],"replies":[{"embeddable":true,"href":"https:\/\/elcanillita.info\/press\/wp-json\/wp\/v2\/comments?post=1872"}],"version-history":[{"count":0,"href":"https:\/\/elcanillita.info\/press\/wp-json\/wp\/v2\/posts\/1872\/revisions"}],"wp:featuredmedia":[{"embeddable":true,"href":"https:\/\/elcanillita.info\/press\/wp-json\/wp\/v2\/media\/1873"}],"wp:attachment":[{"href":"https:\/\/elcanillita.info\/press\/wp-json\/wp\/v2\/media?parent=1872"}],"wp:term":[{"taxonomy":"category","embeddable":true,"href":"https:\/\/elcanillita.info\/press\/wp-json\/wp\/v2\/categories?post=1872"},{"taxonomy":"post_tag","embeddable":true,"href":"https:\/\/elcanillita.info\/press\/wp-json\/wp\/v2\/tags?post=1872"}],"curies":[{"name":"wp","href":"https:\/\/api.w.org\/{rel}","templated":true}]}}