{"id":1865,"date":"2021-06-29T15:05:37","date_gmt":"2021-06-29T18:05:37","guid":{"rendered":"https:\/\/elcanillita.info\/press\/?p=1865"},"modified":"2021-06-30T15:20:04","modified_gmt":"2021-06-30T18:20:04","slug":"bielorrusia-lukashenka-covid-19-vacunar","status":"publish","type":"post","link":"https:\/\/elcanillita.info\/press\/2021\/06\/29\/bielorrusia-lukashenka-covid-19-vacunar\/","title":{"rendered":"El da\u00f1o est\u00e1 hecho&#8221;: Bielorrusia, donde Lukashenka desestim\u00f3 el COVID-19, ahora lucha por vacunar la poblaci\u00f3n"},"content":{"rendered":"\n<div class=\"wp-block-image\"><figure class=\"alignleft size-large\"><img loading=\"lazy\" decoding=\"async\" width=\"601\" height=\"406\" src=\"https:\/\/elcanillita.info\/press\/images\/2021\/06\/Bielorusia2.jpg\" alt=\"\" class=\"wp-image-1867\" srcset=\"https:\/\/elcanillita.info\/press\/images\/2021\/06\/Bielorusia2.jpg 601w, https:\/\/elcanillita.info\/press\/images\/2021\/06\/Bielorusia2-300x203.jpg 300w\" sizes=\"auto, (max-width: 601px) 100vw, 601px\" \/><figcaption><small>Grafitis en la ciudad bielorrusa de Brest en Abril del a\u00f1o pasado que representan a un enfermo con el coronavirus en la cabeza mientras lleva una m\u00e1scara protectora.<\/small><\/figcaption><\/figure><\/div>\n\n\n\n<p>MINSK &#8211; Ha sido com\u00fan en las \u00faltimas semanas ver la gente haciendo cola pacientemente frente a una cl\u00ednica m\u00e9dica de la capital bielorrusa, esperando recibir sus vacunas contra el COVID-19. Al dia de hoy, no son muchos los que lo han hecho. Hasta el 25 de Junio, menos del 4% de los habitantes de esta naci\u00f3n de m\u00e1s de 9 millones de personas hab\u00edan sido vacunados completamente.<\/p>\n\n\n\n<p>Bielorrusia se ha visto fuertemente afectada por la pandemia, considerada por Alyaksandr Lukashenka como &#8220;psicosis masiva&#8221; y que pod\u00eda tratarse con un trago de vodka, un paseo o un ba\u00f1o al vapor de sauna, entre otras falsas informaciones difundidas por el autoritario gobernante que lleva en el poder desde 1994.<\/p>\n\n\n\n<p>Al no contar con medidas de bloqueo, Bielorrusia fue testigo de las altas tasas de infecci\u00f3n por coronavirus cuando la pandemia se afianz\u00f3, y ahora ha vacunado a menos ciudadanos que la mayor\u00eda de los pa\u00edses del continente europeo.<\/p>\n\n\n\n<p>Y mientras los m\u00e9dicos luchan por contener el virus en hospitales a menudo mal equipados, muchos se han encontrado en el punto de mira de la represi\u00f3n pol\u00edtica de Lukashenka.<\/p>\n\n\n\n<p>Bielorrusia se sumi\u00f3 en el caos en Agosto de 2020, cuando Lukashenka, de 66 a\u00f1os, fue declarado vencedor de unas elecciones presidenciales que, seg\u00fan millones de ciudadanos, estaban ama\u00f1adas a su favor. Desde entonces, m\u00e1s de 33.000 personas han sido detenidas, miles golpeadas en las calles y durante su detenci\u00f3n, algunas de ellas torturadas, mientras que varias han sido asesinadas. Los l\u00edderes de la oposici\u00f3n han sido encerrados u obligados a huir.<\/p>\n\n\n\n<p>Los trabajadores sanitarios bielorrusos que han participado en las manifestaciones antigubernamentales que estallaron tras las elecciones o que han hablado en contra de las versiones oficiales sobre las muertes y lesiones de los manifestantes, se enfrentan a brutales represalias por parte de las autoridades, declar\u00f3 el 17 de Junio la organizaci\u00f3n de defensa de los derechos humanos Amnist\u00eda Internacional.<\/p>\n\n\n\n<p>El l\u00edder de la oposici\u00f3n bielorrusa promete que ser\u00e1n m\u00e1s duros, mientras las fuerzas de seguridad lanzan una represi\u00f3n m\u00e1s severa.<\/p>\n\n\n\n<p>Seg\u00fan los datos recopilados por la Universidad Johns Hopkins de Estados Unidos, en Bielorrusia hab\u00eda m\u00e1s de 413.000 casos confirmados de coronavirus hasta el 25 de Junio, con 3.082 muertes, aunque los expertos temen que las cifras puedan ser a\u00fan mayores en medio de las sospechas de que el gobierno est\u00e1 minimizando el alcance de la pandemia.<\/p>\n\n\n\n<p>Aunque las cifras de infecci\u00f3n son altas, las tasas de inoculaci\u00f3n son bajas. Seg\u00fan los \u00faltimos datos de Johns Hopkins, Bielorrusia s\u00f3lo ha vacunado al 3,9% de la poblaci\u00f3n.<\/p>\n\n\n\n<p>Haciendo una comparaci\u00f3n, Rusia que est\u00e1 sufriendo una oleada de infecciones mientras el gobierno se esfuerza por convencer a los ciudadanos de que se vacunen, casi un a\u00f1o despu\u00e9s de aprobar la vacuna Sputnik V, alrededor del 11% de la poblaci\u00f3n est\u00e1 totalmente vacunada. En Estados Unidos, es m\u00e1s del 46%, y en Francia, m\u00e1s del 27%.<\/p>\n\n\n\n<p>En Bielorrusia, Sputnik Light, una versi\u00f3n de dosis \u00fanica de Sputnik V que fue aprobada por los reguladores rusos el 6 de Mayo, es ahora una de las dos vacunas disponibles.<\/p>\n\n\n\n<p>La otra es Vero Cell, desarrollada por el fabricante estatal de medicamentos chino Sinopharm, que fue aprobada para uso de emergencia por la Organizaci\u00f3n Mundial de la Salud (OMS) el 7 Mayo, siendo la primera vacuna no occidental en obtener el respaldo de la OMS.<\/p>\n\n\n\n<p>Dado que la campa\u00f1a de vacunaci\u00f3n no se inici\u00f3 realmente hasta Abril, los m\u00e9dicos dicen que est\u00e1n luchando para ponerse al d\u00eda con Rusia, dijo un m\u00e9dico al Servicio de Bielorrusia de RFE\/RL.<\/p>\n\n\n\n<p>&#8220;En Rusia, los m\u00e9dicos, personas de riesgo, comenzaron a ser vacunados a principios de Diciembre de 2020, y las vacunaciones masivas en Rusia comenzaron oficialmente el 18 de Enero de 2021&#8221;, dijo el m\u00e9dico, que pidi\u00f3 el anonimato por temor a represalias oficiales. &#8220;Y en Bielorrusia, el primer lote de m\u00e9dicos no se vacun\u00f3 hasta el 19 de Enero. Las cosas han ido despacio&#8221;.<br>.<\/p>\n\n\n\n<p>El m\u00e9dico afirm\u00f3 que la minimizaci\u00f3n de la pandemia de COVID-19 por parte de Lukashenka y los medios de comunicaci\u00f3n estatales, as\u00ed como el alarmismo con afirmaciones infundadas sobre los riesgos relacionados con las vacunas occidentales, han provocado la apat\u00eda y la desconfianza de la poblaci\u00f3n.<\/p>\n\n\n\n<p>&#8220;La propaganda oficial hizo mucho da\u00f1o aqu\u00ed&#8221;, dijo. &#8220;No reconocieron el peligro de la enfermedad, no vieron el virus, luego subestimaron deliberadamente las estad\u00edsticas, los canales estatales inflaron el furor en torno a las vacunas extranjeras, contaron los horrores de las consecuencias de Moderna y AstraZeneca&#8221;.<\/p>\n\n\n\n<p>En los primeros d\u00edas de la pandemia del a\u00f1o pasado, Lukashenka se neg\u00f3 a reconocer siquiera una v\u00edctima en el pa\u00eds de unos 9,5 millones de habitantes. Exigi\u00f3 a Bielorrusia que celebrara un desfile militar para conmemorar los 75 a\u00f1os de la derrota de la Alemania nazi en la Segunda Guerra Mundial, mientras que Rusia y otros pa\u00edses desecharon o redujeron tales planes para protegerse de la propagaci\u00f3n del virus.<\/p>\n\n\n\n<figure class=\"wp-block-video\"><video controls src=\"http:\/\/elcanillita.info\/press\/images\/2021\/06\/Bielorrusia.m4v\"><\/video><\/figure>\n\n\n\n<p>Lukashenka desprecia a las v\u00edctimas del COVID-19 mientras la curva de Bielorrusia se acent\u00faa<\/p>\n\n\n\n<p>Ante la escasa intervenci\u00f3n del gobierno, los propios bielorrusos se ofrecieron a montar escudos de pl\u00e1stico o a coser m\u00e1scaras y batas protectoras.<\/p>\n\n\n\n<p>En Julio, Lukashenka dijo que hab\u00eda dado positivo en las pruebas del coronavirus, pero que no hab\u00eda sufrido ning\u00fan s\u00edntoma y que lo hab\u00eda superado sin ser hospitalizado, lo que, seg\u00fan afirm\u00f3 falsamente, fue el resultado del &#8220;97%&#8221; de los bielorrusos que se infectaron.<\/p>\n\n\n\n<p><strong>La gente est\u00e1 muriendo<\/strong><\/p>\n\n\n\n<p>Ahora, los m\u00e9dicos bielorrusos se enfrentan a la pandemia de COVID-19 y a la campa\u00f1a de vacunaci\u00f3n en medio de la actual represi\u00f3n del gobierno de Lukashenka.<\/p>\n\n\n\n<p>En una cl\u00ednica de Minsk, un m\u00e9dico dijo que el personal m\u00e9dico se ha esforzado por asegurar a la gente que las vacunas son seguras.<\/p>\n\n\n\n<p>&#8220;Incluso hemos ideado peque\u00f1os refranes para convencerles, como: &#8216;No es una cerveza o gasolina que se vende en todas partes por vendedores sin escr\u00fapulos, sino una vacuna, que se produce con supervisi\u00f3n despu\u00e9s de haber sido probada'&#8221;, dijo el m\u00e9dico, que tambi\u00e9n pidi\u00f3 el anonimato.<\/p>\n\n\n\n<p>Afuera, en la fila de personas que esperaban las vacunas, una joven se lamentaba de que en Bielorrusia no se les suministrara una gama m\u00e1s amplia de vacunas, especialmente las aprobadas por la Uni\u00f3n Europea.<\/p>\n\n\n\n<p>&#8220;Nos prometieron que habr\u00eda vacunas de diferentes fabricantes y que podr\u00edamos elegir&#8221;, dijo a RFE\/RL bajo condici\u00f3n de anonimato, temiendo tambi\u00e9n represalias.<br><br> &#8220;Esper\u00e9 y esper\u00e9, pero ahora est\u00e1 claro que eso no suceder\u00e1. No es que no conf\u00ede en la vacuna rusa. Creo que es sobre todo una cuesti\u00f3n pol\u00edtica el hecho de que no est\u00e9 aprobada por la Uni\u00f3n Europea&#8221;, dijo, y a\u00f1adi\u00f3 que los planes de vacaciones que ten\u00eda pr\u00f3ximamente tambi\u00e9n la impulsaron a actuar.<\/p>\n\n\n\n<p>Un joven, que tambi\u00e9n esperaba en la cola para la vacuna Sputnik Lite, dijo que \u00e9l tambi\u00e9n habr\u00eda preferido una vacuna diferente, pero se dio cuenta de que sus opciones eran limitadas.<\/p>\n\n\n\n<p>&#8220;Por supuesto, hubiera querido vacunarme con Pfizer, pero \u00bfd\u00f3nde puedo conseguir eso aqu\u00ed?&#8221;.<br><br><small>Escrito por el corresponsal de RFE\/RL, Tony Wesolowsky, basado en un informe del Servicio de RFE\/RL en Bielorrusia.<\/small><br> <small>\u00a9 2021 SalaStampa.Eu  affiliate with USAGM \/ BBG Copyright \u00a9 1998-2021, RFE\/RL.Reprinted by ElCanillita.Info with the permission of Radio Free Europe\/Radio Liberty, 1201 Connecticut Ave NW, Ste 400, Washington DC 20036<\/small><br><br><small>Los periodistas de RFE\/RL informan en 27 idiomas en 23 pa\u00edses donde la prensa libre est\u00e1 prohibida por el gobierno o no est\u00e1 totalmente establecida. Proporcionando lo que mucha gente no puede conseguir localmente: noticias sin censura, discusi\u00f3n responsable y debate abierto.<\/small> <\/p>\n","protected":false},"excerpt":{"rendered":"<p>Dzmitry Pinevich, ministro de Sanidad bielorruso, presenta un lote de vacunas rusas Sputnik V al Presidente Alyaksandr Lukashenka en Minsk, a principios de este a\u00f1o. Sputnik Light, otra vacuna que tambi\u00e9n se produce en Bielorrusia, est\u00e1 mucho m\u00e1s extendida que Vero Cell, desarrollada por el fabricante estatal de medicamentos chino. <\/p>\n","protected":false},"author":1,"featured_media":1868,"comment_status":"closed","ping_status":"closed","sticky":false,"template":"","format":"standard","meta":{"footnotes":"","_links_to":"","_links_to_target":""},"categories":[70,7,23,78,25],"tags":[],"class_list":["post-1865","post","type-post","status-publish","format-standard","has-post-thumbnail","hentry","category-actualidad","category-eurasia","category-politica","category-sanidad","category-sociedad","entry","double"],"yoast_head":"<!-- This site is optimized with the Yoast SEO plugin v27.5 - https:\/\/yoast.com\/product\/yoast-seo-wordpress\/ -->\n<title>El da\u00f1o est\u00e1 hecho&quot;: Bielorrusia, donde Lukashenka desestim\u00f3 el COVID-19, ahora lucha por vacunar la poblaci\u00f3n - ElCanillita.Info<\/title>\n<meta name=\"robots\" content=\"index, follow, max-snippet:-1, max-image-preview:large, max-video-preview:-1\" \/>\n<link rel=\"canonical\" href=\"https:\/\/elcanillita.info\/press\/2021\/06\/29\/bielorrusia-lukashenka-covid-19-vacunar\/\" \/>\n<meta property=\"og:locale\" content=\"es_ES\" \/>\n<meta property=\"og:type\" content=\"article\" \/>\n<meta property=\"og:title\" content=\"El da\u00f1o est\u00e1 hecho&quot;: Bielorrusia, donde Lukashenka desestim\u00f3 el COVID-19, ahora lucha por vacunar la poblaci\u00f3n - ElCanillita.Info\" \/>\n<meta property=\"og:description\" content=\"Dzmitry Pinevich, ministro de Sanidad bielorruso, presenta un lote de vacunas rusas Sputnik V al Presidente Alyaksandr Lukashenka en Minsk, a principios de este a\u00f1o. Sputnik Light, otra vacuna que tambi\u00e9n se produce en Bielorrusia, est\u00e1 mucho m\u00e1s extendida que Vero Cell, desarrollada por el fabricante estatal de medicamentos chino.\" \/>\n<meta property=\"og:url\" content=\"https:\/\/elcanillita.info\/press\/2021\/06\/29\/bielorrusia-lukashenka-covid-19-vacunar\/\" \/>\n<meta property=\"og:site_name\" content=\"ElCanillita.Info\" \/>\n<meta property=\"article:publisher\" content=\"https:\/\/ar-ar.facebook.com\/ElCanillitainfo-114249515285712\/\" \/>\n<meta property=\"article:published_time\" content=\"2021-06-29T18:05:37+00:00\" \/>\n<meta property=\"article:modified_time\" content=\"2021-06-30T18:20:04+00:00\" \/>\n<meta property=\"og:image\" content=\"https:\/\/elcanillita.info\/press\/images\/2021\/06\/bielorusia1.jpg\" \/>\n\t<meta property=\"og:image:width\" content=\"600\" \/>\n\t<meta property=\"og:image:height\" content=\"393\" \/>\n\t<meta property=\"og:image:type\" content=\"image\/jpeg\" \/>\n<meta name=\"author\" content=\"SalaStampa.eu, world press service\" \/>\n<meta name=\"twitter:card\" content=\"summary_large_image\" \/>\n<meta name=\"twitter:label1\" content=\"Escrito por\" \/>\n\t<meta name=\"twitter:data1\" content=\"SalaStampa.eu, world press service\" \/>\n\t<meta name=\"twitter:label2\" content=\"Tiempo de lectura\" \/>\n\t<meta name=\"twitter:data2\" content=\"6 minutos\" \/>\n<script type=\"application\/ld+json\" class=\"yoast-schema-graph\">{\"@context\":\"https:\\\/\\\/schema.org\",\"@graph\":[{\"@type\":\"Article\",\"@id\":\"https:\\\/\\\/elcanillita.info\\\/press\\\/2021\\\/06\\\/29\\\/bielorrusia-lukashenka-covid-19-vacunar\\\/#article\",\"isPartOf\":{\"@id\":\"https:\\\/\\\/elcanillita.info\\\/press\\\/2021\\\/06\\\/29\\\/bielorrusia-lukashenka-covid-19-vacunar\\\/\"},\"author\":{\"name\":\"SalaStampa.eu, world press service\",\"@id\":\"https:\\\/\\\/elcanillita.info\\\/press\\\/#\\\/schema\\\/person\\\/7fcb79f38045700919f7da6d97e71ba0\"},\"headline\":\"El da\u00f1o est\u00e1 hecho&#8221;: Bielorrusia, donde Lukashenka desestim\u00f3 el COVID-19, ahora lucha por vacunar la poblaci\u00f3n\",\"datePublished\":\"2021-06-29T18:05:37+00:00\",\"dateModified\":\"2021-06-30T18:20:04+00:00\",\"mainEntityOfPage\":{\"@id\":\"https:\\\/\\\/elcanillita.info\\\/press\\\/2021\\\/06\\\/29\\\/bielorrusia-lukashenka-covid-19-vacunar\\\/\"},\"wordCount\":1385,\"publisher\":{\"@id\":\"https:\\\/\\\/elcanillita.info\\\/press\\\/#organization\"},\"image\":{\"@id\":\"https:\\\/\\\/elcanillita.info\\\/press\\\/2021\\\/06\\\/29\\\/bielorrusia-lukashenka-covid-19-vacunar\\\/#primaryimage\"},\"thumbnailUrl\":\"https:\\\/\\\/elcanillita.info\\\/press\\\/images\\\/2021\\\/06\\\/bielorusia1.jpg\",\"articleSection\":[\"Actualidad\",\"Eurasia\",\"Politica\",\"Sanidad\",\"Sociedad\"],\"inLanguage\":\"es-AR\"},{\"@type\":\"WebPage\",\"@id\":\"https:\\\/\\\/elcanillita.info\\\/press\\\/2021\\\/06\\\/29\\\/bielorrusia-lukashenka-covid-19-vacunar\\\/\",\"url\":\"https:\\\/\\\/elcanillita.info\\\/press\\\/2021\\\/06\\\/29\\\/bielorrusia-lukashenka-covid-19-vacunar\\\/\",\"name\":\"El da\u00f1o est\u00e1 hecho\\\": Bielorrusia, donde Lukashenka desestim\u00f3 el COVID-19, ahora lucha por vacunar la poblaci\u00f3n - ElCanillita.Info\",\"isPartOf\":{\"@id\":\"https:\\\/\\\/elcanillita.info\\\/press\\\/#website\"},\"primaryImageOfPage\":{\"@id\":\"https:\\\/\\\/elcanillita.info\\\/press\\\/2021\\\/06\\\/29\\\/bielorrusia-lukashenka-covid-19-vacunar\\\/#primaryimage\"},\"image\":{\"@id\":\"https:\\\/\\\/elcanillita.info\\\/press\\\/2021\\\/06\\\/29\\\/bielorrusia-lukashenka-covid-19-vacunar\\\/#primaryimage\"},\"thumbnailUrl\":\"https:\\\/\\\/elcanillita.info\\\/press\\\/images\\\/2021\\\/06\\\/bielorusia1.jpg\",\"datePublished\":\"2021-06-29T18:05:37+00:00\",\"dateModified\":\"2021-06-30T18:20:04+00:00\",\"inLanguage\":\"es-AR\",\"potentialAction\":[{\"@type\":\"ReadAction\",\"target\":[\"https:\\\/\\\/elcanillita.info\\\/press\\\/2021\\\/06\\\/29\\\/bielorrusia-lukashenka-covid-19-vacunar\\\/\"]}]},{\"@type\":\"ImageObject\",\"inLanguage\":\"es-AR\",\"@id\":\"https:\\\/\\\/elcanillita.info\\\/press\\\/2021\\\/06\\\/29\\\/bielorrusia-lukashenka-covid-19-vacunar\\\/#primaryimage\",\"url\":\"https:\\\/\\\/elcanillita.info\\\/press\\\/images\\\/2021\\\/06\\\/bielorusia1.jpg\",\"contentUrl\":\"https:\\\/\\\/elcanillita.info\\\/press\\\/images\\\/2021\\\/06\\\/bielorusia1.jpg\",\"width\":600,\"height\":393},{\"@type\":\"WebSite\",\"@id\":\"https:\\\/\\\/elcanillita.info\\\/press\\\/#website\",\"url\":\"https:\\\/\\\/elcanillita.info\\\/press\\\/\",\"name\":\"ElCanillita.Info\",\"description\":\"desde los Apeninos a los Andes\",\"publisher\":{\"@id\":\"https:\\\/\\\/elcanillita.info\\\/press\\\/#organization\"},\"potentialAction\":[{\"@type\":\"SearchAction\",\"target\":{\"@type\":\"EntryPoint\",\"urlTemplate\":\"https:\\\/\\\/elcanillita.info\\\/press\\\/?s={search_term_string}\"},\"query-input\":{\"@type\":\"PropertyValueSpecification\",\"valueRequired\":true,\"valueName\":\"search_term_string\"}}],\"inLanguage\":\"es-AR\"},{\"@type\":\"Organization\",\"@id\":\"https:\\\/\\\/elcanillita.info\\\/press\\\/#organization\",\"name\":\"Guzzo Photos & Graphic Publications\",\"url\":\"https:\\\/\\\/elcanillita.info\\\/press\\\/\",\"logo\":{\"@type\":\"ImageObject\",\"inLanguage\":\"es-AR\",\"@id\":\"https:\\\/\\\/elcanillita.info\\\/press\\\/#\\\/schema\\\/logo\\\/image\\\/\",\"url\":\"https:\\\/\\\/elcanillita.info\\\/press\\\/images\\\/2020\\\/01\\\/cropped-cropped-cropped-elcanillitainfo.png\",\"contentUrl\":\"https:\\\/\\\/elcanillita.info\\\/press\\\/images\\\/2020\\\/01\\\/cropped-cropped-cropped-elcanillitainfo.png\",\"width\":460,\"height\":50,\"caption\":\"Guzzo Photos & Graphic Publications\"},\"image\":{\"@id\":\"https:\\\/\\\/elcanillita.info\\\/press\\\/#\\\/schema\\\/logo\\\/image\\\/\"},\"sameAs\":[\"https:\\\/\\\/ar-ar.facebook.com\\\/ElCanillitainfo-114249515285712\\\/\"]},{\"@type\":\"Person\",\"@id\":\"https:\\\/\\\/elcanillita.info\\\/press\\\/#\\\/schema\\\/person\\\/7fcb79f38045700919f7da6d97e71ba0\",\"name\":\"SalaStampa.eu, world press service\",\"image\":{\"@type\":\"ImageObject\",\"inLanguage\":\"es-AR\",\"@id\":\"https:\\\/\\\/secure.gravatar.com\\\/avatar\\\/c2f0e0d515a107624234994507816ca4724c7199cef73fc8bedebf6931d73888?s=96&d=mm&r=g\",\"url\":\"https:\\\/\\\/secure.gravatar.com\\\/avatar\\\/c2f0e0d515a107624234994507816ca4724c7199cef73fc8bedebf6931d73888?s=96&d=mm&r=g\",\"contentUrl\":\"https:\\\/\\\/secure.gravatar.com\\\/avatar\\\/c2f0e0d515a107624234994507816ca4724c7199cef73fc8bedebf6931d73888?s=96&d=mm&r=g\",\"caption\":\"SalaStampa.eu, world press service\"}}]}<\/script>\n<!-- \/ Yoast SEO plugin. -->","yoast_head_json":{"title":"El da\u00f1o est\u00e1 hecho\": Bielorrusia, donde Lukashenka desestim\u00f3 el COVID-19, ahora lucha por vacunar la poblaci\u00f3n - ElCanillita.Info","robots":{"index":"index","follow":"follow","max-snippet":"max-snippet:-1","max-image-preview":"max-image-preview:large","max-video-preview":"max-video-preview:-1"},"canonical":"https:\/\/elcanillita.info\/press\/2021\/06\/29\/bielorrusia-lukashenka-covid-19-vacunar\/","og_locale":"es_ES","og_type":"article","og_title":"El da\u00f1o est\u00e1 hecho\": Bielorrusia, donde Lukashenka desestim\u00f3 el COVID-19, ahora lucha por vacunar la poblaci\u00f3n - ElCanillita.Info","og_description":"Dzmitry Pinevich, ministro de Sanidad bielorruso, presenta un lote de vacunas rusas Sputnik V al Presidente Alyaksandr Lukashenka en Minsk, a principios de este a\u00f1o. Sputnik Light, otra vacuna que tambi\u00e9n se produce en Bielorrusia, est\u00e1 mucho m\u00e1s extendida que Vero Cell, desarrollada por el fabricante estatal de medicamentos chino.","og_url":"https:\/\/elcanillita.info\/press\/2021\/06\/29\/bielorrusia-lukashenka-covid-19-vacunar\/","og_site_name":"ElCanillita.Info","article_publisher":"https:\/\/ar-ar.facebook.com\/ElCanillitainfo-114249515285712\/","article_published_time":"2021-06-29T18:05:37+00:00","article_modified_time":"2021-06-30T18:20:04+00:00","og_image":[{"width":600,"height":393,"url":"https:\/\/elcanillita.info\/press\/images\/2021\/06\/bielorusia1.jpg","type":"image\/jpeg"}],"author":"SalaStampa.eu, world press service","twitter_card":"summary_large_image","twitter_misc":{"Escrito por":"SalaStampa.eu, world press service","Tiempo de lectura":"6 minutos"},"schema":{"@context":"https:\/\/schema.org","@graph":[{"@type":"Article","@id":"https:\/\/elcanillita.info\/press\/2021\/06\/29\/bielorrusia-lukashenka-covid-19-vacunar\/#article","isPartOf":{"@id":"https:\/\/elcanillita.info\/press\/2021\/06\/29\/bielorrusia-lukashenka-covid-19-vacunar\/"},"author":{"name":"SalaStampa.eu, world press service","@id":"https:\/\/elcanillita.info\/press\/#\/schema\/person\/7fcb79f38045700919f7da6d97e71ba0"},"headline":"El da\u00f1o est\u00e1 hecho&#8221;: Bielorrusia, donde Lukashenka desestim\u00f3 el COVID-19, ahora lucha por vacunar la poblaci\u00f3n","datePublished":"2021-06-29T18:05:37+00:00","dateModified":"2021-06-30T18:20:04+00:00","mainEntityOfPage":{"@id":"https:\/\/elcanillita.info\/press\/2021\/06\/29\/bielorrusia-lukashenka-covid-19-vacunar\/"},"wordCount":1385,"publisher":{"@id":"https:\/\/elcanillita.info\/press\/#organization"},"image":{"@id":"https:\/\/elcanillita.info\/press\/2021\/06\/29\/bielorrusia-lukashenka-covid-19-vacunar\/#primaryimage"},"thumbnailUrl":"https:\/\/elcanillita.info\/press\/images\/2021\/06\/bielorusia1.jpg","articleSection":["Actualidad","Eurasia","Politica","Sanidad","Sociedad"],"inLanguage":"es-AR"},{"@type":"WebPage","@id":"https:\/\/elcanillita.info\/press\/2021\/06\/29\/bielorrusia-lukashenka-covid-19-vacunar\/","url":"https:\/\/elcanillita.info\/press\/2021\/06\/29\/bielorrusia-lukashenka-covid-19-vacunar\/","name":"El da\u00f1o est\u00e1 hecho\": Bielorrusia, donde Lukashenka desestim\u00f3 el COVID-19, ahora lucha por vacunar la poblaci\u00f3n - ElCanillita.Info","isPartOf":{"@id":"https:\/\/elcanillita.info\/press\/#website"},"primaryImageOfPage":{"@id":"https:\/\/elcanillita.info\/press\/2021\/06\/29\/bielorrusia-lukashenka-covid-19-vacunar\/#primaryimage"},"image":{"@id":"https:\/\/elcanillita.info\/press\/2021\/06\/29\/bielorrusia-lukashenka-covid-19-vacunar\/#primaryimage"},"thumbnailUrl":"https:\/\/elcanillita.info\/press\/images\/2021\/06\/bielorusia1.jpg","datePublished":"2021-06-29T18:05:37+00:00","dateModified":"2021-06-30T18:20:04+00:00","inLanguage":"es-AR","potentialAction":[{"@type":"ReadAction","target":["https:\/\/elcanillita.info\/press\/2021\/06\/29\/bielorrusia-lukashenka-covid-19-vacunar\/"]}]},{"@type":"ImageObject","inLanguage":"es-AR","@id":"https:\/\/elcanillita.info\/press\/2021\/06\/29\/bielorrusia-lukashenka-covid-19-vacunar\/#primaryimage","url":"https:\/\/elcanillita.info\/press\/images\/2021\/06\/bielorusia1.jpg","contentUrl":"https:\/\/elcanillita.info\/press\/images\/2021\/06\/bielorusia1.jpg","width":600,"height":393},{"@type":"WebSite","@id":"https:\/\/elcanillita.info\/press\/#website","url":"https:\/\/elcanillita.info\/press\/","name":"ElCanillita.Info","description":"desde los Apeninos a los Andes","publisher":{"@id":"https:\/\/elcanillita.info\/press\/#organization"},"potentialAction":[{"@type":"SearchAction","target":{"@type":"EntryPoint","urlTemplate":"https:\/\/elcanillita.info\/press\/?s={search_term_string}"},"query-input":{"@type":"PropertyValueSpecification","valueRequired":true,"valueName":"search_term_string"}}],"inLanguage":"es-AR"},{"@type":"Organization","@id":"https:\/\/elcanillita.info\/press\/#organization","name":"Guzzo Photos & Graphic Publications","url":"https:\/\/elcanillita.info\/press\/","logo":{"@type":"ImageObject","inLanguage":"es-AR","@id":"https:\/\/elcanillita.info\/press\/#\/schema\/logo\/image\/","url":"https:\/\/elcanillita.info\/press\/images\/2020\/01\/cropped-cropped-cropped-elcanillitainfo.png","contentUrl":"https:\/\/elcanillita.info\/press\/images\/2020\/01\/cropped-cropped-cropped-elcanillitainfo.png","width":460,"height":50,"caption":"Guzzo Photos & Graphic Publications"},"image":{"@id":"https:\/\/elcanillita.info\/press\/#\/schema\/logo\/image\/"},"sameAs":["https:\/\/ar-ar.facebook.com\/ElCanillitainfo-114249515285712\/"]},{"@type":"Person","@id":"https:\/\/elcanillita.info\/press\/#\/schema\/person\/7fcb79f38045700919f7da6d97e71ba0","name":"SalaStampa.eu, world press service","image":{"@type":"ImageObject","inLanguage":"es-AR","@id":"https:\/\/secure.gravatar.com\/avatar\/c2f0e0d515a107624234994507816ca4724c7199cef73fc8bedebf6931d73888?s=96&d=mm&r=g","url":"https:\/\/secure.gravatar.com\/avatar\/c2f0e0d515a107624234994507816ca4724c7199cef73fc8bedebf6931d73888?s=96&d=mm&r=g","contentUrl":"https:\/\/secure.gravatar.com\/avatar\/c2f0e0d515a107624234994507816ca4724c7199cef73fc8bedebf6931d73888?s=96&d=mm&r=g","caption":"SalaStampa.eu, world press service"}}]}},"views":581,"_links":{"self":[{"href":"https:\/\/elcanillita.info\/press\/wp-json\/wp\/v2\/posts\/1865","targetHints":{"allow":["GET"]}}],"collection":[{"href":"https:\/\/elcanillita.info\/press\/wp-json\/wp\/v2\/posts"}],"about":[{"href":"https:\/\/elcanillita.info\/press\/wp-json\/wp\/v2\/types\/post"}],"author":[{"embeddable":true,"href":"https:\/\/elcanillita.info\/press\/wp-json\/wp\/v2\/users\/1"}],"replies":[{"embeddable":true,"href":"https:\/\/elcanillita.info\/press\/wp-json\/wp\/v2\/comments?post=1865"}],"version-history":[{"count":0,"href":"https:\/\/elcanillita.info\/press\/wp-json\/wp\/v2\/posts\/1865\/revisions"}],"wp:featuredmedia":[{"embeddable":true,"href":"https:\/\/elcanillita.info\/press\/wp-json\/wp\/v2\/media\/1868"}],"wp:attachment":[{"href":"https:\/\/elcanillita.info\/press\/wp-json\/wp\/v2\/media?parent=1865"}],"wp:term":[{"taxonomy":"category","embeddable":true,"href":"https:\/\/elcanillita.info\/press\/wp-json\/wp\/v2\/categories?post=1865"},{"taxonomy":"post_tag","embeddable":true,"href":"https:\/\/elcanillita.info\/press\/wp-json\/wp\/v2\/tags?post=1865"}],"curies":[{"name":"wp","href":"https:\/\/api.w.org\/{rel}","templated":true}]}}