{"id":1857,"date":"2021-06-28T14:01:24","date_gmt":"2021-06-28T17:01:24","guid":{"rendered":"https:\/\/elcanillita.info\/press\/?p=1857"},"modified":"2023-04-07T06:46:35","modified_gmt":"2023-04-07T09:46:35","slug":"incendio-garajes-centro-comercial-londres","status":"publish","type":"post","link":"https:\/\/elcanillita.info\/press\/2021\/06\/28\/incendio-garajes-centro-comercial-londres\/","title":{"rendered":"Incendio en los garajes de un centro comercial de Londres"},"content":{"rendered":"\n<figure class=\"wp-block-video\"><video controls src=\"http:\/\/elcanillita.info\/press\/images\/2021\/06\/Londra.mp4\"><\/video><\/figure>\n\n\n\n<p>Decenas de bomberos se enfrentan a un gran incendio cerca de la estaci\u00f3n de Elephant and Castle, en el sureste de Londres.<\/p>\n\n\n\n<p>Tres locales comerciales, seis coches y una cabina telef\u00f3nica est\u00e1n ardiendo despu\u00e9s de que se produjera un incendio en los garajes situados bajo los arcos del ferrocarril.<\/p>\n\n\n\n<p>Un hombre est\u00e1 siendo atendido en el lugar de los hechos por los equipos del Servicio de Ambulancias de Londres, pero no se han registrado m\u00e1s heridos.<\/p>\n\n\n\n<p>La Brigada de Bomberos de Londres dijo que la causa del incendio a\u00fan no se conoc\u00eda, pero la Polic\u00eda Metropolitana retuvo que no cre\u00eda que estuviera relacionado con el terrorismo.<\/p>\n\n\n\n<p>Quince camiones de bomberos y unos 100 bomberos se encuentran en el lugar de los hechos despu\u00e9s de que la brigada recibiera 44 llamadas a sus operadores del 999 a las 13.43 GMT horas del lunes.<br><br> <small>Copyright \u00a92021 ElCanillita.info\/Berenice Guzzo-PressCard 162406-ODG, Roma-PanPress.eu \/ London \/ SalaStampa.eu <\/small><\/p>\n","protected":false},"excerpt":{"rendered":"<p>Al principio se crey\u00f3 que era polvo de una demolici\u00f3n del centro comercial, pero el fuego se desat\u00f3 literalmente en contados segundos, comentaron personas que trabajan muy cerca del lugar del incendio de Elephant and Castle.<\/p>\n","protected":false},"author":1,"featured_media":1858,"comment_status":"closed","ping_status":"closed","sticky":false,"template":"","format":"standard","meta":{"footnotes":"","_links_to":"","_links_to_target":""},"categories":[70,116],"tags":[58],"class_list":["post-1857","post","type-post","status-publish","format-standard","has-post-thumbnail","hentry","category-actualidad","category-united-kingdom","tag-reino-unido","entry","double"],"yoast_head":"<!-- This site is optimized with the Yoast SEO plugin v27.5 - https:\/\/yoast.com\/product\/yoast-seo-wordpress\/ -->\n<title>Incendio en los garajes de un centro comercial de Londres - ElCanillita.Info<\/title>\n<meta name=\"robots\" content=\"index, follow, max-snippet:-1, max-image-preview:large, max-video-preview:-1\" \/>\n<link rel=\"canonical\" href=\"https:\/\/elcanillita.info\/press\/2021\/06\/28\/incendio-garajes-centro-comercial-londres\/\" \/>\n<meta property=\"og:locale\" content=\"es_ES\" \/>\n<meta property=\"og:type\" content=\"article\" \/>\n<meta property=\"og:title\" content=\"Incendio en los garajes de un centro comercial de Londres - ElCanillita.Info\" \/>\n<meta property=\"og:description\" content=\"Al principio se crey\u00f3 que era polvo de una demolici\u00f3n del centro comercial, pero el fuego se desat\u00f3 literalmente en contados segundos, comentaron personas que trabajan muy cerca del lugar del incendio de Elephant and Castle.\" \/>\n<meta property=\"og:url\" content=\"https:\/\/elcanillita.info\/press\/2021\/06\/28\/incendio-garajes-centro-comercial-londres\/\" \/>\n<meta property=\"og:site_name\" content=\"ElCanillita.Info\" \/>\n<meta property=\"article:publisher\" content=\"https:\/\/ar-ar.facebook.com\/ElCanillitainfo-114249515285712\/\" \/>\n<meta property=\"article:published_time\" content=\"2021-06-28T17:01:24+00:00\" \/>\n<meta property=\"article:modified_time\" content=\"2023-04-07T09:46:35+00:00\" \/>\n<meta property=\"og:image\" content=\"https:\/\/elcanillita.info\/press\/images\/2021\/06\/lonfra.jpg\" \/>\n\t<meta property=\"og:image:width\" content=\"600\" \/>\n\t<meta property=\"og:image:height\" content=\"600\" \/>\n\t<meta property=\"og:image:type\" content=\"image\/jpeg\" \/>\n<meta name=\"author\" content=\"SalaStampa.eu, world press service\" \/>\n<meta name=\"twitter:card\" content=\"summary_large_image\" \/>\n<meta name=\"twitter:label1\" content=\"Escrito por\" \/>\n\t<meta name=\"twitter:data1\" content=\"SalaStampa.eu, world press service\" \/>\n\t<meta name=\"twitter:label2\" content=\"Tiempo de lectura\" \/>\n\t<meta name=\"twitter:data2\" content=\"1 minuto\" \/>\n<script type=\"application\/ld+json\" class=\"yoast-schema-graph\">{\"@context\":\"https:\\\/\\\/schema.org\",\"@graph\":[{\"@type\":\"Article\",\"@id\":\"https:\\\/\\\/elcanillita.info\\\/press\\\/2021\\\/06\\\/28\\\/incendio-garajes-centro-comercial-londres\\\/#article\",\"isPartOf\":{\"@id\":\"https:\\\/\\\/elcanillita.info\\\/press\\\/2021\\\/06\\\/28\\\/incendio-garajes-centro-comercial-londres\\\/\"},\"author\":{\"name\":\"SalaStampa.eu, world press service\",\"@id\":\"https:\\\/\\\/elcanillita.info\\\/press\\\/#\\\/schema\\\/person\\\/7fcb79f38045700919f7da6d97e71ba0\"},\"headline\":\"Incendio en los garajes de un centro comercial de Londres\",\"datePublished\":\"2021-06-28T17:01:24+00:00\",\"dateModified\":\"2023-04-07T09:46:35+00:00\",\"mainEntityOfPage\":{\"@id\":\"https:\\\/\\\/elcanillita.info\\\/press\\\/2021\\\/06\\\/28\\\/incendio-garajes-centro-comercial-londres\\\/\"},\"wordCount\":169,\"publisher\":{\"@id\":\"https:\\\/\\\/elcanillita.info\\\/press\\\/#organization\"},\"image\":{\"@id\":\"https:\\\/\\\/elcanillita.info\\\/press\\\/2021\\\/06\\\/28\\\/incendio-garajes-centro-comercial-londres\\\/#primaryimage\"},\"thumbnailUrl\":\"https:\\\/\\\/elcanillita.info\\\/press\\\/images\\\/2021\\\/06\\\/lonfra.jpg\",\"keywords\":[\"Reino Unido\"],\"articleSection\":[\"Actualidad\",\"Reino Unido\"],\"inLanguage\":\"es-AR\"},{\"@type\":\"WebPage\",\"@id\":\"https:\\\/\\\/elcanillita.info\\\/press\\\/2021\\\/06\\\/28\\\/incendio-garajes-centro-comercial-londres\\\/\",\"url\":\"https:\\\/\\\/elcanillita.info\\\/press\\\/2021\\\/06\\\/28\\\/incendio-garajes-centro-comercial-londres\\\/\",\"name\":\"Incendio en los garajes de un centro comercial de Londres - ElCanillita.Info\",\"isPartOf\":{\"@id\":\"https:\\\/\\\/elcanillita.info\\\/press\\\/#website\"},\"primaryImageOfPage\":{\"@id\":\"https:\\\/\\\/elcanillita.info\\\/press\\\/2021\\\/06\\\/28\\\/incendio-garajes-centro-comercial-londres\\\/#primaryimage\"},\"image\":{\"@id\":\"https:\\\/\\\/elcanillita.info\\\/press\\\/2021\\\/06\\\/28\\\/incendio-garajes-centro-comercial-londres\\\/#primaryimage\"},\"thumbnailUrl\":\"https:\\\/\\\/elcanillita.info\\\/press\\\/images\\\/2021\\\/06\\\/lonfra.jpg\",\"datePublished\":\"2021-06-28T17:01:24+00:00\",\"dateModified\":\"2023-04-07T09:46:35+00:00\",\"inLanguage\":\"es-AR\",\"potentialAction\":[{\"@type\":\"ReadAction\",\"target\":[\"https:\\\/\\\/elcanillita.info\\\/press\\\/2021\\\/06\\\/28\\\/incendio-garajes-centro-comercial-londres\\\/\"]}]},{\"@type\":\"ImageObject\",\"inLanguage\":\"es-AR\",\"@id\":\"https:\\\/\\\/elcanillita.info\\\/press\\\/2021\\\/06\\\/28\\\/incendio-garajes-centro-comercial-londres\\\/#primaryimage\",\"url\":\"https:\\\/\\\/elcanillita.info\\\/press\\\/images\\\/2021\\\/06\\\/lonfra.jpg\",\"contentUrl\":\"https:\\\/\\\/elcanillita.info\\\/press\\\/images\\\/2021\\\/06\\\/lonfra.jpg\",\"width\":600,\"height\":600,\"caption\":\"Elephant and Castle,\"},{\"@type\":\"WebSite\",\"@id\":\"https:\\\/\\\/elcanillita.info\\\/press\\\/#website\",\"url\":\"https:\\\/\\\/elcanillita.info\\\/press\\\/\",\"name\":\"ElCanillita.Info\",\"description\":\"desde los Apeninos a los Andes\",\"publisher\":{\"@id\":\"https:\\\/\\\/elcanillita.info\\\/press\\\/#organization\"},\"potentialAction\":[{\"@type\":\"SearchAction\",\"target\":{\"@type\":\"EntryPoint\",\"urlTemplate\":\"https:\\\/\\\/elcanillita.info\\\/press\\\/?s={search_term_string}\"},\"query-input\":{\"@type\":\"PropertyValueSpecification\",\"valueRequired\":true,\"valueName\":\"search_term_string\"}}],\"inLanguage\":\"es-AR\"},{\"@type\":\"Organization\",\"@id\":\"https:\\\/\\\/elcanillita.info\\\/press\\\/#organization\",\"name\":\"Guzzo Photos & Graphic Publications\",\"url\":\"https:\\\/\\\/elcanillita.info\\\/press\\\/\",\"logo\":{\"@type\":\"ImageObject\",\"inLanguage\":\"es-AR\",\"@id\":\"https:\\\/\\\/elcanillita.info\\\/press\\\/#\\\/schema\\\/logo\\\/image\\\/\",\"url\":\"https:\\\/\\\/elcanillita.info\\\/press\\\/images\\\/2020\\\/01\\\/cropped-cropped-cropped-elcanillitainfo.png\",\"contentUrl\":\"https:\\\/\\\/elcanillita.info\\\/press\\\/images\\\/2020\\\/01\\\/cropped-cropped-cropped-elcanillitainfo.png\",\"width\":460,\"height\":50,\"caption\":\"Guzzo Photos & Graphic Publications\"},\"image\":{\"@id\":\"https:\\\/\\\/elcanillita.info\\\/press\\\/#\\\/schema\\\/logo\\\/image\\\/\"},\"sameAs\":[\"https:\\\/\\\/ar-ar.facebook.com\\\/ElCanillitainfo-114249515285712\\\/\"]},{\"@type\":\"Person\",\"@id\":\"https:\\\/\\\/elcanillita.info\\\/press\\\/#\\\/schema\\\/person\\\/7fcb79f38045700919f7da6d97e71ba0\",\"name\":\"SalaStampa.eu, world press service\",\"image\":{\"@type\":\"ImageObject\",\"inLanguage\":\"es-AR\",\"@id\":\"https:\\\/\\\/secure.gravatar.com\\\/avatar\\\/c2f0e0d515a107624234994507816ca4724c7199cef73fc8bedebf6931d73888?s=96&d=mm&r=g\",\"url\":\"https:\\\/\\\/secure.gravatar.com\\\/avatar\\\/c2f0e0d515a107624234994507816ca4724c7199cef73fc8bedebf6931d73888?s=96&d=mm&r=g\",\"contentUrl\":\"https:\\\/\\\/secure.gravatar.com\\\/avatar\\\/c2f0e0d515a107624234994507816ca4724c7199cef73fc8bedebf6931d73888?s=96&d=mm&r=g\",\"caption\":\"SalaStampa.eu, world press service\"}}]}<\/script>\n<!-- \/ Yoast SEO plugin. -->","yoast_head_json":{"title":"Incendio en los garajes de un centro comercial de Londres - ElCanillita.Info","robots":{"index":"index","follow":"follow","max-snippet":"max-snippet:-1","max-image-preview":"max-image-preview:large","max-video-preview":"max-video-preview:-1"},"canonical":"https:\/\/elcanillita.info\/press\/2021\/06\/28\/incendio-garajes-centro-comercial-londres\/","og_locale":"es_ES","og_type":"article","og_title":"Incendio en los garajes de un centro comercial de Londres - ElCanillita.Info","og_description":"Al principio se crey\u00f3 que era polvo de una demolici\u00f3n del centro comercial, pero el fuego se desat\u00f3 literalmente en contados segundos, comentaron personas que trabajan muy cerca del lugar del incendio de Elephant and Castle.","og_url":"https:\/\/elcanillita.info\/press\/2021\/06\/28\/incendio-garajes-centro-comercial-londres\/","og_site_name":"ElCanillita.Info","article_publisher":"https:\/\/ar-ar.facebook.com\/ElCanillitainfo-114249515285712\/","article_published_time":"2021-06-28T17:01:24+00:00","article_modified_time":"2023-04-07T09:46:35+00:00","og_image":[{"width":600,"height":600,"url":"https:\/\/elcanillita.info\/press\/images\/2021\/06\/lonfra.jpg","type":"image\/jpeg"}],"author":"SalaStampa.eu, world press service","twitter_card":"summary_large_image","twitter_misc":{"Escrito por":"SalaStampa.eu, world press service","Tiempo de lectura":"1 minuto"},"schema":{"@context":"https:\/\/schema.org","@graph":[{"@type":"Article","@id":"https:\/\/elcanillita.info\/press\/2021\/06\/28\/incendio-garajes-centro-comercial-londres\/#article","isPartOf":{"@id":"https:\/\/elcanillita.info\/press\/2021\/06\/28\/incendio-garajes-centro-comercial-londres\/"},"author":{"name":"SalaStampa.eu, world press service","@id":"https:\/\/elcanillita.info\/press\/#\/schema\/person\/7fcb79f38045700919f7da6d97e71ba0"},"headline":"Incendio en los garajes de un centro comercial de Londres","datePublished":"2021-06-28T17:01:24+00:00","dateModified":"2023-04-07T09:46:35+00:00","mainEntityOfPage":{"@id":"https:\/\/elcanillita.info\/press\/2021\/06\/28\/incendio-garajes-centro-comercial-londres\/"},"wordCount":169,"publisher":{"@id":"https:\/\/elcanillita.info\/press\/#organization"},"image":{"@id":"https:\/\/elcanillita.info\/press\/2021\/06\/28\/incendio-garajes-centro-comercial-londres\/#primaryimage"},"thumbnailUrl":"https:\/\/elcanillita.info\/press\/images\/2021\/06\/lonfra.jpg","keywords":["Reino Unido"],"articleSection":["Actualidad","Reino Unido"],"inLanguage":"es-AR"},{"@type":"WebPage","@id":"https:\/\/elcanillita.info\/press\/2021\/06\/28\/incendio-garajes-centro-comercial-londres\/","url":"https:\/\/elcanillita.info\/press\/2021\/06\/28\/incendio-garajes-centro-comercial-londres\/","name":"Incendio en los garajes de un centro comercial de Londres - ElCanillita.Info","isPartOf":{"@id":"https:\/\/elcanillita.info\/press\/#website"},"primaryImageOfPage":{"@id":"https:\/\/elcanillita.info\/press\/2021\/06\/28\/incendio-garajes-centro-comercial-londres\/#primaryimage"},"image":{"@id":"https:\/\/elcanillita.info\/press\/2021\/06\/28\/incendio-garajes-centro-comercial-londres\/#primaryimage"},"thumbnailUrl":"https:\/\/elcanillita.info\/press\/images\/2021\/06\/lonfra.jpg","datePublished":"2021-06-28T17:01:24+00:00","dateModified":"2023-04-07T09:46:35+00:00","inLanguage":"es-AR","potentialAction":[{"@type":"ReadAction","target":["https:\/\/elcanillita.info\/press\/2021\/06\/28\/incendio-garajes-centro-comercial-londres\/"]}]},{"@type":"ImageObject","inLanguage":"es-AR","@id":"https:\/\/elcanillita.info\/press\/2021\/06\/28\/incendio-garajes-centro-comercial-londres\/#primaryimage","url":"https:\/\/elcanillita.info\/press\/images\/2021\/06\/lonfra.jpg","contentUrl":"https:\/\/elcanillita.info\/press\/images\/2021\/06\/lonfra.jpg","width":600,"height":600,"caption":"Elephant and Castle,"},{"@type":"WebSite","@id":"https:\/\/elcanillita.info\/press\/#website","url":"https:\/\/elcanillita.info\/press\/","name":"ElCanillita.Info","description":"desde los Apeninos a los Andes","publisher":{"@id":"https:\/\/elcanillita.info\/press\/#organization"},"potentialAction":[{"@type":"SearchAction","target":{"@type":"EntryPoint","urlTemplate":"https:\/\/elcanillita.info\/press\/?s={search_term_string}"},"query-input":{"@type":"PropertyValueSpecification","valueRequired":true,"valueName":"search_term_string"}}],"inLanguage":"es-AR"},{"@type":"Organization","@id":"https:\/\/elcanillita.info\/press\/#organization","name":"Guzzo Photos & Graphic Publications","url":"https:\/\/elcanillita.info\/press\/","logo":{"@type":"ImageObject","inLanguage":"es-AR","@id":"https:\/\/elcanillita.info\/press\/#\/schema\/logo\/image\/","url":"https:\/\/elcanillita.info\/press\/images\/2020\/01\/cropped-cropped-cropped-elcanillitainfo.png","contentUrl":"https:\/\/elcanillita.info\/press\/images\/2020\/01\/cropped-cropped-cropped-elcanillitainfo.png","width":460,"height":50,"caption":"Guzzo Photos & Graphic Publications"},"image":{"@id":"https:\/\/elcanillita.info\/press\/#\/schema\/logo\/image\/"},"sameAs":["https:\/\/ar-ar.facebook.com\/ElCanillitainfo-114249515285712\/"]},{"@type":"Person","@id":"https:\/\/elcanillita.info\/press\/#\/schema\/person\/7fcb79f38045700919f7da6d97e71ba0","name":"SalaStampa.eu, world press service","image":{"@type":"ImageObject","inLanguage":"es-AR","@id":"https:\/\/secure.gravatar.com\/avatar\/c2f0e0d515a107624234994507816ca4724c7199cef73fc8bedebf6931d73888?s=96&d=mm&r=g","url":"https:\/\/secure.gravatar.com\/avatar\/c2f0e0d515a107624234994507816ca4724c7199cef73fc8bedebf6931d73888?s=96&d=mm&r=g","contentUrl":"https:\/\/secure.gravatar.com\/avatar\/c2f0e0d515a107624234994507816ca4724c7199cef73fc8bedebf6931d73888?s=96&d=mm&r=g","caption":"SalaStampa.eu, world press service"}}]}},"views":816,"_links":{"self":[{"href":"https:\/\/elcanillita.info\/press\/wp-json\/wp\/v2\/posts\/1857","targetHints":{"allow":["GET"]}}],"collection":[{"href":"https:\/\/elcanillita.info\/press\/wp-json\/wp\/v2\/posts"}],"about":[{"href":"https:\/\/elcanillita.info\/press\/wp-json\/wp\/v2\/types\/post"}],"author":[{"embeddable":true,"href":"https:\/\/elcanillita.info\/press\/wp-json\/wp\/v2\/users\/1"}],"replies":[{"embeddable":true,"href":"https:\/\/elcanillita.info\/press\/wp-json\/wp\/v2\/comments?post=1857"}],"version-history":[{"count":0,"href":"https:\/\/elcanillita.info\/press\/wp-json\/wp\/v2\/posts\/1857\/revisions"}],"wp:featuredmedia":[{"embeddable":true,"href":"https:\/\/elcanillita.info\/press\/wp-json\/wp\/v2\/media\/1858"}],"wp:attachment":[{"href":"https:\/\/elcanillita.info\/press\/wp-json\/wp\/v2\/media?parent=1857"}],"wp:term":[{"taxonomy":"category","embeddable":true,"href":"https:\/\/elcanillita.info\/press\/wp-json\/wp\/v2\/categories?post=1857"},{"taxonomy":"post_tag","embeddable":true,"href":"https:\/\/elcanillita.info\/press\/wp-json\/wp\/v2\/tags?post=1857"}],"curies":[{"name":"wp","href":"https:\/\/api.w.org\/{rel}","templated":true}]}}