{"id":1804,"date":"2021-06-23T22:09:35","date_gmt":"2021-06-24T01:09:35","guid":{"rendered":"https:\/\/elcanillita.info\/press\/?p=1804"},"modified":"2021-06-25T06:58:17","modified_gmt":"2021-06-25T09:58:17","slug":"vaticano-protesta-contra-proyecto-ley-homofobia","status":"publish","type":"post","link":"https:\/\/elcanillita.info\/press\/2021\/06\/23\/vaticano-protesta-contra-proyecto-ley-homofobia\/","title":{"rendered":"El Vaticano se opone con una protesta sin precedentes contra el proyecto de ley italiana enfrente de la homofobia"},"content":{"rendered":"\n<div class=\"wp-block-image\"><figure class=\"aligncenter size-large\"><img loading=\"lazy\" decoding=\"async\" width=\"600\" height=\"399\" src=\"https:\/\/elcanillita.info\/press\/images\/2021\/06\/vati1.jpg\" alt=\"\" class=\"wp-image-1805\" srcset=\"https:\/\/elcanillita.info\/press\/images\/2021\/06\/vati1.jpg 600w, https:\/\/elcanillita.info\/press\/images\/2021\/06\/vati1-300x200.jpg 300w\" sizes=\"auto, (max-width: 600px) 100vw, 600px\" \/><figcaption><small>El arzobispo brit\u00e1nico Paul Gallagher ministro de Asuntos Exteriores del Vaticano<\/small><\/figcaption><\/figure><\/div>\n\n\n\n<p>El Vaticano ha presentado una injerencia &#8220;sin precedentes&#8221; en la pol\u00edtica italiana al oponerse a una ley que penalizar\u00eda la violencia y el discurso de odio contra los homosexuales y transexuales.<\/p>\n\n\n\n<p>La Santa Sede ha confirmado este martes que ha enviado una protesta diplom\u00e1tica al Gobierno del primer ministro Mario Draghi por el llamado proyecto de ley Zan, que castigar\u00eda los actos de discriminaci\u00f3n e incitaci\u00f3n a la violencia contra gays, lesbianas, transexuales y discapacitados.<\/p>\n\n\n\n<p>El proyecto de ley, promovido por Alessandro Zan, diputado gay del Partido Democr\u00e1tico de centro-izquierda, fue aprobado por la C\u00e1mara Baja del Parlamento en Noviembre.<\/p>\n\n\n\n<p>Ahora pasa por el Senado, donde se enfrenta a la dura resistencia de pol\u00edticos de la derecha, como Matteo Salvini, jefe de la Liga, y Giorgia Meloni, la prometedora l\u00edder de Hermanos de Italia, herederos del movimiento fascista italiano.<\/p>\n\n\n\n<p>El proyecto de ley italiano est\u00e1 impulsado por Alessandro Zan, diputado del Partido Democr\u00e1tico de centro-izquierda<\/p>\n\n\n\n<p>Los conservadores y algunos cat\u00f3licos sostienen que el proyecto de ley ser\u00eda un ataque a la libertad de expresi\u00f3n y que es innecesario porque las leyes existentes ya condenan la homofobia.<\/p>\n\n\n\n<p>Al Vaticano le preocupa que la aprobaci\u00f3n de la ley pueda llevar a la Iglesia Cat\u00f3lica en Italia a ser procesada por negarse a celebrar matrimonios homosexuales, por oponerse a la adopci\u00f3n por parte de parejas homosexuales a trav\u00e9s de instituciones cat\u00f3licas o por negarse a ense\u00f1ar la teor\u00eda de g\u00e9nero en las escuelas cat\u00f3licas.<\/p>\n\n\n\n<p>Pero su decisi\u00f3n de presentar una protesta formal ante Italia, un estado soberano independiente, fue calificada por grupos ateos y asociaciones LGBT, as\u00ed como por la prensa italiana, como &#8220;sin precedentes&#8221;.<\/p>\n\n\n\n<p>La protesta fue enviada la semana pasada por el arzobispo brit\u00e1nico, Paul Gallagher, Secretario para las Relaciones con los Estados y de hecho el ministro de Asuntos Exteriores del Vaticano.<\/p>\n\n\n\n<p>El Vaticano argumenta que el proyecto de ley Zan viola el Concordato, parte de los Pactos de Letr\u00e1n que desde 1929 rigen las relaciones entre Roma y la Santa Sede.<\/p>\n\n\n\n<p>La ley propuesta pondr\u00eda en peligro la &#8220;libertad&#8221; que el tratado garantiza a la Iglesia cat\u00f3lica en Italia, seg\u00fan la nota diplom\u00e1tica.<\/p>\n\n\n\n<p>La Conferencia Episcopal Italiana ya ha protestado contra el proyecto de ley, afirmando que una &#8220;ley destinada a luchar contra la discriminaci\u00f3n no debe perseguir ese objetivo con la intolerancia&#8221;.<\/p>\n\n\n\n<p>El proyecto de ley &#8220;pondr\u00eda en peligro&#8221; principios fundamentales como la libertad de pensamiento y de expresi\u00f3n, declar\u00f3 Cesare Mirabelli, ex presidente del Tribunal Constitucional italiano, a Vatican News, el medio de comunicaci\u00f3n del Vaticano.<\/p>\n\n\n\n<p>Pero el diputado Zan, promotor del proyecto de ley, dijo que las preocupaciones del Vaticano eran infundadas. &#8220;El proyecto de ley no restringe en absoluto la libertad de expresi\u00f3n ni la libertad religiosa&#8221;, escribi\u00f3 en Twitter.<\/p>\n\n\n\n<p>&#8220;Todas las preocupaciones y dudas ser\u00e1n escuchadas, pero no puede haber ninguna injerencia extranjera en el funcionamiento de un parlamento soberano&#8221;.<br><br><small>Copyright \u00a9 2021 ElCanillita.info-Ruben Guzzo-Press Card 59120 ODG-Roma \/ SalaStampa.eu<\/small> <\/p>\n","protected":false},"excerpt":{"rendered":"<p>Acusan a la Santa Sede de inmiscuirse en los asuntos de Italia mientras se debate en el Parlamento de Roma el proyecto de ley contra la homofobia.<\/p>\n","protected":false},"author":1,"featured_media":1806,"comment_status":"closed","ping_status":"closed","sticky":false,"template":"","format":"standard","meta":{"footnotes":"","_links_to":"","_links_to_target":""},"categories":[70,19,5,23,25],"tags":[50,97],"class_list":["post-1804","post","type-post","status-publish","format-standard","has-post-thumbnail","hentry","category-actualidad","category-cultura","category-europa","category-politica","category-sociedad","tag-ciudad-vaticano","tag-santa-sede","entry","double"],"yoast_head":"<!-- This site is optimized with the Yoast SEO plugin v27.5 - https:\/\/yoast.com\/product\/yoast-seo-wordpress\/ -->\n<title>El Vaticano se opone con una protesta sin precedentes contra el proyecto de ley italiana enfrente de la homofobia - ElCanillita.Info<\/title>\n<meta name=\"robots\" content=\"index, follow, max-snippet:-1, max-image-preview:large, max-video-preview:-1\" \/>\n<link rel=\"canonical\" href=\"https:\/\/elcanillita.info\/press\/2021\/06\/23\/vaticano-protesta-contra-proyecto-ley-homofobia\/\" \/>\n<meta property=\"og:locale\" content=\"es_ES\" \/>\n<meta property=\"og:type\" content=\"article\" \/>\n<meta property=\"og:title\" content=\"El Vaticano se opone con una protesta sin precedentes contra el proyecto de ley italiana enfrente de la homofobia - ElCanillita.Info\" \/>\n<meta property=\"og:description\" content=\"Acusan a la Santa Sede de inmiscuirse en los asuntos de Italia mientras se debate en el Parlamento de Roma el proyecto de ley contra la homofobia.\" \/>\n<meta property=\"og:url\" content=\"https:\/\/elcanillita.info\/press\/2021\/06\/23\/vaticano-protesta-contra-proyecto-ley-homofobia\/\" \/>\n<meta property=\"og:site_name\" content=\"ElCanillita.Info\" \/>\n<meta property=\"article:publisher\" content=\"https:\/\/ar-ar.facebook.com\/ElCanillitainfo-114249515285712\/\" \/>\n<meta property=\"article:published_time\" content=\"2021-06-24T01:09:35+00:00\" \/>\n<meta property=\"article:modified_time\" content=\"2021-06-25T09:58:17+00:00\" \/>\n<meta property=\"og:image\" content=\"https:\/\/elcanillita.info\/press\/images\/2021\/06\/vati3.jpg\" \/>\n\t<meta property=\"og:image:width\" content=\"600\" \/>\n\t<meta property=\"og:image:height\" content=\"375\" \/>\n\t<meta property=\"og:image:type\" content=\"image\/jpeg\" \/>\n<meta name=\"author\" content=\"SalaStampa.eu, world press service\" \/>\n<meta name=\"twitter:card\" content=\"summary_large_image\" \/>\n<meta name=\"twitter:label1\" content=\"Escrito por\" \/>\n\t<meta name=\"twitter:data1\" content=\"SalaStampa.eu, world press service\" \/>\n\t<meta name=\"twitter:label2\" content=\"Tiempo de lectura\" \/>\n\t<meta name=\"twitter:data2\" content=\"3 minutos\" \/>\n<script type=\"application\/ld+json\" class=\"yoast-schema-graph\">{\"@context\":\"https:\\\/\\\/schema.org\",\"@graph\":[{\"@type\":\"Article\",\"@id\":\"https:\\\/\\\/elcanillita.info\\\/press\\\/2021\\\/06\\\/23\\\/vaticano-protesta-contra-proyecto-ley-homofobia\\\/#article\",\"isPartOf\":{\"@id\":\"https:\\\/\\\/elcanillita.info\\\/press\\\/2021\\\/06\\\/23\\\/vaticano-protesta-contra-proyecto-ley-homofobia\\\/\"},\"author\":{\"name\":\"SalaStampa.eu, world press service\",\"@id\":\"https:\\\/\\\/elcanillita.info\\\/press\\\/#\\\/schema\\\/person\\\/7fcb79f38045700919f7da6d97e71ba0\"},\"headline\":\"El Vaticano se opone con una protesta sin precedentes contra el proyecto de ley italiana enfrente de la homofobia\",\"datePublished\":\"2021-06-24T01:09:35+00:00\",\"dateModified\":\"2021-06-25T09:58:17+00:00\",\"mainEntityOfPage\":{\"@id\":\"https:\\\/\\\/elcanillita.info\\\/press\\\/2021\\\/06\\\/23\\\/vaticano-protesta-contra-proyecto-ley-homofobia\\\/\"},\"wordCount\":550,\"publisher\":{\"@id\":\"https:\\\/\\\/elcanillita.info\\\/press\\\/#organization\"},\"image\":{\"@id\":\"https:\\\/\\\/elcanillita.info\\\/press\\\/2021\\\/06\\\/23\\\/vaticano-protesta-contra-proyecto-ley-homofobia\\\/#primaryimage\"},\"thumbnailUrl\":\"https:\\\/\\\/elcanillita.info\\\/press\\\/images\\\/2021\\\/06\\\/vati3.jpg\",\"keywords\":[\"Ciudad del Vaticano\",\"Santa Sede\"],\"articleSection\":[\"Actualidad\",\"Cultura\",\"Europa\",\"Politica\",\"Sociedad\"],\"inLanguage\":\"es-AR\"},{\"@type\":\"WebPage\",\"@id\":\"https:\\\/\\\/elcanillita.info\\\/press\\\/2021\\\/06\\\/23\\\/vaticano-protesta-contra-proyecto-ley-homofobia\\\/\",\"url\":\"https:\\\/\\\/elcanillita.info\\\/press\\\/2021\\\/06\\\/23\\\/vaticano-protesta-contra-proyecto-ley-homofobia\\\/\",\"name\":\"El Vaticano se opone con una protesta sin precedentes contra el proyecto de ley italiana enfrente de la homofobia - ElCanillita.Info\",\"isPartOf\":{\"@id\":\"https:\\\/\\\/elcanillita.info\\\/press\\\/#website\"},\"primaryImageOfPage\":{\"@id\":\"https:\\\/\\\/elcanillita.info\\\/press\\\/2021\\\/06\\\/23\\\/vaticano-protesta-contra-proyecto-ley-homofobia\\\/#primaryimage\"},\"image\":{\"@id\":\"https:\\\/\\\/elcanillita.info\\\/press\\\/2021\\\/06\\\/23\\\/vaticano-protesta-contra-proyecto-ley-homofobia\\\/#primaryimage\"},\"thumbnailUrl\":\"https:\\\/\\\/elcanillita.info\\\/press\\\/images\\\/2021\\\/06\\\/vati3.jpg\",\"datePublished\":\"2021-06-24T01:09:35+00:00\",\"dateModified\":\"2021-06-25T09:58:17+00:00\",\"inLanguage\":\"es-AR\",\"potentialAction\":[{\"@type\":\"ReadAction\",\"target\":[\"https:\\\/\\\/elcanillita.info\\\/press\\\/2021\\\/06\\\/23\\\/vaticano-protesta-contra-proyecto-ley-homofobia\\\/\"]}]},{\"@type\":\"ImageObject\",\"inLanguage\":\"es-AR\",\"@id\":\"https:\\\/\\\/elcanillita.info\\\/press\\\/2021\\\/06\\\/23\\\/vaticano-protesta-contra-proyecto-ley-homofobia\\\/#primaryimage\",\"url\":\"https:\\\/\\\/elcanillita.info\\\/press\\\/images\\\/2021\\\/06\\\/vati3.jpg\",\"contentUrl\":\"https:\\\/\\\/elcanillita.info\\\/press\\\/images\\\/2021\\\/06\\\/vati3.jpg\",\"width\":600,\"height\":375},{\"@type\":\"WebSite\",\"@id\":\"https:\\\/\\\/elcanillita.info\\\/press\\\/#website\",\"url\":\"https:\\\/\\\/elcanillita.info\\\/press\\\/\",\"name\":\"ElCanillita.Info\",\"description\":\"desde los Apeninos a los Andes\",\"publisher\":{\"@id\":\"https:\\\/\\\/elcanillita.info\\\/press\\\/#organization\"},\"potentialAction\":[{\"@type\":\"SearchAction\",\"target\":{\"@type\":\"EntryPoint\",\"urlTemplate\":\"https:\\\/\\\/elcanillita.info\\\/press\\\/?s={search_term_string}\"},\"query-input\":{\"@type\":\"PropertyValueSpecification\",\"valueRequired\":true,\"valueName\":\"search_term_string\"}}],\"inLanguage\":\"es-AR\"},{\"@type\":\"Organization\",\"@id\":\"https:\\\/\\\/elcanillita.info\\\/press\\\/#organization\",\"name\":\"Guzzo Photos & Graphic Publications\",\"url\":\"https:\\\/\\\/elcanillita.info\\\/press\\\/\",\"logo\":{\"@type\":\"ImageObject\",\"inLanguage\":\"es-AR\",\"@id\":\"https:\\\/\\\/elcanillita.info\\\/press\\\/#\\\/schema\\\/logo\\\/image\\\/\",\"url\":\"https:\\\/\\\/elcanillita.info\\\/press\\\/images\\\/2020\\\/01\\\/cropped-cropped-cropped-elcanillitainfo.png\",\"contentUrl\":\"https:\\\/\\\/elcanillita.info\\\/press\\\/images\\\/2020\\\/01\\\/cropped-cropped-cropped-elcanillitainfo.png\",\"width\":460,\"height\":50,\"caption\":\"Guzzo Photos & Graphic Publications\"},\"image\":{\"@id\":\"https:\\\/\\\/elcanillita.info\\\/press\\\/#\\\/schema\\\/logo\\\/image\\\/\"},\"sameAs\":[\"https:\\\/\\\/ar-ar.facebook.com\\\/ElCanillitainfo-114249515285712\\\/\"]},{\"@type\":\"Person\",\"@id\":\"https:\\\/\\\/elcanillita.info\\\/press\\\/#\\\/schema\\\/person\\\/7fcb79f38045700919f7da6d97e71ba0\",\"name\":\"SalaStampa.eu, world press service\",\"image\":{\"@type\":\"ImageObject\",\"inLanguage\":\"es-AR\",\"@id\":\"https:\\\/\\\/secure.gravatar.com\\\/avatar\\\/c2f0e0d515a107624234994507816ca4724c7199cef73fc8bedebf6931d73888?s=96&d=mm&r=g\",\"url\":\"https:\\\/\\\/secure.gravatar.com\\\/avatar\\\/c2f0e0d515a107624234994507816ca4724c7199cef73fc8bedebf6931d73888?s=96&d=mm&r=g\",\"contentUrl\":\"https:\\\/\\\/secure.gravatar.com\\\/avatar\\\/c2f0e0d515a107624234994507816ca4724c7199cef73fc8bedebf6931d73888?s=96&d=mm&r=g\",\"caption\":\"SalaStampa.eu, world press service\"}}]}<\/script>\n<!-- \/ Yoast SEO plugin. -->","yoast_head_json":{"title":"El Vaticano se opone con una protesta sin precedentes contra el proyecto de ley italiana enfrente de la homofobia - ElCanillita.Info","robots":{"index":"index","follow":"follow","max-snippet":"max-snippet:-1","max-image-preview":"max-image-preview:large","max-video-preview":"max-video-preview:-1"},"canonical":"https:\/\/elcanillita.info\/press\/2021\/06\/23\/vaticano-protesta-contra-proyecto-ley-homofobia\/","og_locale":"es_ES","og_type":"article","og_title":"El Vaticano se opone con una protesta sin precedentes contra el proyecto de ley italiana enfrente de la homofobia - ElCanillita.Info","og_description":"Acusan a la Santa Sede de inmiscuirse en los asuntos de Italia mientras se debate en el Parlamento de Roma el proyecto de ley contra la homofobia.","og_url":"https:\/\/elcanillita.info\/press\/2021\/06\/23\/vaticano-protesta-contra-proyecto-ley-homofobia\/","og_site_name":"ElCanillita.Info","article_publisher":"https:\/\/ar-ar.facebook.com\/ElCanillitainfo-114249515285712\/","article_published_time":"2021-06-24T01:09:35+00:00","article_modified_time":"2021-06-25T09:58:17+00:00","og_image":[{"width":600,"height":375,"url":"https:\/\/elcanillita.info\/press\/images\/2021\/06\/vati3.jpg","type":"image\/jpeg"}],"author":"SalaStampa.eu, world press service","twitter_card":"summary_large_image","twitter_misc":{"Escrito por":"SalaStampa.eu, world press service","Tiempo de lectura":"3 minutos"},"schema":{"@context":"https:\/\/schema.org","@graph":[{"@type":"Article","@id":"https:\/\/elcanillita.info\/press\/2021\/06\/23\/vaticano-protesta-contra-proyecto-ley-homofobia\/#article","isPartOf":{"@id":"https:\/\/elcanillita.info\/press\/2021\/06\/23\/vaticano-protesta-contra-proyecto-ley-homofobia\/"},"author":{"name":"SalaStampa.eu, world press service","@id":"https:\/\/elcanillita.info\/press\/#\/schema\/person\/7fcb79f38045700919f7da6d97e71ba0"},"headline":"El Vaticano se opone con una protesta sin precedentes contra el proyecto de ley italiana enfrente de la homofobia","datePublished":"2021-06-24T01:09:35+00:00","dateModified":"2021-06-25T09:58:17+00:00","mainEntityOfPage":{"@id":"https:\/\/elcanillita.info\/press\/2021\/06\/23\/vaticano-protesta-contra-proyecto-ley-homofobia\/"},"wordCount":550,"publisher":{"@id":"https:\/\/elcanillita.info\/press\/#organization"},"image":{"@id":"https:\/\/elcanillita.info\/press\/2021\/06\/23\/vaticano-protesta-contra-proyecto-ley-homofobia\/#primaryimage"},"thumbnailUrl":"https:\/\/elcanillita.info\/press\/images\/2021\/06\/vati3.jpg","keywords":["Ciudad del Vaticano","Santa Sede"],"articleSection":["Actualidad","Cultura","Europa","Politica","Sociedad"],"inLanguage":"es-AR"},{"@type":"WebPage","@id":"https:\/\/elcanillita.info\/press\/2021\/06\/23\/vaticano-protesta-contra-proyecto-ley-homofobia\/","url":"https:\/\/elcanillita.info\/press\/2021\/06\/23\/vaticano-protesta-contra-proyecto-ley-homofobia\/","name":"El Vaticano se opone con una protesta sin precedentes contra el proyecto de ley italiana enfrente de la homofobia - ElCanillita.Info","isPartOf":{"@id":"https:\/\/elcanillita.info\/press\/#website"},"primaryImageOfPage":{"@id":"https:\/\/elcanillita.info\/press\/2021\/06\/23\/vaticano-protesta-contra-proyecto-ley-homofobia\/#primaryimage"},"image":{"@id":"https:\/\/elcanillita.info\/press\/2021\/06\/23\/vaticano-protesta-contra-proyecto-ley-homofobia\/#primaryimage"},"thumbnailUrl":"https:\/\/elcanillita.info\/press\/images\/2021\/06\/vati3.jpg","datePublished":"2021-06-24T01:09:35+00:00","dateModified":"2021-06-25T09:58:17+00:00","inLanguage":"es-AR","potentialAction":[{"@type":"ReadAction","target":["https:\/\/elcanillita.info\/press\/2021\/06\/23\/vaticano-protesta-contra-proyecto-ley-homofobia\/"]}]},{"@type":"ImageObject","inLanguage":"es-AR","@id":"https:\/\/elcanillita.info\/press\/2021\/06\/23\/vaticano-protesta-contra-proyecto-ley-homofobia\/#primaryimage","url":"https:\/\/elcanillita.info\/press\/images\/2021\/06\/vati3.jpg","contentUrl":"https:\/\/elcanillita.info\/press\/images\/2021\/06\/vati3.jpg","width":600,"height":375},{"@type":"WebSite","@id":"https:\/\/elcanillita.info\/press\/#website","url":"https:\/\/elcanillita.info\/press\/","name":"ElCanillita.Info","description":"desde los Apeninos a los Andes","publisher":{"@id":"https:\/\/elcanillita.info\/press\/#organization"},"potentialAction":[{"@type":"SearchAction","target":{"@type":"EntryPoint","urlTemplate":"https:\/\/elcanillita.info\/press\/?s={search_term_string}"},"query-input":{"@type":"PropertyValueSpecification","valueRequired":true,"valueName":"search_term_string"}}],"inLanguage":"es-AR"},{"@type":"Organization","@id":"https:\/\/elcanillita.info\/press\/#organization","name":"Guzzo Photos & Graphic Publications","url":"https:\/\/elcanillita.info\/press\/","logo":{"@type":"ImageObject","inLanguage":"es-AR","@id":"https:\/\/elcanillita.info\/press\/#\/schema\/logo\/image\/","url":"https:\/\/elcanillita.info\/press\/images\/2020\/01\/cropped-cropped-cropped-elcanillitainfo.png","contentUrl":"https:\/\/elcanillita.info\/press\/images\/2020\/01\/cropped-cropped-cropped-elcanillitainfo.png","width":460,"height":50,"caption":"Guzzo Photos & Graphic Publications"},"image":{"@id":"https:\/\/elcanillita.info\/press\/#\/schema\/logo\/image\/"},"sameAs":["https:\/\/ar-ar.facebook.com\/ElCanillitainfo-114249515285712\/"]},{"@type":"Person","@id":"https:\/\/elcanillita.info\/press\/#\/schema\/person\/7fcb79f38045700919f7da6d97e71ba0","name":"SalaStampa.eu, world press service","image":{"@type":"ImageObject","inLanguage":"es-AR","@id":"https:\/\/secure.gravatar.com\/avatar\/c2f0e0d515a107624234994507816ca4724c7199cef73fc8bedebf6931d73888?s=96&d=mm&r=g","url":"https:\/\/secure.gravatar.com\/avatar\/c2f0e0d515a107624234994507816ca4724c7199cef73fc8bedebf6931d73888?s=96&d=mm&r=g","contentUrl":"https:\/\/secure.gravatar.com\/avatar\/c2f0e0d515a107624234994507816ca4724c7199cef73fc8bedebf6931d73888?s=96&d=mm&r=g","caption":"SalaStampa.eu, world press service"}}]}},"views":770,"_links":{"self":[{"href":"https:\/\/elcanillita.info\/press\/wp-json\/wp\/v2\/posts\/1804","targetHints":{"allow":["GET"]}}],"collection":[{"href":"https:\/\/elcanillita.info\/press\/wp-json\/wp\/v2\/posts"}],"about":[{"href":"https:\/\/elcanillita.info\/press\/wp-json\/wp\/v2\/types\/post"}],"author":[{"embeddable":true,"href":"https:\/\/elcanillita.info\/press\/wp-json\/wp\/v2\/users\/1"}],"replies":[{"embeddable":true,"href":"https:\/\/elcanillita.info\/press\/wp-json\/wp\/v2\/comments?post=1804"}],"version-history":[{"count":0,"href":"https:\/\/elcanillita.info\/press\/wp-json\/wp\/v2\/posts\/1804\/revisions"}],"wp:featuredmedia":[{"embeddable":true,"href":"https:\/\/elcanillita.info\/press\/wp-json\/wp\/v2\/media\/1806"}],"wp:attachment":[{"href":"https:\/\/elcanillita.info\/press\/wp-json\/wp\/v2\/media?parent=1804"}],"wp:term":[{"taxonomy":"category","embeddable":true,"href":"https:\/\/elcanillita.info\/press\/wp-json\/wp\/v2\/categories?post=1804"},{"taxonomy":"post_tag","embeddable":true,"href":"https:\/\/elcanillita.info\/press\/wp-json\/wp\/v2\/tags?post=1804"}],"curies":[{"name":"wp","href":"https:\/\/api.w.org\/{rel}","templated":true}]}}