{"id":1800,"date":"2021-06-22T15:16:26","date_gmt":"2021-06-22T18:16:26","guid":{"rendered":"https:\/\/elcanillita.info\/press\/?p=1800"},"modified":"2021-06-22T15:16:28","modified_gmt":"2021-06-22T18:16:28","slug":"la-variante-delta-podria-ser-una-amenaza-en-ee-uu-este-otono","status":"publish","type":"post","link":"https:\/\/elcanillita.info\/press\/2021\/06\/22\/la-variante-delta-podria-ser-una-amenaza-en-ee-uu-este-otono\/","title":{"rendered":"La variante Delta podr\u00eda ser una amenaza en EE. UU. este oto\u00f1o"},"content":{"rendered":"\n<figure class=\"wp-block-video\"><video controls src=\"http:\/\/elcanillita.info\/press\/images\/2021\/06\/Oto\u00f1o EEUU.mp4\"><\/video><\/figure>\n\n\n\n<p>Ahora que m\u00e1s de 170 millones de estadounidenses han recibido al menos una dosis de la vacuna contra el COVID-19, los expertos ven el verano en Estados Unidos con mucho optimismo. Sin embargo, como informa Iacopo Luzi de la Voz de Am\u00e9rica, preocupa que la peligrosa variante Delta complique el escenario cuando vuelva el fr\u00edo.<br><br>\n<small>2021 \u00a9 SalaStampa.Eu affiliate with USAGM \/ BBG  &#8211; Reprinted by ElCanillita.Info with the permission of  VOA \/ USAGM<\/small><\/p>\n","protected":false},"excerpt":{"rendered":"<p>Ahora que m\u00e1s de 170 millones de estadounidenses han recibido al menos una dosis de la vacuna contra el COVID-19, los expertos ven el verano en Estados Unidos con mucho optimismo.<\/p>\n","protected":false},"author":1,"featured_media":1801,"comment_status":"closed","ping_status":"closed","sticky":false,"template":"","format":"standard","meta":{"footnotes":"","_links_to":"","_links_to_target":""},"categories":[70,9,12,78,25],"tags":[34,35],"class_list":["post-1800","post","type-post","status-publish","format-standard","has-post-thumbnail","hentry","category-actualidad","category-america-del-norte","category-audiovisuales","category-sanidad","category-sociedad","tag-estados-unidos","tag-mundo","entry","double"],"yoast_head":"<!-- This site is optimized with the Yoast SEO plugin v27.4 - https:\/\/yoast.com\/product\/yoast-seo-wordpress\/ -->\n<title>La variante Delta podr\u00eda ser una amenaza en EE. UU. este oto\u00f1o - ElCanillita.Info<\/title>\n<meta name=\"robots\" content=\"index, follow, max-snippet:-1, max-image-preview:large, max-video-preview:-1\" \/>\n<link rel=\"canonical\" href=\"https:\/\/elcanillita.info\/press\/2021\/06\/22\/la-variante-delta-podria-ser-una-amenaza-en-ee-uu-este-otono\/\" \/>\n<meta property=\"og:locale\" content=\"es_ES\" \/>\n<meta property=\"og:type\" content=\"article\" \/>\n<meta property=\"og:title\" content=\"La variante Delta podr\u00eda ser una amenaza en EE. UU. este oto\u00f1o - ElCanillita.Info\" \/>\n<meta property=\"og:description\" content=\"Ahora que m\u00e1s de 170 millones de estadounidenses han recibido al menos una dosis de la vacuna contra el COVID-19, los expertos ven el verano en Estados Unidos con mucho optimismo.\" \/>\n<meta property=\"og:url\" content=\"https:\/\/elcanillita.info\/press\/2021\/06\/22\/la-variante-delta-podria-ser-una-amenaza-en-ee-uu-este-otono\/\" \/>\n<meta property=\"og:site_name\" content=\"ElCanillita.Info\" \/>\n<meta property=\"article:publisher\" content=\"https:\/\/ar-ar.facebook.com\/ElCanillitainfo-114249515285712\/\" \/>\n<meta property=\"article:published_time\" content=\"2021-06-22T18:16:26+00:00\" \/>\n<meta property=\"article:modified_time\" content=\"2021-06-22T18:16:28+00:00\" \/>\n<meta property=\"og:image\" content=\"https:\/\/elcanillita.info\/press\/images\/2021\/06\/washington.jpg\" \/>\n\t<meta property=\"og:image:width\" content=\"600\" \/>\n\t<meta property=\"og:image:height\" content=\"400\" \/>\n\t<meta property=\"og:image:type\" content=\"image\/jpeg\" \/>\n<meta name=\"author\" content=\"SalaStampa.eu, world press service\" \/>\n<meta name=\"twitter:card\" content=\"summary_large_image\" \/>\n<meta name=\"twitter:label1\" content=\"Escrito por\" \/>\n\t<meta name=\"twitter:data1\" content=\"SalaStampa.eu, world press service\" \/>\n\t<meta name=\"twitter:label2\" content=\"Tiempo de lectura\" \/>\n\t<meta name=\"twitter:data2\" content=\"1 minuto\" \/>\n<script type=\"application\/ld+json\" class=\"yoast-schema-graph\">{\"@context\":\"https:\\\/\\\/schema.org\",\"@graph\":[{\"@type\":\"Article\",\"@id\":\"https:\\\/\\\/elcanillita.info\\\/press\\\/2021\\\/06\\\/22\\\/la-variante-delta-podria-ser-una-amenaza-en-ee-uu-este-otono\\\/#article\",\"isPartOf\":{\"@id\":\"https:\\\/\\\/elcanillita.info\\\/press\\\/2021\\\/06\\\/22\\\/la-variante-delta-podria-ser-una-amenaza-en-ee-uu-este-otono\\\/\"},\"author\":{\"name\":\"SalaStampa.eu, world press service\",\"@id\":\"https:\\\/\\\/elcanillita.info\\\/press\\\/#\\\/schema\\\/person\\\/7fcb79f38045700919f7da6d97e71ba0\"},\"headline\":\"La variante Delta podr\u00eda ser una amenaza en EE. UU. este oto\u00f1o\",\"datePublished\":\"2021-06-22T18:16:26+00:00\",\"dateModified\":\"2021-06-22T18:16:28+00:00\",\"mainEntityOfPage\":{\"@id\":\"https:\\\/\\\/elcanillita.info\\\/press\\\/2021\\\/06\\\/22\\\/la-variante-delta-podria-ser-una-amenaza-en-ee-uu-este-otono\\\/\"},\"wordCount\":88,\"publisher\":{\"@id\":\"https:\\\/\\\/elcanillita.info\\\/press\\\/#organization\"},\"image\":{\"@id\":\"https:\\\/\\\/elcanillita.info\\\/press\\\/2021\\\/06\\\/22\\\/la-variante-delta-podria-ser-una-amenaza-en-ee-uu-este-otono\\\/#primaryimage\"},\"thumbnailUrl\":\"https:\\\/\\\/elcanillita.info\\\/press\\\/images\\\/2021\\\/06\\\/washington.jpg\",\"keywords\":[\"Estados Unidos\",\"MUNDO\"],\"articleSection\":[\"Actualidad\",\"Am\u00e9rica del Norte\",\"audiovisuales\",\"Sanidad\",\"Sociedad\"],\"inLanguage\":\"es-AR\"},{\"@type\":\"WebPage\",\"@id\":\"https:\\\/\\\/elcanillita.info\\\/press\\\/2021\\\/06\\\/22\\\/la-variante-delta-podria-ser-una-amenaza-en-ee-uu-este-otono\\\/\",\"url\":\"https:\\\/\\\/elcanillita.info\\\/press\\\/2021\\\/06\\\/22\\\/la-variante-delta-podria-ser-una-amenaza-en-ee-uu-este-otono\\\/\",\"name\":\"La variante Delta podr\u00eda ser una amenaza en EE. UU. este oto\u00f1o - ElCanillita.Info\",\"isPartOf\":{\"@id\":\"https:\\\/\\\/elcanillita.info\\\/press\\\/#website\"},\"primaryImageOfPage\":{\"@id\":\"https:\\\/\\\/elcanillita.info\\\/press\\\/2021\\\/06\\\/22\\\/la-variante-delta-podria-ser-una-amenaza-en-ee-uu-este-otono\\\/#primaryimage\"},\"image\":{\"@id\":\"https:\\\/\\\/elcanillita.info\\\/press\\\/2021\\\/06\\\/22\\\/la-variante-delta-podria-ser-una-amenaza-en-ee-uu-este-otono\\\/#primaryimage\"},\"thumbnailUrl\":\"https:\\\/\\\/elcanillita.info\\\/press\\\/images\\\/2021\\\/06\\\/washington.jpg\",\"datePublished\":\"2021-06-22T18:16:26+00:00\",\"dateModified\":\"2021-06-22T18:16:28+00:00\",\"inLanguage\":\"es-AR\",\"potentialAction\":[{\"@type\":\"ReadAction\",\"target\":[\"https:\\\/\\\/elcanillita.info\\\/press\\\/2021\\\/06\\\/22\\\/la-variante-delta-podria-ser-una-amenaza-en-ee-uu-este-otono\\\/\"]}]},{\"@type\":\"ImageObject\",\"inLanguage\":\"es-AR\",\"@id\":\"https:\\\/\\\/elcanillita.info\\\/press\\\/2021\\\/06\\\/22\\\/la-variante-delta-podria-ser-una-amenaza-en-ee-uu-este-otono\\\/#primaryimage\",\"url\":\"https:\\\/\\\/elcanillita.info\\\/press\\\/images\\\/2021\\\/06\\\/washington.jpg\",\"contentUrl\":\"https:\\\/\\\/elcanillita.info\\\/press\\\/images\\\/2021\\\/06\\\/washington.jpg\",\"width\":600,\"height\":400},{\"@type\":\"WebSite\",\"@id\":\"https:\\\/\\\/elcanillita.info\\\/press\\\/#website\",\"url\":\"https:\\\/\\\/elcanillita.info\\\/press\\\/\",\"name\":\"ElCanillita.Info\",\"description\":\"desde los Apeninos a los Andes\",\"publisher\":{\"@id\":\"https:\\\/\\\/elcanillita.info\\\/press\\\/#organization\"},\"potentialAction\":[{\"@type\":\"SearchAction\",\"target\":{\"@type\":\"EntryPoint\",\"urlTemplate\":\"https:\\\/\\\/elcanillita.info\\\/press\\\/?s={search_term_string}\"},\"query-input\":{\"@type\":\"PropertyValueSpecification\",\"valueRequired\":true,\"valueName\":\"search_term_string\"}}],\"inLanguage\":\"es-AR\"},{\"@type\":\"Organization\",\"@id\":\"https:\\\/\\\/elcanillita.info\\\/press\\\/#organization\",\"name\":\"Guzzo Photos & Graphic Publications\",\"url\":\"https:\\\/\\\/elcanillita.info\\\/press\\\/\",\"logo\":{\"@type\":\"ImageObject\",\"inLanguage\":\"es-AR\",\"@id\":\"https:\\\/\\\/elcanillita.info\\\/press\\\/#\\\/schema\\\/logo\\\/image\\\/\",\"url\":\"https:\\\/\\\/elcanillita.info\\\/press\\\/images\\\/2020\\\/01\\\/cropped-cropped-cropped-elcanillitainfo.png\",\"contentUrl\":\"https:\\\/\\\/elcanillita.info\\\/press\\\/images\\\/2020\\\/01\\\/cropped-cropped-cropped-elcanillitainfo.png\",\"width\":460,\"height\":50,\"caption\":\"Guzzo Photos & Graphic Publications\"},\"image\":{\"@id\":\"https:\\\/\\\/elcanillita.info\\\/press\\\/#\\\/schema\\\/logo\\\/image\\\/\"},\"sameAs\":[\"https:\\\/\\\/ar-ar.facebook.com\\\/ElCanillitainfo-114249515285712\\\/\"]},{\"@type\":\"Person\",\"@id\":\"https:\\\/\\\/elcanillita.info\\\/press\\\/#\\\/schema\\\/person\\\/7fcb79f38045700919f7da6d97e71ba0\",\"name\":\"SalaStampa.eu, world press service\",\"image\":{\"@type\":\"ImageObject\",\"inLanguage\":\"es-AR\",\"@id\":\"https:\\\/\\\/secure.gravatar.com\\\/avatar\\\/c2f0e0d515a107624234994507816ca4724c7199cef73fc8bedebf6931d73888?s=96&d=mm&r=g\",\"url\":\"https:\\\/\\\/secure.gravatar.com\\\/avatar\\\/c2f0e0d515a107624234994507816ca4724c7199cef73fc8bedebf6931d73888?s=96&d=mm&r=g\",\"contentUrl\":\"https:\\\/\\\/secure.gravatar.com\\\/avatar\\\/c2f0e0d515a107624234994507816ca4724c7199cef73fc8bedebf6931d73888?s=96&d=mm&r=g\",\"caption\":\"SalaStampa.eu, world press service\"}}]}<\/script>\n<!-- \/ Yoast SEO plugin. -->","yoast_head_json":{"title":"La variante Delta podr\u00eda ser una amenaza en EE. UU. este oto\u00f1o - ElCanillita.Info","robots":{"index":"index","follow":"follow","max-snippet":"max-snippet:-1","max-image-preview":"max-image-preview:large","max-video-preview":"max-video-preview:-1"},"canonical":"https:\/\/elcanillita.info\/press\/2021\/06\/22\/la-variante-delta-podria-ser-una-amenaza-en-ee-uu-este-otono\/","og_locale":"es_ES","og_type":"article","og_title":"La variante Delta podr\u00eda ser una amenaza en EE. UU. este oto\u00f1o - ElCanillita.Info","og_description":"Ahora que m\u00e1s de 170 millones de estadounidenses han recibido al menos una dosis de la vacuna contra el COVID-19, los expertos ven el verano en Estados Unidos con mucho optimismo.","og_url":"https:\/\/elcanillita.info\/press\/2021\/06\/22\/la-variante-delta-podria-ser-una-amenaza-en-ee-uu-este-otono\/","og_site_name":"ElCanillita.Info","article_publisher":"https:\/\/ar-ar.facebook.com\/ElCanillitainfo-114249515285712\/","article_published_time":"2021-06-22T18:16:26+00:00","article_modified_time":"2021-06-22T18:16:28+00:00","og_image":[{"width":600,"height":400,"url":"https:\/\/elcanillita.info\/press\/images\/2021\/06\/washington.jpg","type":"image\/jpeg"}],"author":"SalaStampa.eu, world press service","twitter_card":"summary_large_image","twitter_misc":{"Escrito por":"SalaStampa.eu, world press service","Tiempo de lectura":"1 minuto"},"schema":{"@context":"https:\/\/schema.org","@graph":[{"@type":"Article","@id":"https:\/\/elcanillita.info\/press\/2021\/06\/22\/la-variante-delta-podria-ser-una-amenaza-en-ee-uu-este-otono\/#article","isPartOf":{"@id":"https:\/\/elcanillita.info\/press\/2021\/06\/22\/la-variante-delta-podria-ser-una-amenaza-en-ee-uu-este-otono\/"},"author":{"name":"SalaStampa.eu, world press service","@id":"https:\/\/elcanillita.info\/press\/#\/schema\/person\/7fcb79f38045700919f7da6d97e71ba0"},"headline":"La variante Delta podr\u00eda ser una amenaza en EE. UU. este oto\u00f1o","datePublished":"2021-06-22T18:16:26+00:00","dateModified":"2021-06-22T18:16:28+00:00","mainEntityOfPage":{"@id":"https:\/\/elcanillita.info\/press\/2021\/06\/22\/la-variante-delta-podria-ser-una-amenaza-en-ee-uu-este-otono\/"},"wordCount":88,"publisher":{"@id":"https:\/\/elcanillita.info\/press\/#organization"},"image":{"@id":"https:\/\/elcanillita.info\/press\/2021\/06\/22\/la-variante-delta-podria-ser-una-amenaza-en-ee-uu-este-otono\/#primaryimage"},"thumbnailUrl":"https:\/\/elcanillita.info\/press\/images\/2021\/06\/washington.jpg","keywords":["Estados Unidos","MUNDO"],"articleSection":["Actualidad","Am\u00e9rica del Norte","audiovisuales","Sanidad","Sociedad"],"inLanguage":"es-AR"},{"@type":"WebPage","@id":"https:\/\/elcanillita.info\/press\/2021\/06\/22\/la-variante-delta-podria-ser-una-amenaza-en-ee-uu-este-otono\/","url":"https:\/\/elcanillita.info\/press\/2021\/06\/22\/la-variante-delta-podria-ser-una-amenaza-en-ee-uu-este-otono\/","name":"La variante Delta podr\u00eda ser una amenaza en EE. UU. este oto\u00f1o - ElCanillita.Info","isPartOf":{"@id":"https:\/\/elcanillita.info\/press\/#website"},"primaryImageOfPage":{"@id":"https:\/\/elcanillita.info\/press\/2021\/06\/22\/la-variante-delta-podria-ser-una-amenaza-en-ee-uu-este-otono\/#primaryimage"},"image":{"@id":"https:\/\/elcanillita.info\/press\/2021\/06\/22\/la-variante-delta-podria-ser-una-amenaza-en-ee-uu-este-otono\/#primaryimage"},"thumbnailUrl":"https:\/\/elcanillita.info\/press\/images\/2021\/06\/washington.jpg","datePublished":"2021-06-22T18:16:26+00:00","dateModified":"2021-06-22T18:16:28+00:00","inLanguage":"es-AR","potentialAction":[{"@type":"ReadAction","target":["https:\/\/elcanillita.info\/press\/2021\/06\/22\/la-variante-delta-podria-ser-una-amenaza-en-ee-uu-este-otono\/"]}]},{"@type":"ImageObject","inLanguage":"es-AR","@id":"https:\/\/elcanillita.info\/press\/2021\/06\/22\/la-variante-delta-podria-ser-una-amenaza-en-ee-uu-este-otono\/#primaryimage","url":"https:\/\/elcanillita.info\/press\/images\/2021\/06\/washington.jpg","contentUrl":"https:\/\/elcanillita.info\/press\/images\/2021\/06\/washington.jpg","width":600,"height":400},{"@type":"WebSite","@id":"https:\/\/elcanillita.info\/press\/#website","url":"https:\/\/elcanillita.info\/press\/","name":"ElCanillita.Info","description":"desde los Apeninos a los Andes","publisher":{"@id":"https:\/\/elcanillita.info\/press\/#organization"},"potentialAction":[{"@type":"SearchAction","target":{"@type":"EntryPoint","urlTemplate":"https:\/\/elcanillita.info\/press\/?s={search_term_string}"},"query-input":{"@type":"PropertyValueSpecification","valueRequired":true,"valueName":"search_term_string"}}],"inLanguage":"es-AR"},{"@type":"Organization","@id":"https:\/\/elcanillita.info\/press\/#organization","name":"Guzzo Photos & Graphic Publications","url":"https:\/\/elcanillita.info\/press\/","logo":{"@type":"ImageObject","inLanguage":"es-AR","@id":"https:\/\/elcanillita.info\/press\/#\/schema\/logo\/image\/","url":"https:\/\/elcanillita.info\/press\/images\/2020\/01\/cropped-cropped-cropped-elcanillitainfo.png","contentUrl":"https:\/\/elcanillita.info\/press\/images\/2020\/01\/cropped-cropped-cropped-elcanillitainfo.png","width":460,"height":50,"caption":"Guzzo Photos & Graphic Publications"},"image":{"@id":"https:\/\/elcanillita.info\/press\/#\/schema\/logo\/image\/"},"sameAs":["https:\/\/ar-ar.facebook.com\/ElCanillitainfo-114249515285712\/"]},{"@type":"Person","@id":"https:\/\/elcanillita.info\/press\/#\/schema\/person\/7fcb79f38045700919f7da6d97e71ba0","name":"SalaStampa.eu, world press service","image":{"@type":"ImageObject","inLanguage":"es-AR","@id":"https:\/\/secure.gravatar.com\/avatar\/c2f0e0d515a107624234994507816ca4724c7199cef73fc8bedebf6931d73888?s=96&d=mm&r=g","url":"https:\/\/secure.gravatar.com\/avatar\/c2f0e0d515a107624234994507816ca4724c7199cef73fc8bedebf6931d73888?s=96&d=mm&r=g","contentUrl":"https:\/\/secure.gravatar.com\/avatar\/c2f0e0d515a107624234994507816ca4724c7199cef73fc8bedebf6931d73888?s=96&d=mm&r=g","caption":"SalaStampa.eu, world press service"}}]}},"views":600,"_links":{"self":[{"href":"https:\/\/elcanillita.info\/press\/wp-json\/wp\/v2\/posts\/1800","targetHints":{"allow":["GET"]}}],"collection":[{"href":"https:\/\/elcanillita.info\/press\/wp-json\/wp\/v2\/posts"}],"about":[{"href":"https:\/\/elcanillita.info\/press\/wp-json\/wp\/v2\/types\/post"}],"author":[{"embeddable":true,"href":"https:\/\/elcanillita.info\/press\/wp-json\/wp\/v2\/users\/1"}],"replies":[{"embeddable":true,"href":"https:\/\/elcanillita.info\/press\/wp-json\/wp\/v2\/comments?post=1800"}],"version-history":[{"count":0,"href":"https:\/\/elcanillita.info\/press\/wp-json\/wp\/v2\/posts\/1800\/revisions"}],"wp:featuredmedia":[{"embeddable":true,"href":"https:\/\/elcanillita.info\/press\/wp-json\/wp\/v2\/media\/1801"}],"wp:attachment":[{"href":"https:\/\/elcanillita.info\/press\/wp-json\/wp\/v2\/media?parent=1800"}],"wp:term":[{"taxonomy":"category","embeddable":true,"href":"https:\/\/elcanillita.info\/press\/wp-json\/wp\/v2\/categories?post=1800"},{"taxonomy":"post_tag","embeddable":true,"href":"https:\/\/elcanillita.info\/press\/wp-json\/wp\/v2\/tags?post=1800"}],"curies":[{"name":"wp","href":"https:\/\/api.w.org\/{rel}","templated":true}]}}