{"id":1783,"date":"2021-06-16T11:09:54","date_gmt":"2021-06-16T14:09:54","guid":{"rendered":"https:\/\/elcanillita.info\/press\/?p=1783"},"modified":"2021-06-25T09:58:56","modified_gmt":"2021-06-25T12:58:56","slug":"esperanzas-de-un-gobierno-inepto-que-no-puede-llegar-jamas-al-colmo","status":"publish","type":"post","link":"https:\/\/elcanillita.info\/press\/2021\/06\/16\/esperanzas-de-un-gobierno-inepto-que-no-puede-llegar-jamas-al-colmo\/","title":{"rendered":"Esperanzas de un gobierno inepto que no puede llegar jam\u00e1s al colmo"},"content":{"rendered":"\n<figure class=\"wp-block-video\"><video controls src=\"http:\/\/elcanillita.info\/press\/images\/2021\/06\/Argentina.mp4\"><\/video><\/figure>\n\n\n\n<p>Mientras el gobierno de Argentina lidera los esfuerzos para establecer un di\u00e1logo con el gobierno de Daniel Ortega, para liberaci\u00f3n de opositores en Nicaragua; el Consejo Permanente de la Organizaci\u00f3n de Estados Americanos (OEA), aprob\u00f3 por abrumadora mayor\u00eda una resoluci\u00f3n sobre la situaci\u00f3n en Nicaragua, en la que expresa su &#8220;grave preocupaci\u00f3n&#8221; por la falta de reformas electorales. Y condena &#8220;las detenciones, la persecuci\u00f3n y las arbitrariedades impuestas a los candidatos presidenciales, a las figuras pol\u00edticas, a los partidos de la oposici\u00f3n y a los medios de comunicaci\u00f3n&#8221;.<\/p>\n\n\n\n<p>La resoluci\u00f3n, seg\u00fan inform\u00f3 la OEA a trav\u00e9s de Twitter, fue aprobada con 26 votos a favor, cinco abstenciones y tres votos en contra, incluido el de la propia Nicaragua.<\/p>\n\n\n\n<p>El Consejo ha debatido la crisis nicarag\u00fcense a petici\u00f3n de las misiones permanentes de Brasil, Canad\u00e1, Chile, Costa Rica, Estados Unidos, Paraguay y Per\u00fa.<\/p>\n\n\n\n<p>La decisi\u00f3n se tom\u00f3 durante una sesi\u00f3n extraordinaria del Consejo Permanente de la OEA, el \u00f3rgano ejecutivo del bloque regional que re\u00fane a sus 34 miembros activos, y se celebr\u00f3 en formato virtual.<\/p>\n\n\n\n<p>Nicaragua, Bolivia, San Vicente y las Granadinas votaron en contra de la resoluci\u00f3n, mientras que Argentina, Belice, Dominica, Honduras y M\u00e9xico se abstuvieron.<\/p>\n\n\n\n<p>Desde principios de Junio, las autoridades policiales y judiciales nicarag\u00fcenses han detenido a 11 opositores, entre ellos cuatro precandidatos a las elecciones presidenciales de Noviembre y disidentes del Frente Sandinista de Liberaci\u00f3n Nacional (FSLN), liderado por Daniel Ortega.<\/p>\n\n\n\n<p>Para hacer posible estas detenciones, &#8220;los jueces est\u00e1n utilizando una ley llamada &#8220;para la defensa de los derechos del pueblo a la independencia, la soberan\u00eda y la autodeterminaci\u00f3n para la paz&#8221;.<\/p>\n\n\n\n<p>El art\u00edculo 1 de esta legislaci\u00f3n prev\u00e9 la detenci\u00f3n por actos perjudiciales relativos a &#8220;la incitaci\u00f3n a la injerencia extranjera en los asuntos internos, el llamamiento a la intervenci\u00f3n militar, la organizaci\u00f3n de actos y actos de terrorismo y desestabilizaci\u00f3n con financiaci\u00f3n extranjera, el fomento del bloqueo econ\u00f3mico y las sanciones contra el Estado&#8221;.<br><br><small>Copyright \u00a9 2021 ElCanillita.info \/ Ruben Guzzo &#8211; Press Card 59120 ODG Rome \/ SalaStampa.eu, affiliate of the networks operated by Broadcasting Board of Governors &#8211; VOA<\/small> <\/p>\n","protected":false},"excerpt":{"rendered":"<p>Mientras el gobierno de Argentina lidera los esfuerzos para establecer un di\u00e1logo con el gobierno de Daniel Ortega, para liberaci\u00f3n de opositores en Nicaragua; el&#8230;<\/p>\n","protected":false},"author":1,"featured_media":1784,"comment_status":"closed","ping_status":"closed","sticky":false,"template":"","format":"standard","meta":{"footnotes":"","_links_to":"","_links_to_target":""},"categories":[70,10,22,23,25],"tags":[29,32],"class_list":["post-1783","post","type-post","status-publish","format-standard","has-post-thumbnail","hentry","category-actualidad","category-america-central","category-justicia","category-politica","category-sociedad","tag-argentina","tag-nicaragua","entry","double"],"yoast_head":"<!-- This site is optimized with the Yoast SEO plugin v27.4 - https:\/\/yoast.com\/product\/yoast-seo-wordpress\/ -->\n<title>Esperanzas de un gobierno inepto que no puede llegar jam\u00e1s al colmo - ElCanillita.Info<\/title>\n<meta name=\"robots\" content=\"index, follow, max-snippet:-1, max-image-preview:large, max-video-preview:-1\" \/>\n<link rel=\"canonical\" href=\"https:\/\/elcanillita.info\/press\/2021\/06\/16\/esperanzas-de-un-gobierno-inepto-que-no-puede-llegar-jamas-al-colmo\/\" \/>\n<meta property=\"og:locale\" content=\"es_ES\" \/>\n<meta property=\"og:type\" content=\"article\" \/>\n<meta property=\"og:title\" content=\"Esperanzas de un gobierno inepto que no puede llegar jam\u00e1s al colmo - ElCanillita.Info\" \/>\n<meta property=\"og:description\" content=\"Mientras el gobierno de Argentina lidera los esfuerzos para establecer un di\u00e1logo con el gobierno de Daniel Ortega, para liberaci\u00f3n de opositores en Nicaragua; el&#8230;\" \/>\n<meta property=\"og:url\" content=\"https:\/\/elcanillita.info\/press\/2021\/06\/16\/esperanzas-de-un-gobierno-inepto-que-no-puede-llegar-jamas-al-colmo\/\" \/>\n<meta property=\"og:site_name\" content=\"ElCanillita.Info\" \/>\n<meta property=\"article:publisher\" content=\"https:\/\/ar-ar.facebook.com\/ElCanillitainfo-114249515285712\/\" \/>\n<meta property=\"article:published_time\" content=\"2021-06-16T14:09:54+00:00\" \/>\n<meta property=\"article:modified_time\" content=\"2021-06-25T12:58:56+00:00\" \/>\n<meta property=\"og:image\" content=\"https:\/\/elcanillita.info\/press\/images\/2021\/06\/do.jpg\" \/>\n\t<meta property=\"og:image:width\" content=\"600\" \/>\n\t<meta property=\"og:image:height\" content=\"430\" \/>\n\t<meta property=\"og:image:type\" content=\"image\/jpeg\" \/>\n<meta name=\"author\" content=\"SalaStampa.eu, world press service\" \/>\n<meta name=\"twitter:card\" content=\"summary_large_image\" \/>\n<meta name=\"twitter:label1\" content=\"Escrito por\" \/>\n\t<meta name=\"twitter:data1\" content=\"SalaStampa.eu, world press service\" \/>\n\t<meta name=\"twitter:label2\" content=\"Tiempo de lectura\" \/>\n\t<meta name=\"twitter:data2\" content=\"2 minutos\" \/>\n<script type=\"application\/ld+json\" class=\"yoast-schema-graph\">{\"@context\":\"https:\\\/\\\/schema.org\",\"@graph\":[{\"@type\":\"Article\",\"@id\":\"https:\\\/\\\/elcanillita.info\\\/press\\\/2021\\\/06\\\/16\\\/esperanzas-de-un-gobierno-inepto-que-no-puede-llegar-jamas-al-colmo\\\/#article\",\"isPartOf\":{\"@id\":\"https:\\\/\\\/elcanillita.info\\\/press\\\/2021\\\/06\\\/16\\\/esperanzas-de-un-gobierno-inepto-que-no-puede-llegar-jamas-al-colmo\\\/\"},\"author\":{\"name\":\"SalaStampa.eu, world press service\",\"@id\":\"https:\\\/\\\/elcanillita.info\\\/press\\\/#\\\/schema\\\/person\\\/7fcb79f38045700919f7da6d97e71ba0\"},\"headline\":\"Esperanzas de un gobierno inepto que no puede llegar jam\u00e1s al colmo\",\"datePublished\":\"2021-06-16T14:09:54+00:00\",\"dateModified\":\"2021-06-25T12:58:56+00:00\",\"mainEntityOfPage\":{\"@id\":\"https:\\\/\\\/elcanillita.info\\\/press\\\/2021\\\/06\\\/16\\\/esperanzas-de-un-gobierno-inepto-que-no-puede-llegar-jamas-al-colmo\\\/\"},\"wordCount\":389,\"publisher\":{\"@id\":\"https:\\\/\\\/elcanillita.info\\\/press\\\/#organization\"},\"image\":{\"@id\":\"https:\\\/\\\/elcanillita.info\\\/press\\\/2021\\\/06\\\/16\\\/esperanzas-de-un-gobierno-inepto-que-no-puede-llegar-jamas-al-colmo\\\/#primaryimage\"},\"thumbnailUrl\":\"https:\\\/\\\/elcanillita.info\\\/press\\\/images\\\/2021\\\/06\\\/do.jpg\",\"keywords\":[\"Argentina\",\"Nicaragua\"],\"articleSection\":[\"Actualidad\",\"Am\u00e9rica Central\",\"Justicia\",\"Politica\",\"Sociedad\"],\"inLanguage\":\"es-AR\"},{\"@type\":\"WebPage\",\"@id\":\"https:\\\/\\\/elcanillita.info\\\/press\\\/2021\\\/06\\\/16\\\/esperanzas-de-un-gobierno-inepto-que-no-puede-llegar-jamas-al-colmo\\\/\",\"url\":\"https:\\\/\\\/elcanillita.info\\\/press\\\/2021\\\/06\\\/16\\\/esperanzas-de-un-gobierno-inepto-que-no-puede-llegar-jamas-al-colmo\\\/\",\"name\":\"Esperanzas de un gobierno inepto que no puede llegar jam\u00e1s al colmo - ElCanillita.Info\",\"isPartOf\":{\"@id\":\"https:\\\/\\\/elcanillita.info\\\/press\\\/#website\"},\"primaryImageOfPage\":{\"@id\":\"https:\\\/\\\/elcanillita.info\\\/press\\\/2021\\\/06\\\/16\\\/esperanzas-de-un-gobierno-inepto-que-no-puede-llegar-jamas-al-colmo\\\/#primaryimage\"},\"image\":{\"@id\":\"https:\\\/\\\/elcanillita.info\\\/press\\\/2021\\\/06\\\/16\\\/esperanzas-de-un-gobierno-inepto-que-no-puede-llegar-jamas-al-colmo\\\/#primaryimage\"},\"thumbnailUrl\":\"https:\\\/\\\/elcanillita.info\\\/press\\\/images\\\/2021\\\/06\\\/do.jpg\",\"datePublished\":\"2021-06-16T14:09:54+00:00\",\"dateModified\":\"2021-06-25T12:58:56+00:00\",\"inLanguage\":\"es-AR\",\"potentialAction\":[{\"@type\":\"ReadAction\",\"target\":[\"https:\\\/\\\/elcanillita.info\\\/press\\\/2021\\\/06\\\/16\\\/esperanzas-de-un-gobierno-inepto-que-no-puede-llegar-jamas-al-colmo\\\/\"]}]},{\"@type\":\"ImageObject\",\"inLanguage\":\"es-AR\",\"@id\":\"https:\\\/\\\/elcanillita.info\\\/press\\\/2021\\\/06\\\/16\\\/esperanzas-de-un-gobierno-inepto-que-no-puede-llegar-jamas-al-colmo\\\/#primaryimage\",\"url\":\"https:\\\/\\\/elcanillita.info\\\/press\\\/images\\\/2021\\\/06\\\/do.jpg\",\"contentUrl\":\"https:\\\/\\\/elcanillita.info\\\/press\\\/images\\\/2021\\\/06\\\/do.jpg\",\"width\":600,\"height\":430},{\"@type\":\"WebSite\",\"@id\":\"https:\\\/\\\/elcanillita.info\\\/press\\\/#website\",\"url\":\"https:\\\/\\\/elcanillita.info\\\/press\\\/\",\"name\":\"ElCanillita.Info\",\"description\":\"desde los Apeninos a los Andes\",\"publisher\":{\"@id\":\"https:\\\/\\\/elcanillita.info\\\/press\\\/#organization\"},\"potentialAction\":[{\"@type\":\"SearchAction\",\"target\":{\"@type\":\"EntryPoint\",\"urlTemplate\":\"https:\\\/\\\/elcanillita.info\\\/press\\\/?s={search_term_string}\"},\"query-input\":{\"@type\":\"PropertyValueSpecification\",\"valueRequired\":true,\"valueName\":\"search_term_string\"}}],\"inLanguage\":\"es-AR\"},{\"@type\":\"Organization\",\"@id\":\"https:\\\/\\\/elcanillita.info\\\/press\\\/#organization\",\"name\":\"Guzzo Photos & Graphic Publications\",\"url\":\"https:\\\/\\\/elcanillita.info\\\/press\\\/\",\"logo\":{\"@type\":\"ImageObject\",\"inLanguage\":\"es-AR\",\"@id\":\"https:\\\/\\\/elcanillita.info\\\/press\\\/#\\\/schema\\\/logo\\\/image\\\/\",\"url\":\"https:\\\/\\\/elcanillita.info\\\/press\\\/images\\\/2020\\\/01\\\/cropped-cropped-cropped-elcanillitainfo.png\",\"contentUrl\":\"https:\\\/\\\/elcanillita.info\\\/press\\\/images\\\/2020\\\/01\\\/cropped-cropped-cropped-elcanillitainfo.png\",\"width\":460,\"height\":50,\"caption\":\"Guzzo Photos & Graphic Publications\"},\"image\":{\"@id\":\"https:\\\/\\\/elcanillita.info\\\/press\\\/#\\\/schema\\\/logo\\\/image\\\/\"},\"sameAs\":[\"https:\\\/\\\/ar-ar.facebook.com\\\/ElCanillitainfo-114249515285712\\\/\"]},{\"@type\":\"Person\",\"@id\":\"https:\\\/\\\/elcanillita.info\\\/press\\\/#\\\/schema\\\/person\\\/7fcb79f38045700919f7da6d97e71ba0\",\"name\":\"SalaStampa.eu, world press service\",\"image\":{\"@type\":\"ImageObject\",\"inLanguage\":\"es-AR\",\"@id\":\"https:\\\/\\\/secure.gravatar.com\\\/avatar\\\/c2f0e0d515a107624234994507816ca4724c7199cef73fc8bedebf6931d73888?s=96&d=mm&r=g\",\"url\":\"https:\\\/\\\/secure.gravatar.com\\\/avatar\\\/c2f0e0d515a107624234994507816ca4724c7199cef73fc8bedebf6931d73888?s=96&d=mm&r=g\",\"contentUrl\":\"https:\\\/\\\/secure.gravatar.com\\\/avatar\\\/c2f0e0d515a107624234994507816ca4724c7199cef73fc8bedebf6931d73888?s=96&d=mm&r=g\",\"caption\":\"SalaStampa.eu, world press service\"}}]}<\/script>\n<!-- \/ Yoast SEO plugin. -->","yoast_head_json":{"title":"Esperanzas de un gobierno inepto que no puede llegar jam\u00e1s al colmo - ElCanillita.Info","robots":{"index":"index","follow":"follow","max-snippet":"max-snippet:-1","max-image-preview":"max-image-preview:large","max-video-preview":"max-video-preview:-1"},"canonical":"https:\/\/elcanillita.info\/press\/2021\/06\/16\/esperanzas-de-un-gobierno-inepto-que-no-puede-llegar-jamas-al-colmo\/","og_locale":"es_ES","og_type":"article","og_title":"Esperanzas de un gobierno inepto que no puede llegar jam\u00e1s al colmo - ElCanillita.Info","og_description":"Mientras el gobierno de Argentina lidera los esfuerzos para establecer un di\u00e1logo con el gobierno de Daniel Ortega, para liberaci\u00f3n de opositores en Nicaragua; el&#8230;","og_url":"https:\/\/elcanillita.info\/press\/2021\/06\/16\/esperanzas-de-un-gobierno-inepto-que-no-puede-llegar-jamas-al-colmo\/","og_site_name":"ElCanillita.Info","article_publisher":"https:\/\/ar-ar.facebook.com\/ElCanillitainfo-114249515285712\/","article_published_time":"2021-06-16T14:09:54+00:00","article_modified_time":"2021-06-25T12:58:56+00:00","og_image":[{"width":600,"height":430,"url":"https:\/\/elcanillita.info\/press\/images\/2021\/06\/do.jpg","type":"image\/jpeg"}],"author":"SalaStampa.eu, world press service","twitter_card":"summary_large_image","twitter_misc":{"Escrito por":"SalaStampa.eu, world press service","Tiempo de lectura":"2 minutos"},"schema":{"@context":"https:\/\/schema.org","@graph":[{"@type":"Article","@id":"https:\/\/elcanillita.info\/press\/2021\/06\/16\/esperanzas-de-un-gobierno-inepto-que-no-puede-llegar-jamas-al-colmo\/#article","isPartOf":{"@id":"https:\/\/elcanillita.info\/press\/2021\/06\/16\/esperanzas-de-un-gobierno-inepto-que-no-puede-llegar-jamas-al-colmo\/"},"author":{"name":"SalaStampa.eu, world press service","@id":"https:\/\/elcanillita.info\/press\/#\/schema\/person\/7fcb79f38045700919f7da6d97e71ba0"},"headline":"Esperanzas de un gobierno inepto que no puede llegar jam\u00e1s al colmo","datePublished":"2021-06-16T14:09:54+00:00","dateModified":"2021-06-25T12:58:56+00:00","mainEntityOfPage":{"@id":"https:\/\/elcanillita.info\/press\/2021\/06\/16\/esperanzas-de-un-gobierno-inepto-que-no-puede-llegar-jamas-al-colmo\/"},"wordCount":389,"publisher":{"@id":"https:\/\/elcanillita.info\/press\/#organization"},"image":{"@id":"https:\/\/elcanillita.info\/press\/2021\/06\/16\/esperanzas-de-un-gobierno-inepto-que-no-puede-llegar-jamas-al-colmo\/#primaryimage"},"thumbnailUrl":"https:\/\/elcanillita.info\/press\/images\/2021\/06\/do.jpg","keywords":["Argentina","Nicaragua"],"articleSection":["Actualidad","Am\u00e9rica Central","Justicia","Politica","Sociedad"],"inLanguage":"es-AR"},{"@type":"WebPage","@id":"https:\/\/elcanillita.info\/press\/2021\/06\/16\/esperanzas-de-un-gobierno-inepto-que-no-puede-llegar-jamas-al-colmo\/","url":"https:\/\/elcanillita.info\/press\/2021\/06\/16\/esperanzas-de-un-gobierno-inepto-que-no-puede-llegar-jamas-al-colmo\/","name":"Esperanzas de un gobierno inepto que no puede llegar jam\u00e1s al colmo - ElCanillita.Info","isPartOf":{"@id":"https:\/\/elcanillita.info\/press\/#website"},"primaryImageOfPage":{"@id":"https:\/\/elcanillita.info\/press\/2021\/06\/16\/esperanzas-de-un-gobierno-inepto-que-no-puede-llegar-jamas-al-colmo\/#primaryimage"},"image":{"@id":"https:\/\/elcanillita.info\/press\/2021\/06\/16\/esperanzas-de-un-gobierno-inepto-que-no-puede-llegar-jamas-al-colmo\/#primaryimage"},"thumbnailUrl":"https:\/\/elcanillita.info\/press\/images\/2021\/06\/do.jpg","datePublished":"2021-06-16T14:09:54+00:00","dateModified":"2021-06-25T12:58:56+00:00","inLanguage":"es-AR","potentialAction":[{"@type":"ReadAction","target":["https:\/\/elcanillita.info\/press\/2021\/06\/16\/esperanzas-de-un-gobierno-inepto-que-no-puede-llegar-jamas-al-colmo\/"]}]},{"@type":"ImageObject","inLanguage":"es-AR","@id":"https:\/\/elcanillita.info\/press\/2021\/06\/16\/esperanzas-de-un-gobierno-inepto-que-no-puede-llegar-jamas-al-colmo\/#primaryimage","url":"https:\/\/elcanillita.info\/press\/images\/2021\/06\/do.jpg","contentUrl":"https:\/\/elcanillita.info\/press\/images\/2021\/06\/do.jpg","width":600,"height":430},{"@type":"WebSite","@id":"https:\/\/elcanillita.info\/press\/#website","url":"https:\/\/elcanillita.info\/press\/","name":"ElCanillita.Info","description":"desde los Apeninos a los Andes","publisher":{"@id":"https:\/\/elcanillita.info\/press\/#organization"},"potentialAction":[{"@type":"SearchAction","target":{"@type":"EntryPoint","urlTemplate":"https:\/\/elcanillita.info\/press\/?s={search_term_string}"},"query-input":{"@type":"PropertyValueSpecification","valueRequired":true,"valueName":"search_term_string"}}],"inLanguage":"es-AR"},{"@type":"Organization","@id":"https:\/\/elcanillita.info\/press\/#organization","name":"Guzzo Photos & Graphic Publications","url":"https:\/\/elcanillita.info\/press\/","logo":{"@type":"ImageObject","inLanguage":"es-AR","@id":"https:\/\/elcanillita.info\/press\/#\/schema\/logo\/image\/","url":"https:\/\/elcanillita.info\/press\/images\/2020\/01\/cropped-cropped-cropped-elcanillitainfo.png","contentUrl":"https:\/\/elcanillita.info\/press\/images\/2020\/01\/cropped-cropped-cropped-elcanillitainfo.png","width":460,"height":50,"caption":"Guzzo Photos & Graphic Publications"},"image":{"@id":"https:\/\/elcanillita.info\/press\/#\/schema\/logo\/image\/"},"sameAs":["https:\/\/ar-ar.facebook.com\/ElCanillitainfo-114249515285712\/"]},{"@type":"Person","@id":"https:\/\/elcanillita.info\/press\/#\/schema\/person\/7fcb79f38045700919f7da6d97e71ba0","name":"SalaStampa.eu, world press service","image":{"@type":"ImageObject","inLanguage":"es-AR","@id":"https:\/\/secure.gravatar.com\/avatar\/c2f0e0d515a107624234994507816ca4724c7199cef73fc8bedebf6931d73888?s=96&d=mm&r=g","url":"https:\/\/secure.gravatar.com\/avatar\/c2f0e0d515a107624234994507816ca4724c7199cef73fc8bedebf6931d73888?s=96&d=mm&r=g","contentUrl":"https:\/\/secure.gravatar.com\/avatar\/c2f0e0d515a107624234994507816ca4724c7199cef73fc8bedebf6931d73888?s=96&d=mm&r=g","caption":"SalaStampa.eu, world press service"}}]}},"views":675,"_links":{"self":[{"href":"https:\/\/elcanillita.info\/press\/wp-json\/wp\/v2\/posts\/1783","targetHints":{"allow":["GET"]}}],"collection":[{"href":"https:\/\/elcanillita.info\/press\/wp-json\/wp\/v2\/posts"}],"about":[{"href":"https:\/\/elcanillita.info\/press\/wp-json\/wp\/v2\/types\/post"}],"author":[{"embeddable":true,"href":"https:\/\/elcanillita.info\/press\/wp-json\/wp\/v2\/users\/1"}],"replies":[{"embeddable":true,"href":"https:\/\/elcanillita.info\/press\/wp-json\/wp\/v2\/comments?post=1783"}],"version-history":[{"count":0,"href":"https:\/\/elcanillita.info\/press\/wp-json\/wp\/v2\/posts\/1783\/revisions"}],"wp:featuredmedia":[{"embeddable":true,"href":"https:\/\/elcanillita.info\/press\/wp-json\/wp\/v2\/media\/1784"}],"wp:attachment":[{"href":"https:\/\/elcanillita.info\/press\/wp-json\/wp\/v2\/media?parent=1783"}],"wp:term":[{"taxonomy":"category","embeddable":true,"href":"https:\/\/elcanillita.info\/press\/wp-json\/wp\/v2\/categories?post=1783"},{"taxonomy":"post_tag","embeddable":true,"href":"https:\/\/elcanillita.info\/press\/wp-json\/wp\/v2\/tags?post=1783"}],"curies":[{"name":"wp","href":"https:\/\/api.w.org\/{rel}","templated":true}]}}