{"id":1776,"date":"2021-06-15T14:37:58","date_gmt":"2021-06-15T17:37:58","guid":{"rendered":"https:\/\/elcanillita.info\/press\/?p=1776"},"modified":"2021-06-25T05:37:21","modified_gmt":"2021-06-25T08:37:21","slug":"rusia-intercambio-prisioneros-ee-uu-vladimir-putin","status":"publish","type":"post","link":"https:\/\/elcanillita.info\/press\/2021\/06\/15\/rusia-intercambio-prisioneros-ee-uu-vladimir-putin\/","title":{"rendered":"Rusia est\u00e1 dispuesta al intercambio de prisioneros con EE.UU., dice Vladimir Putin"},"content":{"rendered":"\n<div class=\"wp-block-image\"><figure class=\"aligncenter size-large\"><img loading=\"lazy\" decoding=\"async\" width=\"600\" height=\"400\" src=\"https:\/\/elcanillita.info\/press\/images\/2021\/06\/VB.jpg\" alt=\"\" class=\"wp-image-1777\" srcset=\"https:\/\/elcanillita.info\/press\/images\/2021\/06\/VB.jpg 600w, https:\/\/elcanillita.info\/press\/images\/2021\/06\/VB-300x200.jpg 300w\" sizes=\"auto, (max-width: 600px) 100vw, 600px\" \/><figcaption><small>Viktor Anatolyevich Bout (centro de la foto)<br>Ex teniente del ej\u00e9rcito ruso en Angola y traficante de armas, alias: mercader de la muerte.<\/small><br><small>Tambi\u00e9n se le llama &#8220;el cartero&#8221; porque siempre entregaba la mercanc\u00eda a tiempo a sus clientes. <\/small><br><small>Fue objeto de un libro escrito por Douglas Farah y Stephen Braun, &#8220;El mercader de la muerte&#8221;.<\/small><\/figcaption><\/figure><\/div>\n\n\n\n<p>Vladimir Putin, el presidente ruso, dice que Mosc\u00fa est\u00e1 abierto a un intercambio de prisioneros con Estados Unidos despu\u00e9s de que Joe Biden pareciera se\u00f1alar que Estados Unidos podr\u00eda extraditar a los hackers a Rusia.<\/p>\n\n\n\n<p>Las declaraciones de Putin se produjeron el lunes, dos d\u00edas antes de la esperada cumbre entre los dos l\u00edderes en Ginebra.<\/p>\n\n\n\n<p>El Presidente Putin, en una entrevista con la NBC publicada el lunes, dijo que era posible un intercambio de prisioneros entre los dos pa\u00edses.<\/p>\n\n\n\n<p>&#8220;Estamos dispuestos a discutir esta cuesti\u00f3n&#8221;, dijo. &#8220;Son cuestiones humanitarias. \u00bfPor qu\u00e9 no hablar de ello?&#8221;<\/p>\n\n\n\n<p>Biden mencion\u00f3 en una conferencia de prensa el domingo que podr\u00eda &#8220;responsabilizar&#8221; a los piratas inform\u00e1ticos condenados en Estados Unidos si &#8220;de hecho estaban cometiendo esos delitos&#8221;.<\/p>\n\n\n\n<p>Jake Sullivan, asesor de seguridad nacional, aclar\u00f3 m\u00e1s tarde que Biden no hab\u00eda firmado un intercambio de prisioneros y que los ciberdelincuentes podr\u00edan rendir cuentas en Estados Unidos.<\/p>\n\n\n\n<p><strong>Mosc\u00fa tiene a dos ciudadanos estadounidenses entre rejas.<\/strong><\/p>\n\n\n\n<p>Paul Whelan, antiguo consultor de seguridad, fue declarado culpable de espionaje y condenado a 16 a\u00f1os de prisi\u00f3n el a\u00f1o pasado. Un mes m\u00e1s tarde, Trevor Reed, un estudiante, fue condenado a nueve a\u00f1os por agredir a un agente de polic\u00eda de Mosc\u00fa mientras estaba borracho.<\/p>\n\n\n\n<p>Los dos estadounidenses se consideran en gran medida peones del Kremlin para intercambiar por rusos bajo custodia de Estados Unidos, como el traficante de armas condenado Viktor Bout, tambi\u00e9n conocido como el &#8220;Mercader de la Muerte&#8221; gracias a un libro muy vendido sobre \u00e9l.<\/p>\n\n\n\n<p>Las autoridades estadounidenses han insistido en que Bout es un criminal peligroso que debe permanecer en prisi\u00f3n para cumplir su condena de 25 a\u00f1os.<\/p>\n\n\n\n<p>Las relaciones entre Estados Unidos y Rusia han ca\u00eddo en picada desde que Rusia se anexion\u00f3 la pen\u00ednsula ucraniana de Crimea y apoy\u00f3 a los separatistas del este de Ucrania en 2014.<\/p>\n\n\n\n<p>Aparte de un posible intercambio de prisioneros y un impulso a las misiones diplom\u00e1ticas de ambos pa\u00edses, no se espera que Biden y Putin coincidan en muchos aspectos.<\/p>\n\n\n\n<p>Es probable que el presidente estadounidense presione a Putin sobre la detenci\u00f3n y el encarcelamiento en enero de Alexei Navalny, l\u00edder de la oposici\u00f3n rusa.<\/p>\n\n\n\n<p><strong>&#8220;No se le tratar\u00e1 peor que a cualquier otro&#8221;, dijo Putin a la NBC.<\/strong><\/p>\n\n\n\n<p>Preguntado por el ataque a la red regional de Navalny, a\u00f1adi\u00f3: &#8220;Ustedes lo presentan como disidencia e intolerancia a la disidencia en Rusia. Nosotros lo vemos de forma completamente diferente&#8221;.<\/p>\n\n\n\n<p>Putin tambi\u00e9n aprovech\u00f3 la entrevista para rechazar las acusaciones de que Rusia estaba detr\u00e1s de los ciberataques contra Estados Unidos.<\/p>\n\n\n\n<p>Cuando se le pregunt\u00f3 si Rusia estaba librando una &#8220;ciberguerra&#8221; contra Estados Unidos, dijo: &#8220;\u00bfD\u00f3nde est\u00e1n las pruebas? Se est\u00e1 convirtiendo en una farsa&#8221;.<br><br> <small>Copyright \u00a9 2021 ElCanillita.info &#8211; PanPress.eu  \/ SalaStampa.eu &#8211; All Rights Reserved<\/small> <\/p>\n","protected":false},"excerpt":{"rendered":"<p>Vlad\u00edmir Putin y Joe Biden mantendr\u00e1n este mi\u00e9rcoles conversaciones en Ginebra por primera vez desde que el presidente estadounidense asumi\u00f3 el cargo en enero.<\/p>\n","protected":false},"author":1,"featured_media":1778,"comment_status":"closed","ping_status":"closed","sticky":false,"template":"","format":"standard","meta":{"footnotes":"","_links_to":"","_links_to_target":""},"categories":[70,5,22,23],"tags":[39],"class_list":["post-1776","post","type-post","status-publish","format-standard","has-post-thumbnail","hentry","category-actualidad","category-europa","category-justicia","category-politica","tag-suiza","entry","double"],"yoast_head":"<!-- This site is optimized with the Yoast SEO plugin v27.4 - https:\/\/yoast.com\/product\/yoast-seo-wordpress\/ -->\n<title>Rusia est\u00e1 dispuesta al intercambio de prisioneros con EE.UU., dice Vladimir Putin - ElCanillita.Info<\/title>\n<meta name=\"robots\" content=\"index, follow, max-snippet:-1, max-image-preview:large, max-video-preview:-1\" \/>\n<link rel=\"canonical\" href=\"https:\/\/elcanillita.info\/press\/2021\/06\/15\/rusia-intercambio-prisioneros-ee-uu-vladimir-putin\/\" \/>\n<meta property=\"og:locale\" content=\"es_ES\" \/>\n<meta property=\"og:type\" content=\"article\" \/>\n<meta property=\"og:title\" content=\"Rusia est\u00e1 dispuesta al intercambio de prisioneros con EE.UU., dice Vladimir Putin - ElCanillita.Info\" \/>\n<meta property=\"og:description\" content=\"Vlad\u00edmir Putin y Joe Biden mantendr\u00e1n este mi\u00e9rcoles conversaciones en Ginebra por primera vez desde que el presidente estadounidense asumi\u00f3 el cargo en enero.\" \/>\n<meta property=\"og:url\" content=\"https:\/\/elcanillita.info\/press\/2021\/06\/15\/rusia-intercambio-prisioneros-ee-uu-vladimir-putin\/\" \/>\n<meta property=\"og:site_name\" content=\"ElCanillita.Info\" \/>\n<meta property=\"article:publisher\" content=\"https:\/\/ar-ar.facebook.com\/ElCanillitainfo-114249515285712\/\" \/>\n<meta property=\"article:published_time\" content=\"2021-06-15T17:37:58+00:00\" \/>\n<meta property=\"article:modified_time\" content=\"2021-06-25T08:37:21+00:00\" \/>\n<meta property=\"og:image\" content=\"https:\/\/elcanillita.info\/press\/images\/2021\/06\/PUTIN.jpg\" \/>\n\t<meta property=\"og:image:width\" content=\"600\" \/>\n\t<meta property=\"og:image:height\" content=\"375\" \/>\n\t<meta property=\"og:image:type\" content=\"image\/jpeg\" \/>\n<meta name=\"author\" content=\"SalaStampa.eu, world press service\" \/>\n<meta name=\"twitter:card\" content=\"summary_large_image\" \/>\n<meta name=\"twitter:label1\" content=\"Escrito por\" \/>\n\t<meta name=\"twitter:data1\" content=\"SalaStampa.eu, world press service\" \/>\n\t<meta name=\"twitter:label2\" content=\"Tiempo de lectura\" \/>\n\t<meta name=\"twitter:data2\" content=\"3 minutos\" \/>\n<script type=\"application\/ld+json\" class=\"yoast-schema-graph\">{\"@context\":\"https:\\\/\\\/schema.org\",\"@graph\":[{\"@type\":\"Article\",\"@id\":\"https:\\\/\\\/elcanillita.info\\\/press\\\/2021\\\/06\\\/15\\\/rusia-intercambio-prisioneros-ee-uu-vladimir-putin\\\/#article\",\"isPartOf\":{\"@id\":\"https:\\\/\\\/elcanillita.info\\\/press\\\/2021\\\/06\\\/15\\\/rusia-intercambio-prisioneros-ee-uu-vladimir-putin\\\/\"},\"author\":{\"name\":\"SalaStampa.eu, world press service\",\"@id\":\"https:\\\/\\\/elcanillita.info\\\/press\\\/#\\\/schema\\\/person\\\/7fcb79f38045700919f7da6d97e71ba0\"},\"headline\":\"Rusia est\u00e1 dispuesta al intercambio de prisioneros con EE.UU., dice Vladimir Putin\",\"datePublished\":\"2021-06-15T17:37:58+00:00\",\"dateModified\":\"2021-06-25T08:37:21+00:00\",\"mainEntityOfPage\":{\"@id\":\"https:\\\/\\\/elcanillita.info\\\/press\\\/2021\\\/06\\\/15\\\/rusia-intercambio-prisioneros-ee-uu-vladimir-putin\\\/\"},\"wordCount\":560,\"publisher\":{\"@id\":\"https:\\\/\\\/elcanillita.info\\\/press\\\/#organization\"},\"image\":{\"@id\":\"https:\\\/\\\/elcanillita.info\\\/press\\\/2021\\\/06\\\/15\\\/rusia-intercambio-prisioneros-ee-uu-vladimir-putin\\\/#primaryimage\"},\"thumbnailUrl\":\"https:\\\/\\\/elcanillita.info\\\/press\\\/images\\\/2021\\\/06\\\/PUTIN.jpg\",\"keywords\":[\"Suiza\"],\"articleSection\":[\"Actualidad\",\"Europa\",\"Justicia\",\"Politica\"],\"inLanguage\":\"es-AR\"},{\"@type\":\"WebPage\",\"@id\":\"https:\\\/\\\/elcanillita.info\\\/press\\\/2021\\\/06\\\/15\\\/rusia-intercambio-prisioneros-ee-uu-vladimir-putin\\\/\",\"url\":\"https:\\\/\\\/elcanillita.info\\\/press\\\/2021\\\/06\\\/15\\\/rusia-intercambio-prisioneros-ee-uu-vladimir-putin\\\/\",\"name\":\"Rusia est\u00e1 dispuesta al intercambio de prisioneros con EE.UU., dice Vladimir Putin - ElCanillita.Info\",\"isPartOf\":{\"@id\":\"https:\\\/\\\/elcanillita.info\\\/press\\\/#website\"},\"primaryImageOfPage\":{\"@id\":\"https:\\\/\\\/elcanillita.info\\\/press\\\/2021\\\/06\\\/15\\\/rusia-intercambio-prisioneros-ee-uu-vladimir-putin\\\/#primaryimage\"},\"image\":{\"@id\":\"https:\\\/\\\/elcanillita.info\\\/press\\\/2021\\\/06\\\/15\\\/rusia-intercambio-prisioneros-ee-uu-vladimir-putin\\\/#primaryimage\"},\"thumbnailUrl\":\"https:\\\/\\\/elcanillita.info\\\/press\\\/images\\\/2021\\\/06\\\/PUTIN.jpg\",\"datePublished\":\"2021-06-15T17:37:58+00:00\",\"dateModified\":\"2021-06-25T08:37:21+00:00\",\"inLanguage\":\"es-AR\",\"potentialAction\":[{\"@type\":\"ReadAction\",\"target\":[\"https:\\\/\\\/elcanillita.info\\\/press\\\/2021\\\/06\\\/15\\\/rusia-intercambio-prisioneros-ee-uu-vladimir-putin\\\/\"]}]},{\"@type\":\"ImageObject\",\"inLanguage\":\"es-AR\",\"@id\":\"https:\\\/\\\/elcanillita.info\\\/press\\\/2021\\\/06\\\/15\\\/rusia-intercambio-prisioneros-ee-uu-vladimir-putin\\\/#primaryimage\",\"url\":\"https:\\\/\\\/elcanillita.info\\\/press\\\/images\\\/2021\\\/06\\\/PUTIN.jpg\",\"contentUrl\":\"https:\\\/\\\/elcanillita.info\\\/press\\\/images\\\/2021\\\/06\\\/PUTIN.jpg\",\"width\":600,\"height\":375},{\"@type\":\"WebSite\",\"@id\":\"https:\\\/\\\/elcanillita.info\\\/press\\\/#website\",\"url\":\"https:\\\/\\\/elcanillita.info\\\/press\\\/\",\"name\":\"ElCanillita.Info\",\"description\":\"desde los Apeninos a los Andes\",\"publisher\":{\"@id\":\"https:\\\/\\\/elcanillita.info\\\/press\\\/#organization\"},\"potentialAction\":[{\"@type\":\"SearchAction\",\"target\":{\"@type\":\"EntryPoint\",\"urlTemplate\":\"https:\\\/\\\/elcanillita.info\\\/press\\\/?s={search_term_string}\"},\"query-input\":{\"@type\":\"PropertyValueSpecification\",\"valueRequired\":true,\"valueName\":\"search_term_string\"}}],\"inLanguage\":\"es-AR\"},{\"@type\":\"Organization\",\"@id\":\"https:\\\/\\\/elcanillita.info\\\/press\\\/#organization\",\"name\":\"Guzzo Photos & Graphic Publications\",\"url\":\"https:\\\/\\\/elcanillita.info\\\/press\\\/\",\"logo\":{\"@type\":\"ImageObject\",\"inLanguage\":\"es-AR\",\"@id\":\"https:\\\/\\\/elcanillita.info\\\/press\\\/#\\\/schema\\\/logo\\\/image\\\/\",\"url\":\"https:\\\/\\\/elcanillita.info\\\/press\\\/images\\\/2020\\\/01\\\/cropped-cropped-cropped-elcanillitainfo.png\",\"contentUrl\":\"https:\\\/\\\/elcanillita.info\\\/press\\\/images\\\/2020\\\/01\\\/cropped-cropped-cropped-elcanillitainfo.png\",\"width\":460,\"height\":50,\"caption\":\"Guzzo Photos & Graphic Publications\"},\"image\":{\"@id\":\"https:\\\/\\\/elcanillita.info\\\/press\\\/#\\\/schema\\\/logo\\\/image\\\/\"},\"sameAs\":[\"https:\\\/\\\/ar-ar.facebook.com\\\/ElCanillitainfo-114249515285712\\\/\"]},{\"@type\":\"Person\",\"@id\":\"https:\\\/\\\/elcanillita.info\\\/press\\\/#\\\/schema\\\/person\\\/7fcb79f38045700919f7da6d97e71ba0\",\"name\":\"SalaStampa.eu, world press service\",\"image\":{\"@type\":\"ImageObject\",\"inLanguage\":\"es-AR\",\"@id\":\"https:\\\/\\\/secure.gravatar.com\\\/avatar\\\/c2f0e0d515a107624234994507816ca4724c7199cef73fc8bedebf6931d73888?s=96&d=mm&r=g\",\"url\":\"https:\\\/\\\/secure.gravatar.com\\\/avatar\\\/c2f0e0d515a107624234994507816ca4724c7199cef73fc8bedebf6931d73888?s=96&d=mm&r=g\",\"contentUrl\":\"https:\\\/\\\/secure.gravatar.com\\\/avatar\\\/c2f0e0d515a107624234994507816ca4724c7199cef73fc8bedebf6931d73888?s=96&d=mm&r=g\",\"caption\":\"SalaStampa.eu, world press service\"}}]}<\/script>\n<!-- \/ Yoast SEO plugin. -->","yoast_head_json":{"title":"Rusia est\u00e1 dispuesta al intercambio de prisioneros con EE.UU., dice Vladimir Putin - ElCanillita.Info","robots":{"index":"index","follow":"follow","max-snippet":"max-snippet:-1","max-image-preview":"max-image-preview:large","max-video-preview":"max-video-preview:-1"},"canonical":"https:\/\/elcanillita.info\/press\/2021\/06\/15\/rusia-intercambio-prisioneros-ee-uu-vladimir-putin\/","og_locale":"es_ES","og_type":"article","og_title":"Rusia est\u00e1 dispuesta al intercambio de prisioneros con EE.UU., dice Vladimir Putin - ElCanillita.Info","og_description":"Vlad\u00edmir Putin y Joe Biden mantendr\u00e1n este mi\u00e9rcoles conversaciones en Ginebra por primera vez desde que el presidente estadounidense asumi\u00f3 el cargo en enero.","og_url":"https:\/\/elcanillita.info\/press\/2021\/06\/15\/rusia-intercambio-prisioneros-ee-uu-vladimir-putin\/","og_site_name":"ElCanillita.Info","article_publisher":"https:\/\/ar-ar.facebook.com\/ElCanillitainfo-114249515285712\/","article_published_time":"2021-06-15T17:37:58+00:00","article_modified_time":"2021-06-25T08:37:21+00:00","og_image":[{"width":600,"height":375,"url":"https:\/\/elcanillita.info\/press\/images\/2021\/06\/PUTIN.jpg","type":"image\/jpeg"}],"author":"SalaStampa.eu, world press service","twitter_card":"summary_large_image","twitter_misc":{"Escrito por":"SalaStampa.eu, world press service","Tiempo de lectura":"3 minutos"},"schema":{"@context":"https:\/\/schema.org","@graph":[{"@type":"Article","@id":"https:\/\/elcanillita.info\/press\/2021\/06\/15\/rusia-intercambio-prisioneros-ee-uu-vladimir-putin\/#article","isPartOf":{"@id":"https:\/\/elcanillita.info\/press\/2021\/06\/15\/rusia-intercambio-prisioneros-ee-uu-vladimir-putin\/"},"author":{"name":"SalaStampa.eu, world press service","@id":"https:\/\/elcanillita.info\/press\/#\/schema\/person\/7fcb79f38045700919f7da6d97e71ba0"},"headline":"Rusia est\u00e1 dispuesta al intercambio de prisioneros con EE.UU., dice Vladimir Putin","datePublished":"2021-06-15T17:37:58+00:00","dateModified":"2021-06-25T08:37:21+00:00","mainEntityOfPage":{"@id":"https:\/\/elcanillita.info\/press\/2021\/06\/15\/rusia-intercambio-prisioneros-ee-uu-vladimir-putin\/"},"wordCount":560,"publisher":{"@id":"https:\/\/elcanillita.info\/press\/#organization"},"image":{"@id":"https:\/\/elcanillita.info\/press\/2021\/06\/15\/rusia-intercambio-prisioneros-ee-uu-vladimir-putin\/#primaryimage"},"thumbnailUrl":"https:\/\/elcanillita.info\/press\/images\/2021\/06\/PUTIN.jpg","keywords":["Suiza"],"articleSection":["Actualidad","Europa","Justicia","Politica"],"inLanguage":"es-AR"},{"@type":"WebPage","@id":"https:\/\/elcanillita.info\/press\/2021\/06\/15\/rusia-intercambio-prisioneros-ee-uu-vladimir-putin\/","url":"https:\/\/elcanillita.info\/press\/2021\/06\/15\/rusia-intercambio-prisioneros-ee-uu-vladimir-putin\/","name":"Rusia est\u00e1 dispuesta al intercambio de prisioneros con EE.UU., dice Vladimir Putin - ElCanillita.Info","isPartOf":{"@id":"https:\/\/elcanillita.info\/press\/#website"},"primaryImageOfPage":{"@id":"https:\/\/elcanillita.info\/press\/2021\/06\/15\/rusia-intercambio-prisioneros-ee-uu-vladimir-putin\/#primaryimage"},"image":{"@id":"https:\/\/elcanillita.info\/press\/2021\/06\/15\/rusia-intercambio-prisioneros-ee-uu-vladimir-putin\/#primaryimage"},"thumbnailUrl":"https:\/\/elcanillita.info\/press\/images\/2021\/06\/PUTIN.jpg","datePublished":"2021-06-15T17:37:58+00:00","dateModified":"2021-06-25T08:37:21+00:00","inLanguage":"es-AR","potentialAction":[{"@type":"ReadAction","target":["https:\/\/elcanillita.info\/press\/2021\/06\/15\/rusia-intercambio-prisioneros-ee-uu-vladimir-putin\/"]}]},{"@type":"ImageObject","inLanguage":"es-AR","@id":"https:\/\/elcanillita.info\/press\/2021\/06\/15\/rusia-intercambio-prisioneros-ee-uu-vladimir-putin\/#primaryimage","url":"https:\/\/elcanillita.info\/press\/images\/2021\/06\/PUTIN.jpg","contentUrl":"https:\/\/elcanillita.info\/press\/images\/2021\/06\/PUTIN.jpg","width":600,"height":375},{"@type":"WebSite","@id":"https:\/\/elcanillita.info\/press\/#website","url":"https:\/\/elcanillita.info\/press\/","name":"ElCanillita.Info","description":"desde los Apeninos a los Andes","publisher":{"@id":"https:\/\/elcanillita.info\/press\/#organization"},"potentialAction":[{"@type":"SearchAction","target":{"@type":"EntryPoint","urlTemplate":"https:\/\/elcanillita.info\/press\/?s={search_term_string}"},"query-input":{"@type":"PropertyValueSpecification","valueRequired":true,"valueName":"search_term_string"}}],"inLanguage":"es-AR"},{"@type":"Organization","@id":"https:\/\/elcanillita.info\/press\/#organization","name":"Guzzo Photos & Graphic Publications","url":"https:\/\/elcanillita.info\/press\/","logo":{"@type":"ImageObject","inLanguage":"es-AR","@id":"https:\/\/elcanillita.info\/press\/#\/schema\/logo\/image\/","url":"https:\/\/elcanillita.info\/press\/images\/2020\/01\/cropped-cropped-cropped-elcanillitainfo.png","contentUrl":"https:\/\/elcanillita.info\/press\/images\/2020\/01\/cropped-cropped-cropped-elcanillitainfo.png","width":460,"height":50,"caption":"Guzzo Photos & Graphic Publications"},"image":{"@id":"https:\/\/elcanillita.info\/press\/#\/schema\/logo\/image\/"},"sameAs":["https:\/\/ar-ar.facebook.com\/ElCanillitainfo-114249515285712\/"]},{"@type":"Person","@id":"https:\/\/elcanillita.info\/press\/#\/schema\/person\/7fcb79f38045700919f7da6d97e71ba0","name":"SalaStampa.eu, world press service","image":{"@type":"ImageObject","inLanguage":"es-AR","@id":"https:\/\/secure.gravatar.com\/avatar\/c2f0e0d515a107624234994507816ca4724c7199cef73fc8bedebf6931d73888?s=96&d=mm&r=g","url":"https:\/\/secure.gravatar.com\/avatar\/c2f0e0d515a107624234994507816ca4724c7199cef73fc8bedebf6931d73888?s=96&d=mm&r=g","contentUrl":"https:\/\/secure.gravatar.com\/avatar\/c2f0e0d515a107624234994507816ca4724c7199cef73fc8bedebf6931d73888?s=96&d=mm&r=g","caption":"SalaStampa.eu, world press service"}}]}},"views":611,"_links":{"self":[{"href":"https:\/\/elcanillita.info\/press\/wp-json\/wp\/v2\/posts\/1776","targetHints":{"allow":["GET"]}}],"collection":[{"href":"https:\/\/elcanillita.info\/press\/wp-json\/wp\/v2\/posts"}],"about":[{"href":"https:\/\/elcanillita.info\/press\/wp-json\/wp\/v2\/types\/post"}],"author":[{"embeddable":true,"href":"https:\/\/elcanillita.info\/press\/wp-json\/wp\/v2\/users\/1"}],"replies":[{"embeddable":true,"href":"https:\/\/elcanillita.info\/press\/wp-json\/wp\/v2\/comments?post=1776"}],"version-history":[{"count":0,"href":"https:\/\/elcanillita.info\/press\/wp-json\/wp\/v2\/posts\/1776\/revisions"}],"wp:featuredmedia":[{"embeddable":true,"href":"https:\/\/elcanillita.info\/press\/wp-json\/wp\/v2\/media\/1778"}],"wp:attachment":[{"href":"https:\/\/elcanillita.info\/press\/wp-json\/wp\/v2\/media?parent=1776"}],"wp:term":[{"taxonomy":"category","embeddable":true,"href":"https:\/\/elcanillita.info\/press\/wp-json\/wp\/v2\/categories?post=1776"},{"taxonomy":"post_tag","embeddable":true,"href":"https:\/\/elcanillita.info\/press\/wp-json\/wp\/v2\/tags?post=1776"}],"curies":[{"name":"wp","href":"https:\/\/api.w.org\/{rel}","templated":true}]}}