{"id":1769,"date":"2021-06-15T07:32:50","date_gmt":"2021-06-15T10:32:50","guid":{"rendered":"https:\/\/elcanillita.info\/press\/?p=1769"},"modified":"2023-04-07T07:14:50","modified_gmt":"2023-04-07T10:14:50","slug":"definitivamente-el-desbloqueo-en-el-reino-unido-sera-el-19-de-julio-a-menos-que-no-lo-sea","status":"publish","type":"post","link":"https:\/\/elcanillita.info\/press\/2021\/06\/15\/definitivamente-el-desbloqueo-en-el-reino-unido-sera-el-19-de-julio-a-menos-que-no-lo-sea\/","title":{"rendered":"Definitivamente, el desbloqueo en el Reino Unido ser\u00e1 el 19 de Julio&#8230; a menos que no lo sea"},"content":{"rendered":"\n<div class=\"wp-block-image\"><figure class=\"aligncenter size-large\"><img loading=\"lazy\" decoding=\"async\" width=\"600\" height=\"375\" src=\"https:\/\/elcanillita.info\/press\/images\/2021\/06\/freedom.jpg\" alt=\"\" class=\"wp-image-1770\" srcset=\"https:\/\/elcanillita.info\/press\/images\/2021\/06\/freedom.jpg 600w, https:\/\/elcanillita.info\/press\/images\/2021\/06\/freedom-300x188.jpg 300w\" sizes=\"auto, (max-width: 600px) 100vw, 600px\" \/><\/figure><\/div>\n\n\n\n<p>Boris Johnson calific\u00f3 el lunes la nueva fecha de reapertura del 19 de Julio como &#8220;un t\u00e9rmino&#8221;, pero no descart\u00f3 m\u00e1s retrasos al postergar cuatro semanas el final del cierre.<\/p>\n\n\n\n<p>El Primer Ministro dijo que la pausa en el paso final de la reapertura en Inglaterra, prevista originalmente para el 21 de Junio, evitar\u00eda miles de muertes por Covid, con el aumento de los casos.<\/p>\n\n\n\n<p>En un intento de garantizar que no se produzcan m\u00e1s retrasos en el calendario, Johnson dijo en repetidas ocasiones en una conferencia de prensa en Downing Street que confiaba en que la reapertura total se produjera el 19 de Julio.<\/p>\n\n\n\n<p>Pero reconoci\u00f3 que la aparici\u00f3n de una nueva variante de Covid podr\u00eda desviar el plan, ya que sus principales asesores cient\u00edficos subrayaron que el peligro no desaparecer\u00eda del todo tras el retraso.<\/p>\n\n\n\n<p>El anuncio significa que las normas de distanciamiento social, los l\u00edmites de seis personas para los grupos de interior, las orientaciones sobre el trabajo desde casa, el uso de mascarillas y las prohibiciones en los clubes nocturnos seguir\u00e1n vigentes por ahora.<\/p>\n\n\n\n<p>Hay excepciones. Las grandes bodas podr\u00e1n volver a celebrarse, ya que se eliminar\u00e1 la norma de 30 personas y no se establecer\u00e1 una cifra m\u00e1xima en su lugar, aunque los lugares de celebraci\u00f3n deber\u00e1n contar con la seguridad de Covid y se seguir\u00e1 prohibiendo el baile.<\/p>\n\n\n\n<p>Los residentes podr\u00e1n alejarse de casa y pasar una noche fuera. No tendr\u00e1n que autoaislarse durante 14 d\u00edas a su regreso.<\/p>\n\n\n\n<p>Sin embargo, Johnson tuvo que enfrentarse a una reacci\u00f3n inmediata por parte de las figuras del sector, enfadadas por la ausencia de nuevas ayudas financieras del Tesoro, y de los diputados tories esc\u00e9pticos al cierre.<\/p>\n\n\n\n<p>Al anunciar la nueva fecha, el Primer Ministro dijo: &#8220;Tal como est\u00e1n las cosas, y seg\u00fan las pruebas que puedo ver ahora mismo, conf\u00edo en que no necesitaremos m\u00e1s de cuatro semanas y no tendremos que ir m\u00e1s all\u00e1 del 19 de Julio&#8221;.<\/p>\n\n\n\n<p>Tambi\u00e9n describi\u00f3 esa fecha como una &#8220;fecha l\u00edmite, no una fecha &#8220;antes&#8221;&#8221;. Sin embargo, se neg\u00f3 a dar una &#8220;garant\u00eda de hierro&#8221; de que el 19 de Julio no se retrasar\u00eda, diciendo que ten\u00eda que ser &#8220;honesto&#8221; con la gente, porque podr\u00edan surgir nuevas amenazas de Covid.<\/p>\n\n\n\n<p>El Sr. Johnson dijo: &#8220;Eso, por supuesto, no excluye la posibilidad, me temo, y tenemos que ser honestos al respecto, de que haya alguna nueva variante que sea mucho m\u00e1s peligrosa, que mate a la gente de una forma que actualmente no podemos prever ni entender&#8221;.<\/p>\n\n\n\n<p>Dijo que lamentaba &#8220;amargamente&#8221; el retraso y que el impacto de la pandemia hab\u00eda &#8220;roto el coraz\u00f3n de todo el mundo&#8221;, pero subray\u00f3 que &#8220;anhelaba&#8221; levantar las normas de distanciamiento social.<\/p>\n\n\n\n<p>La decisi\u00f3n de suspender la reapertura se produjo tras la alarma en Whitehall por la variante ind\u00fa o delta del Covid, que se ha convertido en la cepa dominante de las nuevas infecciones en el Reino Unido.<\/p>\n\n\n\n<p>Los \u00faltimos an\u00e1lisis cient\u00edficos sugieren que esta variante es entre un 40% y un 80% m\u00e1s transmisible que otras cepas de Covid.<\/p>\n\n\n\n<p>La decisi\u00f3n se tom\u00f3 cuando los modelos cient\u00edficos del gobierno sugirieron que la tercera oleada emergente de casos de Covid podr\u00eda hacer que tantas personas acabaran en el hospital diariamente como la primera oleada.<\/p>\n\n\n\n<p>Downing Street argument\u00f3 que el retraso de cuatro semanas permitir\u00eda vacunar a millones de personas m\u00e1s, con la estrategia de despliegue ajustada en un intento de maximizar la protecci\u00f3n.<\/p>\n\n\n\n<p>El objetivo de ofrecer la primera dosis de la vacuna se ha adelantado de finales de julio al 19 de Julio, lo que significa que todos los adultos deber\u00edan haber recibido al menos una vacuna en la nueva fecha de reapertura final.<\/p>\n\n\n\n<p>El Tesoro no anuncia ninguna nueva ayuda financiera a pesar del retraso de cuatro semanas, para frustraci\u00f3n de los empresarios que han exigido una ayuda adicional.<\/p>\n\n\n\n<p>A partir del mes que viene, el Gobierno s\u00f3lo cubrir\u00e1 el 70% de los salarios de los trabajadores suspendidos, en lugar del 80%, y las empresas tendr\u00e1n que asumir el 10% adicional.<\/p>\n\n\n\n<p>Las empresas de hosteler\u00eda y ocio tambi\u00e9n tendr\u00e1n que empezar a pagar un tercio de sus facturas de tasas comerciales a partir de principios de Julio, poniendo fin a m\u00e1s de un a\u00f1o de exenci\u00f3n de tasas.<\/p>\n\n\n\n<p>Una fuente del Tesoro argument\u00f3 que las autoridades locales siguen disponiendo de m\u00e1s de 1.000 millones de libras de subvenciones para las empresas -especialmente los clubes nocturnos que no pueden abrir- afectadas por la pandemia. &#8220;Tenemos que mantener un equilibrio para garantizar que podamos recuperarnos con fuerza&#8221;, dijo la fuente.<br><br><small>Copyright \u00a9 2021 ElCanillita.info &#8211; PanPress.eu  \/ SalaStampa.eu &#8211; All Rights Reserved<\/small>  <\/p>\n","protected":false},"excerpt":{"rendered":"<p>Boris Johnson se niega a ofrecer una &#8220;garant\u00eda de hierro&#8221; de que no habr\u00e1 m\u00e1s retrasos en la reapertura.<\/p>\n","protected":false},"author":1,"featured_media":1773,"comment_status":"closed","ping_status":"closed","sticky":false,"template":"","format":"standard","meta":{"footnotes":"","_links_to":"","_links_to_target":""},"categories":[70,23,116,78,25],"tags":[58],"class_list":["post-1769","post","type-post","status-publish","format-standard","has-post-thumbnail","hentry","category-actualidad","category-politica","category-united-kingdom","category-sanidad","category-sociedad","tag-reino-unido","entry","double"],"yoast_head":"<!-- This site is optimized with the Yoast SEO plugin v27.5 - https:\/\/yoast.com\/product\/yoast-seo-wordpress\/ -->\n<title>Definitivamente, el desbloqueo en el Reino Unido ser\u00e1 el 19 de Julio... a menos que no lo sea - ElCanillita.Info<\/title>\n<meta name=\"robots\" content=\"index, follow, max-snippet:-1, max-image-preview:large, max-video-preview:-1\" \/>\n<link rel=\"canonical\" href=\"https:\/\/elcanillita.info\/press\/2021\/06\/15\/definitivamente-el-desbloqueo-en-el-reino-unido-sera-el-19-de-julio-a-menos-que-no-lo-sea\/\" \/>\n<meta property=\"og:locale\" content=\"es_ES\" \/>\n<meta property=\"og:type\" content=\"article\" \/>\n<meta property=\"og:title\" content=\"Definitivamente, el desbloqueo en el Reino Unido ser\u00e1 el 19 de Julio... a menos que no lo sea - ElCanillita.Info\" \/>\n<meta property=\"og:description\" content=\"Boris Johnson se niega a ofrecer una &quot;garant\u00eda de hierro&quot; de que no habr\u00e1 m\u00e1s retrasos en la reapertura.\" \/>\n<meta property=\"og:url\" content=\"https:\/\/elcanillita.info\/press\/2021\/06\/15\/definitivamente-el-desbloqueo-en-el-reino-unido-sera-el-19-de-julio-a-menos-que-no-lo-sea\/\" \/>\n<meta property=\"og:site_name\" content=\"ElCanillita.Info\" \/>\n<meta property=\"article:publisher\" content=\"https:\/\/ar-ar.facebook.com\/ElCanillitainfo-114249515285712\/\" \/>\n<meta property=\"article:published_time\" content=\"2021-06-15T10:32:50+00:00\" \/>\n<meta property=\"article:modified_time\" content=\"2023-04-07T10:14:50+00:00\" \/>\n<meta property=\"og:image\" content=\"https:\/\/elcanillita.info\/press\/images\/2021\/06\/bj.jpg\" \/>\n\t<meta property=\"og:image:width\" content=\"600\" \/>\n\t<meta property=\"og:image:height\" content=\"376\" \/>\n\t<meta property=\"og:image:type\" content=\"image\/jpeg\" \/>\n<meta name=\"author\" content=\"SalaStampa.eu, world press service\" \/>\n<meta name=\"twitter:card\" content=\"summary_large_image\" \/>\n<meta name=\"twitter:label1\" content=\"Escrito por\" \/>\n\t<meta name=\"twitter:data1\" content=\"SalaStampa.eu, world press service\" \/>\n\t<meta name=\"twitter:label2\" content=\"Tiempo de lectura\" \/>\n\t<meta name=\"twitter:data2\" content=\"4 minutos\" \/>\n<script type=\"application\/ld+json\" class=\"yoast-schema-graph\">{\"@context\":\"https:\\\/\\\/schema.org\",\"@graph\":[{\"@type\":\"Article\",\"@id\":\"https:\\\/\\\/elcanillita.info\\\/press\\\/2021\\\/06\\\/15\\\/definitivamente-el-desbloqueo-en-el-reino-unido-sera-el-19-de-julio-a-menos-que-no-lo-sea\\\/#article\",\"isPartOf\":{\"@id\":\"https:\\\/\\\/elcanillita.info\\\/press\\\/2021\\\/06\\\/15\\\/definitivamente-el-desbloqueo-en-el-reino-unido-sera-el-19-de-julio-a-menos-que-no-lo-sea\\\/\"},\"author\":{\"name\":\"SalaStampa.eu, world press service\",\"@id\":\"https:\\\/\\\/elcanillita.info\\\/press\\\/#\\\/schema\\\/person\\\/7fcb79f38045700919f7da6d97e71ba0\"},\"headline\":\"Definitivamente, el desbloqueo en el Reino Unido ser\u00e1 el 19 de Julio&#8230; a menos que no lo sea\",\"datePublished\":\"2021-06-15T10:32:50+00:00\",\"dateModified\":\"2023-04-07T10:14:50+00:00\",\"mainEntityOfPage\":{\"@id\":\"https:\\\/\\\/elcanillita.info\\\/press\\\/2021\\\/06\\\/15\\\/definitivamente-el-desbloqueo-en-el-reino-unido-sera-el-19-de-julio-a-menos-que-no-lo-sea\\\/\"},\"wordCount\":825,\"publisher\":{\"@id\":\"https:\\\/\\\/elcanillita.info\\\/press\\\/#organization\"},\"image\":{\"@id\":\"https:\\\/\\\/elcanillita.info\\\/press\\\/2021\\\/06\\\/15\\\/definitivamente-el-desbloqueo-en-el-reino-unido-sera-el-19-de-julio-a-menos-que-no-lo-sea\\\/#primaryimage\"},\"thumbnailUrl\":\"https:\\\/\\\/elcanillita.info\\\/press\\\/images\\\/2021\\\/06\\\/bj.jpg\",\"keywords\":[\"Reino Unido\"],\"articleSection\":[\"Actualidad\",\"Politica\",\"Reino Unido\",\"Sanidad\",\"Sociedad\"],\"inLanguage\":\"es-AR\"},{\"@type\":\"WebPage\",\"@id\":\"https:\\\/\\\/elcanillita.info\\\/press\\\/2021\\\/06\\\/15\\\/definitivamente-el-desbloqueo-en-el-reino-unido-sera-el-19-de-julio-a-menos-que-no-lo-sea\\\/\",\"url\":\"https:\\\/\\\/elcanillita.info\\\/press\\\/2021\\\/06\\\/15\\\/definitivamente-el-desbloqueo-en-el-reino-unido-sera-el-19-de-julio-a-menos-que-no-lo-sea\\\/\",\"name\":\"Definitivamente, el desbloqueo en el Reino Unido ser\u00e1 el 19 de Julio... a menos que no lo sea - ElCanillita.Info\",\"isPartOf\":{\"@id\":\"https:\\\/\\\/elcanillita.info\\\/press\\\/#website\"},\"primaryImageOfPage\":{\"@id\":\"https:\\\/\\\/elcanillita.info\\\/press\\\/2021\\\/06\\\/15\\\/definitivamente-el-desbloqueo-en-el-reino-unido-sera-el-19-de-julio-a-menos-que-no-lo-sea\\\/#primaryimage\"},\"image\":{\"@id\":\"https:\\\/\\\/elcanillita.info\\\/press\\\/2021\\\/06\\\/15\\\/definitivamente-el-desbloqueo-en-el-reino-unido-sera-el-19-de-julio-a-menos-que-no-lo-sea\\\/#primaryimage\"},\"thumbnailUrl\":\"https:\\\/\\\/elcanillita.info\\\/press\\\/images\\\/2021\\\/06\\\/bj.jpg\",\"datePublished\":\"2021-06-15T10:32:50+00:00\",\"dateModified\":\"2023-04-07T10:14:50+00:00\",\"inLanguage\":\"es-AR\",\"potentialAction\":[{\"@type\":\"ReadAction\",\"target\":[\"https:\\\/\\\/elcanillita.info\\\/press\\\/2021\\\/06\\\/15\\\/definitivamente-el-desbloqueo-en-el-reino-unido-sera-el-19-de-julio-a-menos-que-no-lo-sea\\\/\"]}]},{\"@type\":\"ImageObject\",\"inLanguage\":\"es-AR\",\"@id\":\"https:\\\/\\\/elcanillita.info\\\/press\\\/2021\\\/06\\\/15\\\/definitivamente-el-desbloqueo-en-el-reino-unido-sera-el-19-de-julio-a-menos-que-no-lo-sea\\\/#primaryimage\",\"url\":\"https:\\\/\\\/elcanillita.info\\\/press\\\/images\\\/2021\\\/06\\\/bj.jpg\",\"contentUrl\":\"https:\\\/\\\/elcanillita.info\\\/press\\\/images\\\/2021\\\/06\\\/bj.jpg\",\"width\":600,\"height\":376},{\"@type\":\"WebSite\",\"@id\":\"https:\\\/\\\/elcanillita.info\\\/press\\\/#website\",\"url\":\"https:\\\/\\\/elcanillita.info\\\/press\\\/\",\"name\":\"ElCanillita.Info\",\"description\":\"desde los Apeninos a los Andes\",\"publisher\":{\"@id\":\"https:\\\/\\\/elcanillita.info\\\/press\\\/#organization\"},\"potentialAction\":[{\"@type\":\"SearchAction\",\"target\":{\"@type\":\"EntryPoint\",\"urlTemplate\":\"https:\\\/\\\/elcanillita.info\\\/press\\\/?s={search_term_string}\"},\"query-input\":{\"@type\":\"PropertyValueSpecification\",\"valueRequired\":true,\"valueName\":\"search_term_string\"}}],\"inLanguage\":\"es-AR\"},{\"@type\":\"Organization\",\"@id\":\"https:\\\/\\\/elcanillita.info\\\/press\\\/#organization\",\"name\":\"Guzzo Photos & Graphic Publications\",\"url\":\"https:\\\/\\\/elcanillita.info\\\/press\\\/\",\"logo\":{\"@type\":\"ImageObject\",\"inLanguage\":\"es-AR\",\"@id\":\"https:\\\/\\\/elcanillita.info\\\/press\\\/#\\\/schema\\\/logo\\\/image\\\/\",\"url\":\"https:\\\/\\\/elcanillita.info\\\/press\\\/images\\\/2020\\\/01\\\/cropped-cropped-cropped-elcanillitainfo.png\",\"contentUrl\":\"https:\\\/\\\/elcanillita.info\\\/press\\\/images\\\/2020\\\/01\\\/cropped-cropped-cropped-elcanillitainfo.png\",\"width\":460,\"height\":50,\"caption\":\"Guzzo Photos & Graphic Publications\"},\"image\":{\"@id\":\"https:\\\/\\\/elcanillita.info\\\/press\\\/#\\\/schema\\\/logo\\\/image\\\/\"},\"sameAs\":[\"https:\\\/\\\/ar-ar.facebook.com\\\/ElCanillitainfo-114249515285712\\\/\"]},{\"@type\":\"Person\",\"@id\":\"https:\\\/\\\/elcanillita.info\\\/press\\\/#\\\/schema\\\/person\\\/7fcb79f38045700919f7da6d97e71ba0\",\"name\":\"SalaStampa.eu, world press service\",\"image\":{\"@type\":\"ImageObject\",\"inLanguage\":\"es-AR\",\"@id\":\"https:\\\/\\\/secure.gravatar.com\\\/avatar\\\/c2f0e0d515a107624234994507816ca4724c7199cef73fc8bedebf6931d73888?s=96&d=mm&r=g\",\"url\":\"https:\\\/\\\/secure.gravatar.com\\\/avatar\\\/c2f0e0d515a107624234994507816ca4724c7199cef73fc8bedebf6931d73888?s=96&d=mm&r=g\",\"contentUrl\":\"https:\\\/\\\/secure.gravatar.com\\\/avatar\\\/c2f0e0d515a107624234994507816ca4724c7199cef73fc8bedebf6931d73888?s=96&d=mm&r=g\",\"caption\":\"SalaStampa.eu, world press service\"}}]}<\/script>\n<!-- \/ Yoast SEO plugin. -->","yoast_head_json":{"title":"Definitivamente, el desbloqueo en el Reino Unido ser\u00e1 el 19 de Julio... a menos que no lo sea - ElCanillita.Info","robots":{"index":"index","follow":"follow","max-snippet":"max-snippet:-1","max-image-preview":"max-image-preview:large","max-video-preview":"max-video-preview:-1"},"canonical":"https:\/\/elcanillita.info\/press\/2021\/06\/15\/definitivamente-el-desbloqueo-en-el-reino-unido-sera-el-19-de-julio-a-menos-que-no-lo-sea\/","og_locale":"es_ES","og_type":"article","og_title":"Definitivamente, el desbloqueo en el Reino Unido ser\u00e1 el 19 de Julio... a menos que no lo sea - ElCanillita.Info","og_description":"Boris Johnson se niega a ofrecer una \"garant\u00eda de hierro\" de que no habr\u00e1 m\u00e1s retrasos en la reapertura.","og_url":"https:\/\/elcanillita.info\/press\/2021\/06\/15\/definitivamente-el-desbloqueo-en-el-reino-unido-sera-el-19-de-julio-a-menos-que-no-lo-sea\/","og_site_name":"ElCanillita.Info","article_publisher":"https:\/\/ar-ar.facebook.com\/ElCanillitainfo-114249515285712\/","article_published_time":"2021-06-15T10:32:50+00:00","article_modified_time":"2023-04-07T10:14:50+00:00","og_image":[{"width":600,"height":376,"url":"https:\/\/elcanillita.info\/press\/images\/2021\/06\/bj.jpg","type":"image\/jpeg"}],"author":"SalaStampa.eu, world press service","twitter_card":"summary_large_image","twitter_misc":{"Escrito por":"SalaStampa.eu, world press service","Tiempo de lectura":"4 minutos"},"schema":{"@context":"https:\/\/schema.org","@graph":[{"@type":"Article","@id":"https:\/\/elcanillita.info\/press\/2021\/06\/15\/definitivamente-el-desbloqueo-en-el-reino-unido-sera-el-19-de-julio-a-menos-que-no-lo-sea\/#article","isPartOf":{"@id":"https:\/\/elcanillita.info\/press\/2021\/06\/15\/definitivamente-el-desbloqueo-en-el-reino-unido-sera-el-19-de-julio-a-menos-que-no-lo-sea\/"},"author":{"name":"SalaStampa.eu, world press service","@id":"https:\/\/elcanillita.info\/press\/#\/schema\/person\/7fcb79f38045700919f7da6d97e71ba0"},"headline":"Definitivamente, el desbloqueo en el Reino Unido ser\u00e1 el 19 de Julio&#8230; a menos que no lo sea","datePublished":"2021-06-15T10:32:50+00:00","dateModified":"2023-04-07T10:14:50+00:00","mainEntityOfPage":{"@id":"https:\/\/elcanillita.info\/press\/2021\/06\/15\/definitivamente-el-desbloqueo-en-el-reino-unido-sera-el-19-de-julio-a-menos-que-no-lo-sea\/"},"wordCount":825,"publisher":{"@id":"https:\/\/elcanillita.info\/press\/#organization"},"image":{"@id":"https:\/\/elcanillita.info\/press\/2021\/06\/15\/definitivamente-el-desbloqueo-en-el-reino-unido-sera-el-19-de-julio-a-menos-que-no-lo-sea\/#primaryimage"},"thumbnailUrl":"https:\/\/elcanillita.info\/press\/images\/2021\/06\/bj.jpg","keywords":["Reino Unido"],"articleSection":["Actualidad","Politica","Reino Unido","Sanidad","Sociedad"],"inLanguage":"es-AR"},{"@type":"WebPage","@id":"https:\/\/elcanillita.info\/press\/2021\/06\/15\/definitivamente-el-desbloqueo-en-el-reino-unido-sera-el-19-de-julio-a-menos-que-no-lo-sea\/","url":"https:\/\/elcanillita.info\/press\/2021\/06\/15\/definitivamente-el-desbloqueo-en-el-reino-unido-sera-el-19-de-julio-a-menos-que-no-lo-sea\/","name":"Definitivamente, el desbloqueo en el Reino Unido ser\u00e1 el 19 de Julio... a menos que no lo sea - ElCanillita.Info","isPartOf":{"@id":"https:\/\/elcanillita.info\/press\/#website"},"primaryImageOfPage":{"@id":"https:\/\/elcanillita.info\/press\/2021\/06\/15\/definitivamente-el-desbloqueo-en-el-reino-unido-sera-el-19-de-julio-a-menos-que-no-lo-sea\/#primaryimage"},"image":{"@id":"https:\/\/elcanillita.info\/press\/2021\/06\/15\/definitivamente-el-desbloqueo-en-el-reino-unido-sera-el-19-de-julio-a-menos-que-no-lo-sea\/#primaryimage"},"thumbnailUrl":"https:\/\/elcanillita.info\/press\/images\/2021\/06\/bj.jpg","datePublished":"2021-06-15T10:32:50+00:00","dateModified":"2023-04-07T10:14:50+00:00","inLanguage":"es-AR","potentialAction":[{"@type":"ReadAction","target":["https:\/\/elcanillita.info\/press\/2021\/06\/15\/definitivamente-el-desbloqueo-en-el-reino-unido-sera-el-19-de-julio-a-menos-que-no-lo-sea\/"]}]},{"@type":"ImageObject","inLanguage":"es-AR","@id":"https:\/\/elcanillita.info\/press\/2021\/06\/15\/definitivamente-el-desbloqueo-en-el-reino-unido-sera-el-19-de-julio-a-menos-que-no-lo-sea\/#primaryimage","url":"https:\/\/elcanillita.info\/press\/images\/2021\/06\/bj.jpg","contentUrl":"https:\/\/elcanillita.info\/press\/images\/2021\/06\/bj.jpg","width":600,"height":376},{"@type":"WebSite","@id":"https:\/\/elcanillita.info\/press\/#website","url":"https:\/\/elcanillita.info\/press\/","name":"ElCanillita.Info","description":"desde los Apeninos a los Andes","publisher":{"@id":"https:\/\/elcanillita.info\/press\/#organization"},"potentialAction":[{"@type":"SearchAction","target":{"@type":"EntryPoint","urlTemplate":"https:\/\/elcanillita.info\/press\/?s={search_term_string}"},"query-input":{"@type":"PropertyValueSpecification","valueRequired":true,"valueName":"search_term_string"}}],"inLanguage":"es-AR"},{"@type":"Organization","@id":"https:\/\/elcanillita.info\/press\/#organization","name":"Guzzo Photos & Graphic Publications","url":"https:\/\/elcanillita.info\/press\/","logo":{"@type":"ImageObject","inLanguage":"es-AR","@id":"https:\/\/elcanillita.info\/press\/#\/schema\/logo\/image\/","url":"https:\/\/elcanillita.info\/press\/images\/2020\/01\/cropped-cropped-cropped-elcanillitainfo.png","contentUrl":"https:\/\/elcanillita.info\/press\/images\/2020\/01\/cropped-cropped-cropped-elcanillitainfo.png","width":460,"height":50,"caption":"Guzzo Photos & Graphic Publications"},"image":{"@id":"https:\/\/elcanillita.info\/press\/#\/schema\/logo\/image\/"},"sameAs":["https:\/\/ar-ar.facebook.com\/ElCanillitainfo-114249515285712\/"]},{"@type":"Person","@id":"https:\/\/elcanillita.info\/press\/#\/schema\/person\/7fcb79f38045700919f7da6d97e71ba0","name":"SalaStampa.eu, world press service","image":{"@type":"ImageObject","inLanguage":"es-AR","@id":"https:\/\/secure.gravatar.com\/avatar\/c2f0e0d515a107624234994507816ca4724c7199cef73fc8bedebf6931d73888?s=96&d=mm&r=g","url":"https:\/\/secure.gravatar.com\/avatar\/c2f0e0d515a107624234994507816ca4724c7199cef73fc8bedebf6931d73888?s=96&d=mm&r=g","contentUrl":"https:\/\/secure.gravatar.com\/avatar\/c2f0e0d515a107624234994507816ca4724c7199cef73fc8bedebf6931d73888?s=96&d=mm&r=g","caption":"SalaStampa.eu, world press service"}}]}},"views":513,"_links":{"self":[{"href":"https:\/\/elcanillita.info\/press\/wp-json\/wp\/v2\/posts\/1769","targetHints":{"allow":["GET"]}}],"collection":[{"href":"https:\/\/elcanillita.info\/press\/wp-json\/wp\/v2\/posts"}],"about":[{"href":"https:\/\/elcanillita.info\/press\/wp-json\/wp\/v2\/types\/post"}],"author":[{"embeddable":true,"href":"https:\/\/elcanillita.info\/press\/wp-json\/wp\/v2\/users\/1"}],"replies":[{"embeddable":true,"href":"https:\/\/elcanillita.info\/press\/wp-json\/wp\/v2\/comments?post=1769"}],"version-history":[{"count":0,"href":"https:\/\/elcanillita.info\/press\/wp-json\/wp\/v2\/posts\/1769\/revisions"}],"wp:featuredmedia":[{"embeddable":true,"href":"https:\/\/elcanillita.info\/press\/wp-json\/wp\/v2\/media\/1773"}],"wp:attachment":[{"href":"https:\/\/elcanillita.info\/press\/wp-json\/wp\/v2\/media?parent=1769"}],"wp:term":[{"taxonomy":"category","embeddable":true,"href":"https:\/\/elcanillita.info\/press\/wp-json\/wp\/v2\/categories?post=1769"},{"taxonomy":"post_tag","embeddable":true,"href":"https:\/\/elcanillita.info\/press\/wp-json\/wp\/v2\/tags?post=1769"}],"curies":[{"name":"wp","href":"https:\/\/api.w.org\/{rel}","templated":true}]}}