{"id":1750,"date":"2021-06-13T08:24:49","date_gmt":"2021-06-13T11:24:49","guid":{"rendered":"https:\/\/elcanillita.info\/press\/?p=1750"},"modified":"2023-04-07T07:20:48","modified_gmt":"2023-04-07T10:20:48","slug":"boris-johnson-enfurecio-emmanuel-macron-irlanda_norte","status":"publish","type":"post","link":"https:\/\/elcanillita.info\/press\/2021\/06\/13\/boris-johnson-enfurecio-emmanuel-macron-irlanda_norte\/","title":{"rendered":"Boris Johnson se enfureci\u00f3 despu\u00e9s de que Emmanuel Macron, no consider\u00f3 Irlanda del Norte parte del UK"},"content":{"rendered":"\n<div class=\"wp-block-image\"><figure class=\"aligncenter size-large\"><img loading=\"lazy\" decoding=\"async\" width=\"600\" height=\"375\" src=\"https:\/\/elcanillita.info\/press\/images\/2021\/06\/G7A_20210612.jpg\" alt=\"\" class=\"wp-image-1751\" srcset=\"https:\/\/elcanillita.info\/press\/images\/2021\/06\/G7A_20210612.jpg 600w, https:\/\/elcanillita.info\/press\/images\/2021\/06\/G7A_20210612-300x188.jpg 300w\" sizes=\"auto, (max-width: 600px) 100vw, 600px\" \/><\/figure><\/div>\n\n\n\n<p>Boris Johnson se enfureci\u00f3 el s\u00e1bado cuando Emmanuel Macron sugiri\u00f3 en las conversaciones de la cumbre del G7 que Irlanda del Norte no era parte del Reino Unido.<\/p>\n\n\n\n<p>El Primer Ministro intent\u00f3 explicar su frustraci\u00f3n con el Protocolo de Irlanda del Norte preguntando a Macron qu\u00e9 har\u00eda si las salchichas de Toulouse no pudieran trasladarse a Par\u00eds, seg\u00fan una fuente del Gobierno brit\u00e1nico.<\/p>\n\n\n\n<p>El presidente franc\u00e9s habr\u00eda replicado argumentando que la comparaci\u00f3n no funcionaba porque Par\u00eds y Toulouse formaban parte del mismo pa\u00eds, sugiriendo incorrectamente que Irlanda del Norte no est\u00e1 dentro del Reino Unido.<\/p>\n\n\n\n<p>El Sr. Johnson expres\u00f3 su perplejidad por el comentario a sus ayudantes justo despu\u00e9s de la reuni\u00f3n, y m\u00e1s tarde insinu\u00f3 el comentario cuando dijo a Sky News que algunos l\u00edderes necesitaban meterse en la cabeza que el Reino Unido era un &#8220;pa\u00eds \u00fanico&#8221;.<\/p>\n\n\n\n<p>La supuesta metedura de pata sali\u00f3 a la luz tras las conversaciones mantenidas a primera hora de la ma\u00f1ana en Cornualles, en las que Johnson se reuni\u00f3 primero con Macron, luego con Angela Merkel, la canciller alemana, y despu\u00e9s con Ursula von der Leyen, la presidenta de la Comisi\u00f3n Europea, y Charles Michel, el presidente del Consejo Europeo.<\/p>\n\n\n\n<p>Lejos de provocar un avance en el enfrentamiento sobre los controles aduaneros en Irlanda del Norte, las reuniones bilaterales desencadenaron una oleada de cr\u00edticas en los medios de comunicaci\u00f3n de todas las partes.<\/p>\n\n\n\n<p>Una fuente cercana a Macron afirm\u00f3 que \u00e9ste le dijo a Johnson que &#8220;ten\u00eda que haber un restablecimiento de la relaci\u00f3n franco-brit\u00e1nica&#8221;, pero s\u00f3lo si &#8220;mantiene su palabra con los europeos&#8221;.<\/p>\n\n\n\n<p>La Sra. Merkel dijo que estaba abierta a encontrar soluciones &#8220;pragm\u00e1ticas&#8221; a la situaci\u00f3n de Irlanda del Norte, pero que el protocolo en s\u00ed no pod\u00eda ser renegociado.<\/p>\n\n\n\n<p>Von der Leyen y Michel dijeron a Johnson que &#8220;hay que rebajar la ret\u00f3rica&#8221; sobre Irlanda del Norte y tuitearon: &#8220;Ambas partes deben aplicar lo que hemos acordado. Hay una completa unidad de la UE en esto&#8221;.<\/p>\n\n\n\n<p>El Protocolo de Irlanda del Norte impone controles aduaneros a las mercanc\u00edas que viajan desde Gran Breta\u00f1a a Irlanda del Norte para evitar una frontera dura en la isla de Irlanda.<\/p>\n\n\n\n<p>El Sr. Johnson se plantea ahora activar el art\u00edculo 16 del protocolo, renunciando unilateralmente a elementos del acuerdo, en unas semanas.<\/p>\n\n\n\n<p>El mes que viene est\u00e1 previsto que comiencen los controles aduaneros de las salchichas y otras carnes refrigeradas que entren en Irlanda del Norte desde Gran Breta\u00f1a, seg\u00fan los t\u00e9rminos del Protocolo de Irlanda del Norte.<\/p>\n\n\n\n<p>El Reino Unido amenaza con no introducirlos, ya que Downing Street teme que los controles de este y otros productos puedan socavar la integridad del Reino Unido y avivar las tensiones en Irlanda del Norte.<\/p>\n\n\n\n<p>Una fuente del gobierno brit\u00e1nico coment\u00f3 la reuni\u00f3n: &#8220;El Primer Ministro le dijo al Sr. Macron: &#8220;\u00bfQu\u00e9 le parecer\u00eda si los tribunales franceses le impidieran trasladar las salchichas de Toulouse a Par\u00eds?&#8221;.<\/p>\n\n\n\n<p>&#8220;\u00c9l respondi\u00f3 que no era una buena comparaci\u00f3n porque Par\u00eds y Toulouse son parte del mismo pa\u00eds.<\/p>\n\n\n\n<p>&#8220;El Primer Ministro respondi\u00f3: &#8216;Irlanda del Norte y Gran Breta\u00f1a tambi\u00e9n forman parte del mismo pa\u00eds&#8217;. Le llam\u00f3 bastante la atenci\u00f3n por ser bastante revelador de c\u00f3mo ven el tema&#8221;.<br><br> <small>Copyright \u00a9 2021 ElCanillita.info &#8211; PanPress.eu  \/ SalaStampa.eu &#8211; All Rights Reserved<\/small> \n<\/p>\n","protected":false},"excerpt":{"rendered":"<p>El primer ministro dijo que algunos l\u00edderes deb\u00edan meterse &#8220;en la cabeza&#8221; que el Reino Unido era un &#8220;pa\u00eds \u00fanico.<\/p>\n","protected":false},"author":1,"featured_media":1752,"comment_status":"closed","ping_status":"closed","sticky":false,"template":"","format":"standard","meta":{"footnotes":"","_links_to":"","_links_to_target":""},"categories":[70,20,23,116,115],"tags":[58],"class_list":["post-1750","post","type-post","status-publish","format-standard","has-post-thumbnail","hentry","category-actualidad","category-economia","category-politica","category-united-kingdom","category-union-europea","tag-reino-unido","entry","double"],"yoast_head":"<!-- This site is optimized with the Yoast SEO plugin v27.5 - https:\/\/yoast.com\/product\/yoast-seo-wordpress\/ -->\n<title>Boris Johnson se enfureci\u00f3 despu\u00e9s de que Emmanuel Macron, no consider\u00f3 Irlanda del Norte parte del UK - ElCanillita.Info<\/title>\n<meta name=\"robots\" content=\"index, follow, max-snippet:-1, max-image-preview:large, max-video-preview:-1\" \/>\n<link rel=\"canonical\" href=\"https:\/\/elcanillita.info\/press\/2021\/06\/13\/boris-johnson-enfurecio-emmanuel-macron-irlanda_norte\/\" \/>\n<meta property=\"og:locale\" content=\"es_ES\" \/>\n<meta property=\"og:type\" content=\"article\" \/>\n<meta property=\"og:title\" content=\"Boris Johnson se enfureci\u00f3 despu\u00e9s de que Emmanuel Macron, no consider\u00f3 Irlanda del Norte parte del UK - ElCanillita.Info\" \/>\n<meta property=\"og:description\" content=\"El primer ministro dijo que algunos l\u00edderes deb\u00edan meterse &quot;en la cabeza&quot; que el Reino Unido era un &quot;pa\u00eds \u00fanico.\" \/>\n<meta property=\"og:url\" content=\"https:\/\/elcanillita.info\/press\/2021\/06\/13\/boris-johnson-enfurecio-emmanuel-macron-irlanda_norte\/\" \/>\n<meta property=\"og:site_name\" content=\"ElCanillita.Info\" \/>\n<meta property=\"article:publisher\" content=\"https:\/\/ar-ar.facebook.com\/ElCanillitainfo-114249515285712\/\" \/>\n<meta property=\"article:published_time\" content=\"2021-06-13T11:24:49+00:00\" \/>\n<meta property=\"article:modified_time\" content=\"2023-04-07T10:20:48+00:00\" \/>\n<meta property=\"og:image\" content=\"https:\/\/elcanillita.info\/press\/images\/2021\/06\/uk_germania.jpg\" \/>\n\t<meta property=\"og:image:width\" content=\"600\" \/>\n\t<meta property=\"og:image:height\" content=\"375\" \/>\n\t<meta property=\"og:image:type\" content=\"image\/jpeg\" \/>\n<meta name=\"author\" content=\"SalaStampa.eu, world press service\" \/>\n<meta name=\"twitter:card\" content=\"summary_large_image\" \/>\n<meta name=\"twitter:label1\" content=\"Escrito por\" \/>\n\t<meta name=\"twitter:data1\" content=\"SalaStampa.eu, world press service\" \/>\n\t<meta name=\"twitter:label2\" content=\"Tiempo de lectura\" \/>\n\t<meta name=\"twitter:data2\" content=\"3 minutos\" \/>\n<script type=\"application\/ld+json\" class=\"yoast-schema-graph\">{\"@context\":\"https:\\\/\\\/schema.org\",\"@graph\":[{\"@type\":\"Article\",\"@id\":\"https:\\\/\\\/elcanillita.info\\\/press\\\/2021\\\/06\\\/13\\\/boris-johnson-enfurecio-emmanuel-macron-irlanda_norte\\\/#article\",\"isPartOf\":{\"@id\":\"https:\\\/\\\/elcanillita.info\\\/press\\\/2021\\\/06\\\/13\\\/boris-johnson-enfurecio-emmanuel-macron-irlanda_norte\\\/\"},\"author\":{\"name\":\"SalaStampa.eu, world press service\",\"@id\":\"https:\\\/\\\/elcanillita.info\\\/press\\\/#\\\/schema\\\/person\\\/7fcb79f38045700919f7da6d97e71ba0\"},\"headline\":\"Boris Johnson se enfureci\u00f3 despu\u00e9s de que Emmanuel Macron, no consider\u00f3 Irlanda del Norte parte del UK\",\"datePublished\":\"2021-06-13T11:24:49+00:00\",\"dateModified\":\"2023-04-07T10:20:48+00:00\",\"mainEntityOfPage\":{\"@id\":\"https:\\\/\\\/elcanillita.info\\\/press\\\/2021\\\/06\\\/13\\\/boris-johnson-enfurecio-emmanuel-macron-irlanda_norte\\\/\"},\"wordCount\":604,\"publisher\":{\"@id\":\"https:\\\/\\\/elcanillita.info\\\/press\\\/#organization\"},\"image\":{\"@id\":\"https:\\\/\\\/elcanillita.info\\\/press\\\/2021\\\/06\\\/13\\\/boris-johnson-enfurecio-emmanuel-macron-irlanda_norte\\\/#primaryimage\"},\"thumbnailUrl\":\"https:\\\/\\\/elcanillita.info\\\/press\\\/images\\\/2021\\\/06\\\/uk_germania.jpg\",\"keywords\":[\"Reino Unido\"],\"articleSection\":[\"Actualidad\",\"Economia\",\"Politica\",\"Reino Unido\",\"UE\"],\"inLanguage\":\"es-AR\"},{\"@type\":\"WebPage\",\"@id\":\"https:\\\/\\\/elcanillita.info\\\/press\\\/2021\\\/06\\\/13\\\/boris-johnson-enfurecio-emmanuel-macron-irlanda_norte\\\/\",\"url\":\"https:\\\/\\\/elcanillita.info\\\/press\\\/2021\\\/06\\\/13\\\/boris-johnson-enfurecio-emmanuel-macron-irlanda_norte\\\/\",\"name\":\"Boris Johnson se enfureci\u00f3 despu\u00e9s de que Emmanuel Macron, no consider\u00f3 Irlanda del Norte parte del UK - ElCanillita.Info\",\"isPartOf\":{\"@id\":\"https:\\\/\\\/elcanillita.info\\\/press\\\/#website\"},\"primaryImageOfPage\":{\"@id\":\"https:\\\/\\\/elcanillita.info\\\/press\\\/2021\\\/06\\\/13\\\/boris-johnson-enfurecio-emmanuel-macron-irlanda_norte\\\/#primaryimage\"},\"image\":{\"@id\":\"https:\\\/\\\/elcanillita.info\\\/press\\\/2021\\\/06\\\/13\\\/boris-johnson-enfurecio-emmanuel-macron-irlanda_norte\\\/#primaryimage\"},\"thumbnailUrl\":\"https:\\\/\\\/elcanillita.info\\\/press\\\/images\\\/2021\\\/06\\\/uk_germania.jpg\",\"datePublished\":\"2021-06-13T11:24:49+00:00\",\"dateModified\":\"2023-04-07T10:20:48+00:00\",\"inLanguage\":\"es-AR\",\"potentialAction\":[{\"@type\":\"ReadAction\",\"target\":[\"https:\\\/\\\/elcanillita.info\\\/press\\\/2021\\\/06\\\/13\\\/boris-johnson-enfurecio-emmanuel-macron-irlanda_norte\\\/\"]}]},{\"@type\":\"ImageObject\",\"inLanguage\":\"es-AR\",\"@id\":\"https:\\\/\\\/elcanillita.info\\\/press\\\/2021\\\/06\\\/13\\\/boris-johnson-enfurecio-emmanuel-macron-irlanda_norte\\\/#primaryimage\",\"url\":\"https:\\\/\\\/elcanillita.info\\\/press\\\/images\\\/2021\\\/06\\\/uk_germania.jpg\",\"contentUrl\":\"https:\\\/\\\/elcanillita.info\\\/press\\\/images\\\/2021\\\/06\\\/uk_germania.jpg\",\"width\":600,\"height\":375},{\"@type\":\"WebSite\",\"@id\":\"https:\\\/\\\/elcanillita.info\\\/press\\\/#website\",\"url\":\"https:\\\/\\\/elcanillita.info\\\/press\\\/\",\"name\":\"ElCanillita.Info\",\"description\":\"desde los Apeninos a los Andes\",\"publisher\":{\"@id\":\"https:\\\/\\\/elcanillita.info\\\/press\\\/#organization\"},\"potentialAction\":[{\"@type\":\"SearchAction\",\"target\":{\"@type\":\"EntryPoint\",\"urlTemplate\":\"https:\\\/\\\/elcanillita.info\\\/press\\\/?s={search_term_string}\"},\"query-input\":{\"@type\":\"PropertyValueSpecification\",\"valueRequired\":true,\"valueName\":\"search_term_string\"}}],\"inLanguage\":\"es-AR\"},{\"@type\":\"Organization\",\"@id\":\"https:\\\/\\\/elcanillita.info\\\/press\\\/#organization\",\"name\":\"Guzzo Photos & Graphic Publications\",\"url\":\"https:\\\/\\\/elcanillita.info\\\/press\\\/\",\"logo\":{\"@type\":\"ImageObject\",\"inLanguage\":\"es-AR\",\"@id\":\"https:\\\/\\\/elcanillita.info\\\/press\\\/#\\\/schema\\\/logo\\\/image\\\/\",\"url\":\"https:\\\/\\\/elcanillita.info\\\/press\\\/images\\\/2020\\\/01\\\/cropped-cropped-cropped-elcanillitainfo.png\",\"contentUrl\":\"https:\\\/\\\/elcanillita.info\\\/press\\\/images\\\/2020\\\/01\\\/cropped-cropped-cropped-elcanillitainfo.png\",\"width\":460,\"height\":50,\"caption\":\"Guzzo Photos & Graphic Publications\"},\"image\":{\"@id\":\"https:\\\/\\\/elcanillita.info\\\/press\\\/#\\\/schema\\\/logo\\\/image\\\/\"},\"sameAs\":[\"https:\\\/\\\/ar-ar.facebook.com\\\/ElCanillitainfo-114249515285712\\\/\"]},{\"@type\":\"Person\",\"@id\":\"https:\\\/\\\/elcanillita.info\\\/press\\\/#\\\/schema\\\/person\\\/7fcb79f38045700919f7da6d97e71ba0\",\"name\":\"SalaStampa.eu, world press service\",\"image\":{\"@type\":\"ImageObject\",\"inLanguage\":\"es-AR\",\"@id\":\"https:\\\/\\\/secure.gravatar.com\\\/avatar\\\/c2f0e0d515a107624234994507816ca4724c7199cef73fc8bedebf6931d73888?s=96&d=mm&r=g\",\"url\":\"https:\\\/\\\/secure.gravatar.com\\\/avatar\\\/c2f0e0d515a107624234994507816ca4724c7199cef73fc8bedebf6931d73888?s=96&d=mm&r=g\",\"contentUrl\":\"https:\\\/\\\/secure.gravatar.com\\\/avatar\\\/c2f0e0d515a107624234994507816ca4724c7199cef73fc8bedebf6931d73888?s=96&d=mm&r=g\",\"caption\":\"SalaStampa.eu, world press service\"}}]}<\/script>\n<!-- \/ Yoast SEO plugin. -->","yoast_head_json":{"title":"Boris Johnson se enfureci\u00f3 despu\u00e9s de que Emmanuel Macron, no consider\u00f3 Irlanda del Norte parte del UK - ElCanillita.Info","robots":{"index":"index","follow":"follow","max-snippet":"max-snippet:-1","max-image-preview":"max-image-preview:large","max-video-preview":"max-video-preview:-1"},"canonical":"https:\/\/elcanillita.info\/press\/2021\/06\/13\/boris-johnson-enfurecio-emmanuel-macron-irlanda_norte\/","og_locale":"es_ES","og_type":"article","og_title":"Boris Johnson se enfureci\u00f3 despu\u00e9s de que Emmanuel Macron, no consider\u00f3 Irlanda del Norte parte del UK - ElCanillita.Info","og_description":"El primer ministro dijo que algunos l\u00edderes deb\u00edan meterse \"en la cabeza\" que el Reino Unido era un \"pa\u00eds \u00fanico.","og_url":"https:\/\/elcanillita.info\/press\/2021\/06\/13\/boris-johnson-enfurecio-emmanuel-macron-irlanda_norte\/","og_site_name":"ElCanillita.Info","article_publisher":"https:\/\/ar-ar.facebook.com\/ElCanillitainfo-114249515285712\/","article_published_time":"2021-06-13T11:24:49+00:00","article_modified_time":"2023-04-07T10:20:48+00:00","og_image":[{"width":600,"height":375,"url":"https:\/\/elcanillita.info\/press\/images\/2021\/06\/uk_germania.jpg","type":"image\/jpeg"}],"author":"SalaStampa.eu, world press service","twitter_card":"summary_large_image","twitter_misc":{"Escrito por":"SalaStampa.eu, world press service","Tiempo de lectura":"3 minutos"},"schema":{"@context":"https:\/\/schema.org","@graph":[{"@type":"Article","@id":"https:\/\/elcanillita.info\/press\/2021\/06\/13\/boris-johnson-enfurecio-emmanuel-macron-irlanda_norte\/#article","isPartOf":{"@id":"https:\/\/elcanillita.info\/press\/2021\/06\/13\/boris-johnson-enfurecio-emmanuel-macron-irlanda_norte\/"},"author":{"name":"SalaStampa.eu, world press service","@id":"https:\/\/elcanillita.info\/press\/#\/schema\/person\/7fcb79f38045700919f7da6d97e71ba0"},"headline":"Boris Johnson se enfureci\u00f3 despu\u00e9s de que Emmanuel Macron, no consider\u00f3 Irlanda del Norte parte del UK","datePublished":"2021-06-13T11:24:49+00:00","dateModified":"2023-04-07T10:20:48+00:00","mainEntityOfPage":{"@id":"https:\/\/elcanillita.info\/press\/2021\/06\/13\/boris-johnson-enfurecio-emmanuel-macron-irlanda_norte\/"},"wordCount":604,"publisher":{"@id":"https:\/\/elcanillita.info\/press\/#organization"},"image":{"@id":"https:\/\/elcanillita.info\/press\/2021\/06\/13\/boris-johnson-enfurecio-emmanuel-macron-irlanda_norte\/#primaryimage"},"thumbnailUrl":"https:\/\/elcanillita.info\/press\/images\/2021\/06\/uk_germania.jpg","keywords":["Reino Unido"],"articleSection":["Actualidad","Economia","Politica","Reino Unido","UE"],"inLanguage":"es-AR"},{"@type":"WebPage","@id":"https:\/\/elcanillita.info\/press\/2021\/06\/13\/boris-johnson-enfurecio-emmanuel-macron-irlanda_norte\/","url":"https:\/\/elcanillita.info\/press\/2021\/06\/13\/boris-johnson-enfurecio-emmanuel-macron-irlanda_norte\/","name":"Boris Johnson se enfureci\u00f3 despu\u00e9s de que Emmanuel Macron, no consider\u00f3 Irlanda del Norte parte del UK - ElCanillita.Info","isPartOf":{"@id":"https:\/\/elcanillita.info\/press\/#website"},"primaryImageOfPage":{"@id":"https:\/\/elcanillita.info\/press\/2021\/06\/13\/boris-johnson-enfurecio-emmanuel-macron-irlanda_norte\/#primaryimage"},"image":{"@id":"https:\/\/elcanillita.info\/press\/2021\/06\/13\/boris-johnson-enfurecio-emmanuel-macron-irlanda_norte\/#primaryimage"},"thumbnailUrl":"https:\/\/elcanillita.info\/press\/images\/2021\/06\/uk_germania.jpg","datePublished":"2021-06-13T11:24:49+00:00","dateModified":"2023-04-07T10:20:48+00:00","inLanguage":"es-AR","potentialAction":[{"@type":"ReadAction","target":["https:\/\/elcanillita.info\/press\/2021\/06\/13\/boris-johnson-enfurecio-emmanuel-macron-irlanda_norte\/"]}]},{"@type":"ImageObject","inLanguage":"es-AR","@id":"https:\/\/elcanillita.info\/press\/2021\/06\/13\/boris-johnson-enfurecio-emmanuel-macron-irlanda_norte\/#primaryimage","url":"https:\/\/elcanillita.info\/press\/images\/2021\/06\/uk_germania.jpg","contentUrl":"https:\/\/elcanillita.info\/press\/images\/2021\/06\/uk_germania.jpg","width":600,"height":375},{"@type":"WebSite","@id":"https:\/\/elcanillita.info\/press\/#website","url":"https:\/\/elcanillita.info\/press\/","name":"ElCanillita.Info","description":"desde los Apeninos a los Andes","publisher":{"@id":"https:\/\/elcanillita.info\/press\/#organization"},"potentialAction":[{"@type":"SearchAction","target":{"@type":"EntryPoint","urlTemplate":"https:\/\/elcanillita.info\/press\/?s={search_term_string}"},"query-input":{"@type":"PropertyValueSpecification","valueRequired":true,"valueName":"search_term_string"}}],"inLanguage":"es-AR"},{"@type":"Organization","@id":"https:\/\/elcanillita.info\/press\/#organization","name":"Guzzo Photos & Graphic Publications","url":"https:\/\/elcanillita.info\/press\/","logo":{"@type":"ImageObject","inLanguage":"es-AR","@id":"https:\/\/elcanillita.info\/press\/#\/schema\/logo\/image\/","url":"https:\/\/elcanillita.info\/press\/images\/2020\/01\/cropped-cropped-cropped-elcanillitainfo.png","contentUrl":"https:\/\/elcanillita.info\/press\/images\/2020\/01\/cropped-cropped-cropped-elcanillitainfo.png","width":460,"height":50,"caption":"Guzzo Photos & Graphic Publications"},"image":{"@id":"https:\/\/elcanillita.info\/press\/#\/schema\/logo\/image\/"},"sameAs":["https:\/\/ar-ar.facebook.com\/ElCanillitainfo-114249515285712\/"]},{"@type":"Person","@id":"https:\/\/elcanillita.info\/press\/#\/schema\/person\/7fcb79f38045700919f7da6d97e71ba0","name":"SalaStampa.eu, world press service","image":{"@type":"ImageObject","inLanguage":"es-AR","@id":"https:\/\/secure.gravatar.com\/avatar\/c2f0e0d515a107624234994507816ca4724c7199cef73fc8bedebf6931d73888?s=96&d=mm&r=g","url":"https:\/\/secure.gravatar.com\/avatar\/c2f0e0d515a107624234994507816ca4724c7199cef73fc8bedebf6931d73888?s=96&d=mm&r=g","contentUrl":"https:\/\/secure.gravatar.com\/avatar\/c2f0e0d515a107624234994507816ca4724c7199cef73fc8bedebf6931d73888?s=96&d=mm&r=g","caption":"SalaStampa.eu, world press service"}}]}},"views":592,"_links":{"self":[{"href":"https:\/\/elcanillita.info\/press\/wp-json\/wp\/v2\/posts\/1750","targetHints":{"allow":["GET"]}}],"collection":[{"href":"https:\/\/elcanillita.info\/press\/wp-json\/wp\/v2\/posts"}],"about":[{"href":"https:\/\/elcanillita.info\/press\/wp-json\/wp\/v2\/types\/post"}],"author":[{"embeddable":true,"href":"https:\/\/elcanillita.info\/press\/wp-json\/wp\/v2\/users\/1"}],"replies":[{"embeddable":true,"href":"https:\/\/elcanillita.info\/press\/wp-json\/wp\/v2\/comments?post=1750"}],"version-history":[{"count":0,"href":"https:\/\/elcanillita.info\/press\/wp-json\/wp\/v2\/posts\/1750\/revisions"}],"wp:featuredmedia":[{"embeddable":true,"href":"https:\/\/elcanillita.info\/press\/wp-json\/wp\/v2\/media\/1752"}],"wp:attachment":[{"href":"https:\/\/elcanillita.info\/press\/wp-json\/wp\/v2\/media?parent=1750"}],"wp:term":[{"taxonomy":"category","embeddable":true,"href":"https:\/\/elcanillita.info\/press\/wp-json\/wp\/v2\/categories?post=1750"},{"taxonomy":"post_tag","embeddable":true,"href":"https:\/\/elcanillita.info\/press\/wp-json\/wp\/v2\/tags?post=1750"}],"curies":[{"name":"wp","href":"https:\/\/api.w.org\/{rel}","templated":true}]}}