{"id":1742,"date":"2021-06-13T06:50:05","date_gmt":"2021-06-13T09:50:05","guid":{"rendered":"https:\/\/elcanillita.info\/press\/?p=1742"},"modified":"2021-06-13T13:26:58","modified_gmt":"2021-06-13T16:26:58","slug":"campana-vacunacion-italia-riesgo-frenarse","status":"publish","type":"post","link":"https:\/\/elcanillita.info\/press\/2021\/06\/13\/campana-vacunacion-italia-riesgo-frenarse\/","title":{"rendered":"La campa\u00f1a de vacunaci\u00f3n en Italia corre el riesgo de frenarse"},"content":{"rendered":"\n<div class=\"wp-block-image\"><figure class=\"aligncenter size-large\"><img loading=\"lazy\" decoding=\"async\" width=\"600\" height=\"399\" src=\"https:\/\/elcanillita.info\/press\/images\/2021\/06\/to20210613.jpg\" alt=\"\" class=\"wp-image-1743\" srcset=\"https:\/\/elcanillita.info\/press\/images\/2021\/06\/to20210613.jpg 600w, https:\/\/elcanillita.info\/press\/images\/2021\/06\/to20210613-300x200.jpg 300w\" sizes=\"auto, (max-width: 600px) 100vw, 600px\" \/><figcaption><small>Centro de vacunaci\u00f3n contra el COVID ubicado en las instalaciones de una empresa de Tur\u00edn<\/small><\/figcaption><\/figure><\/div>\n\n\n\n<p>Casi 26 millones de italianos que a\u00fan no han recibido la primera dosis de la vacuna y otros trece que deben hacer el refuerzo, 900 mil de los cuales han recibido la primera dosis con Astrazeneca, ahora har\u00e1n la segunda dosis con Pfizer y Modern.<\/p>\n\n\n\n<p>Despu\u00e9s de la circular del Ministerio de Salud que da indicaciones perentorias sobre el uso del suero de la empresa anglo-sueca s\u00f3lo en los mayores de 60 a\u00f1os, es probable que se ralentice la campa\u00f1a de vacunaci\u00f3n masiva, con el consiguiente aplazamiento de la inmunidad de reba\u00f1o previsto por el comisario para la emergencia Francesco Figliulo, justo a finales de septiembre.<\/p>\n\n\n\n<p>Sin embargo, fuentes gubernamentales afirman que &#8220;la campa\u00f1a de vacunaci\u00f3n italiana seguir\u00e1 adelante con la misma intensidad que antes&#8221;, dada &#8220;la amplia disponibilidad&#8221; de &#8220;m\u00e1s de 55 millones de dosis Pfizer y Modern&#8221; de aqu\u00ed al final del tercer trimestre.<\/p>\n\n\n\n<p>Otro problema es que, si se confirman las previsiones sobre las llegadas hasta el final del tercer trimestre, Italia corre el riesgo de encontrarse con millones de dosis inservibles de Astrazeneca y Johnson and Johnson en sus frigor\u00edficos.<\/p>\n\n\n\n<p>La decisi\u00f3n adoptada ayer por el ministro de Sanidad, Roberto Speranza, por recomendaci\u00f3n de los expertos del Comit\u00e9 T\u00e9cnico Cient\u00edfico tras la muerte de la joven de 18 a\u00f1os en G\u00e9nova y la perplejidad de una parte de la comunidad cient\u00edfica, ya ha obligado a las regiones a cancelar las jornadas de puertas abiertas -que, si se reorganizan, consta en el acta del Comit\u00e9 T\u00e9cnico Cient\u00edfico, deber\u00e1n &#8220;respetar las indicaciones por grupos de edad&#8221;- y a revisar la agenda de reservas.<\/p>\n\n\n\n<p>La regi\u00f3n de Lombard\u00eda ha anunciado que no seguir\u00eda la decisi\u00f3n del gobierno para administrar una vacuna diferente para las vacunas de refuerzo.<\/p>\n\n\n\n<p>La comunicaci\u00f3n contradictoria del Gobierno sobre las vacunas -dijo la dirigente de Fratelli d&#8217;Italia Giorgia Meloni- es lo que m\u00e1s est\u00e1 contribuyendo a desatar el p\u00e1nico entre los ciudadanos. Que asuman inmediatamente la responsabilidad de dar respuestas claras y transparentes a los italianos porque millones de ciudadanos est\u00e1n esperando.<\/p>\n\n\n\n<p>Pero m\u00e1s all\u00e1 de la pol\u00e9mica, el propio comisario para la emergencia Figliuolo admiti\u00f3, que lo que preocupa es el riesgo de que la campa\u00f1a se frene:<\/p>\n\n\n\n<p>&#8220;No hago predicciones sombr\u00edas, estoy convencido de que cerraremos en septiembre, pero si tuvi\u00e9ramos que a\u00f1adir otra audiencia, por ejemplo de 6 a 15 a\u00f1os, y el suero Curevac no llega, si surgen otros problemas, est\u00e1 claro que no lo conseguiremos&#8221;.<\/p>\n\n\n\n<p>Seg\u00fan las cifras facilitadas por Figliuolo al Comit\u00e9 T\u00e9cnico Sanitario, a finales de mes deber\u00edan llegar todav\u00eda 7,2 millones de dosis de vacunas de ARNm (5,8 de Pfizer y 1,4 de Moderna), a las que hay que sumar las 45 previstas en el tercer trimestre (31 de Pfizer y 14 de Moderna) para un total de 52,2 millones.<\/p>\n\n\n\n<p>Si se aprueba el suero Curevac, a finales de septiembre Italia podr\u00e1 contar con otros 6,5 millones, para un total de 58,7 millones de dosis de vacunas de ARNm.<\/p>\n\n\n\n<p>Lo cierto es que, siempre seg\u00fan las cifras de Figliuolo, todav\u00eda hay 3,5 millones de mayores de 60 a\u00f1os que ni siquiera se han puesto la primera dosis y 3,9 que deben hacer las vacunas de refuerzo. Que requieren un total de entre 7,4 y 11 millones de dosis.<br><br> Pero Italia, a finales de septiembre, podr\u00eda tener m\u00e1s de 50 millones de dosis de Astrazeneca y J&amp;J, dado que se esperaban 10 millones en junio y 40,7 en el tercer trimestre. Si no van a otros pa\u00edses tr\u00e1mite el Covax (Mecanismo COVAX, apoyado por la ONU, la Alianza para las Vacunas, Organizaci\u00f3n Mundial de la Salud), como ha hipotisado el Comisario Figliuolo, hay un riesgo muy alto de que caduquen en las neveras.<br><br><small>Copyright \u00a9 2021 ElCanillita.info &#8211; PanPress.eu  \/ SalaStampa.eu &#8211; All Rights Reserved<\/small> <\/p>\n","protected":false},"excerpt":{"rendered":"<p>La regi\u00f3n de Lombard\u00eda ha anunciado que no seguir\u00eda la decisi\u00f3n del gobierno para administrar una vacuna diferente para las vacunas de refuerzo.<\/p>\n","protected":false},"author":1,"featured_media":1744,"comment_status":"closed","ping_status":"closed","sticky":false,"template":"","format":"standard","meta":{"footnotes":"","_links_to":"","_links_to_target":""},"categories":[70,5,78,25],"tags":[60],"class_list":["post-1742","post","type-post","status-publish","format-standard","has-post-thumbnail","hentry","category-actualidad","category-europa","category-sanidad","category-sociedad","tag-italia","entry","double"],"yoast_head":"<!-- This site is optimized with the Yoast SEO plugin v27.5 - https:\/\/yoast.com\/product\/yoast-seo-wordpress\/ -->\n<title>La campa\u00f1a de vacunaci\u00f3n en Italia corre el riesgo de frenarse - ElCanillita.Info<\/title>\n<meta name=\"robots\" content=\"index, follow, max-snippet:-1, max-image-preview:large, max-video-preview:-1\" \/>\n<link rel=\"canonical\" href=\"https:\/\/elcanillita.info\/press\/2021\/06\/13\/campana-vacunacion-italia-riesgo-frenarse\/\" \/>\n<meta property=\"og:locale\" content=\"es_ES\" \/>\n<meta property=\"og:type\" content=\"article\" \/>\n<meta property=\"og:title\" content=\"La campa\u00f1a de vacunaci\u00f3n en Italia corre el riesgo de frenarse - ElCanillita.Info\" \/>\n<meta property=\"og:description\" content=\"La regi\u00f3n de Lombard\u00eda ha anunciado que no seguir\u00eda la decisi\u00f3n del gobierno para administrar una vacuna diferente para las vacunas de refuerzo.\" \/>\n<meta property=\"og:url\" content=\"https:\/\/elcanillita.info\/press\/2021\/06\/13\/campana-vacunacion-italia-riesgo-frenarse\/\" \/>\n<meta property=\"og:site_name\" content=\"ElCanillita.Info\" \/>\n<meta property=\"article:publisher\" content=\"https:\/\/ar-ar.facebook.com\/ElCanillitainfo-114249515285712\/\" \/>\n<meta property=\"article:published_time\" content=\"2021-06-13T09:50:05+00:00\" \/>\n<meta property=\"article:modified_time\" content=\"2021-06-13T16:26:58+00:00\" \/>\n<meta property=\"og:image\" content=\"https:\/\/elcanillita.info\/press\/images\/2021\/06\/roma20210613.jpg\" \/>\n\t<meta property=\"og:image:width\" content=\"600\" \/>\n\t<meta property=\"og:image:height\" content=\"400\" \/>\n\t<meta property=\"og:image:type\" content=\"image\/jpeg\" \/>\n<meta name=\"author\" content=\"SalaStampa.eu, world press service\" \/>\n<meta name=\"twitter:card\" content=\"summary_large_image\" \/>\n<meta name=\"twitter:label1\" content=\"Escrito por\" \/>\n\t<meta name=\"twitter:data1\" content=\"SalaStampa.eu, world press service\" \/>\n\t<meta name=\"twitter:label2\" content=\"Tiempo de lectura\" \/>\n\t<meta name=\"twitter:data2\" content=\"4 minutos\" \/>\n<script type=\"application\/ld+json\" class=\"yoast-schema-graph\">{\"@context\":\"https:\\\/\\\/schema.org\",\"@graph\":[{\"@type\":\"Article\",\"@id\":\"https:\\\/\\\/elcanillita.info\\\/press\\\/2021\\\/06\\\/13\\\/campana-vacunacion-italia-riesgo-frenarse\\\/#article\",\"isPartOf\":{\"@id\":\"https:\\\/\\\/elcanillita.info\\\/press\\\/2021\\\/06\\\/13\\\/campana-vacunacion-italia-riesgo-frenarse\\\/\"},\"author\":{\"name\":\"SalaStampa.eu, world press service\",\"@id\":\"https:\\\/\\\/elcanillita.info\\\/press\\\/#\\\/schema\\\/person\\\/7fcb79f38045700919f7da6d97e71ba0\"},\"headline\":\"La campa\u00f1a de vacunaci\u00f3n en Italia corre el riesgo de frenarse\",\"datePublished\":\"2021-06-13T09:50:05+00:00\",\"dateModified\":\"2021-06-13T16:26:58+00:00\",\"mainEntityOfPage\":{\"@id\":\"https:\\\/\\\/elcanillita.info\\\/press\\\/2021\\\/06\\\/13\\\/campana-vacunacion-italia-riesgo-frenarse\\\/\"},\"wordCount\":686,\"publisher\":{\"@id\":\"https:\\\/\\\/elcanillita.info\\\/press\\\/#organization\"},\"image\":{\"@id\":\"https:\\\/\\\/elcanillita.info\\\/press\\\/2021\\\/06\\\/13\\\/campana-vacunacion-italia-riesgo-frenarse\\\/#primaryimage\"},\"thumbnailUrl\":\"https:\\\/\\\/elcanillita.info\\\/press\\\/images\\\/2021\\\/06\\\/roma20210613.jpg\",\"keywords\":[\"Italia\"],\"articleSection\":[\"Actualidad\",\"Europa\",\"Sanidad\",\"Sociedad\"],\"inLanguage\":\"es-AR\"},{\"@type\":\"WebPage\",\"@id\":\"https:\\\/\\\/elcanillita.info\\\/press\\\/2021\\\/06\\\/13\\\/campana-vacunacion-italia-riesgo-frenarse\\\/\",\"url\":\"https:\\\/\\\/elcanillita.info\\\/press\\\/2021\\\/06\\\/13\\\/campana-vacunacion-italia-riesgo-frenarse\\\/\",\"name\":\"La campa\u00f1a de vacunaci\u00f3n en Italia corre el riesgo de frenarse - ElCanillita.Info\",\"isPartOf\":{\"@id\":\"https:\\\/\\\/elcanillita.info\\\/press\\\/#website\"},\"primaryImageOfPage\":{\"@id\":\"https:\\\/\\\/elcanillita.info\\\/press\\\/2021\\\/06\\\/13\\\/campana-vacunacion-italia-riesgo-frenarse\\\/#primaryimage\"},\"image\":{\"@id\":\"https:\\\/\\\/elcanillita.info\\\/press\\\/2021\\\/06\\\/13\\\/campana-vacunacion-italia-riesgo-frenarse\\\/#primaryimage\"},\"thumbnailUrl\":\"https:\\\/\\\/elcanillita.info\\\/press\\\/images\\\/2021\\\/06\\\/roma20210613.jpg\",\"datePublished\":\"2021-06-13T09:50:05+00:00\",\"dateModified\":\"2021-06-13T16:26:58+00:00\",\"inLanguage\":\"es-AR\",\"potentialAction\":[{\"@type\":\"ReadAction\",\"target\":[\"https:\\\/\\\/elcanillita.info\\\/press\\\/2021\\\/06\\\/13\\\/campana-vacunacion-italia-riesgo-frenarse\\\/\"]}]},{\"@type\":\"ImageObject\",\"inLanguage\":\"es-AR\",\"@id\":\"https:\\\/\\\/elcanillita.info\\\/press\\\/2021\\\/06\\\/13\\\/campana-vacunacion-italia-riesgo-frenarse\\\/#primaryimage\",\"url\":\"https:\\\/\\\/elcanillita.info\\\/press\\\/images\\\/2021\\\/06\\\/roma20210613.jpg\",\"contentUrl\":\"https:\\\/\\\/elcanillita.info\\\/press\\\/images\\\/2021\\\/06\\\/roma20210613.jpg\",\"width\":600,\"height\":400},{\"@type\":\"WebSite\",\"@id\":\"https:\\\/\\\/elcanillita.info\\\/press\\\/#website\",\"url\":\"https:\\\/\\\/elcanillita.info\\\/press\\\/\",\"name\":\"ElCanillita.Info\",\"description\":\"desde los Apeninos a los Andes\",\"publisher\":{\"@id\":\"https:\\\/\\\/elcanillita.info\\\/press\\\/#organization\"},\"potentialAction\":[{\"@type\":\"SearchAction\",\"target\":{\"@type\":\"EntryPoint\",\"urlTemplate\":\"https:\\\/\\\/elcanillita.info\\\/press\\\/?s={search_term_string}\"},\"query-input\":{\"@type\":\"PropertyValueSpecification\",\"valueRequired\":true,\"valueName\":\"search_term_string\"}}],\"inLanguage\":\"es-AR\"},{\"@type\":\"Organization\",\"@id\":\"https:\\\/\\\/elcanillita.info\\\/press\\\/#organization\",\"name\":\"Guzzo Photos & Graphic Publications\",\"url\":\"https:\\\/\\\/elcanillita.info\\\/press\\\/\",\"logo\":{\"@type\":\"ImageObject\",\"inLanguage\":\"es-AR\",\"@id\":\"https:\\\/\\\/elcanillita.info\\\/press\\\/#\\\/schema\\\/logo\\\/image\\\/\",\"url\":\"https:\\\/\\\/elcanillita.info\\\/press\\\/images\\\/2020\\\/01\\\/cropped-cropped-cropped-elcanillitainfo.png\",\"contentUrl\":\"https:\\\/\\\/elcanillita.info\\\/press\\\/images\\\/2020\\\/01\\\/cropped-cropped-cropped-elcanillitainfo.png\",\"width\":460,\"height\":50,\"caption\":\"Guzzo Photos & Graphic Publications\"},\"image\":{\"@id\":\"https:\\\/\\\/elcanillita.info\\\/press\\\/#\\\/schema\\\/logo\\\/image\\\/\"},\"sameAs\":[\"https:\\\/\\\/ar-ar.facebook.com\\\/ElCanillitainfo-114249515285712\\\/\"]},{\"@type\":\"Person\",\"@id\":\"https:\\\/\\\/elcanillita.info\\\/press\\\/#\\\/schema\\\/person\\\/7fcb79f38045700919f7da6d97e71ba0\",\"name\":\"SalaStampa.eu, world press service\",\"image\":{\"@type\":\"ImageObject\",\"inLanguage\":\"es-AR\",\"@id\":\"https:\\\/\\\/secure.gravatar.com\\\/avatar\\\/c2f0e0d515a107624234994507816ca4724c7199cef73fc8bedebf6931d73888?s=96&d=mm&r=g\",\"url\":\"https:\\\/\\\/secure.gravatar.com\\\/avatar\\\/c2f0e0d515a107624234994507816ca4724c7199cef73fc8bedebf6931d73888?s=96&d=mm&r=g\",\"contentUrl\":\"https:\\\/\\\/secure.gravatar.com\\\/avatar\\\/c2f0e0d515a107624234994507816ca4724c7199cef73fc8bedebf6931d73888?s=96&d=mm&r=g\",\"caption\":\"SalaStampa.eu, world press service\"}}]}<\/script>\n<!-- \/ Yoast SEO plugin. -->","yoast_head_json":{"title":"La campa\u00f1a de vacunaci\u00f3n en Italia corre el riesgo de frenarse - ElCanillita.Info","robots":{"index":"index","follow":"follow","max-snippet":"max-snippet:-1","max-image-preview":"max-image-preview:large","max-video-preview":"max-video-preview:-1"},"canonical":"https:\/\/elcanillita.info\/press\/2021\/06\/13\/campana-vacunacion-italia-riesgo-frenarse\/","og_locale":"es_ES","og_type":"article","og_title":"La campa\u00f1a de vacunaci\u00f3n en Italia corre el riesgo de frenarse - ElCanillita.Info","og_description":"La regi\u00f3n de Lombard\u00eda ha anunciado que no seguir\u00eda la decisi\u00f3n del gobierno para administrar una vacuna diferente para las vacunas de refuerzo.","og_url":"https:\/\/elcanillita.info\/press\/2021\/06\/13\/campana-vacunacion-italia-riesgo-frenarse\/","og_site_name":"ElCanillita.Info","article_publisher":"https:\/\/ar-ar.facebook.com\/ElCanillitainfo-114249515285712\/","article_published_time":"2021-06-13T09:50:05+00:00","article_modified_time":"2021-06-13T16:26:58+00:00","og_image":[{"width":600,"height":400,"url":"https:\/\/elcanillita.info\/press\/images\/2021\/06\/roma20210613.jpg","type":"image\/jpeg"}],"author":"SalaStampa.eu, world press service","twitter_card":"summary_large_image","twitter_misc":{"Escrito por":"SalaStampa.eu, world press service","Tiempo de lectura":"4 minutos"},"schema":{"@context":"https:\/\/schema.org","@graph":[{"@type":"Article","@id":"https:\/\/elcanillita.info\/press\/2021\/06\/13\/campana-vacunacion-italia-riesgo-frenarse\/#article","isPartOf":{"@id":"https:\/\/elcanillita.info\/press\/2021\/06\/13\/campana-vacunacion-italia-riesgo-frenarse\/"},"author":{"name":"SalaStampa.eu, world press service","@id":"https:\/\/elcanillita.info\/press\/#\/schema\/person\/7fcb79f38045700919f7da6d97e71ba0"},"headline":"La campa\u00f1a de vacunaci\u00f3n en Italia corre el riesgo de frenarse","datePublished":"2021-06-13T09:50:05+00:00","dateModified":"2021-06-13T16:26:58+00:00","mainEntityOfPage":{"@id":"https:\/\/elcanillita.info\/press\/2021\/06\/13\/campana-vacunacion-italia-riesgo-frenarse\/"},"wordCount":686,"publisher":{"@id":"https:\/\/elcanillita.info\/press\/#organization"},"image":{"@id":"https:\/\/elcanillita.info\/press\/2021\/06\/13\/campana-vacunacion-italia-riesgo-frenarse\/#primaryimage"},"thumbnailUrl":"https:\/\/elcanillita.info\/press\/images\/2021\/06\/roma20210613.jpg","keywords":["Italia"],"articleSection":["Actualidad","Europa","Sanidad","Sociedad"],"inLanguage":"es-AR"},{"@type":"WebPage","@id":"https:\/\/elcanillita.info\/press\/2021\/06\/13\/campana-vacunacion-italia-riesgo-frenarse\/","url":"https:\/\/elcanillita.info\/press\/2021\/06\/13\/campana-vacunacion-italia-riesgo-frenarse\/","name":"La campa\u00f1a de vacunaci\u00f3n en Italia corre el riesgo de frenarse - ElCanillita.Info","isPartOf":{"@id":"https:\/\/elcanillita.info\/press\/#website"},"primaryImageOfPage":{"@id":"https:\/\/elcanillita.info\/press\/2021\/06\/13\/campana-vacunacion-italia-riesgo-frenarse\/#primaryimage"},"image":{"@id":"https:\/\/elcanillita.info\/press\/2021\/06\/13\/campana-vacunacion-italia-riesgo-frenarse\/#primaryimage"},"thumbnailUrl":"https:\/\/elcanillita.info\/press\/images\/2021\/06\/roma20210613.jpg","datePublished":"2021-06-13T09:50:05+00:00","dateModified":"2021-06-13T16:26:58+00:00","inLanguage":"es-AR","potentialAction":[{"@type":"ReadAction","target":["https:\/\/elcanillita.info\/press\/2021\/06\/13\/campana-vacunacion-italia-riesgo-frenarse\/"]}]},{"@type":"ImageObject","inLanguage":"es-AR","@id":"https:\/\/elcanillita.info\/press\/2021\/06\/13\/campana-vacunacion-italia-riesgo-frenarse\/#primaryimage","url":"https:\/\/elcanillita.info\/press\/images\/2021\/06\/roma20210613.jpg","contentUrl":"https:\/\/elcanillita.info\/press\/images\/2021\/06\/roma20210613.jpg","width":600,"height":400},{"@type":"WebSite","@id":"https:\/\/elcanillita.info\/press\/#website","url":"https:\/\/elcanillita.info\/press\/","name":"ElCanillita.Info","description":"desde los Apeninos a los Andes","publisher":{"@id":"https:\/\/elcanillita.info\/press\/#organization"},"potentialAction":[{"@type":"SearchAction","target":{"@type":"EntryPoint","urlTemplate":"https:\/\/elcanillita.info\/press\/?s={search_term_string}"},"query-input":{"@type":"PropertyValueSpecification","valueRequired":true,"valueName":"search_term_string"}}],"inLanguage":"es-AR"},{"@type":"Organization","@id":"https:\/\/elcanillita.info\/press\/#organization","name":"Guzzo Photos & Graphic Publications","url":"https:\/\/elcanillita.info\/press\/","logo":{"@type":"ImageObject","inLanguage":"es-AR","@id":"https:\/\/elcanillita.info\/press\/#\/schema\/logo\/image\/","url":"https:\/\/elcanillita.info\/press\/images\/2020\/01\/cropped-cropped-cropped-elcanillitainfo.png","contentUrl":"https:\/\/elcanillita.info\/press\/images\/2020\/01\/cropped-cropped-cropped-elcanillitainfo.png","width":460,"height":50,"caption":"Guzzo Photos & Graphic Publications"},"image":{"@id":"https:\/\/elcanillita.info\/press\/#\/schema\/logo\/image\/"},"sameAs":["https:\/\/ar-ar.facebook.com\/ElCanillitainfo-114249515285712\/"]},{"@type":"Person","@id":"https:\/\/elcanillita.info\/press\/#\/schema\/person\/7fcb79f38045700919f7da6d97e71ba0","name":"SalaStampa.eu, world press service","image":{"@type":"ImageObject","inLanguage":"es-AR","@id":"https:\/\/secure.gravatar.com\/avatar\/c2f0e0d515a107624234994507816ca4724c7199cef73fc8bedebf6931d73888?s=96&d=mm&r=g","url":"https:\/\/secure.gravatar.com\/avatar\/c2f0e0d515a107624234994507816ca4724c7199cef73fc8bedebf6931d73888?s=96&d=mm&r=g","contentUrl":"https:\/\/secure.gravatar.com\/avatar\/c2f0e0d515a107624234994507816ca4724c7199cef73fc8bedebf6931d73888?s=96&d=mm&r=g","caption":"SalaStampa.eu, world press service"}}]}},"views":568,"_links":{"self":[{"href":"https:\/\/elcanillita.info\/press\/wp-json\/wp\/v2\/posts\/1742","targetHints":{"allow":["GET"]}}],"collection":[{"href":"https:\/\/elcanillita.info\/press\/wp-json\/wp\/v2\/posts"}],"about":[{"href":"https:\/\/elcanillita.info\/press\/wp-json\/wp\/v2\/types\/post"}],"author":[{"embeddable":true,"href":"https:\/\/elcanillita.info\/press\/wp-json\/wp\/v2\/users\/1"}],"replies":[{"embeddable":true,"href":"https:\/\/elcanillita.info\/press\/wp-json\/wp\/v2\/comments?post=1742"}],"version-history":[{"count":0,"href":"https:\/\/elcanillita.info\/press\/wp-json\/wp\/v2\/posts\/1742\/revisions"}],"wp:featuredmedia":[{"embeddable":true,"href":"https:\/\/elcanillita.info\/press\/wp-json\/wp\/v2\/media\/1744"}],"wp:attachment":[{"href":"https:\/\/elcanillita.info\/press\/wp-json\/wp\/v2\/media?parent=1742"}],"wp:term":[{"taxonomy":"category","embeddable":true,"href":"https:\/\/elcanillita.info\/press\/wp-json\/wp\/v2\/categories?post=1742"},{"taxonomy":"post_tag","embeddable":true,"href":"https:\/\/elcanillita.info\/press\/wp-json\/wp\/v2\/tags?post=1742"}],"curies":[{"name":"wp","href":"https:\/\/api.w.org\/{rel}","templated":true}]}}