{"id":1731,"date":"2021-06-12T12:48:30","date_gmt":"2021-06-12T15:48:30","guid":{"rendered":"https:\/\/elcanillita.info\/press\/?p=1731"},"modified":"2021-06-13T08:25:31","modified_gmt":"2021-06-13T11:25:31","slug":"pedro-castillo-asaltar-grandes-empresas","status":"publish","type":"post","link":"https:\/\/elcanillita.info\/press\/2021\/06\/12\/pedro-castillo-asaltar-grandes-empresas\/","title":{"rendered":"Pedro Castillo se prepara para asaltar a las grandes empresas, mientras el pa\u00eds gira hacia la izquierda"},"content":{"rendered":"\n<div class=\"wp-block-image\"><figure class=\"aligncenter size-large\"><img loading=\"lazy\" decoding=\"async\" width=\"600\" height=\"400\" src=\"https:\/\/elcanillita.info\/press\/images\/2021\/06\/peru_20210612.jpg\" alt=\"\" class=\"wp-image-1732\" srcset=\"https:\/\/elcanillita.info\/press\/images\/2021\/06\/peru_20210612.jpg 600w, https:\/\/elcanillita.info\/press\/images\/2021\/06\/peru_20210612-300x200.jpg 300w\" sizes=\"auto, (max-width: 600px) 100vw, 600px\" \/><figcaption><small>El &#8220;humilde&#8221; Pedro Castillo<\/small><\/figcaption><\/figure><\/div>\n\n\n\n<p>Pedro Castillo, el maestro de escuela rural que est\u00e1 a punto de convertirse en el pr\u00f3ximo presidente de Per\u00fa, quiere remodelar el pa\u00eds azotado por el Covid, al estilo de uno de sus \u00eddolos de la izquierda, confiscando los beneficios de las grandes empresas.<\/p>\n\n\n\n<p>Al igual que Evo Morales, el ex presidente de Bolivia, Castillo, de 51 a\u00f1os, surgi\u00f3 de sus humildes or\u00edgenes en el interior rural de su pa\u00eds, para convertirse en un l\u00edder sindical populista y rabioso, antes de llegar en trampol\u00edn a un cargo nacional.<\/p>\n\n\n\n<p>Calcando a Morales, Castillo est\u00e1 decidido a reformar la econom\u00eda de su pa\u00eds para favorecer a los pobres, en una sociedad profundamente desigual, dividida entre una \u00e9lite urbana mayoritariamente blanca y una mayor\u00eda mestiza, de la que forma parte el maestro de escuela del pueblo.<\/p>\n\n\n\n<p>Sin embargo, el Sr. Castillo ha puesto nerviosos tanto a los inversores como a los peruanos con promesas dispersas de reescribir la constituci\u00f3n, prohibir las importaciones de cualquier bien producido en Per\u00fa y dedicar el 20% del PIB a la educaci\u00f3n y la sanidad, una promesa que incluso los economistas de izquierdas consideran descabellada. Durante la campa\u00f1a de la segunda vuelta, dio marcha atr\u00e1s en algunas de esas ideas, pero muchos dudan de su sinceridad.<\/p>\n\n\n\n<p>Castillo procede de Cajamarca, en el norte de los Andes, la regi\u00f3n m\u00e1s empobrecida de Per\u00fa y sede de varias grandes minas, y se ha comprometido a que las empresas mineras dejen el 70% de sus beneficios en Per\u00fa. El pa\u00eds andino es el segundo productor mundial de cobre y est\u00e1 entre los cuatro primeros en plata, esta\u00f1o, zinc, plomo y molibdeno. Tambi\u00e9n tiene grandes reservas de litio sin explotar.<\/p>\n\n\n\n<p>&#8220;Vamos a recuperar las riquezas de nuestro pa\u00eds para distribuirlas equitativamente entre nuestros hijos&#8221;, dijo Castillo en su \u00faltimo acto de campa\u00f1a la semana pasada. A\u00f1adi\u00f3 que Per\u00fa necesitaba aumentar su capacidad de fabricaci\u00f3n y dejar de exportar materias primas, se\u00f1alando: &#8220;Ni siquiera fabricamos los botones de nuestras camisas&#8221;.<\/p>\n\n\n\n<p>Otro rasgo que Castillo comparte con Morales es su supuesta tendencia autoritaria. Se niega a hablar mal del r\u00e9gimen de Maduro en Venezuela, ha hablado de abolir el tribunal constitucional, y su primer plan de gobierno -ya ha tenido varios- cita a Lenin insistiendo en que la prensa no puede ser libre bajo el &#8220;yugo del capital&#8221;.<\/p>\n\n\n\n<p>Las encuestas muestran que la mayor\u00eda de los peruanos son partidarios de modificar el modelo de libre mercado de su pa\u00eds para hacerlo m\u00e1s justo, en lugar de adoptar el socialismo.<\/p>\n\n\n\n<p>Sin embargo, el inesperado ascenso de Castillo se produce en un momento en el que Per\u00fa est\u00e1 de rodillas por la pandemia de coronavirus y cinco a\u00f1os de agitaci\u00f3n pol\u00edtica provocada en gran parte por su oponente en la segunda vuelta, Keiko Fujimori. El pa\u00eds tiene la peor tasa de mortalidad por Covid-19 del mundo y, hasta ahora, s\u00f3lo ha vacunado completamente al 4% de la poblaci\u00f3n.<\/p>\n\n\n\n<p>&#8220;La gente se siente atra\u00edda por \u00e9l porque se parece a ellos&#8221;, dice Jos\u00e9 Alejandro Godoy, polit\u00f3logo de la Pontificia Universidad Cat\u00f3lica del Per\u00fa. &#8220;Tiene ese estilo de vida humilde y no tiene v\u00ednculos con el establishment pol\u00edtico y los medios de comunicaci\u00f3n de Lima. Ese es el atractivo&#8221;.<\/p>\n\n\n\n<p>Sin embargo, no est\u00e1 claro si Castillo ser\u00e1 capaz de cumplir sus promesas, o incluso de terminar su mandato de cinco a\u00f1os.<\/p>\n\n\n\n<p>Aunque su partido Per\u00fa Libre ser\u00e1 el m\u00e1s numeroso en el nuevo Congreso, no tendr\u00e1 mayor\u00eda y la mayor\u00eda de los legisladores ser\u00e1n conservadores, mientras que Castillo carece del amplio apoyo popular del que goz\u00f3 Morales en Bolivia. Por otra parte, la destituci\u00f3n del ex presidente Mart\u00edn Vizcarra el pasado noviembre ha puesto el punto de mira en el proceso de destituci\u00f3n presidencial.<\/p>\n\n\n\n<p>Esto significa que las nacionalizaciones a gran escala son poco probables. Sin embargo, Castillo podr\u00eda aumentar los impuestos sobre el sector minero y utilizar los poderes ejecutivos para regularlo m\u00e1s estrictamente, incluyendo la retenci\u00f3n de permisos. Pero incluso en este caso, tendr\u00eda que tener cuidado, ya que cualquier medida considerada &#8220;confiscatoria&#8221; ser\u00eda inconstitucional.<br><br> <small>Copyright \u00a9 2021 ElCanillita.info &#8211; PanPress.eu  \/ SalaStampa.eu &#8211; All Rights Reserved<\/small><\/p>\n","protected":false},"excerpt":{"rendered":"<p>El maestro de escuela de la aldea que cita a Lenin ha sacudido a los inversores con promesas dispersas de reescribir la constituci\u00f3n y prohibir las importaciones.<\/p>\n","protected":false},"author":1,"featured_media":1733,"comment_status":"closed","ping_status":"closed","sticky":false,"template":"","format":"standard","meta":{"footnotes":"","_links_to":"","_links_to_target":""},"categories":[70,11,20,23,25],"tags":[86],"class_list":["post-1731","post","type-post","status-publish","format-standard","has-post-thumbnail","hentry","category-actualidad","category-america-del-sur","category-economia","category-politica","category-sociedad","tag-peru","entry","double"],"yoast_head":"<!-- This site is optimized with the Yoast SEO plugin v27.5 - https:\/\/yoast.com\/product\/yoast-seo-wordpress\/ -->\n<title>Pedro Castillo se prepara para asaltar a las grandes empresas, mientras el pa\u00eds gira hacia la izquierda - ElCanillita.Info<\/title>\n<meta name=\"robots\" content=\"index, follow, max-snippet:-1, max-image-preview:large, max-video-preview:-1\" \/>\n<link rel=\"canonical\" href=\"https:\/\/elcanillita.info\/press\/2021\/06\/12\/pedro-castillo-asaltar-grandes-empresas\/\" \/>\n<meta property=\"og:locale\" content=\"es_ES\" \/>\n<meta property=\"og:type\" content=\"article\" \/>\n<meta property=\"og:title\" content=\"Pedro Castillo se prepara para asaltar a las grandes empresas, mientras el pa\u00eds gira hacia la izquierda - ElCanillita.Info\" \/>\n<meta property=\"og:description\" content=\"El maestro de escuela de la aldea que cita a Lenin ha sacudido a los inversores con promesas dispersas de reescribir la constituci\u00f3n y prohibir las importaciones.\" \/>\n<meta property=\"og:url\" content=\"https:\/\/elcanillita.info\/press\/2021\/06\/12\/pedro-castillo-asaltar-grandes-empresas\/\" \/>\n<meta property=\"og:site_name\" content=\"ElCanillita.Info\" \/>\n<meta property=\"article:publisher\" content=\"https:\/\/ar-ar.facebook.com\/ElCanillitainfo-114249515285712\/\" \/>\n<meta property=\"article:published_time\" content=\"2021-06-12T15:48:30+00:00\" \/>\n<meta property=\"article:modified_time\" content=\"2021-06-13T11:25:31+00:00\" \/>\n<meta property=\"og:image\" content=\"https:\/\/elcanillita.info\/press\/images\/2021\/06\/peruB_20210612.jpg\" \/>\n\t<meta property=\"og:image:width\" content=\"600\" \/>\n\t<meta property=\"og:image:height\" content=\"400\" \/>\n\t<meta property=\"og:image:type\" content=\"image\/jpeg\" \/>\n<meta name=\"author\" content=\"SalaStampa.eu, world press service\" \/>\n<meta name=\"twitter:card\" content=\"summary_large_image\" \/>\n<meta name=\"twitter:label1\" content=\"Escrito por\" \/>\n\t<meta name=\"twitter:data1\" content=\"SalaStampa.eu, world press service\" \/>\n\t<meta name=\"twitter:label2\" content=\"Tiempo de lectura\" \/>\n\t<meta name=\"twitter:data2\" content=\"4 minutos\" \/>\n<script type=\"application\/ld+json\" class=\"yoast-schema-graph\">{\"@context\":\"https:\\\/\\\/schema.org\",\"@graph\":[{\"@type\":\"Article\",\"@id\":\"https:\\\/\\\/elcanillita.info\\\/press\\\/2021\\\/06\\\/12\\\/pedro-castillo-asaltar-grandes-empresas\\\/#article\",\"isPartOf\":{\"@id\":\"https:\\\/\\\/elcanillita.info\\\/press\\\/2021\\\/06\\\/12\\\/pedro-castillo-asaltar-grandes-empresas\\\/\"},\"author\":{\"name\":\"SalaStampa.eu, world press service\",\"@id\":\"https:\\\/\\\/elcanillita.info\\\/press\\\/#\\\/schema\\\/person\\\/7fcb79f38045700919f7da6d97e71ba0\"},\"headline\":\"Pedro Castillo se prepara para asaltar a las grandes empresas, mientras el pa\u00eds gira hacia la izquierda\",\"datePublished\":\"2021-06-12T15:48:30+00:00\",\"dateModified\":\"2021-06-13T11:25:31+00:00\",\"mainEntityOfPage\":{\"@id\":\"https:\\\/\\\/elcanillita.info\\\/press\\\/2021\\\/06\\\/12\\\/pedro-castillo-asaltar-grandes-empresas\\\/\"},\"wordCount\":752,\"publisher\":{\"@id\":\"https:\\\/\\\/elcanillita.info\\\/press\\\/#organization\"},\"image\":{\"@id\":\"https:\\\/\\\/elcanillita.info\\\/press\\\/2021\\\/06\\\/12\\\/pedro-castillo-asaltar-grandes-empresas\\\/#primaryimage\"},\"thumbnailUrl\":\"https:\\\/\\\/elcanillita.info\\\/press\\\/images\\\/2021\\\/06\\\/peruB_20210612.jpg\",\"keywords\":[\"Per\u00fa\"],\"articleSection\":[\"Actualidad\",\"Am\u00e9rica del Sur\",\"Economia\",\"Politica\",\"Sociedad\"],\"inLanguage\":\"es-AR\"},{\"@type\":\"WebPage\",\"@id\":\"https:\\\/\\\/elcanillita.info\\\/press\\\/2021\\\/06\\\/12\\\/pedro-castillo-asaltar-grandes-empresas\\\/\",\"url\":\"https:\\\/\\\/elcanillita.info\\\/press\\\/2021\\\/06\\\/12\\\/pedro-castillo-asaltar-grandes-empresas\\\/\",\"name\":\"Pedro Castillo se prepara para asaltar a las grandes empresas, mientras el pa\u00eds gira hacia la izquierda - ElCanillita.Info\",\"isPartOf\":{\"@id\":\"https:\\\/\\\/elcanillita.info\\\/press\\\/#website\"},\"primaryImageOfPage\":{\"@id\":\"https:\\\/\\\/elcanillita.info\\\/press\\\/2021\\\/06\\\/12\\\/pedro-castillo-asaltar-grandes-empresas\\\/#primaryimage\"},\"image\":{\"@id\":\"https:\\\/\\\/elcanillita.info\\\/press\\\/2021\\\/06\\\/12\\\/pedro-castillo-asaltar-grandes-empresas\\\/#primaryimage\"},\"thumbnailUrl\":\"https:\\\/\\\/elcanillita.info\\\/press\\\/images\\\/2021\\\/06\\\/peruB_20210612.jpg\",\"datePublished\":\"2021-06-12T15:48:30+00:00\",\"dateModified\":\"2021-06-13T11:25:31+00:00\",\"inLanguage\":\"es-AR\",\"potentialAction\":[{\"@type\":\"ReadAction\",\"target\":[\"https:\\\/\\\/elcanillita.info\\\/press\\\/2021\\\/06\\\/12\\\/pedro-castillo-asaltar-grandes-empresas\\\/\"]}]},{\"@type\":\"ImageObject\",\"inLanguage\":\"es-AR\",\"@id\":\"https:\\\/\\\/elcanillita.info\\\/press\\\/2021\\\/06\\\/12\\\/pedro-castillo-asaltar-grandes-empresas\\\/#primaryimage\",\"url\":\"https:\\\/\\\/elcanillita.info\\\/press\\\/images\\\/2021\\\/06\\\/peruB_20210612.jpg\",\"contentUrl\":\"https:\\\/\\\/elcanillita.info\\\/press\\\/images\\\/2021\\\/06\\\/peruB_20210612.jpg\",\"width\":600,\"height\":400},{\"@type\":\"WebSite\",\"@id\":\"https:\\\/\\\/elcanillita.info\\\/press\\\/#website\",\"url\":\"https:\\\/\\\/elcanillita.info\\\/press\\\/\",\"name\":\"ElCanillita.Info\",\"description\":\"desde los Apeninos a los Andes\",\"publisher\":{\"@id\":\"https:\\\/\\\/elcanillita.info\\\/press\\\/#organization\"},\"potentialAction\":[{\"@type\":\"SearchAction\",\"target\":{\"@type\":\"EntryPoint\",\"urlTemplate\":\"https:\\\/\\\/elcanillita.info\\\/press\\\/?s={search_term_string}\"},\"query-input\":{\"@type\":\"PropertyValueSpecification\",\"valueRequired\":true,\"valueName\":\"search_term_string\"}}],\"inLanguage\":\"es-AR\"},{\"@type\":\"Organization\",\"@id\":\"https:\\\/\\\/elcanillita.info\\\/press\\\/#organization\",\"name\":\"Guzzo Photos & Graphic Publications\",\"url\":\"https:\\\/\\\/elcanillita.info\\\/press\\\/\",\"logo\":{\"@type\":\"ImageObject\",\"inLanguage\":\"es-AR\",\"@id\":\"https:\\\/\\\/elcanillita.info\\\/press\\\/#\\\/schema\\\/logo\\\/image\\\/\",\"url\":\"https:\\\/\\\/elcanillita.info\\\/press\\\/images\\\/2020\\\/01\\\/cropped-cropped-cropped-elcanillitainfo.png\",\"contentUrl\":\"https:\\\/\\\/elcanillita.info\\\/press\\\/images\\\/2020\\\/01\\\/cropped-cropped-cropped-elcanillitainfo.png\",\"width\":460,\"height\":50,\"caption\":\"Guzzo Photos & Graphic Publications\"},\"image\":{\"@id\":\"https:\\\/\\\/elcanillita.info\\\/press\\\/#\\\/schema\\\/logo\\\/image\\\/\"},\"sameAs\":[\"https:\\\/\\\/ar-ar.facebook.com\\\/ElCanillitainfo-114249515285712\\\/\"]},{\"@type\":\"Person\",\"@id\":\"https:\\\/\\\/elcanillita.info\\\/press\\\/#\\\/schema\\\/person\\\/7fcb79f38045700919f7da6d97e71ba0\",\"name\":\"SalaStampa.eu, world press service\",\"image\":{\"@type\":\"ImageObject\",\"inLanguage\":\"es-AR\",\"@id\":\"https:\\\/\\\/secure.gravatar.com\\\/avatar\\\/c2f0e0d515a107624234994507816ca4724c7199cef73fc8bedebf6931d73888?s=96&d=mm&r=g\",\"url\":\"https:\\\/\\\/secure.gravatar.com\\\/avatar\\\/c2f0e0d515a107624234994507816ca4724c7199cef73fc8bedebf6931d73888?s=96&d=mm&r=g\",\"contentUrl\":\"https:\\\/\\\/secure.gravatar.com\\\/avatar\\\/c2f0e0d515a107624234994507816ca4724c7199cef73fc8bedebf6931d73888?s=96&d=mm&r=g\",\"caption\":\"SalaStampa.eu, world press service\"}}]}<\/script>\n<!-- \/ Yoast SEO plugin. -->","yoast_head_json":{"title":"Pedro Castillo se prepara para asaltar a las grandes empresas, mientras el pa\u00eds gira hacia la izquierda - ElCanillita.Info","robots":{"index":"index","follow":"follow","max-snippet":"max-snippet:-1","max-image-preview":"max-image-preview:large","max-video-preview":"max-video-preview:-1"},"canonical":"https:\/\/elcanillita.info\/press\/2021\/06\/12\/pedro-castillo-asaltar-grandes-empresas\/","og_locale":"es_ES","og_type":"article","og_title":"Pedro Castillo se prepara para asaltar a las grandes empresas, mientras el pa\u00eds gira hacia la izquierda - ElCanillita.Info","og_description":"El maestro de escuela de la aldea que cita a Lenin ha sacudido a los inversores con promesas dispersas de reescribir la constituci\u00f3n y prohibir las importaciones.","og_url":"https:\/\/elcanillita.info\/press\/2021\/06\/12\/pedro-castillo-asaltar-grandes-empresas\/","og_site_name":"ElCanillita.Info","article_publisher":"https:\/\/ar-ar.facebook.com\/ElCanillitainfo-114249515285712\/","article_published_time":"2021-06-12T15:48:30+00:00","article_modified_time":"2021-06-13T11:25:31+00:00","og_image":[{"width":600,"height":400,"url":"https:\/\/elcanillita.info\/press\/images\/2021\/06\/peruB_20210612.jpg","type":"image\/jpeg"}],"author":"SalaStampa.eu, world press service","twitter_card":"summary_large_image","twitter_misc":{"Escrito por":"SalaStampa.eu, world press service","Tiempo de lectura":"4 minutos"},"schema":{"@context":"https:\/\/schema.org","@graph":[{"@type":"Article","@id":"https:\/\/elcanillita.info\/press\/2021\/06\/12\/pedro-castillo-asaltar-grandes-empresas\/#article","isPartOf":{"@id":"https:\/\/elcanillita.info\/press\/2021\/06\/12\/pedro-castillo-asaltar-grandes-empresas\/"},"author":{"name":"SalaStampa.eu, world press service","@id":"https:\/\/elcanillita.info\/press\/#\/schema\/person\/7fcb79f38045700919f7da6d97e71ba0"},"headline":"Pedro Castillo se prepara para asaltar a las grandes empresas, mientras el pa\u00eds gira hacia la izquierda","datePublished":"2021-06-12T15:48:30+00:00","dateModified":"2021-06-13T11:25:31+00:00","mainEntityOfPage":{"@id":"https:\/\/elcanillita.info\/press\/2021\/06\/12\/pedro-castillo-asaltar-grandes-empresas\/"},"wordCount":752,"publisher":{"@id":"https:\/\/elcanillita.info\/press\/#organization"},"image":{"@id":"https:\/\/elcanillita.info\/press\/2021\/06\/12\/pedro-castillo-asaltar-grandes-empresas\/#primaryimage"},"thumbnailUrl":"https:\/\/elcanillita.info\/press\/images\/2021\/06\/peruB_20210612.jpg","keywords":["Per\u00fa"],"articleSection":["Actualidad","Am\u00e9rica del Sur","Economia","Politica","Sociedad"],"inLanguage":"es-AR"},{"@type":"WebPage","@id":"https:\/\/elcanillita.info\/press\/2021\/06\/12\/pedro-castillo-asaltar-grandes-empresas\/","url":"https:\/\/elcanillita.info\/press\/2021\/06\/12\/pedro-castillo-asaltar-grandes-empresas\/","name":"Pedro Castillo se prepara para asaltar a las grandes empresas, mientras el pa\u00eds gira hacia la izquierda - ElCanillita.Info","isPartOf":{"@id":"https:\/\/elcanillita.info\/press\/#website"},"primaryImageOfPage":{"@id":"https:\/\/elcanillita.info\/press\/2021\/06\/12\/pedro-castillo-asaltar-grandes-empresas\/#primaryimage"},"image":{"@id":"https:\/\/elcanillita.info\/press\/2021\/06\/12\/pedro-castillo-asaltar-grandes-empresas\/#primaryimage"},"thumbnailUrl":"https:\/\/elcanillita.info\/press\/images\/2021\/06\/peruB_20210612.jpg","datePublished":"2021-06-12T15:48:30+00:00","dateModified":"2021-06-13T11:25:31+00:00","inLanguage":"es-AR","potentialAction":[{"@type":"ReadAction","target":["https:\/\/elcanillita.info\/press\/2021\/06\/12\/pedro-castillo-asaltar-grandes-empresas\/"]}]},{"@type":"ImageObject","inLanguage":"es-AR","@id":"https:\/\/elcanillita.info\/press\/2021\/06\/12\/pedro-castillo-asaltar-grandes-empresas\/#primaryimage","url":"https:\/\/elcanillita.info\/press\/images\/2021\/06\/peruB_20210612.jpg","contentUrl":"https:\/\/elcanillita.info\/press\/images\/2021\/06\/peruB_20210612.jpg","width":600,"height":400},{"@type":"WebSite","@id":"https:\/\/elcanillita.info\/press\/#website","url":"https:\/\/elcanillita.info\/press\/","name":"ElCanillita.Info","description":"desde los Apeninos a los Andes","publisher":{"@id":"https:\/\/elcanillita.info\/press\/#organization"},"potentialAction":[{"@type":"SearchAction","target":{"@type":"EntryPoint","urlTemplate":"https:\/\/elcanillita.info\/press\/?s={search_term_string}"},"query-input":{"@type":"PropertyValueSpecification","valueRequired":true,"valueName":"search_term_string"}}],"inLanguage":"es-AR"},{"@type":"Organization","@id":"https:\/\/elcanillita.info\/press\/#organization","name":"Guzzo Photos & Graphic Publications","url":"https:\/\/elcanillita.info\/press\/","logo":{"@type":"ImageObject","inLanguage":"es-AR","@id":"https:\/\/elcanillita.info\/press\/#\/schema\/logo\/image\/","url":"https:\/\/elcanillita.info\/press\/images\/2020\/01\/cropped-cropped-cropped-elcanillitainfo.png","contentUrl":"https:\/\/elcanillita.info\/press\/images\/2020\/01\/cropped-cropped-cropped-elcanillitainfo.png","width":460,"height":50,"caption":"Guzzo Photos & Graphic Publications"},"image":{"@id":"https:\/\/elcanillita.info\/press\/#\/schema\/logo\/image\/"},"sameAs":["https:\/\/ar-ar.facebook.com\/ElCanillitainfo-114249515285712\/"]},{"@type":"Person","@id":"https:\/\/elcanillita.info\/press\/#\/schema\/person\/7fcb79f38045700919f7da6d97e71ba0","name":"SalaStampa.eu, world press service","image":{"@type":"ImageObject","inLanguage":"es-AR","@id":"https:\/\/secure.gravatar.com\/avatar\/c2f0e0d515a107624234994507816ca4724c7199cef73fc8bedebf6931d73888?s=96&d=mm&r=g","url":"https:\/\/secure.gravatar.com\/avatar\/c2f0e0d515a107624234994507816ca4724c7199cef73fc8bedebf6931d73888?s=96&d=mm&r=g","contentUrl":"https:\/\/secure.gravatar.com\/avatar\/c2f0e0d515a107624234994507816ca4724c7199cef73fc8bedebf6931d73888?s=96&d=mm&r=g","caption":"SalaStampa.eu, world press service"}}]}},"views":705,"_links":{"self":[{"href":"https:\/\/elcanillita.info\/press\/wp-json\/wp\/v2\/posts\/1731","targetHints":{"allow":["GET"]}}],"collection":[{"href":"https:\/\/elcanillita.info\/press\/wp-json\/wp\/v2\/posts"}],"about":[{"href":"https:\/\/elcanillita.info\/press\/wp-json\/wp\/v2\/types\/post"}],"author":[{"embeddable":true,"href":"https:\/\/elcanillita.info\/press\/wp-json\/wp\/v2\/users\/1"}],"replies":[{"embeddable":true,"href":"https:\/\/elcanillita.info\/press\/wp-json\/wp\/v2\/comments?post=1731"}],"version-history":[{"count":0,"href":"https:\/\/elcanillita.info\/press\/wp-json\/wp\/v2\/posts\/1731\/revisions"}],"wp:featuredmedia":[{"embeddable":true,"href":"https:\/\/elcanillita.info\/press\/wp-json\/wp\/v2\/media\/1733"}],"wp:attachment":[{"href":"https:\/\/elcanillita.info\/press\/wp-json\/wp\/v2\/media?parent=1731"}],"wp:term":[{"taxonomy":"category","embeddable":true,"href":"https:\/\/elcanillita.info\/press\/wp-json\/wp\/v2\/categories?post=1731"},{"taxonomy":"post_tag","embeddable":true,"href":"https:\/\/elcanillita.info\/press\/wp-json\/wp\/v2\/tags?post=1731"}],"curies":[{"name":"wp","href":"https:\/\/api.w.org\/{rel}","templated":true}]}}