{"id":1720,"date":"2021-06-10T09:37:40","date_gmt":"2021-06-10T12:37:40","guid":{"rendered":"https:\/\/elcanillita.info\/press\/?p=1720"},"modified":"2021-06-10T09:39:06","modified_gmt":"2021-06-10T12:39:06","slug":"el-g7-y-la-oms-necesitan-una-nueva-investigacion-sobre-el-origen-del-covid","status":"publish","type":"post","link":"https:\/\/elcanillita.info\/press\/2021\/06\/10\/el-g7-y-la-oms-necesitan-una-nueva-investigacion-sobre-el-origen-del-covid\/","title":{"rendered":"El G7 y la OMS necesitan una nueva investigaci\u00f3n sobre el origen del Covid"},"content":{"rendered":"\n<div class=\"wp-block-image\"><figure class=\"alignleft size-large\"><img loading=\"lazy\" decoding=\"async\" width=\"600\" height=\"400\" src=\"https:\/\/elcanillita.info\/press\/images\/2021\/06\/chinis.jpg\" alt=\"\" class=\"wp-image-1721\" srcset=\"https:\/\/elcanillita.info\/press\/images\/2021\/06\/chinis.jpg 600w, https:\/\/elcanillita.info\/press\/images\/2021\/06\/chinis-300x200.jpg 300w\" sizes=\"auto, (max-width: 600px) 100vw, 600px\" \/><\/figure><\/div>\n\n\n\n<p>Los l\u00edderes del G7 pedir\u00e1n una investigaci\u00f3n nueva y transparente de la OMS sobre los or\u00edgenes del coronavirus. As\u00ed consta en el borrador del comunicado final del que ha tenido conocimiento la agencia Bloomberg.<\/p>\n\n\n\n<p>Ayer se filtr\u00f3 la misma petici\u00f3n en un borrador de la declaraci\u00f3n de la cumbre UE-EEUU. Se trata de un tema que est\u00e1 muy cerca del coraz\u00f3n de la administraci\u00f3n dirigida por Joe Biden.<br><br>Seg\u00fan Bloomberg, el G7 tambi\u00e9n se comprometer\u00e1 a distribuir mil millones de dosis de la vacuna Covid-19 en todo el mundo durante el pr\u00f3ximo a\u00f1o.<br><br>&#8220;Es de suma importancia que sepamos cu\u00e1les fueron los or\u00edgenes de Covid 19, para que podamos aprender las lecciones y desarrollar las herramientas adecuadas para garantizar que esto no vuelva a suceder. Esto requiere que los que llevan a cabo la investigaci\u00f3n tengan pleno acceso a la informaci\u00f3n y a los lugares&#8221;. As\u00ed respondi\u00f3 la Presidenta de la Comisi\u00f3n Europea, Ursula Von der Leyen, a una pregunta previa a la reuni\u00f3n del G7.<br><br>&#8220;Creemos que es necesaria una total transparencia para extraer las lecciones adecuadas y por eso apoyamos todos los esfuerzos para aportar claridad&#8221; sobre los or\u00edgenes de Covid 19. El mundo tiene derecho a saber lo que pas\u00f3&#8221;, dijo por su parte el Presidente del Consejo Europeo, Charles Michel.<br><br>  <small>Copyright \u00a9 2021 ElCanillita.info &#8211; PanPress.eu  \/ SalaStampa.eu &#8211; All Rights Reserved<\/small>  <\/p>\n","protected":false},"excerpt":{"rendered":"<p>OMS: &#8220;Evitar el error del verano pasado relajando las medidas&#8221;.<\/p>\n","protected":false},"author":1,"featured_media":1722,"comment_status":"closed","ping_status":"closed","sticky":false,"template":"","format":"standard","meta":{"footnotes":"","_links_to":"","_links_to_target":""},"categories":[70,18,78,25],"tags":[35],"class_list":["post-1720","post","type-post","status-publish","format-standard","has-post-thumbnail","hentry","category-actualidad","category-cosmo","category-sanidad","category-sociedad","tag-mundo","entry","double"],"yoast_head":"<!-- This site is optimized with the Yoast SEO plugin v27.5 - https:\/\/yoast.com\/product\/yoast-seo-wordpress\/ -->\n<title>El G7 y la OMS necesitan una nueva investigaci\u00f3n sobre el origen del Covid - ElCanillita.Info<\/title>\n<meta name=\"robots\" content=\"index, follow, max-snippet:-1, max-image-preview:large, max-video-preview:-1\" \/>\n<link rel=\"canonical\" href=\"https:\/\/elcanillita.info\/press\/2021\/06\/10\/el-g7-y-la-oms-necesitan-una-nueva-investigacion-sobre-el-origen-del-covid\/\" \/>\n<meta property=\"og:locale\" content=\"es_ES\" \/>\n<meta property=\"og:type\" content=\"article\" \/>\n<meta property=\"og:title\" content=\"El G7 y la OMS necesitan una nueva investigaci\u00f3n sobre el origen del Covid - ElCanillita.Info\" \/>\n<meta property=\"og:description\" content=\"OMS: &quot;Evitar el error del verano pasado relajando las medidas&quot;.\" \/>\n<meta property=\"og:url\" content=\"https:\/\/elcanillita.info\/press\/2021\/06\/10\/el-g7-y-la-oms-necesitan-una-nueva-investigacion-sobre-el-origen-del-covid\/\" \/>\n<meta property=\"og:site_name\" content=\"ElCanillita.Info\" \/>\n<meta property=\"article:publisher\" content=\"https:\/\/ar-ar.facebook.com\/ElCanillitainfo-114249515285712\/\" \/>\n<meta property=\"article:published_time\" content=\"2021-06-10T12:37:40+00:00\" \/>\n<meta property=\"article:modified_time\" content=\"2021-06-10T12:39:06+00:00\" \/>\n<meta property=\"og:image\" content=\"https:\/\/elcanillita.info\/press\/images\/2021\/06\/vacovis.jpg\" \/>\n\t<meta property=\"og:image:width\" content=\"600\" \/>\n\t<meta property=\"og:image:height\" content=\"400\" \/>\n\t<meta property=\"og:image:type\" content=\"image\/jpeg\" \/>\n<meta name=\"author\" content=\"SalaStampa.eu, world press service\" \/>\n<meta name=\"twitter:card\" content=\"summary_large_image\" \/>\n<meta name=\"twitter:label1\" content=\"Escrito por\" \/>\n\t<meta name=\"twitter:data1\" content=\"SalaStampa.eu, world press service\" \/>\n\t<meta name=\"twitter:label2\" content=\"Tiempo de lectura\" \/>\n\t<meta name=\"twitter:data2\" content=\"2 minutos\" \/>\n<script type=\"application\/ld+json\" class=\"yoast-schema-graph\">{\"@context\":\"https:\\\/\\\/schema.org\",\"@graph\":[{\"@type\":\"Article\",\"@id\":\"https:\\\/\\\/elcanillita.info\\\/press\\\/2021\\\/06\\\/10\\\/el-g7-y-la-oms-necesitan-una-nueva-investigacion-sobre-el-origen-del-covid\\\/#article\",\"isPartOf\":{\"@id\":\"https:\\\/\\\/elcanillita.info\\\/press\\\/2021\\\/06\\\/10\\\/el-g7-y-la-oms-necesitan-una-nueva-investigacion-sobre-el-origen-del-covid\\\/\"},\"author\":{\"name\":\"SalaStampa.eu, world press service\",\"@id\":\"https:\\\/\\\/elcanillita.info\\\/press\\\/#\\\/schema\\\/person\\\/7fcb79f38045700919f7da6d97e71ba0\"},\"headline\":\"El G7 y la OMS necesitan una nueva investigaci\u00f3n sobre el origen del Covid\",\"datePublished\":\"2021-06-10T12:37:40+00:00\",\"dateModified\":\"2021-06-10T12:39:06+00:00\",\"mainEntityOfPage\":{\"@id\":\"https:\\\/\\\/elcanillita.info\\\/press\\\/2021\\\/06\\\/10\\\/el-g7-y-la-oms-necesitan-una-nueva-investigacion-sobre-el-origen-del-covid\\\/\"},\"wordCount\":258,\"publisher\":{\"@id\":\"https:\\\/\\\/elcanillita.info\\\/press\\\/#organization\"},\"image\":{\"@id\":\"https:\\\/\\\/elcanillita.info\\\/press\\\/2021\\\/06\\\/10\\\/el-g7-y-la-oms-necesitan-una-nueva-investigacion-sobre-el-origen-del-covid\\\/#primaryimage\"},\"thumbnailUrl\":\"https:\\\/\\\/elcanillita.info\\\/press\\\/images\\\/2021\\\/06\\\/vacovis.jpg\",\"keywords\":[\"MUNDO\"],\"articleSection\":[\"Actualidad\",\"Cosmo\",\"Sanidad\",\"Sociedad\"],\"inLanguage\":\"es-AR\"},{\"@type\":\"WebPage\",\"@id\":\"https:\\\/\\\/elcanillita.info\\\/press\\\/2021\\\/06\\\/10\\\/el-g7-y-la-oms-necesitan-una-nueva-investigacion-sobre-el-origen-del-covid\\\/\",\"url\":\"https:\\\/\\\/elcanillita.info\\\/press\\\/2021\\\/06\\\/10\\\/el-g7-y-la-oms-necesitan-una-nueva-investigacion-sobre-el-origen-del-covid\\\/\",\"name\":\"El G7 y la OMS necesitan una nueva investigaci\u00f3n sobre el origen del Covid - ElCanillita.Info\",\"isPartOf\":{\"@id\":\"https:\\\/\\\/elcanillita.info\\\/press\\\/#website\"},\"primaryImageOfPage\":{\"@id\":\"https:\\\/\\\/elcanillita.info\\\/press\\\/2021\\\/06\\\/10\\\/el-g7-y-la-oms-necesitan-una-nueva-investigacion-sobre-el-origen-del-covid\\\/#primaryimage\"},\"image\":{\"@id\":\"https:\\\/\\\/elcanillita.info\\\/press\\\/2021\\\/06\\\/10\\\/el-g7-y-la-oms-necesitan-una-nueva-investigacion-sobre-el-origen-del-covid\\\/#primaryimage\"},\"thumbnailUrl\":\"https:\\\/\\\/elcanillita.info\\\/press\\\/images\\\/2021\\\/06\\\/vacovis.jpg\",\"datePublished\":\"2021-06-10T12:37:40+00:00\",\"dateModified\":\"2021-06-10T12:39:06+00:00\",\"inLanguage\":\"es-AR\",\"potentialAction\":[{\"@type\":\"ReadAction\",\"target\":[\"https:\\\/\\\/elcanillita.info\\\/press\\\/2021\\\/06\\\/10\\\/el-g7-y-la-oms-necesitan-una-nueva-investigacion-sobre-el-origen-del-covid\\\/\"]}]},{\"@type\":\"ImageObject\",\"inLanguage\":\"es-AR\",\"@id\":\"https:\\\/\\\/elcanillita.info\\\/press\\\/2021\\\/06\\\/10\\\/el-g7-y-la-oms-necesitan-una-nueva-investigacion-sobre-el-origen-del-covid\\\/#primaryimage\",\"url\":\"https:\\\/\\\/elcanillita.info\\\/press\\\/images\\\/2021\\\/06\\\/vacovis.jpg\",\"contentUrl\":\"https:\\\/\\\/elcanillita.info\\\/press\\\/images\\\/2021\\\/06\\\/vacovis.jpg\",\"width\":600,\"height\":400},{\"@type\":\"WebSite\",\"@id\":\"https:\\\/\\\/elcanillita.info\\\/press\\\/#website\",\"url\":\"https:\\\/\\\/elcanillita.info\\\/press\\\/\",\"name\":\"ElCanillita.Info\",\"description\":\"desde los Apeninos a los Andes\",\"publisher\":{\"@id\":\"https:\\\/\\\/elcanillita.info\\\/press\\\/#organization\"},\"potentialAction\":[{\"@type\":\"SearchAction\",\"target\":{\"@type\":\"EntryPoint\",\"urlTemplate\":\"https:\\\/\\\/elcanillita.info\\\/press\\\/?s={search_term_string}\"},\"query-input\":{\"@type\":\"PropertyValueSpecification\",\"valueRequired\":true,\"valueName\":\"search_term_string\"}}],\"inLanguage\":\"es-AR\"},{\"@type\":\"Organization\",\"@id\":\"https:\\\/\\\/elcanillita.info\\\/press\\\/#organization\",\"name\":\"Guzzo Photos & Graphic Publications\",\"url\":\"https:\\\/\\\/elcanillita.info\\\/press\\\/\",\"logo\":{\"@type\":\"ImageObject\",\"inLanguage\":\"es-AR\",\"@id\":\"https:\\\/\\\/elcanillita.info\\\/press\\\/#\\\/schema\\\/logo\\\/image\\\/\",\"url\":\"https:\\\/\\\/elcanillita.info\\\/press\\\/images\\\/2020\\\/01\\\/cropped-cropped-cropped-elcanillitainfo.png\",\"contentUrl\":\"https:\\\/\\\/elcanillita.info\\\/press\\\/images\\\/2020\\\/01\\\/cropped-cropped-cropped-elcanillitainfo.png\",\"width\":460,\"height\":50,\"caption\":\"Guzzo Photos & Graphic Publications\"},\"image\":{\"@id\":\"https:\\\/\\\/elcanillita.info\\\/press\\\/#\\\/schema\\\/logo\\\/image\\\/\"},\"sameAs\":[\"https:\\\/\\\/ar-ar.facebook.com\\\/ElCanillitainfo-114249515285712\\\/\"]},{\"@type\":\"Person\",\"@id\":\"https:\\\/\\\/elcanillita.info\\\/press\\\/#\\\/schema\\\/person\\\/7fcb79f38045700919f7da6d97e71ba0\",\"name\":\"SalaStampa.eu, world press service\",\"image\":{\"@type\":\"ImageObject\",\"inLanguage\":\"es-AR\",\"@id\":\"https:\\\/\\\/secure.gravatar.com\\\/avatar\\\/c2f0e0d515a107624234994507816ca4724c7199cef73fc8bedebf6931d73888?s=96&d=mm&r=g\",\"url\":\"https:\\\/\\\/secure.gravatar.com\\\/avatar\\\/c2f0e0d515a107624234994507816ca4724c7199cef73fc8bedebf6931d73888?s=96&d=mm&r=g\",\"contentUrl\":\"https:\\\/\\\/secure.gravatar.com\\\/avatar\\\/c2f0e0d515a107624234994507816ca4724c7199cef73fc8bedebf6931d73888?s=96&d=mm&r=g\",\"caption\":\"SalaStampa.eu, world press service\"}}]}<\/script>\n<!-- \/ Yoast SEO plugin. -->","yoast_head_json":{"title":"El G7 y la OMS necesitan una nueva investigaci\u00f3n sobre el origen del Covid - ElCanillita.Info","robots":{"index":"index","follow":"follow","max-snippet":"max-snippet:-1","max-image-preview":"max-image-preview:large","max-video-preview":"max-video-preview:-1"},"canonical":"https:\/\/elcanillita.info\/press\/2021\/06\/10\/el-g7-y-la-oms-necesitan-una-nueva-investigacion-sobre-el-origen-del-covid\/","og_locale":"es_ES","og_type":"article","og_title":"El G7 y la OMS necesitan una nueva investigaci\u00f3n sobre el origen del Covid - ElCanillita.Info","og_description":"OMS: \"Evitar el error del verano pasado relajando las medidas\".","og_url":"https:\/\/elcanillita.info\/press\/2021\/06\/10\/el-g7-y-la-oms-necesitan-una-nueva-investigacion-sobre-el-origen-del-covid\/","og_site_name":"ElCanillita.Info","article_publisher":"https:\/\/ar-ar.facebook.com\/ElCanillitainfo-114249515285712\/","article_published_time":"2021-06-10T12:37:40+00:00","article_modified_time":"2021-06-10T12:39:06+00:00","og_image":[{"width":600,"height":400,"url":"https:\/\/elcanillita.info\/press\/images\/2021\/06\/vacovis.jpg","type":"image\/jpeg"}],"author":"SalaStampa.eu, world press service","twitter_card":"summary_large_image","twitter_misc":{"Escrito por":"SalaStampa.eu, world press service","Tiempo de lectura":"2 minutos"},"schema":{"@context":"https:\/\/schema.org","@graph":[{"@type":"Article","@id":"https:\/\/elcanillita.info\/press\/2021\/06\/10\/el-g7-y-la-oms-necesitan-una-nueva-investigacion-sobre-el-origen-del-covid\/#article","isPartOf":{"@id":"https:\/\/elcanillita.info\/press\/2021\/06\/10\/el-g7-y-la-oms-necesitan-una-nueva-investigacion-sobre-el-origen-del-covid\/"},"author":{"name":"SalaStampa.eu, world press service","@id":"https:\/\/elcanillita.info\/press\/#\/schema\/person\/7fcb79f38045700919f7da6d97e71ba0"},"headline":"El G7 y la OMS necesitan una nueva investigaci\u00f3n sobre el origen del Covid","datePublished":"2021-06-10T12:37:40+00:00","dateModified":"2021-06-10T12:39:06+00:00","mainEntityOfPage":{"@id":"https:\/\/elcanillita.info\/press\/2021\/06\/10\/el-g7-y-la-oms-necesitan-una-nueva-investigacion-sobre-el-origen-del-covid\/"},"wordCount":258,"publisher":{"@id":"https:\/\/elcanillita.info\/press\/#organization"},"image":{"@id":"https:\/\/elcanillita.info\/press\/2021\/06\/10\/el-g7-y-la-oms-necesitan-una-nueva-investigacion-sobre-el-origen-del-covid\/#primaryimage"},"thumbnailUrl":"https:\/\/elcanillita.info\/press\/images\/2021\/06\/vacovis.jpg","keywords":["MUNDO"],"articleSection":["Actualidad","Cosmo","Sanidad","Sociedad"],"inLanguage":"es-AR"},{"@type":"WebPage","@id":"https:\/\/elcanillita.info\/press\/2021\/06\/10\/el-g7-y-la-oms-necesitan-una-nueva-investigacion-sobre-el-origen-del-covid\/","url":"https:\/\/elcanillita.info\/press\/2021\/06\/10\/el-g7-y-la-oms-necesitan-una-nueva-investigacion-sobre-el-origen-del-covid\/","name":"El G7 y la OMS necesitan una nueva investigaci\u00f3n sobre el origen del Covid - ElCanillita.Info","isPartOf":{"@id":"https:\/\/elcanillita.info\/press\/#website"},"primaryImageOfPage":{"@id":"https:\/\/elcanillita.info\/press\/2021\/06\/10\/el-g7-y-la-oms-necesitan-una-nueva-investigacion-sobre-el-origen-del-covid\/#primaryimage"},"image":{"@id":"https:\/\/elcanillita.info\/press\/2021\/06\/10\/el-g7-y-la-oms-necesitan-una-nueva-investigacion-sobre-el-origen-del-covid\/#primaryimage"},"thumbnailUrl":"https:\/\/elcanillita.info\/press\/images\/2021\/06\/vacovis.jpg","datePublished":"2021-06-10T12:37:40+00:00","dateModified":"2021-06-10T12:39:06+00:00","inLanguage":"es-AR","potentialAction":[{"@type":"ReadAction","target":["https:\/\/elcanillita.info\/press\/2021\/06\/10\/el-g7-y-la-oms-necesitan-una-nueva-investigacion-sobre-el-origen-del-covid\/"]}]},{"@type":"ImageObject","inLanguage":"es-AR","@id":"https:\/\/elcanillita.info\/press\/2021\/06\/10\/el-g7-y-la-oms-necesitan-una-nueva-investigacion-sobre-el-origen-del-covid\/#primaryimage","url":"https:\/\/elcanillita.info\/press\/images\/2021\/06\/vacovis.jpg","contentUrl":"https:\/\/elcanillita.info\/press\/images\/2021\/06\/vacovis.jpg","width":600,"height":400},{"@type":"WebSite","@id":"https:\/\/elcanillita.info\/press\/#website","url":"https:\/\/elcanillita.info\/press\/","name":"ElCanillita.Info","description":"desde los Apeninos a los Andes","publisher":{"@id":"https:\/\/elcanillita.info\/press\/#organization"},"potentialAction":[{"@type":"SearchAction","target":{"@type":"EntryPoint","urlTemplate":"https:\/\/elcanillita.info\/press\/?s={search_term_string}"},"query-input":{"@type":"PropertyValueSpecification","valueRequired":true,"valueName":"search_term_string"}}],"inLanguage":"es-AR"},{"@type":"Organization","@id":"https:\/\/elcanillita.info\/press\/#organization","name":"Guzzo Photos & Graphic Publications","url":"https:\/\/elcanillita.info\/press\/","logo":{"@type":"ImageObject","inLanguage":"es-AR","@id":"https:\/\/elcanillita.info\/press\/#\/schema\/logo\/image\/","url":"https:\/\/elcanillita.info\/press\/images\/2020\/01\/cropped-cropped-cropped-elcanillitainfo.png","contentUrl":"https:\/\/elcanillita.info\/press\/images\/2020\/01\/cropped-cropped-cropped-elcanillitainfo.png","width":460,"height":50,"caption":"Guzzo Photos & Graphic Publications"},"image":{"@id":"https:\/\/elcanillita.info\/press\/#\/schema\/logo\/image\/"},"sameAs":["https:\/\/ar-ar.facebook.com\/ElCanillitainfo-114249515285712\/"]},{"@type":"Person","@id":"https:\/\/elcanillita.info\/press\/#\/schema\/person\/7fcb79f38045700919f7da6d97e71ba0","name":"SalaStampa.eu, world press service","image":{"@type":"ImageObject","inLanguage":"es-AR","@id":"https:\/\/secure.gravatar.com\/avatar\/c2f0e0d515a107624234994507816ca4724c7199cef73fc8bedebf6931d73888?s=96&d=mm&r=g","url":"https:\/\/secure.gravatar.com\/avatar\/c2f0e0d515a107624234994507816ca4724c7199cef73fc8bedebf6931d73888?s=96&d=mm&r=g","contentUrl":"https:\/\/secure.gravatar.com\/avatar\/c2f0e0d515a107624234994507816ca4724c7199cef73fc8bedebf6931d73888?s=96&d=mm&r=g","caption":"SalaStampa.eu, world press service"}}]}},"views":675,"_links":{"self":[{"href":"https:\/\/elcanillita.info\/press\/wp-json\/wp\/v2\/posts\/1720","targetHints":{"allow":["GET"]}}],"collection":[{"href":"https:\/\/elcanillita.info\/press\/wp-json\/wp\/v2\/posts"}],"about":[{"href":"https:\/\/elcanillita.info\/press\/wp-json\/wp\/v2\/types\/post"}],"author":[{"embeddable":true,"href":"https:\/\/elcanillita.info\/press\/wp-json\/wp\/v2\/users\/1"}],"replies":[{"embeddable":true,"href":"https:\/\/elcanillita.info\/press\/wp-json\/wp\/v2\/comments?post=1720"}],"version-history":[{"count":0,"href":"https:\/\/elcanillita.info\/press\/wp-json\/wp\/v2\/posts\/1720\/revisions"}],"wp:featuredmedia":[{"embeddable":true,"href":"https:\/\/elcanillita.info\/press\/wp-json\/wp\/v2\/media\/1722"}],"wp:attachment":[{"href":"https:\/\/elcanillita.info\/press\/wp-json\/wp\/v2\/media?parent=1720"}],"wp:term":[{"taxonomy":"category","embeddable":true,"href":"https:\/\/elcanillita.info\/press\/wp-json\/wp\/v2\/categories?post=1720"},{"taxonomy":"post_tag","embeddable":true,"href":"https:\/\/elcanillita.info\/press\/wp-json\/wp\/v2\/tags?post=1720"}],"curies":[{"name":"wp","href":"https:\/\/api.w.org\/{rel}","templated":true}]}}