{"id":1702,"date":"2021-06-08T10:34:51","date_gmt":"2021-06-08T13:34:51","guid":{"rendered":"https:\/\/elcanillita.info\/press\/?p=1702"},"modified":"2021-06-08T10:34:53","modified_gmt":"2021-06-08T13:34:53","slug":"regreso-guerrilla-marxista-sendero-luminoso-acecha-la-estabilidad-del-peru","status":"publish","type":"post","link":"https:\/\/elcanillita.info\/press\/2021\/06\/08\/regreso-guerrilla-marxista-sendero-luminoso-acecha-la-estabilidad-del-peru\/","title":{"rendered":"El regreso de la guerrilla marxista de Sendero Luminoso acecha la estabilidad del Per\u00fa"},"content":{"rendered":"\n<div class=\"wp-block-image\"><figure class=\"aligncenter size-large\"><img loading=\"lazy\" decoding=\"async\" width=\"600\" height=\"400\" src=\"https:\/\/elcanillita.info\/press\/images\/2021\/06\/castillo.jpg\" alt=\"\" class=\"wp-image-1703\" srcset=\"https:\/\/elcanillita.info\/press\/images\/2021\/06\/castillo.jpg 600w, https:\/\/elcanillita.info\/press\/images\/2021\/06\/castillo-300x200.jpg 300w\" sizes=\"auto, (max-width: 600px) 100vw, 600px\" \/><figcaption><small>Pedro Castillo, l\u00edder sindical radical de los maestros<\/small><\/figcaption><\/figure><\/div>\n\n\n\n<p>El escrutinio de la segunda ronda de las presidenciales peruanas est\u00e1 revelando un virtual empate t\u00e9cnico entre Pedro Castillo, candidato de Per\u00fa Libre (izquierda), y Keiko Fujimori, de Fuerza Popular (derecha).<\/p>\n\n\n\n<p>Con el 93.840 % de las actas contabilizadas, Castillo reun\u00eda el 50,22% de votos v\u00e1lidos, y Fujimori el 49.78%. Los \u00faltimos avances del conteo revirtieron as\u00ed la ventaja inicial, igualmente leve, que durante algunas horas Fujimori exhibi\u00f3 sobre Castillo, que viene ganando terreno.<\/p>\n\n\n\n<p>Seg\u00fan las \u00faltimas cifras, Castillo sum\u00f3 8.482.812 votos y Fujimori 8.421.913. La diferencia entre ambos es de 60.899 votos.Cuando falta contabilizar el 6% de los votos, la \u00fanica seguridad es la polarizaci\u00f3n extrema del electorado, que registr\u00f3 una alta asistencia a las urnas, del 76,47%.<\/p>\n\n\n\n<p>Pedro Castillo, un l\u00edder sindical radical de los maestros, se enfrenta a Keiko Fujimori, hija del desgraciado hombre fuerte de los a\u00f1os 90 Alberto Fujimori, en unas elecciones que han dejado atr\u00e1s muchos muertos en la naci\u00f3n andina, devastada por la pandemia. Los \u00faltimos sondeos de opini\u00f3n colocaban a ambos en un empate estad\u00edstico.<\/p>\n\n\n\n<p>Castillo, de 51 a\u00f1os, comenz\u00f3 la segunda vuelta con una ventaja de 20 puntos. Pero Fujimori, de 46 a\u00f1os, le ha ido remontando, ayudada por lo que los cr\u00edticos consideran una campa\u00f1a err\u00e1tica y amateur de Castillo y por la reacci\u00f3n a la masacre de 16 personas en un remoto valle cocalero donde est\u00e1n acorralados los \u00faltimos supervivientes de Sendero Luminoso.<\/p>\n\n\n\n<p>Los terroristas tirotearon dos bares desvencijados al aire libre el 23 de mayo, antes de desaparecer de nuevo en la selva. Dejaron un panfleto con la hoz y el martillo en el que advert\u00edan a los peruanos que no votaran por la Sra. Fujimori.<\/p>\n\n\n\n<p>El ataque, es el m\u00e1s sangriento del grupo en m\u00e1s de una d\u00e9cada y ha sido aprovechado por los partidarios de la Sra. Fujimori, que advierten de las supuestas simpat\u00edas terroristas de Castillo.<br><br>Alberto Fujimori sigue siendo venerado por algunos en Per\u00fa por presidir el aplastamiento de Sendero Luminoso, que masacr\u00f3 a casi 40.000 personas, la mayor\u00eda de ellas de comunidades ind\u00edgenas empobrecidas de los Andes y la Amazonia.<\/p>\n\n\n\n<p>Pero su gobierno se derrumb\u00f3 en medio de acusaciones de corrupci\u00f3n a gran escala y actualmente est\u00e1 cumpliendo una condena de 25 a\u00f1os de c\u00e1rcel por ordenar la ejecuci\u00f3n extrajudicial de presuntos subversivos, la mayor\u00eda de los cuales resultaron no tener nada que ver con Sendero Luminoso.<\/p>\n\n\n\n<p>Profundamente impopular entre muchos, la Sra. Fujimori se enfrenta ahora a un juicio propio por presunto blanqueo de 17 millones de d\u00f3lares. En caso de que gane, el juicio se aplazar\u00e1 hasta que abandone el poder en 2026.<\/p>\n\n\n\n<p>Sin embargo, pas\u00f3 a la segunda vuelta con s\u00f3lo el 13% de los votos, en una lista de 18 candidatos, frente al 19% de Castillo. &#8220;La \u00fanica posibilidad que ten\u00eda Keiko de aumentar su apoyo era crear un monstruo, y lo ha conseguido&#8221;, dice Giovana Pe\u00f1aflor, de la encuestadora Imasen.<\/p>\n\n\n\n<p>Aunque Castillo se ha presentado con una plataforma expl\u00edcitamente marxista, no hay pruebas que lo vinculen con los terroristas. Tambi\u00e9n ha sido miembro de los ronderos, milicias rurales a las que algunos historiadores atribuyen la derrota de Sendero Luminoso m\u00e1s que a Fujimori.<\/p>\n\n\n\n<p> El experto en seguridad Jaime Antezana cree que la masacre pudo estar motivada por el deseo de ayudar a la Sra. Fujimori y adelantarse as\u00ed a la represi\u00f3n del tr\u00e1fico de coca\u00edna.<\/p>\n\n\n\n<p>Hace tiempo que los restos de Sendero Luminoso cambiaron su enfoque de la revoluci\u00f3n a la seguridad de los traficantes. Castillo es un conservador social que no ve con buenos ojos las drogas, mientras que la familia Fujimori, a pesar de haber prometido &#8220;mano dura&#8221; contra la delincuencia, ha sido vinculada en numerosas ocasiones con los c\u00e1rteles.<\/p>\n\n\n\n<p>La se\u00f1ora Fujimori perdi\u00f3 por poco las elecciones de 2016 despu\u00e9s de que saliera a la luz que la Agencia Antidroga de Estados Unidos estaba investigando a su partido. Antezana advierte que si gana, Per\u00fa se convertir\u00e1 en una &#8220;narco-rep\u00fablica&#8221;.<\/p>\n\n\n\n<p>Per\u00fa, con una poblaci\u00f3n de 33 millones de habitantes, revis\u00f3 la semana pasada su cifra de muertos por Covid-19 de 180.000 fallecidos, lo que le convierte en uno de los pa\u00edses con la peor cifra de muertos per c\u00e1pita del mundo.<br><br> <small>Copyright \u00a9 2021 ElCanillita.info &#8211; PanPress.eu  \/ SalaStampa.eu &#8211; All Rights Reserved<\/small> <\/p>\n","protected":false},"excerpt":{"rendered":"<p>La votaci\u00f3n enfrenta a la hija del encarcelado ex presidente Alberto Fujimori, contra Castillo, un maestro rural de izquierda dura poco conocida<\/p>\n","protected":false},"author":1,"featured_media":1704,"comment_status":"closed","ping_status":"closed","sticky":false,"template":"","format":"standard","meta":{"footnotes":"","_links_to":"","_links_to_target":""},"categories":[70,11,23,25],"tags":[],"class_list":["post-1702","post","type-post","status-publish","format-standard","has-post-thumbnail","hentry","category-actualidad","category-america-del-sur","category-politica","category-sociedad","entry","double"],"yoast_head":"<!-- This site is optimized with the Yoast SEO plugin v27.5 - https:\/\/yoast.com\/product\/yoast-seo-wordpress\/ -->\n<title>El regreso de la guerrilla marxista de Sendero Luminoso acecha la estabilidad del Per\u00fa - ElCanillita.Info<\/title>\n<meta name=\"robots\" content=\"index, follow, max-snippet:-1, max-image-preview:large, max-video-preview:-1\" \/>\n<link rel=\"canonical\" href=\"https:\/\/elcanillita.info\/press\/2021\/06\/08\/regreso-guerrilla-marxista-sendero-luminoso-acecha-la-estabilidad-del-peru\/\" \/>\n<meta property=\"og:locale\" content=\"es_ES\" \/>\n<meta property=\"og:type\" content=\"article\" \/>\n<meta property=\"og:title\" content=\"El regreso de la guerrilla marxista de Sendero Luminoso acecha la estabilidad del Per\u00fa - ElCanillita.Info\" \/>\n<meta property=\"og:description\" content=\"La votaci\u00f3n enfrenta a la hija del encarcelado ex presidente Alberto Fujimori, contra Castillo, un maestro rural de izquierda dura poco conocida\" \/>\n<meta property=\"og:url\" content=\"https:\/\/elcanillita.info\/press\/2021\/06\/08\/regreso-guerrilla-marxista-sendero-luminoso-acecha-la-estabilidad-del-peru\/\" \/>\n<meta property=\"og:site_name\" content=\"ElCanillita.Info\" \/>\n<meta property=\"article:publisher\" content=\"https:\/\/ar-ar.facebook.com\/ElCanillitainfo-114249515285712\/\" \/>\n<meta property=\"article:published_time\" content=\"2021-06-08T13:34:51+00:00\" \/>\n<meta property=\"article:modified_time\" content=\"2021-06-08T13:34:53+00:00\" \/>\n<meta property=\"og:image\" content=\"https:\/\/elcanillita.info\/press\/images\/2021\/06\/peruelec.jpg\" \/>\n\t<meta property=\"og:image:width\" content=\"600\" \/>\n\t<meta property=\"og:image:height\" content=\"400\" \/>\n\t<meta property=\"og:image:type\" content=\"image\/jpeg\" \/>\n<meta name=\"author\" content=\"SalaStampa.eu, world press service\" \/>\n<meta name=\"twitter:card\" content=\"summary_large_image\" \/>\n<meta name=\"twitter:label1\" content=\"Escrito por\" \/>\n\t<meta name=\"twitter:data1\" content=\"SalaStampa.eu, world press service\" \/>\n\t<meta name=\"twitter:label2\" content=\"Tiempo de lectura\" \/>\n\t<meta name=\"twitter:data2\" content=\"4 minutos\" \/>\n<script type=\"application\/ld+json\" class=\"yoast-schema-graph\">{\"@context\":\"https:\\\/\\\/schema.org\",\"@graph\":[{\"@type\":\"Article\",\"@id\":\"https:\\\/\\\/elcanillita.info\\\/press\\\/2021\\\/06\\\/08\\\/regreso-guerrilla-marxista-sendero-luminoso-acecha-la-estabilidad-del-peru\\\/#article\",\"isPartOf\":{\"@id\":\"https:\\\/\\\/elcanillita.info\\\/press\\\/2021\\\/06\\\/08\\\/regreso-guerrilla-marxista-sendero-luminoso-acecha-la-estabilidad-del-peru\\\/\"},\"author\":{\"name\":\"SalaStampa.eu, world press service\",\"@id\":\"https:\\\/\\\/elcanillita.info\\\/press\\\/#\\\/schema\\\/person\\\/7fcb79f38045700919f7da6d97e71ba0\"},\"headline\":\"El regreso de la guerrilla marxista de Sendero Luminoso acecha la estabilidad del Per\u00fa\",\"datePublished\":\"2021-06-08T13:34:51+00:00\",\"dateModified\":\"2021-06-08T13:34:53+00:00\",\"mainEntityOfPage\":{\"@id\":\"https:\\\/\\\/elcanillita.info\\\/press\\\/2021\\\/06\\\/08\\\/regreso-guerrilla-marxista-sendero-luminoso-acecha-la-estabilidad-del-peru\\\/\"},\"wordCount\":754,\"publisher\":{\"@id\":\"https:\\\/\\\/elcanillita.info\\\/press\\\/#organization\"},\"image\":{\"@id\":\"https:\\\/\\\/elcanillita.info\\\/press\\\/2021\\\/06\\\/08\\\/regreso-guerrilla-marxista-sendero-luminoso-acecha-la-estabilidad-del-peru\\\/#primaryimage\"},\"thumbnailUrl\":\"https:\\\/\\\/elcanillita.info\\\/press\\\/images\\\/2021\\\/06\\\/peruelec.jpg\",\"articleSection\":[\"Actualidad\",\"Am\u00e9rica del Sur\",\"Politica\",\"Sociedad\"],\"inLanguage\":\"es-AR\"},{\"@type\":\"WebPage\",\"@id\":\"https:\\\/\\\/elcanillita.info\\\/press\\\/2021\\\/06\\\/08\\\/regreso-guerrilla-marxista-sendero-luminoso-acecha-la-estabilidad-del-peru\\\/\",\"url\":\"https:\\\/\\\/elcanillita.info\\\/press\\\/2021\\\/06\\\/08\\\/regreso-guerrilla-marxista-sendero-luminoso-acecha-la-estabilidad-del-peru\\\/\",\"name\":\"El regreso de la guerrilla marxista de Sendero Luminoso acecha la estabilidad del Per\u00fa - ElCanillita.Info\",\"isPartOf\":{\"@id\":\"https:\\\/\\\/elcanillita.info\\\/press\\\/#website\"},\"primaryImageOfPage\":{\"@id\":\"https:\\\/\\\/elcanillita.info\\\/press\\\/2021\\\/06\\\/08\\\/regreso-guerrilla-marxista-sendero-luminoso-acecha-la-estabilidad-del-peru\\\/#primaryimage\"},\"image\":{\"@id\":\"https:\\\/\\\/elcanillita.info\\\/press\\\/2021\\\/06\\\/08\\\/regreso-guerrilla-marxista-sendero-luminoso-acecha-la-estabilidad-del-peru\\\/#primaryimage\"},\"thumbnailUrl\":\"https:\\\/\\\/elcanillita.info\\\/press\\\/images\\\/2021\\\/06\\\/peruelec.jpg\",\"datePublished\":\"2021-06-08T13:34:51+00:00\",\"dateModified\":\"2021-06-08T13:34:53+00:00\",\"inLanguage\":\"es-AR\",\"potentialAction\":[{\"@type\":\"ReadAction\",\"target\":[\"https:\\\/\\\/elcanillita.info\\\/press\\\/2021\\\/06\\\/08\\\/regreso-guerrilla-marxista-sendero-luminoso-acecha-la-estabilidad-del-peru\\\/\"]}]},{\"@type\":\"ImageObject\",\"inLanguage\":\"es-AR\",\"@id\":\"https:\\\/\\\/elcanillita.info\\\/press\\\/2021\\\/06\\\/08\\\/regreso-guerrilla-marxista-sendero-luminoso-acecha-la-estabilidad-del-peru\\\/#primaryimage\",\"url\":\"https:\\\/\\\/elcanillita.info\\\/press\\\/images\\\/2021\\\/06\\\/peruelec.jpg\",\"contentUrl\":\"https:\\\/\\\/elcanillita.info\\\/press\\\/images\\\/2021\\\/06\\\/peruelec.jpg\",\"width\":600,\"height\":400},{\"@type\":\"WebSite\",\"@id\":\"https:\\\/\\\/elcanillita.info\\\/press\\\/#website\",\"url\":\"https:\\\/\\\/elcanillita.info\\\/press\\\/\",\"name\":\"ElCanillita.Info\",\"description\":\"desde los Apeninos a los Andes\",\"publisher\":{\"@id\":\"https:\\\/\\\/elcanillita.info\\\/press\\\/#organization\"},\"potentialAction\":[{\"@type\":\"SearchAction\",\"target\":{\"@type\":\"EntryPoint\",\"urlTemplate\":\"https:\\\/\\\/elcanillita.info\\\/press\\\/?s={search_term_string}\"},\"query-input\":{\"@type\":\"PropertyValueSpecification\",\"valueRequired\":true,\"valueName\":\"search_term_string\"}}],\"inLanguage\":\"es-AR\"},{\"@type\":\"Organization\",\"@id\":\"https:\\\/\\\/elcanillita.info\\\/press\\\/#organization\",\"name\":\"Guzzo Photos & Graphic Publications\",\"url\":\"https:\\\/\\\/elcanillita.info\\\/press\\\/\",\"logo\":{\"@type\":\"ImageObject\",\"inLanguage\":\"es-AR\",\"@id\":\"https:\\\/\\\/elcanillita.info\\\/press\\\/#\\\/schema\\\/logo\\\/image\\\/\",\"url\":\"https:\\\/\\\/elcanillita.info\\\/press\\\/images\\\/2020\\\/01\\\/cropped-cropped-cropped-elcanillitainfo.png\",\"contentUrl\":\"https:\\\/\\\/elcanillita.info\\\/press\\\/images\\\/2020\\\/01\\\/cropped-cropped-cropped-elcanillitainfo.png\",\"width\":460,\"height\":50,\"caption\":\"Guzzo Photos & Graphic Publications\"},\"image\":{\"@id\":\"https:\\\/\\\/elcanillita.info\\\/press\\\/#\\\/schema\\\/logo\\\/image\\\/\"},\"sameAs\":[\"https:\\\/\\\/ar-ar.facebook.com\\\/ElCanillitainfo-114249515285712\\\/\"]},{\"@type\":\"Person\",\"@id\":\"https:\\\/\\\/elcanillita.info\\\/press\\\/#\\\/schema\\\/person\\\/7fcb79f38045700919f7da6d97e71ba0\",\"name\":\"SalaStampa.eu, world press service\",\"image\":{\"@type\":\"ImageObject\",\"inLanguage\":\"es-AR\",\"@id\":\"https:\\\/\\\/secure.gravatar.com\\\/avatar\\\/c2f0e0d515a107624234994507816ca4724c7199cef73fc8bedebf6931d73888?s=96&d=mm&r=g\",\"url\":\"https:\\\/\\\/secure.gravatar.com\\\/avatar\\\/c2f0e0d515a107624234994507816ca4724c7199cef73fc8bedebf6931d73888?s=96&d=mm&r=g\",\"contentUrl\":\"https:\\\/\\\/secure.gravatar.com\\\/avatar\\\/c2f0e0d515a107624234994507816ca4724c7199cef73fc8bedebf6931d73888?s=96&d=mm&r=g\",\"caption\":\"SalaStampa.eu, world press service\"}}]}<\/script>\n<!-- \/ Yoast SEO plugin. -->","yoast_head_json":{"title":"El regreso de la guerrilla marxista de Sendero Luminoso acecha la estabilidad del Per\u00fa - ElCanillita.Info","robots":{"index":"index","follow":"follow","max-snippet":"max-snippet:-1","max-image-preview":"max-image-preview:large","max-video-preview":"max-video-preview:-1"},"canonical":"https:\/\/elcanillita.info\/press\/2021\/06\/08\/regreso-guerrilla-marxista-sendero-luminoso-acecha-la-estabilidad-del-peru\/","og_locale":"es_ES","og_type":"article","og_title":"El regreso de la guerrilla marxista de Sendero Luminoso acecha la estabilidad del Per\u00fa - ElCanillita.Info","og_description":"La votaci\u00f3n enfrenta a la hija del encarcelado ex presidente Alberto Fujimori, contra Castillo, un maestro rural de izquierda dura poco conocida","og_url":"https:\/\/elcanillita.info\/press\/2021\/06\/08\/regreso-guerrilla-marxista-sendero-luminoso-acecha-la-estabilidad-del-peru\/","og_site_name":"ElCanillita.Info","article_publisher":"https:\/\/ar-ar.facebook.com\/ElCanillitainfo-114249515285712\/","article_published_time":"2021-06-08T13:34:51+00:00","article_modified_time":"2021-06-08T13:34:53+00:00","og_image":[{"width":600,"height":400,"url":"https:\/\/elcanillita.info\/press\/images\/2021\/06\/peruelec.jpg","type":"image\/jpeg"}],"author":"SalaStampa.eu, world press service","twitter_card":"summary_large_image","twitter_misc":{"Escrito por":"SalaStampa.eu, world press service","Tiempo de lectura":"4 minutos"},"schema":{"@context":"https:\/\/schema.org","@graph":[{"@type":"Article","@id":"https:\/\/elcanillita.info\/press\/2021\/06\/08\/regreso-guerrilla-marxista-sendero-luminoso-acecha-la-estabilidad-del-peru\/#article","isPartOf":{"@id":"https:\/\/elcanillita.info\/press\/2021\/06\/08\/regreso-guerrilla-marxista-sendero-luminoso-acecha-la-estabilidad-del-peru\/"},"author":{"name":"SalaStampa.eu, world press service","@id":"https:\/\/elcanillita.info\/press\/#\/schema\/person\/7fcb79f38045700919f7da6d97e71ba0"},"headline":"El regreso de la guerrilla marxista de Sendero Luminoso acecha la estabilidad del Per\u00fa","datePublished":"2021-06-08T13:34:51+00:00","dateModified":"2021-06-08T13:34:53+00:00","mainEntityOfPage":{"@id":"https:\/\/elcanillita.info\/press\/2021\/06\/08\/regreso-guerrilla-marxista-sendero-luminoso-acecha-la-estabilidad-del-peru\/"},"wordCount":754,"publisher":{"@id":"https:\/\/elcanillita.info\/press\/#organization"},"image":{"@id":"https:\/\/elcanillita.info\/press\/2021\/06\/08\/regreso-guerrilla-marxista-sendero-luminoso-acecha-la-estabilidad-del-peru\/#primaryimage"},"thumbnailUrl":"https:\/\/elcanillita.info\/press\/images\/2021\/06\/peruelec.jpg","articleSection":["Actualidad","Am\u00e9rica del Sur","Politica","Sociedad"],"inLanguage":"es-AR"},{"@type":"WebPage","@id":"https:\/\/elcanillita.info\/press\/2021\/06\/08\/regreso-guerrilla-marxista-sendero-luminoso-acecha-la-estabilidad-del-peru\/","url":"https:\/\/elcanillita.info\/press\/2021\/06\/08\/regreso-guerrilla-marxista-sendero-luminoso-acecha-la-estabilidad-del-peru\/","name":"El regreso de la guerrilla marxista de Sendero Luminoso acecha la estabilidad del Per\u00fa - ElCanillita.Info","isPartOf":{"@id":"https:\/\/elcanillita.info\/press\/#website"},"primaryImageOfPage":{"@id":"https:\/\/elcanillita.info\/press\/2021\/06\/08\/regreso-guerrilla-marxista-sendero-luminoso-acecha-la-estabilidad-del-peru\/#primaryimage"},"image":{"@id":"https:\/\/elcanillita.info\/press\/2021\/06\/08\/regreso-guerrilla-marxista-sendero-luminoso-acecha-la-estabilidad-del-peru\/#primaryimage"},"thumbnailUrl":"https:\/\/elcanillita.info\/press\/images\/2021\/06\/peruelec.jpg","datePublished":"2021-06-08T13:34:51+00:00","dateModified":"2021-06-08T13:34:53+00:00","inLanguage":"es-AR","potentialAction":[{"@type":"ReadAction","target":["https:\/\/elcanillita.info\/press\/2021\/06\/08\/regreso-guerrilla-marxista-sendero-luminoso-acecha-la-estabilidad-del-peru\/"]}]},{"@type":"ImageObject","inLanguage":"es-AR","@id":"https:\/\/elcanillita.info\/press\/2021\/06\/08\/regreso-guerrilla-marxista-sendero-luminoso-acecha-la-estabilidad-del-peru\/#primaryimage","url":"https:\/\/elcanillita.info\/press\/images\/2021\/06\/peruelec.jpg","contentUrl":"https:\/\/elcanillita.info\/press\/images\/2021\/06\/peruelec.jpg","width":600,"height":400},{"@type":"WebSite","@id":"https:\/\/elcanillita.info\/press\/#website","url":"https:\/\/elcanillita.info\/press\/","name":"ElCanillita.Info","description":"desde los Apeninos a los Andes","publisher":{"@id":"https:\/\/elcanillita.info\/press\/#organization"},"potentialAction":[{"@type":"SearchAction","target":{"@type":"EntryPoint","urlTemplate":"https:\/\/elcanillita.info\/press\/?s={search_term_string}"},"query-input":{"@type":"PropertyValueSpecification","valueRequired":true,"valueName":"search_term_string"}}],"inLanguage":"es-AR"},{"@type":"Organization","@id":"https:\/\/elcanillita.info\/press\/#organization","name":"Guzzo Photos & Graphic Publications","url":"https:\/\/elcanillita.info\/press\/","logo":{"@type":"ImageObject","inLanguage":"es-AR","@id":"https:\/\/elcanillita.info\/press\/#\/schema\/logo\/image\/","url":"https:\/\/elcanillita.info\/press\/images\/2020\/01\/cropped-cropped-cropped-elcanillitainfo.png","contentUrl":"https:\/\/elcanillita.info\/press\/images\/2020\/01\/cropped-cropped-cropped-elcanillitainfo.png","width":460,"height":50,"caption":"Guzzo Photos & Graphic Publications"},"image":{"@id":"https:\/\/elcanillita.info\/press\/#\/schema\/logo\/image\/"},"sameAs":["https:\/\/ar-ar.facebook.com\/ElCanillitainfo-114249515285712\/"]},{"@type":"Person","@id":"https:\/\/elcanillita.info\/press\/#\/schema\/person\/7fcb79f38045700919f7da6d97e71ba0","name":"SalaStampa.eu, world press service","image":{"@type":"ImageObject","inLanguage":"es-AR","@id":"https:\/\/secure.gravatar.com\/avatar\/c2f0e0d515a107624234994507816ca4724c7199cef73fc8bedebf6931d73888?s=96&d=mm&r=g","url":"https:\/\/secure.gravatar.com\/avatar\/c2f0e0d515a107624234994507816ca4724c7199cef73fc8bedebf6931d73888?s=96&d=mm&r=g","contentUrl":"https:\/\/secure.gravatar.com\/avatar\/c2f0e0d515a107624234994507816ca4724c7199cef73fc8bedebf6931d73888?s=96&d=mm&r=g","caption":"SalaStampa.eu, world press service"}}]}},"views":563,"_links":{"self":[{"href":"https:\/\/elcanillita.info\/press\/wp-json\/wp\/v2\/posts\/1702","targetHints":{"allow":["GET"]}}],"collection":[{"href":"https:\/\/elcanillita.info\/press\/wp-json\/wp\/v2\/posts"}],"about":[{"href":"https:\/\/elcanillita.info\/press\/wp-json\/wp\/v2\/types\/post"}],"author":[{"embeddable":true,"href":"https:\/\/elcanillita.info\/press\/wp-json\/wp\/v2\/users\/1"}],"replies":[{"embeddable":true,"href":"https:\/\/elcanillita.info\/press\/wp-json\/wp\/v2\/comments?post=1702"}],"version-history":[{"count":0,"href":"https:\/\/elcanillita.info\/press\/wp-json\/wp\/v2\/posts\/1702\/revisions"}],"wp:featuredmedia":[{"embeddable":true,"href":"https:\/\/elcanillita.info\/press\/wp-json\/wp\/v2\/media\/1704"}],"wp:attachment":[{"href":"https:\/\/elcanillita.info\/press\/wp-json\/wp\/v2\/media?parent=1702"}],"wp:term":[{"taxonomy":"category","embeddable":true,"href":"https:\/\/elcanillita.info\/press\/wp-json\/wp\/v2\/categories?post=1702"},{"taxonomy":"post_tag","embeddable":true,"href":"https:\/\/elcanillita.info\/press\/wp-json\/wp\/v2\/tags?post=1702"}],"curies":[{"name":"wp","href":"https:\/\/api.w.org\/{rel}","templated":true}]}}