{"id":1693,"date":"2021-05-30T08:10:26","date_gmt":"2021-05-30T11:10:26","guid":{"rendered":"https:\/\/elcanillita.info\/press\/?p=1693"},"modified":"2021-05-30T08:10:28","modified_gmt":"2021-05-30T11:10:28","slug":"boris-johnson-y-carrie-symonds-se-casaron-en-una-iglesia-catolica","status":"publish","type":"post","link":"https:\/\/elcanillita.info\/press\/2021\/05\/30\/boris-johnson-y-carrie-symonds-se-casaron-en-una-iglesia-catolica\/","title":{"rendered":"Boris Johnson y Carrie Symonds se casaron en una iglesia cat\u00f3lica"},"content":{"rendered":"\n<div class=\"wp-block-image\"><figure class=\"aligncenter size-large\"><img loading=\"lazy\" decoding=\"async\" width=\"600\" height=\"375\" src=\"https:\/\/elcanillita.info\/press\/images\/2021\/05\/borisW.jpg\" alt=\"\" class=\"wp-image-1694\" srcset=\"https:\/\/elcanillita.info\/press\/images\/2021\/05\/borisW.jpg 600w, https:\/\/elcanillita.info\/press\/images\/2021\/05\/borisW-300x188.jpg 300w\" sizes=\"auto, (max-width: 600px) 100vw, 600px\" \/><figcaption><small>Boris Johnson y Carrie Symonds publican la primera foto del d\u00eda de su boda<\/small><\/figcaption><\/figure><\/div>\n\n\n\n<p>Boris Johnson y su nueva esposa Carrie Symonds han hecho p\u00fablica la primera foto de su discreta ceremonia, que fue planeada en estricto secreto.<\/p>\n\n\n\n<p>La pareja intercambi\u00f3 sus votos en la catedral de Westminster el s\u00e1bado ante un peque\u00f1o grupo de amigos y familiares.<\/p>\n\n\n\n<p>En un principio, Downing Street no quiso hacer comentarios sobre las noticias de la boda, pero el domingo por la ma\u00f1ana un portavoz dijo: &#8220;El Primer Ministro y la Sra. Symonds se casaron ayer por la tarde en una peque\u00f1a ceremonia en la Catedral de Westminster&#8221;.<\/p>\n\n\n\n<p>&#8220;La pareja celebrar\u00e1 su boda con su familia y amigos el pr\u00f3ximo verano&#8221;.<\/p>\n\n\n\n<p>La foto, publicada el domingo por la ma\u00f1ana, fue tomada en el jard\u00edn del n\u00famero 10 de Downing Street.<\/p>\n\n\n\n<p>Se dice que han enviado tarjetas para guardar la fecha a familiares y amigos para la celebraci\u00f3n el 30 de julio de 2022.<\/p>\n\n\n\n<p>Se entiende que la Sra. Symonds adoptar\u00e1 el apellido de su marido y ser\u00e1 conocida como Carrie Johnson.<\/p>\n\n\n\n<p>En una foto publicada por el n\u00famero 10 de la pareja en el jard\u00edn de Downing Street despu\u00e9s de la boda se les ve\u00eda mir\u00e1ndose, con la se\u00f1ora Johnson con un vestido blanco largo y una diadema de flores y el Primer Ministro con un traje oscuro y corbata azul, con una flor blanca en el ojal.<\/p>\n\n\n\n<p>El ministro de Sanidad, Nadhim Zahawi, les dio la enhorabuena, pero dijo que el momento en que se celebraba no deb\u00eda ser una se\u00f1al de que no se iba a producir la relajaci\u00f3n de las medidas de cierre previstas para el 21 de junio.<\/p>\n\n\n\n<p>Cuando se le dijo que el momento suger\u00eda que una boda m\u00e1s grande despu\u00e9s del 21 de junio no estaba en programa, Zahawi dijo a Sky News: &#8220;Yo no extrapolar\u00eda nada de eso&#8221;.<\/p>\n\n\n\n<p>Y a\u00f1adi\u00f3: &#8220;El 14 de junio expondremos con toda claridad los datos que seguimos recopilando desde el tercer paso, que fue el 17 de mayo, y luego los compartiremos con la naci\u00f3n, como ha hecho el Primer Ministro en todos y cada uno de los pasos del primero, el segundo y el tercero y, por supuesto, el cuarto&#8221;.<\/p>\n\n\n\n<p>La pareja anunci\u00f3 su compromiso -junto con la noticia de que estaban esperando su primer hijo- en febrero del a\u00f1o pasado.<\/p>\n\n\n\n<p>Es el tercer matrimonio del Sr. Johnson, tras haber finalizado su divorcio de su segunda esposa Marina Wheeler en 2020.<\/p>\n\n\n\n<p>\u00c9l y la se\u00f1ora Johnson tienen un hijo, Wilfred, que naci\u00f3 en abril de 2020.<\/p>\n\n\n\n<p>La ceremonia de la boda en la catedral cat\u00f3lica fue llevada a cabo por el padre Daniel Humphreys, que hab\u00eda dado a la pareja instrucciones previas al matrimonio, y bautiz\u00f3 a Wilfred el a\u00f1o pasado, inform\u00f3 The Sun.<\/p>\n\n\n\n<p>Poco despu\u00e9s de la 1.30 de la tarde, la catedral fue repentinamente desalojada de los visitantes, y el personal manifest\u00f3 que se iba a cerrar, dijo el peri\u00f3dico.<\/p>\n\n\n\n<p>Media hora m\u00e1s tarde, una limusina que transportaba a la novia entr\u00f3 en la plaza frente a la puerta principal del oeste.<\/p>\n\n\n\n<p>Con la ceremonia, Johnson se convirti\u00f3 en el primer primer ministro que se casa en el cargo desde que Lord Liverpool se cas\u00f3 con Mary Chester en 1822.<\/p>\n\n\n\n<p>En la actualidad, las bodas en Inglaterra est\u00e1n sujetas a estrictas restricciones por el coronavirus.<br><br>Las ceremonias est\u00e1n permitidas para un m\u00e1ximo de 30 personas en lugares con seguridad Covid.<\/p>\n\n\n\n<p>Los banquetes de boda tambi\u00e9n est\u00e1n permitidos para un m\u00e1ximo de 30 personas en un lugar seguro para Covid o al aire libre.<\/p>\n\n\n\n<p>Pero se desaconseja bailar debido al mayor riesgo de transmisi\u00f3n, excepto el tradicional primer baile de la pareja.<\/p>\n\n\n\n<p>El padre de Johnson, Stanley, fue visto en Downing Street despu\u00e9s de la ceremonia, mientras que los invitados y los m\u00fasicos fueron vistos saliendo del n\u00famero 10 el s\u00e1bado por la noche.<\/p>\n\n\n\n<p>La boda se produce al final de una semana dif\u00edcil para el Primer Ministro, en la que su antiguo ayudante Dominic Cummings le tach\u00f3 de no ser apto para el cargo.<\/p>\n\n\n\n<p>El ex ayudante del Primer Ministro dijo que la Sra. Johnson hab\u00eda estado desesperada por desbancarle de su papel de mano derecha del Sr. Johnson, y hab\u00eda tratado de poner a sus propios amigos en puestos clave.<\/p>\n\n\n\n<p>El Sr. Cummings tambi\u00e9n afirm\u00f3 que en febrero de 2020, cuando la pandemia se estaba convirtiendo en una gran crisis mundial, el Sr. Johnson estaba &#8220;distra\u00eddo ultimando su divorcio, su novia quer\u00eda anunciar que estaba embarazada, un compromiso, y sus finanzas&#8221;.<\/p>\n\n\n\n<p>La ministra del gabinete, Therese Coffey, envi\u00f3 su felicitaci\u00f3n a la pareja &#8220;por su matrimonio&#8221;.<\/p>\n\n\n\n<p>La ministra de la Infancia y la Familia, Vicky Ford, envi\u00f3 sus felicitaciones y &#8220;un gran amor a Wilf&#8221;, a\u00f1adiendo: &#8220;Muchas bodas se han visto retrasadas y perturbadas por el covid. La vida siempre es mejor con amor&#8221;.<\/p>\n\n\n\n<p>La Primera Ministra de Irlanda del Norte, Arlene Foster, tuite\u00f3: &#8220;Enormes felicitaciones a Boris Johnson y Carrie Symonds por su boda&#8221;.<\/p>\n\n\n\n<p>Sin embargo, el ex diputado laborista Jon Trickett dijo que la boda era &#8220;una buena manera de enterrar las malas noticias de esta semana&#8221; sobre el testimonio de Cummings, la propagaci\u00f3n de la variante del coronavirus indio y la disputa sobre la financiaci\u00f3n del piso de Downing Street.<\/p>\n\n\n\n<p>La diputada laborista Tonia Antoniazzi sugiri\u00f3 que el &#8220;plan de matrimonio de emergencia&#8221; era un intento de &#8220;desviar la atenci\u00f3n de la prensa negativa&#8221; del Sr. Cummings.<\/p>\n\n\n\n<p>y a\u00f1adi\u00f3: &#8220;Saben que no podr\u00e1 planear uno en Chequers <small>(residencia campestre del Primer Ministro del Reino Unido, situada en Ellesborough, al pie de Chilterns, en la contea de Buckinghamshire<\/small>) porque no ser\u00e1 PM el pr\u00f3ximo a\u00f1o\u2026&#8221;<br><br>\n<small>PanPress.eu  \/ SalaStampa.eu &#8211; Copyright \u00a9 2021 ElCanillita.info &#8211; Derechos reservados<\/small><\/p>\n","protected":false},"excerpt":{"rendered":"<p>La pareja se cas\u00f3 el s\u00e1bado en la catedral de Westminster y celebrar\u00e1 su boda con familiares y amigos el pr\u00f3ximo verano. Para casarse en una iglesia cat\u00f3lica, el Sr. Johnson podr\u00eda haber hecho reconocer sus dos matrimonios anteriores como anulados.<\/p>\n","protected":false},"author":1,"featured_media":1695,"comment_status":"closed","ping_status":"closed","sticky":false,"template":"","format":"standard","meta":{"footnotes":"","_links_to":"","_links_to_target":""},"categories":[70,5,23,25],"tags":[58],"class_list":["post-1693","post","type-post","status-publish","format-standard","has-post-thumbnail","hentry","category-actualidad","category-europa","category-politica","category-sociedad","tag-reino-unido","entry","double"],"yoast_head":"<!-- This site is optimized with the Yoast SEO plugin v27.4 - https:\/\/yoast.com\/product\/yoast-seo-wordpress\/ -->\n<title>Boris Johnson y Carrie Symonds se casaron en una iglesia cat\u00f3lica - ElCanillita.Info<\/title>\n<meta name=\"robots\" content=\"index, follow, max-snippet:-1, max-image-preview:large, max-video-preview:-1\" \/>\n<link rel=\"canonical\" href=\"https:\/\/elcanillita.info\/press\/2021\/05\/30\/boris-johnson-y-carrie-symonds-se-casaron-en-una-iglesia-catolica\/\" \/>\n<meta property=\"og:locale\" content=\"es_ES\" \/>\n<meta property=\"og:type\" content=\"article\" \/>\n<meta property=\"og:title\" content=\"Boris Johnson y Carrie Symonds se casaron en una iglesia cat\u00f3lica - ElCanillita.Info\" \/>\n<meta property=\"og:description\" content=\"La pareja se cas\u00f3 el s\u00e1bado en la catedral de Westminster y celebrar\u00e1 su boda con familiares y amigos el pr\u00f3ximo verano. Para casarse en una iglesia cat\u00f3lica, el Sr. Johnson podr\u00eda haber hecho reconocer sus dos matrimonios anteriores como anulados.\" \/>\n<meta property=\"og:url\" content=\"https:\/\/elcanillita.info\/press\/2021\/05\/30\/boris-johnson-y-carrie-symonds-se-casaron-en-una-iglesia-catolica\/\" \/>\n<meta property=\"og:site_name\" content=\"ElCanillita.Info\" \/>\n<meta property=\"article:publisher\" content=\"https:\/\/ar-ar.facebook.com\/ElCanillitainfo-114249515285712\/\" \/>\n<meta property=\"article:published_time\" content=\"2021-05-30T11:10:26+00:00\" \/>\n<meta property=\"article:modified_time\" content=\"2021-05-30T11:10:28+00:00\" \/>\n<meta property=\"og:image\" content=\"https:\/\/elcanillita.info\/press\/images\/2021\/05\/Boris2.jpg\" \/>\n\t<meta property=\"og:image:width\" content=\"600\" \/>\n\t<meta property=\"og:image:height\" content=\"375\" \/>\n\t<meta property=\"og:image:type\" content=\"image\/jpeg\" \/>\n<meta name=\"author\" content=\"SalaStampa.eu, world press service\" \/>\n<meta name=\"twitter:card\" content=\"summary_large_image\" \/>\n<meta name=\"twitter:label1\" content=\"Escrito por\" \/>\n\t<meta name=\"twitter:data1\" content=\"SalaStampa.eu, world press service\" \/>\n\t<meta name=\"twitter:label2\" content=\"Tiempo de lectura\" \/>\n\t<meta name=\"twitter:data2\" content=\"5 minutos\" \/>\n<script type=\"application\/ld+json\" class=\"yoast-schema-graph\">{\"@context\":\"https:\\\/\\\/schema.org\",\"@graph\":[{\"@type\":\"Article\",\"@id\":\"https:\\\/\\\/elcanillita.info\\\/press\\\/2021\\\/05\\\/30\\\/boris-johnson-y-carrie-symonds-se-casaron-en-una-iglesia-catolica\\\/#article\",\"isPartOf\":{\"@id\":\"https:\\\/\\\/elcanillita.info\\\/press\\\/2021\\\/05\\\/30\\\/boris-johnson-y-carrie-symonds-se-casaron-en-una-iglesia-catolica\\\/\"},\"author\":{\"name\":\"SalaStampa.eu, world press service\",\"@id\":\"https:\\\/\\\/elcanillita.info\\\/press\\\/#\\\/schema\\\/person\\\/7fcb79f38045700919f7da6d97e71ba0\"},\"headline\":\"Boris Johnson y Carrie Symonds se casaron en una iglesia cat\u00f3lica\",\"datePublished\":\"2021-05-30T11:10:26+00:00\",\"dateModified\":\"2021-05-30T11:10:28+00:00\",\"mainEntityOfPage\":{\"@id\":\"https:\\\/\\\/elcanillita.info\\\/press\\\/2021\\\/05\\\/30\\\/boris-johnson-y-carrie-symonds-se-casaron-en-una-iglesia-catolica\\\/\"},\"wordCount\":1005,\"publisher\":{\"@id\":\"https:\\\/\\\/elcanillita.info\\\/press\\\/#organization\"},\"image\":{\"@id\":\"https:\\\/\\\/elcanillita.info\\\/press\\\/2021\\\/05\\\/30\\\/boris-johnson-y-carrie-symonds-se-casaron-en-una-iglesia-catolica\\\/#primaryimage\"},\"thumbnailUrl\":\"https:\\\/\\\/elcanillita.info\\\/press\\\/images\\\/2021\\\/05\\\/Boris2.jpg\",\"keywords\":[\"Reino Unido\"],\"articleSection\":[\"Actualidad\",\"Europa\",\"Politica\",\"Sociedad\"],\"inLanguage\":\"es-AR\"},{\"@type\":\"WebPage\",\"@id\":\"https:\\\/\\\/elcanillita.info\\\/press\\\/2021\\\/05\\\/30\\\/boris-johnson-y-carrie-symonds-se-casaron-en-una-iglesia-catolica\\\/\",\"url\":\"https:\\\/\\\/elcanillita.info\\\/press\\\/2021\\\/05\\\/30\\\/boris-johnson-y-carrie-symonds-se-casaron-en-una-iglesia-catolica\\\/\",\"name\":\"Boris Johnson y Carrie Symonds se casaron en una iglesia cat\u00f3lica - ElCanillita.Info\",\"isPartOf\":{\"@id\":\"https:\\\/\\\/elcanillita.info\\\/press\\\/#website\"},\"primaryImageOfPage\":{\"@id\":\"https:\\\/\\\/elcanillita.info\\\/press\\\/2021\\\/05\\\/30\\\/boris-johnson-y-carrie-symonds-se-casaron-en-una-iglesia-catolica\\\/#primaryimage\"},\"image\":{\"@id\":\"https:\\\/\\\/elcanillita.info\\\/press\\\/2021\\\/05\\\/30\\\/boris-johnson-y-carrie-symonds-se-casaron-en-una-iglesia-catolica\\\/#primaryimage\"},\"thumbnailUrl\":\"https:\\\/\\\/elcanillita.info\\\/press\\\/images\\\/2021\\\/05\\\/Boris2.jpg\",\"datePublished\":\"2021-05-30T11:10:26+00:00\",\"dateModified\":\"2021-05-30T11:10:28+00:00\",\"inLanguage\":\"es-AR\",\"potentialAction\":[{\"@type\":\"ReadAction\",\"target\":[\"https:\\\/\\\/elcanillita.info\\\/press\\\/2021\\\/05\\\/30\\\/boris-johnson-y-carrie-symonds-se-casaron-en-una-iglesia-catolica\\\/\"]}]},{\"@type\":\"ImageObject\",\"inLanguage\":\"es-AR\",\"@id\":\"https:\\\/\\\/elcanillita.info\\\/press\\\/2021\\\/05\\\/30\\\/boris-johnson-y-carrie-symonds-se-casaron-en-una-iglesia-catolica\\\/#primaryimage\",\"url\":\"https:\\\/\\\/elcanillita.info\\\/press\\\/images\\\/2021\\\/05\\\/Boris2.jpg\",\"contentUrl\":\"https:\\\/\\\/elcanillita.info\\\/press\\\/images\\\/2021\\\/05\\\/Boris2.jpg\",\"width\":600,\"height\":375},{\"@type\":\"WebSite\",\"@id\":\"https:\\\/\\\/elcanillita.info\\\/press\\\/#website\",\"url\":\"https:\\\/\\\/elcanillita.info\\\/press\\\/\",\"name\":\"ElCanillita.Info\",\"description\":\"desde los Apeninos a los Andes\",\"publisher\":{\"@id\":\"https:\\\/\\\/elcanillita.info\\\/press\\\/#organization\"},\"potentialAction\":[{\"@type\":\"SearchAction\",\"target\":{\"@type\":\"EntryPoint\",\"urlTemplate\":\"https:\\\/\\\/elcanillita.info\\\/press\\\/?s={search_term_string}\"},\"query-input\":{\"@type\":\"PropertyValueSpecification\",\"valueRequired\":true,\"valueName\":\"search_term_string\"}}],\"inLanguage\":\"es-AR\"},{\"@type\":\"Organization\",\"@id\":\"https:\\\/\\\/elcanillita.info\\\/press\\\/#organization\",\"name\":\"Guzzo Photos & Graphic Publications\",\"url\":\"https:\\\/\\\/elcanillita.info\\\/press\\\/\",\"logo\":{\"@type\":\"ImageObject\",\"inLanguage\":\"es-AR\",\"@id\":\"https:\\\/\\\/elcanillita.info\\\/press\\\/#\\\/schema\\\/logo\\\/image\\\/\",\"url\":\"https:\\\/\\\/elcanillita.info\\\/press\\\/images\\\/2020\\\/01\\\/cropped-cropped-cropped-elcanillitainfo.png\",\"contentUrl\":\"https:\\\/\\\/elcanillita.info\\\/press\\\/images\\\/2020\\\/01\\\/cropped-cropped-cropped-elcanillitainfo.png\",\"width\":460,\"height\":50,\"caption\":\"Guzzo Photos & Graphic Publications\"},\"image\":{\"@id\":\"https:\\\/\\\/elcanillita.info\\\/press\\\/#\\\/schema\\\/logo\\\/image\\\/\"},\"sameAs\":[\"https:\\\/\\\/ar-ar.facebook.com\\\/ElCanillitainfo-114249515285712\\\/\"]},{\"@type\":\"Person\",\"@id\":\"https:\\\/\\\/elcanillita.info\\\/press\\\/#\\\/schema\\\/person\\\/7fcb79f38045700919f7da6d97e71ba0\",\"name\":\"SalaStampa.eu, world press service\",\"image\":{\"@type\":\"ImageObject\",\"inLanguage\":\"es-AR\",\"@id\":\"https:\\\/\\\/secure.gravatar.com\\\/avatar\\\/c2f0e0d515a107624234994507816ca4724c7199cef73fc8bedebf6931d73888?s=96&d=mm&r=g\",\"url\":\"https:\\\/\\\/secure.gravatar.com\\\/avatar\\\/c2f0e0d515a107624234994507816ca4724c7199cef73fc8bedebf6931d73888?s=96&d=mm&r=g\",\"contentUrl\":\"https:\\\/\\\/secure.gravatar.com\\\/avatar\\\/c2f0e0d515a107624234994507816ca4724c7199cef73fc8bedebf6931d73888?s=96&d=mm&r=g\",\"caption\":\"SalaStampa.eu, world press service\"}}]}<\/script>\n<!-- \/ Yoast SEO plugin. -->","yoast_head_json":{"title":"Boris Johnson y Carrie Symonds se casaron en una iglesia cat\u00f3lica - ElCanillita.Info","robots":{"index":"index","follow":"follow","max-snippet":"max-snippet:-1","max-image-preview":"max-image-preview:large","max-video-preview":"max-video-preview:-1"},"canonical":"https:\/\/elcanillita.info\/press\/2021\/05\/30\/boris-johnson-y-carrie-symonds-se-casaron-en-una-iglesia-catolica\/","og_locale":"es_ES","og_type":"article","og_title":"Boris Johnson y Carrie Symonds se casaron en una iglesia cat\u00f3lica - ElCanillita.Info","og_description":"La pareja se cas\u00f3 el s\u00e1bado en la catedral de Westminster y celebrar\u00e1 su boda con familiares y amigos el pr\u00f3ximo verano. Para casarse en una iglesia cat\u00f3lica, el Sr. Johnson podr\u00eda haber hecho reconocer sus dos matrimonios anteriores como anulados.","og_url":"https:\/\/elcanillita.info\/press\/2021\/05\/30\/boris-johnson-y-carrie-symonds-se-casaron-en-una-iglesia-catolica\/","og_site_name":"ElCanillita.Info","article_publisher":"https:\/\/ar-ar.facebook.com\/ElCanillitainfo-114249515285712\/","article_published_time":"2021-05-30T11:10:26+00:00","article_modified_time":"2021-05-30T11:10:28+00:00","og_image":[{"width":600,"height":375,"url":"https:\/\/elcanillita.info\/press\/images\/2021\/05\/Boris2.jpg","type":"image\/jpeg"}],"author":"SalaStampa.eu, world press service","twitter_card":"summary_large_image","twitter_misc":{"Escrito por":"SalaStampa.eu, world press service","Tiempo de lectura":"5 minutos"},"schema":{"@context":"https:\/\/schema.org","@graph":[{"@type":"Article","@id":"https:\/\/elcanillita.info\/press\/2021\/05\/30\/boris-johnson-y-carrie-symonds-se-casaron-en-una-iglesia-catolica\/#article","isPartOf":{"@id":"https:\/\/elcanillita.info\/press\/2021\/05\/30\/boris-johnson-y-carrie-symonds-se-casaron-en-una-iglesia-catolica\/"},"author":{"name":"SalaStampa.eu, world press service","@id":"https:\/\/elcanillita.info\/press\/#\/schema\/person\/7fcb79f38045700919f7da6d97e71ba0"},"headline":"Boris Johnson y Carrie Symonds se casaron en una iglesia cat\u00f3lica","datePublished":"2021-05-30T11:10:26+00:00","dateModified":"2021-05-30T11:10:28+00:00","mainEntityOfPage":{"@id":"https:\/\/elcanillita.info\/press\/2021\/05\/30\/boris-johnson-y-carrie-symonds-se-casaron-en-una-iglesia-catolica\/"},"wordCount":1005,"publisher":{"@id":"https:\/\/elcanillita.info\/press\/#organization"},"image":{"@id":"https:\/\/elcanillita.info\/press\/2021\/05\/30\/boris-johnson-y-carrie-symonds-se-casaron-en-una-iglesia-catolica\/#primaryimage"},"thumbnailUrl":"https:\/\/elcanillita.info\/press\/images\/2021\/05\/Boris2.jpg","keywords":["Reino Unido"],"articleSection":["Actualidad","Europa","Politica","Sociedad"],"inLanguage":"es-AR"},{"@type":"WebPage","@id":"https:\/\/elcanillita.info\/press\/2021\/05\/30\/boris-johnson-y-carrie-symonds-se-casaron-en-una-iglesia-catolica\/","url":"https:\/\/elcanillita.info\/press\/2021\/05\/30\/boris-johnson-y-carrie-symonds-se-casaron-en-una-iglesia-catolica\/","name":"Boris Johnson y Carrie Symonds se casaron en una iglesia cat\u00f3lica - ElCanillita.Info","isPartOf":{"@id":"https:\/\/elcanillita.info\/press\/#website"},"primaryImageOfPage":{"@id":"https:\/\/elcanillita.info\/press\/2021\/05\/30\/boris-johnson-y-carrie-symonds-se-casaron-en-una-iglesia-catolica\/#primaryimage"},"image":{"@id":"https:\/\/elcanillita.info\/press\/2021\/05\/30\/boris-johnson-y-carrie-symonds-se-casaron-en-una-iglesia-catolica\/#primaryimage"},"thumbnailUrl":"https:\/\/elcanillita.info\/press\/images\/2021\/05\/Boris2.jpg","datePublished":"2021-05-30T11:10:26+00:00","dateModified":"2021-05-30T11:10:28+00:00","inLanguage":"es-AR","potentialAction":[{"@type":"ReadAction","target":["https:\/\/elcanillita.info\/press\/2021\/05\/30\/boris-johnson-y-carrie-symonds-se-casaron-en-una-iglesia-catolica\/"]}]},{"@type":"ImageObject","inLanguage":"es-AR","@id":"https:\/\/elcanillita.info\/press\/2021\/05\/30\/boris-johnson-y-carrie-symonds-se-casaron-en-una-iglesia-catolica\/#primaryimage","url":"https:\/\/elcanillita.info\/press\/images\/2021\/05\/Boris2.jpg","contentUrl":"https:\/\/elcanillita.info\/press\/images\/2021\/05\/Boris2.jpg","width":600,"height":375},{"@type":"WebSite","@id":"https:\/\/elcanillita.info\/press\/#website","url":"https:\/\/elcanillita.info\/press\/","name":"ElCanillita.Info","description":"desde los Apeninos a los Andes","publisher":{"@id":"https:\/\/elcanillita.info\/press\/#organization"},"potentialAction":[{"@type":"SearchAction","target":{"@type":"EntryPoint","urlTemplate":"https:\/\/elcanillita.info\/press\/?s={search_term_string}"},"query-input":{"@type":"PropertyValueSpecification","valueRequired":true,"valueName":"search_term_string"}}],"inLanguage":"es-AR"},{"@type":"Organization","@id":"https:\/\/elcanillita.info\/press\/#organization","name":"Guzzo Photos & Graphic Publications","url":"https:\/\/elcanillita.info\/press\/","logo":{"@type":"ImageObject","inLanguage":"es-AR","@id":"https:\/\/elcanillita.info\/press\/#\/schema\/logo\/image\/","url":"https:\/\/elcanillita.info\/press\/images\/2020\/01\/cropped-cropped-cropped-elcanillitainfo.png","contentUrl":"https:\/\/elcanillita.info\/press\/images\/2020\/01\/cropped-cropped-cropped-elcanillitainfo.png","width":460,"height":50,"caption":"Guzzo Photos & Graphic Publications"},"image":{"@id":"https:\/\/elcanillita.info\/press\/#\/schema\/logo\/image\/"},"sameAs":["https:\/\/ar-ar.facebook.com\/ElCanillitainfo-114249515285712\/"]},{"@type":"Person","@id":"https:\/\/elcanillita.info\/press\/#\/schema\/person\/7fcb79f38045700919f7da6d97e71ba0","name":"SalaStampa.eu, world press service","image":{"@type":"ImageObject","inLanguage":"es-AR","@id":"https:\/\/secure.gravatar.com\/avatar\/c2f0e0d515a107624234994507816ca4724c7199cef73fc8bedebf6931d73888?s=96&d=mm&r=g","url":"https:\/\/secure.gravatar.com\/avatar\/c2f0e0d515a107624234994507816ca4724c7199cef73fc8bedebf6931d73888?s=96&d=mm&r=g","contentUrl":"https:\/\/secure.gravatar.com\/avatar\/c2f0e0d515a107624234994507816ca4724c7199cef73fc8bedebf6931d73888?s=96&d=mm&r=g","caption":"SalaStampa.eu, world press service"}}]}},"views":567,"_links":{"self":[{"href":"https:\/\/elcanillita.info\/press\/wp-json\/wp\/v2\/posts\/1693","targetHints":{"allow":["GET"]}}],"collection":[{"href":"https:\/\/elcanillita.info\/press\/wp-json\/wp\/v2\/posts"}],"about":[{"href":"https:\/\/elcanillita.info\/press\/wp-json\/wp\/v2\/types\/post"}],"author":[{"embeddable":true,"href":"https:\/\/elcanillita.info\/press\/wp-json\/wp\/v2\/users\/1"}],"replies":[{"embeddable":true,"href":"https:\/\/elcanillita.info\/press\/wp-json\/wp\/v2\/comments?post=1693"}],"version-history":[{"count":0,"href":"https:\/\/elcanillita.info\/press\/wp-json\/wp\/v2\/posts\/1693\/revisions"}],"wp:featuredmedia":[{"embeddable":true,"href":"https:\/\/elcanillita.info\/press\/wp-json\/wp\/v2\/media\/1695"}],"wp:attachment":[{"href":"https:\/\/elcanillita.info\/press\/wp-json\/wp\/v2\/media?parent=1693"}],"wp:term":[{"taxonomy":"category","embeddable":true,"href":"https:\/\/elcanillita.info\/press\/wp-json\/wp\/v2\/categories?post=1693"},{"taxonomy":"post_tag","embeddable":true,"href":"https:\/\/elcanillita.info\/press\/wp-json\/wp\/v2\/tags?post=1693"}],"curies":[{"name":"wp","href":"https:\/\/api.w.org\/{rel}","templated":true}]}}