{"id":1661,"date":"2021-05-24T07:26:49","date_gmt":"2021-05-24T10:26:49","guid":{"rendered":"https:\/\/elcanillita.info\/press\/?p=1661"},"modified":"2021-05-24T13:09:01","modified_gmt":"2021-05-24T16:09:01","slug":"alojamiento-gratis-habitantes-focos-covid","status":"publish","type":"post","link":"https:\/\/elcanillita.info\/press\/2021\/05\/24\/alojamiento-gratis-habitantes-focos-covid\/","title":{"rendered":"Alojamiento gratis para habitantes en barrios con focos de Covid"},"content":{"rendered":"\n<div class=\"wp-block-image\"><figure class=\"alignleft size-large\"><img loading=\"lazy\" decoding=\"async\" width=\"600\" height=\"375\" src=\"https:\/\/elcanillita.info\/press\/images\/2021\/05\/variante.jpg\" alt=\"\" class=\"wp-image-1662\" srcset=\"https:\/\/elcanillita.info\/press\/images\/2021\/05\/variante.jpg 600w, https:\/\/elcanillita.info\/press\/images\/2021\/05\/variante-300x188.jpg 300w\" sizes=\"auto, (max-width: 600px) 100vw, 600px\" \/><\/figure><\/div>\n\n\n\n<p>A londineses que viven en sectores de la ciudad con focos de Covid, se les ofrecer\u00e1 alojamiento gratuito para que puedan aislarse de forma segura, en un intento para detener la propagaci\u00f3n de nuevas variantes.<\/p>\n\n\n\n<p>Los ayuntamientos de nueve de las zonas m\u00e1s afectadas, ofrecer\u00e1n alojar a los contactos de los casos positivos del virus, para detener la transmisi\u00f3n en los hogares superpoblados.<\/p>\n\n\n\n<p>Las iniciativas tambi\u00e9n permitir\u00e1n que algunos reciban prestaciones adicionales para cubrir los gastos de manutenci\u00f3n y desplazamiento, mientras que se introducir\u00e1n controles adicionales del cumplimiento en una serie de zonas. En algunos casos, los fondos se utilizar\u00e1n para mejorar el nivel de los servicios de localizaci\u00f3n.<\/p>\n\n\n\n<p>Los funcionarios dijeron que los proyectos piloto est\u00e1n dise\u00f1ados, para animar a las personas con mayor riesgo de contraer y transmitir el Covid, a que se sometan a las pruebas y se autoaislen completamente si dan positivo.<\/p>\n\n\n\n<p>Las zonas que reciben fondos son Newham, en Londres; Yorkshire y Humber; Lancashire; Blackburn with Darwen; Blackpool; Greater Manchester; Cheshire y Merseyside; Royal Borough of Kingston; Hackney; Peterborough, Fenland y South Holland, y Somerset.<\/p>\n\n\n\n<p>Matt Hancock, Secretario de Sanidad, dijo: &#8220;Desde el principio de esta pandemia mundial, los ciudadanos brit\u00e1nicos han hecho enormes sacrificios y han desempe\u00f1ado su papel siempre que se les ha pedido: distanci\u00e1ndose socialmente, autoaisl\u00e1ndose, haci\u00e9ndose la prueba y ahora, por fin, poni\u00e9ndose la vacuna&#8221;.<\/p>\n\n\n\n<p>&#8220;Las variantes tienen el potencial de ser un caballo de Troya para nuestro progreso, que tanto nos ha costado conseguir, y es m\u00e1s vital que nunca que hagamos lo posible por mostrarles la puerta de salida, siguiendo las normas y autoaisl\u00e1ndose cuando se les pide&#8221;.<\/p>\n\n\n\n<p>El plan piloto de 12 millones de libras tambi\u00e9n supondr\u00e1 una ampliaci\u00f3n de los servicios de traslado y un apoyo social adicional para los adultos vulnerables. Se ofrecer\u00e1n servicios de &#8220;acompa\u00f1amiento&#8221; para aquellas personas cuya salud mental se haya visto afectada por los cierres.<\/p>\n\n\n\n<p>El Gobierno ya ha respaldado un plan en el Gran Manchester, que env\u00eda equipos a trabajar en los hogares a las 24 horas siguientes a una prueba positiva, desarrollando un plan a medida para el autoaislamiento.<\/p>\n\n\n\n<p>El Secretario de la Sanidad dijo: &#8220;Reconocemos lo dif\u00edcil que es el autoaislamiento para muchas personas, estos proyectos  nos ayudar\u00e1n a encontrar las mejores formas de apoyar a la gente y facilitar que todos sigan haciendo su parte&#8221;.<br><br>\n<small>PanPress.eu  \/ SalaStampa.eu &#8211; ElCanillita.info &#8211; Derechos reservados<\/small><\/p>\n","protected":false},"excerpt":{"rendered":"<p>En algunas zonas, como Bolton, han aumentado los casos de la variante india del virus Covid.<\/p>\n","protected":false},"author":1,"featured_media":1662,"comment_status":"closed","ping_status":"closed","sticky":false,"template":"","format":"standard","meta":{"footnotes":"","_links_to":"","_links_to_target":""},"categories":[70,5,78,25],"tags":[58],"class_list":["post-1661","post","type-post","status-publish","format-standard","has-post-thumbnail","hentry","category-actualidad","category-europa","category-sanidad","category-sociedad","tag-reino-unido","entry","double"],"yoast_head":"<!-- This site is optimized with the Yoast SEO plugin v27.4 - https:\/\/yoast.com\/product\/yoast-seo-wordpress\/ -->\n<title>Alojamiento gratis para habitantes en barrios con focos de Covid - ElCanillita.Info<\/title>\n<meta name=\"robots\" content=\"index, follow, max-snippet:-1, max-image-preview:large, max-video-preview:-1\" \/>\n<link rel=\"canonical\" href=\"https:\/\/elcanillita.info\/press\/2021\/05\/24\/alojamiento-gratis-habitantes-focos-covid\/\" \/>\n<meta property=\"og:locale\" content=\"es_ES\" \/>\n<meta property=\"og:type\" content=\"article\" \/>\n<meta property=\"og:title\" content=\"Alojamiento gratis para habitantes en barrios con focos de Covid - ElCanillita.Info\" \/>\n<meta property=\"og:description\" content=\"En algunas zonas, como Bolton, han aumentado los casos de la variante india del virus Covid.\" \/>\n<meta property=\"og:url\" content=\"https:\/\/elcanillita.info\/press\/2021\/05\/24\/alojamiento-gratis-habitantes-focos-covid\/\" \/>\n<meta property=\"og:site_name\" content=\"ElCanillita.Info\" \/>\n<meta property=\"article:publisher\" content=\"https:\/\/ar-ar.facebook.com\/ElCanillitainfo-114249515285712\/\" \/>\n<meta property=\"article:published_time\" content=\"2021-05-24T10:26:49+00:00\" \/>\n<meta property=\"article:modified_time\" content=\"2021-05-24T16:09:01+00:00\" \/>\n<meta property=\"og:image\" content=\"https:\/\/elcanillita.info\/press\/images\/2021\/05\/variante.jpg\" \/>\n\t<meta property=\"og:image:width\" content=\"600\" \/>\n\t<meta property=\"og:image:height\" content=\"375\" \/>\n\t<meta property=\"og:image:type\" content=\"image\/jpeg\" \/>\n<meta name=\"author\" content=\"SalaStampa.eu, world press service\" \/>\n<meta name=\"twitter:card\" content=\"summary_large_image\" \/>\n<meta name=\"twitter:label1\" content=\"Escrito por\" \/>\n\t<meta name=\"twitter:data1\" content=\"SalaStampa.eu, world press service\" \/>\n\t<meta name=\"twitter:label2\" content=\"Tiempo de lectura\" \/>\n\t<meta name=\"twitter:data2\" content=\"2 minutos\" \/>\n<script type=\"application\/ld+json\" class=\"yoast-schema-graph\">{\"@context\":\"https:\\\/\\\/schema.org\",\"@graph\":[{\"@type\":\"Article\",\"@id\":\"https:\\\/\\\/elcanillita.info\\\/press\\\/2021\\\/05\\\/24\\\/alojamiento-gratis-habitantes-focos-covid\\\/#article\",\"isPartOf\":{\"@id\":\"https:\\\/\\\/elcanillita.info\\\/press\\\/2021\\\/05\\\/24\\\/alojamiento-gratis-habitantes-focos-covid\\\/\"},\"author\":{\"name\":\"SalaStampa.eu, world press service\",\"@id\":\"https:\\\/\\\/elcanillita.info\\\/press\\\/#\\\/schema\\\/person\\\/7fcb79f38045700919f7da6d97e71ba0\"},\"headline\":\"Alojamiento gratis para habitantes en barrios con focos de Covid\",\"datePublished\":\"2021-05-24T10:26:49+00:00\",\"dateModified\":\"2021-05-24T16:09:01+00:00\",\"mainEntityOfPage\":{\"@id\":\"https:\\\/\\\/elcanillita.info\\\/press\\\/2021\\\/05\\\/24\\\/alojamiento-gratis-habitantes-focos-covid\\\/\"},\"wordCount\":432,\"publisher\":{\"@id\":\"https:\\\/\\\/elcanillita.info\\\/press\\\/#organization\"},\"image\":{\"@id\":\"https:\\\/\\\/elcanillita.info\\\/press\\\/2021\\\/05\\\/24\\\/alojamiento-gratis-habitantes-focos-covid\\\/#primaryimage\"},\"thumbnailUrl\":\"https:\\\/\\\/elcanillita.info\\\/press\\\/images\\\/2021\\\/05\\\/variante.jpg\",\"keywords\":[\"Reino Unido\"],\"articleSection\":[\"Actualidad\",\"Europa\",\"Sanidad\",\"Sociedad\"],\"inLanguage\":\"es-AR\"},{\"@type\":\"WebPage\",\"@id\":\"https:\\\/\\\/elcanillita.info\\\/press\\\/2021\\\/05\\\/24\\\/alojamiento-gratis-habitantes-focos-covid\\\/\",\"url\":\"https:\\\/\\\/elcanillita.info\\\/press\\\/2021\\\/05\\\/24\\\/alojamiento-gratis-habitantes-focos-covid\\\/\",\"name\":\"Alojamiento gratis para habitantes en barrios con focos de Covid - ElCanillita.Info\",\"isPartOf\":{\"@id\":\"https:\\\/\\\/elcanillita.info\\\/press\\\/#website\"},\"primaryImageOfPage\":{\"@id\":\"https:\\\/\\\/elcanillita.info\\\/press\\\/2021\\\/05\\\/24\\\/alojamiento-gratis-habitantes-focos-covid\\\/#primaryimage\"},\"image\":{\"@id\":\"https:\\\/\\\/elcanillita.info\\\/press\\\/2021\\\/05\\\/24\\\/alojamiento-gratis-habitantes-focos-covid\\\/#primaryimage\"},\"thumbnailUrl\":\"https:\\\/\\\/elcanillita.info\\\/press\\\/images\\\/2021\\\/05\\\/variante.jpg\",\"datePublished\":\"2021-05-24T10:26:49+00:00\",\"dateModified\":\"2021-05-24T16:09:01+00:00\",\"inLanguage\":\"es-AR\",\"potentialAction\":[{\"@type\":\"ReadAction\",\"target\":[\"https:\\\/\\\/elcanillita.info\\\/press\\\/2021\\\/05\\\/24\\\/alojamiento-gratis-habitantes-focos-covid\\\/\"]}]},{\"@type\":\"ImageObject\",\"inLanguage\":\"es-AR\",\"@id\":\"https:\\\/\\\/elcanillita.info\\\/press\\\/2021\\\/05\\\/24\\\/alojamiento-gratis-habitantes-focos-covid\\\/#primaryimage\",\"url\":\"https:\\\/\\\/elcanillita.info\\\/press\\\/images\\\/2021\\\/05\\\/variante.jpg\",\"contentUrl\":\"https:\\\/\\\/elcanillita.info\\\/press\\\/images\\\/2021\\\/05\\\/variante.jpg\",\"width\":600,\"height\":375},{\"@type\":\"WebSite\",\"@id\":\"https:\\\/\\\/elcanillita.info\\\/press\\\/#website\",\"url\":\"https:\\\/\\\/elcanillita.info\\\/press\\\/\",\"name\":\"ElCanillita.Info\",\"description\":\"desde los Apeninos a los Andes\",\"publisher\":{\"@id\":\"https:\\\/\\\/elcanillita.info\\\/press\\\/#organization\"},\"potentialAction\":[{\"@type\":\"SearchAction\",\"target\":{\"@type\":\"EntryPoint\",\"urlTemplate\":\"https:\\\/\\\/elcanillita.info\\\/press\\\/?s={search_term_string}\"},\"query-input\":{\"@type\":\"PropertyValueSpecification\",\"valueRequired\":true,\"valueName\":\"search_term_string\"}}],\"inLanguage\":\"es-AR\"},{\"@type\":\"Organization\",\"@id\":\"https:\\\/\\\/elcanillita.info\\\/press\\\/#organization\",\"name\":\"Guzzo Photos & Graphic Publications\",\"url\":\"https:\\\/\\\/elcanillita.info\\\/press\\\/\",\"logo\":{\"@type\":\"ImageObject\",\"inLanguage\":\"es-AR\",\"@id\":\"https:\\\/\\\/elcanillita.info\\\/press\\\/#\\\/schema\\\/logo\\\/image\\\/\",\"url\":\"https:\\\/\\\/elcanillita.info\\\/press\\\/images\\\/2020\\\/01\\\/cropped-cropped-cropped-elcanillitainfo.png\",\"contentUrl\":\"https:\\\/\\\/elcanillita.info\\\/press\\\/images\\\/2020\\\/01\\\/cropped-cropped-cropped-elcanillitainfo.png\",\"width\":460,\"height\":50,\"caption\":\"Guzzo Photos & Graphic Publications\"},\"image\":{\"@id\":\"https:\\\/\\\/elcanillita.info\\\/press\\\/#\\\/schema\\\/logo\\\/image\\\/\"},\"sameAs\":[\"https:\\\/\\\/ar-ar.facebook.com\\\/ElCanillitainfo-114249515285712\\\/\"]},{\"@type\":\"Person\",\"@id\":\"https:\\\/\\\/elcanillita.info\\\/press\\\/#\\\/schema\\\/person\\\/7fcb79f38045700919f7da6d97e71ba0\",\"name\":\"SalaStampa.eu, world press service\",\"image\":{\"@type\":\"ImageObject\",\"inLanguage\":\"es-AR\",\"@id\":\"https:\\\/\\\/secure.gravatar.com\\\/avatar\\\/c2f0e0d515a107624234994507816ca4724c7199cef73fc8bedebf6931d73888?s=96&d=mm&r=g\",\"url\":\"https:\\\/\\\/secure.gravatar.com\\\/avatar\\\/c2f0e0d515a107624234994507816ca4724c7199cef73fc8bedebf6931d73888?s=96&d=mm&r=g\",\"contentUrl\":\"https:\\\/\\\/secure.gravatar.com\\\/avatar\\\/c2f0e0d515a107624234994507816ca4724c7199cef73fc8bedebf6931d73888?s=96&d=mm&r=g\",\"caption\":\"SalaStampa.eu, world press service\"}}]}<\/script>\n<!-- \/ Yoast SEO plugin. -->","yoast_head_json":{"title":"Alojamiento gratis para habitantes en barrios con focos de Covid - ElCanillita.Info","robots":{"index":"index","follow":"follow","max-snippet":"max-snippet:-1","max-image-preview":"max-image-preview:large","max-video-preview":"max-video-preview:-1"},"canonical":"https:\/\/elcanillita.info\/press\/2021\/05\/24\/alojamiento-gratis-habitantes-focos-covid\/","og_locale":"es_ES","og_type":"article","og_title":"Alojamiento gratis para habitantes en barrios con focos de Covid - ElCanillita.Info","og_description":"En algunas zonas, como Bolton, han aumentado los casos de la variante india del virus Covid.","og_url":"https:\/\/elcanillita.info\/press\/2021\/05\/24\/alojamiento-gratis-habitantes-focos-covid\/","og_site_name":"ElCanillita.Info","article_publisher":"https:\/\/ar-ar.facebook.com\/ElCanillitainfo-114249515285712\/","article_published_time":"2021-05-24T10:26:49+00:00","article_modified_time":"2021-05-24T16:09:01+00:00","og_image":[{"width":600,"height":375,"url":"https:\/\/elcanillita.info\/press\/images\/2021\/05\/variante.jpg","type":"image\/jpeg"}],"author":"SalaStampa.eu, world press service","twitter_card":"summary_large_image","twitter_misc":{"Escrito por":"SalaStampa.eu, world press service","Tiempo de lectura":"2 minutos"},"schema":{"@context":"https:\/\/schema.org","@graph":[{"@type":"Article","@id":"https:\/\/elcanillita.info\/press\/2021\/05\/24\/alojamiento-gratis-habitantes-focos-covid\/#article","isPartOf":{"@id":"https:\/\/elcanillita.info\/press\/2021\/05\/24\/alojamiento-gratis-habitantes-focos-covid\/"},"author":{"name":"SalaStampa.eu, world press service","@id":"https:\/\/elcanillita.info\/press\/#\/schema\/person\/7fcb79f38045700919f7da6d97e71ba0"},"headline":"Alojamiento gratis para habitantes en barrios con focos de Covid","datePublished":"2021-05-24T10:26:49+00:00","dateModified":"2021-05-24T16:09:01+00:00","mainEntityOfPage":{"@id":"https:\/\/elcanillita.info\/press\/2021\/05\/24\/alojamiento-gratis-habitantes-focos-covid\/"},"wordCount":432,"publisher":{"@id":"https:\/\/elcanillita.info\/press\/#organization"},"image":{"@id":"https:\/\/elcanillita.info\/press\/2021\/05\/24\/alojamiento-gratis-habitantes-focos-covid\/#primaryimage"},"thumbnailUrl":"https:\/\/elcanillita.info\/press\/images\/2021\/05\/variante.jpg","keywords":["Reino Unido"],"articleSection":["Actualidad","Europa","Sanidad","Sociedad"],"inLanguage":"es-AR"},{"@type":"WebPage","@id":"https:\/\/elcanillita.info\/press\/2021\/05\/24\/alojamiento-gratis-habitantes-focos-covid\/","url":"https:\/\/elcanillita.info\/press\/2021\/05\/24\/alojamiento-gratis-habitantes-focos-covid\/","name":"Alojamiento gratis para habitantes en barrios con focos de Covid - ElCanillita.Info","isPartOf":{"@id":"https:\/\/elcanillita.info\/press\/#website"},"primaryImageOfPage":{"@id":"https:\/\/elcanillita.info\/press\/2021\/05\/24\/alojamiento-gratis-habitantes-focos-covid\/#primaryimage"},"image":{"@id":"https:\/\/elcanillita.info\/press\/2021\/05\/24\/alojamiento-gratis-habitantes-focos-covid\/#primaryimage"},"thumbnailUrl":"https:\/\/elcanillita.info\/press\/images\/2021\/05\/variante.jpg","datePublished":"2021-05-24T10:26:49+00:00","dateModified":"2021-05-24T16:09:01+00:00","inLanguage":"es-AR","potentialAction":[{"@type":"ReadAction","target":["https:\/\/elcanillita.info\/press\/2021\/05\/24\/alojamiento-gratis-habitantes-focos-covid\/"]}]},{"@type":"ImageObject","inLanguage":"es-AR","@id":"https:\/\/elcanillita.info\/press\/2021\/05\/24\/alojamiento-gratis-habitantes-focos-covid\/#primaryimage","url":"https:\/\/elcanillita.info\/press\/images\/2021\/05\/variante.jpg","contentUrl":"https:\/\/elcanillita.info\/press\/images\/2021\/05\/variante.jpg","width":600,"height":375},{"@type":"WebSite","@id":"https:\/\/elcanillita.info\/press\/#website","url":"https:\/\/elcanillita.info\/press\/","name":"ElCanillita.Info","description":"desde los Apeninos a los Andes","publisher":{"@id":"https:\/\/elcanillita.info\/press\/#organization"},"potentialAction":[{"@type":"SearchAction","target":{"@type":"EntryPoint","urlTemplate":"https:\/\/elcanillita.info\/press\/?s={search_term_string}"},"query-input":{"@type":"PropertyValueSpecification","valueRequired":true,"valueName":"search_term_string"}}],"inLanguage":"es-AR"},{"@type":"Organization","@id":"https:\/\/elcanillita.info\/press\/#organization","name":"Guzzo Photos & Graphic Publications","url":"https:\/\/elcanillita.info\/press\/","logo":{"@type":"ImageObject","inLanguage":"es-AR","@id":"https:\/\/elcanillita.info\/press\/#\/schema\/logo\/image\/","url":"https:\/\/elcanillita.info\/press\/images\/2020\/01\/cropped-cropped-cropped-elcanillitainfo.png","contentUrl":"https:\/\/elcanillita.info\/press\/images\/2020\/01\/cropped-cropped-cropped-elcanillitainfo.png","width":460,"height":50,"caption":"Guzzo Photos & Graphic Publications"},"image":{"@id":"https:\/\/elcanillita.info\/press\/#\/schema\/logo\/image\/"},"sameAs":["https:\/\/ar-ar.facebook.com\/ElCanillitainfo-114249515285712\/"]},{"@type":"Person","@id":"https:\/\/elcanillita.info\/press\/#\/schema\/person\/7fcb79f38045700919f7da6d97e71ba0","name":"SalaStampa.eu, world press service","image":{"@type":"ImageObject","inLanguage":"es-AR","@id":"https:\/\/secure.gravatar.com\/avatar\/c2f0e0d515a107624234994507816ca4724c7199cef73fc8bedebf6931d73888?s=96&d=mm&r=g","url":"https:\/\/secure.gravatar.com\/avatar\/c2f0e0d515a107624234994507816ca4724c7199cef73fc8bedebf6931d73888?s=96&d=mm&r=g","contentUrl":"https:\/\/secure.gravatar.com\/avatar\/c2f0e0d515a107624234994507816ca4724c7199cef73fc8bedebf6931d73888?s=96&d=mm&r=g","caption":"SalaStampa.eu, world press service"}}]}},"views":567,"_links":{"self":[{"href":"https:\/\/elcanillita.info\/press\/wp-json\/wp\/v2\/posts\/1661","targetHints":{"allow":["GET"]}}],"collection":[{"href":"https:\/\/elcanillita.info\/press\/wp-json\/wp\/v2\/posts"}],"about":[{"href":"https:\/\/elcanillita.info\/press\/wp-json\/wp\/v2\/types\/post"}],"author":[{"embeddable":true,"href":"https:\/\/elcanillita.info\/press\/wp-json\/wp\/v2\/users\/1"}],"replies":[{"embeddable":true,"href":"https:\/\/elcanillita.info\/press\/wp-json\/wp\/v2\/comments?post=1661"}],"version-history":[{"count":0,"href":"https:\/\/elcanillita.info\/press\/wp-json\/wp\/v2\/posts\/1661\/revisions"}],"wp:featuredmedia":[{"embeddable":true,"href":"https:\/\/elcanillita.info\/press\/wp-json\/wp\/v2\/media\/1662"}],"wp:attachment":[{"href":"https:\/\/elcanillita.info\/press\/wp-json\/wp\/v2\/media?parent=1661"}],"wp:term":[{"taxonomy":"category","embeddable":true,"href":"https:\/\/elcanillita.info\/press\/wp-json\/wp\/v2\/categories?post=1661"},{"taxonomy":"post_tag","embeddable":true,"href":"https:\/\/elcanillita.info\/press\/wp-json\/wp\/v2\/tags?post=1661"}],"curies":[{"name":"wp","href":"https:\/\/api.w.org\/{rel}","templated":true}]}}