{"id":1651,"date":"2021-05-21T06:51:42","date_gmt":"2021-05-21T09:51:42","guid":{"rendered":"https:\/\/elcanillita.info\/press\/?p=1651"},"modified":"2021-05-21T06:56:36","modified_gmt":"2021-05-21T09:56:36","slug":"palestina-11-dias-guerra","status":"publish","type":"post","link":"https:\/\/elcanillita.info\/press\/2021\/05\/21\/palestina-11-dias-guerra\/","title":{"rendered":"\u00bfQue sucede en Palestina despu\u00e9s de 11 d\u00edas de guerra?"},"content":{"rendered":"\n<div class=\"wp-block-image\"><figure class=\"aligncenter size-large\"><img loading=\"lazy\" decoding=\"async\" width=\"600\" height=\"371\" src=\"https:\/\/elcanillita.info\/press\/images\/2021\/05\/palestinaII.jpg\" alt=\"\" class=\"wp-image-1652\" srcset=\"https:\/\/elcanillita.info\/press\/images\/2021\/05\/palestinaII.jpg 600w, https:\/\/elcanillita.info\/press\/images\/2021\/05\/palestinaII-300x186.jpg 300w\" sizes=\"auto, (max-width: 600px) 100vw, 600px\" \/><figcaption><strong><small>Una ceremonia frente a un edificio destruido en Gaza luego que se anunci\u00f3 alto al fuego<\/small><\/strong><\/figcaption><\/figure><\/div>\n\n\n\n<p>Con la entrada en vigor del acuerdo de alto el fuego entre Israel y las facciones palestinas en las primeras horas del viernes, parece que ambas partes est\u00e1n listas para volver a su &#8220;fr\u00e1gil&#8221; status quo, segun el escritor del Washington Post Ishan Tharoor.<\/p>\n\n\n\n<p>Despu\u00e9s de lanzar m\u00e1s de 4000 cohetes en territorio israel\u00ed, Hamas puede declarar una &#8220;especie de victoria&#8221; sin preocuparse por los cientos de palestinos y decenas de israel\u00edes que perdieron la vida en 11 d\u00edas de combates.<\/p>\n\n\n\n<p>Seg\u00fan el periodista, analistas y observadores del conflicto palestino-israel\u00ed, es posible que no se vuelva a lo que era antes, especialmente porque &#8220;la intensidad de la violencia sorprendi\u00f3 tanto al gobierno israel\u00ed como al gobierno estadounidense&#8221;.<\/p>\n\n\n\n<p>El autor de la nota dice: &#8220;En estos combates, las provocaciones de la polic\u00eda israel\u00ed y las acciones de la extrema derecha en Jerusal\u00e9n, llevaron a un aumento en la intensidad de las protestas palestinas contra los desalojos previstos en la disputada ciudad santa&#8221;.<\/p>\n\n\n\n<p>En cuanto a la reacci\u00f3n palestina, Tharoor dijo que alcanz\u00f3 su punto culminante, cuando las fuerzas de seguridad israel\u00edes decidieron asaltar la mezquita de Al-Aqsa, acci\u00f3n que llev\u00f3 a Hamas a &#8220;defender el tercer lugar m\u00e1s sagrado de los musulmanes&#8221;, y se\u00f1al\u00f3 que los enfrentamientos llegaron a Cisjordania, as\u00ed como entre \u00e1rabes israel\u00edes y jud\u00edos.<\/p>\n\n\n\n<p>El reportero a\u00f1ade: &#8220;En estos combates, las provocaciones de la polic\u00eda israel\u00ed y las acciones de la extrema derecha en Jerusal\u00e9n aumentaron la intensidad de las protestas palestinas contra los desalojos previstos en la disputada ciudad santa&#8221;.<\/p>\n\n\n\n<p>Con respecto a Israel, Tharoor manifiesta: &#8220;Dos a\u00f1os de campa\u00f1as electorales continuas y la incapacidad de formar una coalici\u00f3n de gobierno estable, con o sin el primer ministro Benjamin Netanyahu, dieron como resultado una gobernanza d\u00e9bil y agitaci\u00f3n a los grupos de extrema derecha que alguna vez fueron considerados extremistas de la actual pol\u00edtica&#8221;.<\/p>\n\n\n\n<p>En cuanto a Palestina, Tharoor cree que la crisis de legitimidad que enfrenta la autoridad sitiada y su presidente, Mahmoud Abbas, se ha exacerbado, diciendo: &#8220;Hamas se ha endurecido nuevamente tras la decisi\u00f3n de Abbas de cancelar las primeras elecciones palestinas planeadas despu\u00e9s de m\u00e1s de una d\u00e9cada.&#8221;<\/p>\n\n\n\n<p>Aqu\u00ed, el peri\u00f3dico cit\u00f3 a expertos diciendo que &#8220;el regreso de la calma despu\u00e9s del alto el fuego no es posible, debido a la falta de un di\u00e1logo entre una autoridad palestina d\u00e9bil e impopular y un gobierno israel\u00ed de derecha, con pol\u00edticos que ahora rechazan abiertamente la idea de un estado palestino independiente &#8220;.<\/p>\n\n\n\n<p> Los expertos enfatizaron que &#8220;el firme control de Israel sobre los territorios palestinos y su continua actividad de asentamientos sin disuasi\u00f3n puede provocar m\u00e1s resistencia en su contra&#8221;.<\/p>\n\n\n\n<p>A su vez, Khalil Shikaki, analista pol\u00edtico palestino y experto en encuestas de opini\u00f3n, consider\u00f3 que &#8220;dados los esfuerzos israel\u00edes por marginar a Abbas y la Autoridad Palestina, no ser\u00e1 f\u00e1cil excluir a Cisjordania del pr\u00f3ximo conflicto o incluso del actual. &#8220;<\/p>\n\n\n\n<p>Shikaki agreg\u00f3: &#8220;La coordinaci\u00f3n de seguridad entre Israel y la Autoridad Palestina no ser\u00e1 suficiente para contener el fuego despu\u00e9s de hoy, adem\u00e1s de que no habr\u00e1 discurso sobre la anexi\u00f3n, porque ning\u00fan gobierno de derecha israel\u00ed estar\u00e1 dispuesto o podr\u00e1 renovar un proceso pol\u00edtico que requiere negociaciones con el liderazgo de la Autoridad Palestina &#8220;.<\/p>\n\n\n\n<p>En una encuesta reciente de expertos en pol\u00edtica de Oriente Medio residentes en Estados Unidos, consider\u00f3 que &#8220;la soluci\u00f3n de dos estados es imposible, especialmente debido al n\u00famero de colonos jud\u00edos en Cisjordania y Jerusal\u00e9n Este, donde un estado palestino que est\u00e1 por establecerse se ha duplicado siete veces desde la d\u00e9cada de 1990, &#8220;subrayando que&#8221; a la derecha israel\u00ed no le interesa perseguir los objetivos de dos Estados, estipulados en los Acuerdos de Oslo de 1993.<\/p>\n\n\n\n<p> En el mismo contexto, la investigadora Tamara Kaufman Whits, de la Instituci\u00f3n de investigaci\u00f3n y educaci\u00f3n en las ciencias sociales Brookings, afirm\u00f3 que &#8220;el abandono oficial israel\u00ed del negociado, junto con la expansi\u00f3n continua del asentamiento y el traslado forzoso de familias palestinas en Jerusal\u00e9n Oriental y comunidades en Occidente Bank, se ha traducido en una nueva e inevitable crisis\u201d.<\/p>\n\n\n\n<p><strong>La administraci\u00f3n Biden y su divisi\u00f3n sobre la cuesti\u00f3n palestina<\/strong><br><br>Las encuestas de opini\u00f3n, as\u00ed como algunos informes, muestran que existe una divergencia creciente dentro de las alas del Partido Dem\u00f3crata Estadounidense con respecto a la posici\u00f3n sobre lo que est\u00e1 sucediendo actualmente en los territorios palestinos e Israel, as\u00ed como sobre la cuesti\u00f3n palestina en general.<\/p>\n\n\n\n<p><strong>El fin del acuerdo de Oslo<\/strong><\/p>\n\n\n\n<p>&#8220;El marco del Acuerdo de Oslo se ha agotado y la justificaci\u00f3n del r\u00e9gimen imperante en Cisjordania, incluida la presencia de la Autoridad Palestina, ha expirado&#8221;.<\/p>\n\n\n\n<p>Un n\u00famero cada vez mayor de personalidades y diplom\u00e1ticos prominentes que han apostado por la construcci\u00f3n de dos naciones se est\u00e1n dando cuenta de que los hechos sobre el terreno hacen que sus aspiraciones sean en gran medida imaginativas.<\/p>\n\n\n\n<p>&#8220;El marco de Oslo ha terminado, se acab\u00f3, hay un pa\u00eds en realidad&#8221;, dijo Marwan Muasher, un ex diplom\u00e1tico y pol\u00edtico jordano que jug\u00f3 un papel importante en la Iniciativa de Paz \u00c1rabe hace dos d\u00e9cadas, en una entrevista organizada por el Fondo Carnegie para la Paz Internacional<\/p>\n\n\n\n<p>En 1993, Israel y la Organizaci\u00f3n de &#8220;Liberaci\u00f3n&#8221; Palestina firmaron el Acuerdo de Oslo, que preve\u00eda el establecimiento de una autoridad aut\u00f3noma de transici\u00f3n palestina ( Autoridad Nacional Palestina), en preparaci\u00f3n, para llegar a un arreglo permanente, a m\u00e1s tardar, al comienzo del tercer a\u00f1o del per\u00edodo transitorio.<\/p>\n\n\n\n<p>De su parte, Daniel Kurtzer, ex embajador de Estados Unidos en Israel, insisti\u00f3 en que &#8220;la soluci\u00f3n de dos estados sigue siendo el \u00fanico objetivo pol\u00edtico que vale la pena perseguir, preferiblemente sobre un solo estado binacional, o una confederaci\u00f3n israel\u00ed-palestina donde Jerusal\u00e9n u otros son compartidas.&#8221;<\/p>\n\n\n\n<p>Esta semana, la huelga general colectiva fue testigo de la participaci\u00f3n conjunta de \u00e1rabes israel\u00edes y palestinos en Cisjordania.<br><br><small>\u00a9 2021 SalaStampa.Eu  affiliate with USAGM \/ BBG\nCopyright \u00a9 1998-2021, Middle East Broadcasting Networks, Inc. (MBN) &#8211; Reprinted by ElCanillita.Info with the permission of  Alhurra TV, Radio Sawa<\/small><\/p>\n\n\n\n<p><\/p>\n","protected":false},"excerpt":{"rendered":"<p>Las protestas palestinas alcanzaron su punto culminante cuando la mezquita de Al-Aqsa fue asaltada por las fuerzas de Jerusal\u00e9n<\/p>\n","protected":false},"author":1,"featured_media":1653,"comment_status":"closed","ping_status":"closed","sticky":false,"template":"","format":"standard","meta":{"footnotes":"","_links_to":"","_links_to_target":""},"categories":[70,15,23],"tags":[85],"class_list":["post-1651","post","type-post","status-publish","format-standard","has-post-thumbnail","hentry","category-actualidad","category-medio-oriente","category-politica","tag-palestina","entry","double"],"yoast_head":"<!-- This site is optimized with the Yoast SEO plugin v27.4 - https:\/\/yoast.com\/product\/yoast-seo-wordpress\/ -->\n<title>\u00bfQue sucede en Palestina despu\u00e9s de 11 d\u00edas de guerra? - ElCanillita.Info<\/title>\n<meta name=\"robots\" content=\"index, follow, max-snippet:-1, max-image-preview:large, max-video-preview:-1\" \/>\n<link rel=\"canonical\" href=\"https:\/\/elcanillita.info\/press\/2021\/05\/21\/palestina-11-dias-guerra\/\" \/>\n<meta property=\"og:locale\" content=\"es_ES\" \/>\n<meta property=\"og:type\" content=\"article\" \/>\n<meta property=\"og:title\" content=\"\u00bfQue sucede en Palestina despu\u00e9s de 11 d\u00edas de guerra? - ElCanillita.Info\" \/>\n<meta property=\"og:description\" content=\"Las protestas palestinas alcanzaron su punto culminante cuando la mezquita de Al-Aqsa fue asaltada por las fuerzas de Jerusal\u00e9n\" \/>\n<meta property=\"og:url\" content=\"https:\/\/elcanillita.info\/press\/2021\/05\/21\/palestina-11-dias-guerra\/\" \/>\n<meta property=\"og:site_name\" content=\"ElCanillita.Info\" \/>\n<meta property=\"article:publisher\" content=\"https:\/\/ar-ar.facebook.com\/ElCanillitainfo-114249515285712\/\" \/>\n<meta property=\"article:published_time\" content=\"2021-05-21T09:51:42+00:00\" \/>\n<meta property=\"article:modified_time\" content=\"2021-05-21T09:56:36+00:00\" \/>\n<meta property=\"og:image\" content=\"https:\/\/elcanillita.info\/press\/images\/2021\/05\/palestina.jpg\" \/>\n\t<meta property=\"og:image:width\" content=\"600\" \/>\n\t<meta property=\"og:image:height\" content=\"337\" \/>\n\t<meta property=\"og:image:type\" content=\"image\/jpeg\" \/>\n<meta name=\"author\" content=\"SalaStampa.eu, world press service\" \/>\n<meta name=\"twitter:card\" content=\"summary_large_image\" \/>\n<meta name=\"twitter:label1\" content=\"Escrito por\" \/>\n\t<meta name=\"twitter:data1\" content=\"SalaStampa.eu, world press service\" \/>\n\t<meta name=\"twitter:label2\" content=\"Tiempo de lectura\" \/>\n\t<meta name=\"twitter:data2\" content=\"5 minutos\" \/>\n<script type=\"application\/ld+json\" class=\"yoast-schema-graph\">{\"@context\":\"https:\\\/\\\/schema.org\",\"@graph\":[{\"@type\":\"Article\",\"@id\":\"https:\\\/\\\/elcanillita.info\\\/press\\\/2021\\\/05\\\/21\\\/palestina-11-dias-guerra\\\/#article\",\"isPartOf\":{\"@id\":\"https:\\\/\\\/elcanillita.info\\\/press\\\/2021\\\/05\\\/21\\\/palestina-11-dias-guerra\\\/\"},\"author\":{\"name\":\"SalaStampa.eu, world press service\",\"@id\":\"https:\\\/\\\/elcanillita.info\\\/press\\\/#\\\/schema\\\/person\\\/7fcb79f38045700919f7da6d97e71ba0\"},\"headline\":\"\u00bfQue sucede en Palestina despu\u00e9s de 11 d\u00edas de guerra?\",\"datePublished\":\"2021-05-21T09:51:42+00:00\",\"dateModified\":\"2021-05-21T09:56:36+00:00\",\"mainEntityOfPage\":{\"@id\":\"https:\\\/\\\/elcanillita.info\\\/press\\\/2021\\\/05\\\/21\\\/palestina-11-dias-guerra\\\/\"},\"wordCount\":1099,\"publisher\":{\"@id\":\"https:\\\/\\\/elcanillita.info\\\/press\\\/#organization\"},\"image\":{\"@id\":\"https:\\\/\\\/elcanillita.info\\\/press\\\/2021\\\/05\\\/21\\\/palestina-11-dias-guerra\\\/#primaryimage\"},\"thumbnailUrl\":\"https:\\\/\\\/elcanillita.info\\\/press\\\/images\\\/2021\\\/05\\\/palestina.jpg\",\"keywords\":[\"Palestina\"],\"articleSection\":[\"Actualidad\",\"Medio Oriente\",\"Politica\"],\"inLanguage\":\"es-AR\"},{\"@type\":\"WebPage\",\"@id\":\"https:\\\/\\\/elcanillita.info\\\/press\\\/2021\\\/05\\\/21\\\/palestina-11-dias-guerra\\\/\",\"url\":\"https:\\\/\\\/elcanillita.info\\\/press\\\/2021\\\/05\\\/21\\\/palestina-11-dias-guerra\\\/\",\"name\":\"\u00bfQue sucede en Palestina despu\u00e9s de 11 d\u00edas de guerra? - ElCanillita.Info\",\"isPartOf\":{\"@id\":\"https:\\\/\\\/elcanillita.info\\\/press\\\/#website\"},\"primaryImageOfPage\":{\"@id\":\"https:\\\/\\\/elcanillita.info\\\/press\\\/2021\\\/05\\\/21\\\/palestina-11-dias-guerra\\\/#primaryimage\"},\"image\":{\"@id\":\"https:\\\/\\\/elcanillita.info\\\/press\\\/2021\\\/05\\\/21\\\/palestina-11-dias-guerra\\\/#primaryimage\"},\"thumbnailUrl\":\"https:\\\/\\\/elcanillita.info\\\/press\\\/images\\\/2021\\\/05\\\/palestina.jpg\",\"datePublished\":\"2021-05-21T09:51:42+00:00\",\"dateModified\":\"2021-05-21T09:56:36+00:00\",\"inLanguage\":\"es-AR\",\"potentialAction\":[{\"@type\":\"ReadAction\",\"target\":[\"https:\\\/\\\/elcanillita.info\\\/press\\\/2021\\\/05\\\/21\\\/palestina-11-dias-guerra\\\/\"]}]},{\"@type\":\"ImageObject\",\"inLanguage\":\"es-AR\",\"@id\":\"https:\\\/\\\/elcanillita.info\\\/press\\\/2021\\\/05\\\/21\\\/palestina-11-dias-guerra\\\/#primaryimage\",\"url\":\"https:\\\/\\\/elcanillita.info\\\/press\\\/images\\\/2021\\\/05\\\/palestina.jpg\",\"contentUrl\":\"https:\\\/\\\/elcanillita.info\\\/press\\\/images\\\/2021\\\/05\\\/palestina.jpg\",\"width\":600,\"height\":337},{\"@type\":\"WebSite\",\"@id\":\"https:\\\/\\\/elcanillita.info\\\/press\\\/#website\",\"url\":\"https:\\\/\\\/elcanillita.info\\\/press\\\/\",\"name\":\"ElCanillita.Info\",\"description\":\"desde los Apeninos a los Andes\",\"publisher\":{\"@id\":\"https:\\\/\\\/elcanillita.info\\\/press\\\/#organization\"},\"potentialAction\":[{\"@type\":\"SearchAction\",\"target\":{\"@type\":\"EntryPoint\",\"urlTemplate\":\"https:\\\/\\\/elcanillita.info\\\/press\\\/?s={search_term_string}\"},\"query-input\":{\"@type\":\"PropertyValueSpecification\",\"valueRequired\":true,\"valueName\":\"search_term_string\"}}],\"inLanguage\":\"es-AR\"},{\"@type\":\"Organization\",\"@id\":\"https:\\\/\\\/elcanillita.info\\\/press\\\/#organization\",\"name\":\"Guzzo Photos & Graphic Publications\",\"url\":\"https:\\\/\\\/elcanillita.info\\\/press\\\/\",\"logo\":{\"@type\":\"ImageObject\",\"inLanguage\":\"es-AR\",\"@id\":\"https:\\\/\\\/elcanillita.info\\\/press\\\/#\\\/schema\\\/logo\\\/image\\\/\",\"url\":\"https:\\\/\\\/elcanillita.info\\\/press\\\/images\\\/2020\\\/01\\\/cropped-cropped-cropped-elcanillitainfo.png\",\"contentUrl\":\"https:\\\/\\\/elcanillita.info\\\/press\\\/images\\\/2020\\\/01\\\/cropped-cropped-cropped-elcanillitainfo.png\",\"width\":460,\"height\":50,\"caption\":\"Guzzo Photos & Graphic Publications\"},\"image\":{\"@id\":\"https:\\\/\\\/elcanillita.info\\\/press\\\/#\\\/schema\\\/logo\\\/image\\\/\"},\"sameAs\":[\"https:\\\/\\\/ar-ar.facebook.com\\\/ElCanillitainfo-114249515285712\\\/\"]},{\"@type\":\"Person\",\"@id\":\"https:\\\/\\\/elcanillita.info\\\/press\\\/#\\\/schema\\\/person\\\/7fcb79f38045700919f7da6d97e71ba0\",\"name\":\"SalaStampa.eu, world press service\",\"image\":{\"@type\":\"ImageObject\",\"inLanguage\":\"es-AR\",\"@id\":\"https:\\\/\\\/secure.gravatar.com\\\/avatar\\\/c2f0e0d515a107624234994507816ca4724c7199cef73fc8bedebf6931d73888?s=96&d=mm&r=g\",\"url\":\"https:\\\/\\\/secure.gravatar.com\\\/avatar\\\/c2f0e0d515a107624234994507816ca4724c7199cef73fc8bedebf6931d73888?s=96&d=mm&r=g\",\"contentUrl\":\"https:\\\/\\\/secure.gravatar.com\\\/avatar\\\/c2f0e0d515a107624234994507816ca4724c7199cef73fc8bedebf6931d73888?s=96&d=mm&r=g\",\"caption\":\"SalaStampa.eu, world press service\"}}]}<\/script>\n<!-- \/ Yoast SEO plugin. -->","yoast_head_json":{"title":"\u00bfQue sucede en Palestina despu\u00e9s de 11 d\u00edas de guerra? - ElCanillita.Info","robots":{"index":"index","follow":"follow","max-snippet":"max-snippet:-1","max-image-preview":"max-image-preview:large","max-video-preview":"max-video-preview:-1"},"canonical":"https:\/\/elcanillita.info\/press\/2021\/05\/21\/palestina-11-dias-guerra\/","og_locale":"es_ES","og_type":"article","og_title":"\u00bfQue sucede en Palestina despu\u00e9s de 11 d\u00edas de guerra? - ElCanillita.Info","og_description":"Las protestas palestinas alcanzaron su punto culminante cuando la mezquita de Al-Aqsa fue asaltada por las fuerzas de Jerusal\u00e9n","og_url":"https:\/\/elcanillita.info\/press\/2021\/05\/21\/palestina-11-dias-guerra\/","og_site_name":"ElCanillita.Info","article_publisher":"https:\/\/ar-ar.facebook.com\/ElCanillitainfo-114249515285712\/","article_published_time":"2021-05-21T09:51:42+00:00","article_modified_time":"2021-05-21T09:56:36+00:00","og_image":[{"width":600,"height":337,"url":"https:\/\/elcanillita.info\/press\/images\/2021\/05\/palestina.jpg","type":"image\/jpeg"}],"author":"SalaStampa.eu, world press service","twitter_card":"summary_large_image","twitter_misc":{"Escrito por":"SalaStampa.eu, world press service","Tiempo de lectura":"5 minutos"},"schema":{"@context":"https:\/\/schema.org","@graph":[{"@type":"Article","@id":"https:\/\/elcanillita.info\/press\/2021\/05\/21\/palestina-11-dias-guerra\/#article","isPartOf":{"@id":"https:\/\/elcanillita.info\/press\/2021\/05\/21\/palestina-11-dias-guerra\/"},"author":{"name":"SalaStampa.eu, world press service","@id":"https:\/\/elcanillita.info\/press\/#\/schema\/person\/7fcb79f38045700919f7da6d97e71ba0"},"headline":"\u00bfQue sucede en Palestina despu\u00e9s de 11 d\u00edas de guerra?","datePublished":"2021-05-21T09:51:42+00:00","dateModified":"2021-05-21T09:56:36+00:00","mainEntityOfPage":{"@id":"https:\/\/elcanillita.info\/press\/2021\/05\/21\/palestina-11-dias-guerra\/"},"wordCount":1099,"publisher":{"@id":"https:\/\/elcanillita.info\/press\/#organization"},"image":{"@id":"https:\/\/elcanillita.info\/press\/2021\/05\/21\/palestina-11-dias-guerra\/#primaryimage"},"thumbnailUrl":"https:\/\/elcanillita.info\/press\/images\/2021\/05\/palestina.jpg","keywords":["Palestina"],"articleSection":["Actualidad","Medio Oriente","Politica"],"inLanguage":"es-AR"},{"@type":"WebPage","@id":"https:\/\/elcanillita.info\/press\/2021\/05\/21\/palestina-11-dias-guerra\/","url":"https:\/\/elcanillita.info\/press\/2021\/05\/21\/palestina-11-dias-guerra\/","name":"\u00bfQue sucede en Palestina despu\u00e9s de 11 d\u00edas de guerra? - ElCanillita.Info","isPartOf":{"@id":"https:\/\/elcanillita.info\/press\/#website"},"primaryImageOfPage":{"@id":"https:\/\/elcanillita.info\/press\/2021\/05\/21\/palestina-11-dias-guerra\/#primaryimage"},"image":{"@id":"https:\/\/elcanillita.info\/press\/2021\/05\/21\/palestina-11-dias-guerra\/#primaryimage"},"thumbnailUrl":"https:\/\/elcanillita.info\/press\/images\/2021\/05\/palestina.jpg","datePublished":"2021-05-21T09:51:42+00:00","dateModified":"2021-05-21T09:56:36+00:00","inLanguage":"es-AR","potentialAction":[{"@type":"ReadAction","target":["https:\/\/elcanillita.info\/press\/2021\/05\/21\/palestina-11-dias-guerra\/"]}]},{"@type":"ImageObject","inLanguage":"es-AR","@id":"https:\/\/elcanillita.info\/press\/2021\/05\/21\/palestina-11-dias-guerra\/#primaryimage","url":"https:\/\/elcanillita.info\/press\/images\/2021\/05\/palestina.jpg","contentUrl":"https:\/\/elcanillita.info\/press\/images\/2021\/05\/palestina.jpg","width":600,"height":337},{"@type":"WebSite","@id":"https:\/\/elcanillita.info\/press\/#website","url":"https:\/\/elcanillita.info\/press\/","name":"ElCanillita.Info","description":"desde los Apeninos a los Andes","publisher":{"@id":"https:\/\/elcanillita.info\/press\/#organization"},"potentialAction":[{"@type":"SearchAction","target":{"@type":"EntryPoint","urlTemplate":"https:\/\/elcanillita.info\/press\/?s={search_term_string}"},"query-input":{"@type":"PropertyValueSpecification","valueRequired":true,"valueName":"search_term_string"}}],"inLanguage":"es-AR"},{"@type":"Organization","@id":"https:\/\/elcanillita.info\/press\/#organization","name":"Guzzo Photos & Graphic Publications","url":"https:\/\/elcanillita.info\/press\/","logo":{"@type":"ImageObject","inLanguage":"es-AR","@id":"https:\/\/elcanillita.info\/press\/#\/schema\/logo\/image\/","url":"https:\/\/elcanillita.info\/press\/images\/2020\/01\/cropped-cropped-cropped-elcanillitainfo.png","contentUrl":"https:\/\/elcanillita.info\/press\/images\/2020\/01\/cropped-cropped-cropped-elcanillitainfo.png","width":460,"height":50,"caption":"Guzzo Photos & Graphic Publications"},"image":{"@id":"https:\/\/elcanillita.info\/press\/#\/schema\/logo\/image\/"},"sameAs":["https:\/\/ar-ar.facebook.com\/ElCanillitainfo-114249515285712\/"]},{"@type":"Person","@id":"https:\/\/elcanillita.info\/press\/#\/schema\/person\/7fcb79f38045700919f7da6d97e71ba0","name":"SalaStampa.eu, world press service","image":{"@type":"ImageObject","inLanguage":"es-AR","@id":"https:\/\/secure.gravatar.com\/avatar\/c2f0e0d515a107624234994507816ca4724c7199cef73fc8bedebf6931d73888?s=96&d=mm&r=g","url":"https:\/\/secure.gravatar.com\/avatar\/c2f0e0d515a107624234994507816ca4724c7199cef73fc8bedebf6931d73888?s=96&d=mm&r=g","contentUrl":"https:\/\/secure.gravatar.com\/avatar\/c2f0e0d515a107624234994507816ca4724c7199cef73fc8bedebf6931d73888?s=96&d=mm&r=g","caption":"SalaStampa.eu, world press service"}}]}},"views":695,"_links":{"self":[{"href":"https:\/\/elcanillita.info\/press\/wp-json\/wp\/v2\/posts\/1651","targetHints":{"allow":["GET"]}}],"collection":[{"href":"https:\/\/elcanillita.info\/press\/wp-json\/wp\/v2\/posts"}],"about":[{"href":"https:\/\/elcanillita.info\/press\/wp-json\/wp\/v2\/types\/post"}],"author":[{"embeddable":true,"href":"https:\/\/elcanillita.info\/press\/wp-json\/wp\/v2\/users\/1"}],"replies":[{"embeddable":true,"href":"https:\/\/elcanillita.info\/press\/wp-json\/wp\/v2\/comments?post=1651"}],"version-history":[{"count":0,"href":"https:\/\/elcanillita.info\/press\/wp-json\/wp\/v2\/posts\/1651\/revisions"}],"wp:featuredmedia":[{"embeddable":true,"href":"https:\/\/elcanillita.info\/press\/wp-json\/wp\/v2\/media\/1653"}],"wp:attachment":[{"href":"https:\/\/elcanillita.info\/press\/wp-json\/wp\/v2\/media?parent=1651"}],"wp:term":[{"taxonomy":"category","embeddable":true,"href":"https:\/\/elcanillita.info\/press\/wp-json\/wp\/v2\/categories?post=1651"},{"taxonomy":"post_tag","embeddable":true,"href":"https:\/\/elcanillita.info\/press\/wp-json\/wp\/v2\/tags?post=1651"}],"curies":[{"name":"wp","href":"https:\/\/api.w.org\/{rel}","templated":true}]}}