{"id":1641,"date":"2021-05-20T15:23:21","date_gmt":"2021-05-20T18:23:21","guid":{"rendered":"https:\/\/elcanillita.info\/press\/?p=1641"},"modified":"2021-05-21T03:52:08","modified_gmt":"2021-05-21T06:52:08","slug":"espana-acusa-a-marruecos-de-agresion","status":"publish","type":"post","link":"https:\/\/elcanillita.info\/press\/2021\/05\/20\/espana-acusa-a-marruecos-de-agresion\/","title":{"rendered":"Espa\u00f1a acusa a Marruecos de &#8220;agresi\u00f3n&#8221;"},"content":{"rendered":"\n<figure class=\"wp-block-image size-large\"><img loading=\"lazy\" decoding=\"async\" width=\"600\" height=\"375\" src=\"https:\/\/elcanillita.info\/press\/images\/2021\/05\/inm2.jpg\" alt=\"\" class=\"wp-image-1642\" srcset=\"https:\/\/elcanillita.info\/press\/images\/2021\/05\/inm2.jpg 600w, https:\/\/elcanillita.info\/press\/images\/2021\/05\/inm2-300x188.jpg 300w\" sizes=\"auto, (max-width: 600px) 100vw, 600px\" \/><figcaption><strong><small>Un ni\u00f1o migrante utiliz\u00f3 botellas de agua para mantenerse a flote<\/small><\/strong><\/figcaption><\/figure>\n\n\n\n<p>De los miles de migrantes que siguen en Ceuta, muchos son ni\u00f1os, algunos de tan solo siete o nueve a\u00f1os.<br><br>La ministra de Defensa espa\u00f1ola ha acusado a Marruecos de &#8220;agresi\u00f3n&#8221; y &#8220;chantaje&#8221; despu\u00e9s de que m\u00e1s de 8.000 migrantes han entrado esta semana en el enclave espa\u00f1ol de Ceuta sin mayores obst\u00e1culos.<\/p>\n\n\n\n<p>&#8220;Es una agresi\u00f3n de las fronteras espa\u00f1olas y de las fronteras de la Uni\u00f3n Europea, y esto, en derecho internacional es inaceptable&#8221;, dijo Margarita Robles durante una entrevista con la radio p\u00fablica espa\u00f1ola, a\u00f1adiendo que Rabat estaba &#8220;utilizando&#8221; a los menores.<\/p>\n\n\n\n<p>&#8220;No estamos hablando de j\u00f3venes de 16, 17 a\u00f1os, se permiti\u00f3 el paso de ni\u00f1os de tan solo 7 u 8 a\u00f1os seg\u00fan las ONG\u2026 ignorando el derecho internacional&#8221;.<\/p>\n\n\n\n<p>&#8220;Ll\u00e1menlo como quieran, pero yo lo llamo chantaje&#8221;, a\u00f1adi\u00f3.<\/p>\n\n\n\n<p>&#8220;No es aceptable poner en riesgo la vida de menores o de personas del propio pa\u00eds, por razones poco claras&#8221;.<\/p>\n\n\n\n<p>Varias ONG espa\u00f1olas y marroqu\u00edes han expresado su preocupaci\u00f3n por el enorme n\u00famero de menores que han cruzado a Ceuta desde Marruecos, y por el hecho de que Madrid los devuelva.<\/p>\n\n\n\n<p>El gobierno espa\u00f1ol est\u00e1 suplicando a las regiones peninsulares que alivien los abarrotados centros de acogida de menores, que actualmente est\u00e1n llenos con unos 1.500 ni\u00f1os y adolescentes.<\/p>\n\n\n\n<p>Una fuente conocedora de las conversaciones dijo que el Ministerio de Derechos Sociales hab\u00eda celebrado una reuni\u00f3n de emergencia sobre el tema en la que pidi\u00f3 a las autoridades regionales que aceptaran a cientos de menores no acompa\u00f1ados que hab\u00edan llegado antes de la \u00faltima oleada.<\/p>\n\n\n\n<p>&#8220;Las regiones se han solidarizado con la crisis migratoria y ven con buenos ojos la propuesta&#8221;, dijo la fuente a Reuters, esperando un acuerdo en los pr\u00f3ximos d\u00edas, porque los centros de regiones como Andaluc\u00eda o Canarias ya estaban saturados.<\/p>\n\n\n\n<p>Seg\u00fan los analistas, es evidente que Marruecos ha hecho la vista gorda ante la marea humana que entra en Ceuta, para presionar diplom\u00e1ticamente a Espa\u00f1a a reconocer su soberan\u00eda sobre el S\u00e1hara Occidental.<\/p>\n\n\n\n<p>La afluencia se produce en un contexto de aumento de las tensiones con Marruecos por la decisi\u00f3n de Espa\u00f1a de proporcionar tratamiento m\u00e9dico al l\u00edder del Frente Polisario. El jefe del movimiento independentista del S\u00e1hara Occidental ha estado gravemente enfermo de Covid-19.<\/p>\n\n\n\n<p>El Frente Polisario ha luchado por la independencia del S\u00e1hara Occidental, una antigua colonia espa\u00f1ola principalmente bajo control marroqu\u00ed.<\/p>\n\n\n\n<p>El ministro de Estado para los Derechos Humanos de Marruecos, Mustapha Ramid, dijo el mi\u00e9rcoles que estaba &#8220;claro&#8221; que Espa\u00f1a hab\u00eda favorecido sus lazos con el Polisario y Argelia sobre los de Marruecos al acoger a Ghali.<\/p>\n\n\n\n<p>&#8220;Espa\u00f1a tambi\u00e9n debe saber que el precio por desacreditar a Marruecos es muy alto&#8221;, a\u00f1adi\u00f3 en un post de Facebook.<\/p>\n\n\n\n<p>M\u00e1s de 8.000 personas, un r\u00e9cord, cruzaron a Ceuta a nado o en peque\u00f1as embarcaciones neum\u00e1ticas. La mayor\u00eda eran marroqu\u00edes, incluidas familias con ni\u00f1os peque\u00f1os.<\/p>\n\n\n\n<p>Alrededor de 5.600 inmigrantes ya hab\u00edan sido devueltos, seg\u00fan el gobierno espa\u00f1ol, afirmando que no hubo nuevas entradas el mi\u00e9rcoles, ya que todos los que llegaron a la playa de Ceuta fueron devueltos inmediatamente.<\/p>\n\n\n\n<p>Las im\u00e1genes de Reuters TV mostraron a cientos de adolescentes reci\u00e9n llegados siendo procesados en un almac\u00e9n de Ceuta, donde los funcionarios de la Cruz Roja repartieron comida y bebida.  <\/p>\n\n\n\n<p>Uno de los momentos m\u00e1s dram\u00e1ticos desde que comenz\u00f3 la oleada de llegadas de migrantes el lunes, Reuters TV mostr\u00f3 a un ni\u00f1o que parec\u00eda tener entre 13 y 14 a\u00f1os nadando hasta la playa de Ceuta con una docena de botellas de pl\u00e1stico vac\u00edas atadas a su cuerpo como dispositivos de flotaci\u00f3n.<\/p>\n\n\n\n<p>A continuaci\u00f3n, intent\u00f3 trepar por el parapeto antes de ser detenido por los soldados que, con suavidad pero con firmeza, acompa\u00f1aron al ni\u00f1o que lloraba a trav\u00e9s de la puerta de la zona de seguridad entre los dos pa\u00edses.<\/p>\n\n\n\n<figure class=\"wp-block-video aligncenter\"><video controls src=\"http:\/\/elcanillita.info\/press\/images\/2021\/05\/Ceuta.mp4\"><\/video><\/figure>\n\n\n\n<p>Los buzos de la polic\u00eda espa\u00f1ola han rescatado a varios ni\u00f1os peque\u00f1os del agua durante la traves\u00eda y se pudo ver a los soldados desplegados en la frontera ayudando a los j\u00f3venes a subir a tierra.<\/p>\n\n\n\n<p>De los miles de inmigrantes que a\u00fan permanecen en Ceuta, algunos tienen apenas siete o nueve a\u00f1os y no tienen familia, dijo la ministra espa\u00f1ola de Derechos Sociales, Ione Belarre.<\/p>\n\n\n\n<p>&#8220;Estamos trabajando para abordar el tema de los ni\u00f1os que han venido solos&#8221;, dijo a la emisora TVE.<\/p>\n\n\n\n<p>&#8220;Muchos de ellos no conoc\u00edan las consecuencias de cruzar la frontera. Y muchos de ellos quieren volver. As\u00ed que estamos trabajando para que eso sea posible&#8221;.<\/p>\n\n\n\n<p>Por su parte, Santiago Abascal, l\u00edder del partido de extrema derecha antiinmigraci\u00f3n VOX, que visit\u00f3 Ceuta el mi\u00e9rcoles, acus\u00f3 a Marruecos de &#8220;lanzar a los menores como arietes&#8221; contra las fronteras espa\u00f1olas.<br><br>\n<small>PanPress.eu  \/ SalaStampa.eu &#8211; ElCanillita.info &#8211; Derechos reservados<\/small><\/p>\n","protected":false},"excerpt":{"rendered":"<p>De los miles de migrantes que siguen en Ceuta, muchos son ni\u00f1os, algunos de tan solo siete o nueve a\u00f1os<\/p>\n","protected":false},"author":1,"featured_media":1643,"comment_status":"closed","ping_status":"closed","sticky":false,"template":"","format":"standard","meta":{"footnotes":"","_links_to":"","_links_to_target":""},"categories":[70,5,23,25],"tags":[71],"class_list":["post-1641","post","type-post","status-publish","format-standard","has-post-thumbnail","hentry","category-actualidad","category-europa","category-politica","category-sociedad","tag-espana","entry","double"],"yoast_head":"<!-- This site is optimized with the Yoast SEO plugin v27.4 - https:\/\/yoast.com\/product\/yoast-seo-wordpress\/ -->\n<title>Espa\u00f1a acusa a Marruecos de &quot;agresi\u00f3n&quot; - ElCanillita.Info<\/title>\n<meta name=\"robots\" content=\"index, follow, max-snippet:-1, max-image-preview:large, max-video-preview:-1\" \/>\n<link rel=\"canonical\" href=\"https:\/\/elcanillita.info\/press\/2021\/05\/20\/espana-acusa-a-marruecos-de-agresion\/\" \/>\n<meta property=\"og:locale\" content=\"es_ES\" \/>\n<meta property=\"og:type\" content=\"article\" \/>\n<meta property=\"og:title\" content=\"Espa\u00f1a acusa a Marruecos de &quot;agresi\u00f3n&quot; - ElCanillita.Info\" \/>\n<meta property=\"og:description\" content=\"De los miles de migrantes que siguen en Ceuta, muchos son ni\u00f1os, algunos de tan solo siete o nueve a\u00f1os\" \/>\n<meta property=\"og:url\" content=\"https:\/\/elcanillita.info\/press\/2021\/05\/20\/espana-acusa-a-marruecos-de-agresion\/\" \/>\n<meta property=\"og:site_name\" content=\"ElCanillita.Info\" \/>\n<meta property=\"article:publisher\" content=\"https:\/\/ar-ar.facebook.com\/ElCanillitainfo-114249515285712\/\" \/>\n<meta property=\"article:published_time\" content=\"2021-05-20T18:23:21+00:00\" \/>\n<meta property=\"article:modified_time\" content=\"2021-05-21T06:52:08+00:00\" \/>\n<meta property=\"og:image\" content=\"https:\/\/elcanillita.info\/press\/images\/2021\/05\/inm1.jpg\" \/>\n\t<meta property=\"og:image:width\" content=\"600\" \/>\n\t<meta property=\"og:image:height\" content=\"376\" \/>\n\t<meta property=\"og:image:type\" content=\"image\/jpeg\" \/>\n<meta name=\"author\" content=\"SalaStampa.eu, world press service\" \/>\n<meta name=\"twitter:card\" content=\"summary_large_image\" \/>\n<meta name=\"twitter:label1\" content=\"Escrito por\" \/>\n\t<meta name=\"twitter:data1\" content=\"SalaStampa.eu, world press service\" \/>\n\t<meta name=\"twitter:label2\" content=\"Tiempo de lectura\" \/>\n\t<meta name=\"twitter:data2\" content=\"4 minutos\" \/>\n<script type=\"application\/ld+json\" class=\"yoast-schema-graph\">{\"@context\":\"https:\\\/\\\/schema.org\",\"@graph\":[{\"@type\":\"Article\",\"@id\":\"https:\\\/\\\/elcanillita.info\\\/press\\\/2021\\\/05\\\/20\\\/espana-acusa-a-marruecos-de-agresion\\\/#article\",\"isPartOf\":{\"@id\":\"https:\\\/\\\/elcanillita.info\\\/press\\\/2021\\\/05\\\/20\\\/espana-acusa-a-marruecos-de-agresion\\\/\"},\"author\":{\"name\":\"SalaStampa.eu, world press service\",\"@id\":\"https:\\\/\\\/elcanillita.info\\\/press\\\/#\\\/schema\\\/person\\\/7fcb79f38045700919f7da6d97e71ba0\"},\"headline\":\"Espa\u00f1a acusa a Marruecos de &#8220;agresi\u00f3n&#8221;\",\"datePublished\":\"2021-05-20T18:23:21+00:00\",\"dateModified\":\"2021-05-21T06:52:08+00:00\",\"mainEntityOfPage\":{\"@id\":\"https:\\\/\\\/elcanillita.info\\\/press\\\/2021\\\/05\\\/20\\\/espana-acusa-a-marruecos-de-agresion\\\/\"},\"wordCount\":888,\"publisher\":{\"@id\":\"https:\\\/\\\/elcanillita.info\\\/press\\\/#organization\"},\"image\":{\"@id\":\"https:\\\/\\\/elcanillita.info\\\/press\\\/2021\\\/05\\\/20\\\/espana-acusa-a-marruecos-de-agresion\\\/#primaryimage\"},\"thumbnailUrl\":\"https:\\\/\\\/elcanillita.info\\\/press\\\/images\\\/2021\\\/05\\\/inm1.jpg\",\"keywords\":[\"Espa\u00f1a\"],\"articleSection\":[\"Actualidad\",\"Europa\",\"Politica\",\"Sociedad\"],\"inLanguage\":\"es-AR\"},{\"@type\":\"WebPage\",\"@id\":\"https:\\\/\\\/elcanillita.info\\\/press\\\/2021\\\/05\\\/20\\\/espana-acusa-a-marruecos-de-agresion\\\/\",\"url\":\"https:\\\/\\\/elcanillita.info\\\/press\\\/2021\\\/05\\\/20\\\/espana-acusa-a-marruecos-de-agresion\\\/\",\"name\":\"Espa\u00f1a acusa a Marruecos de \\\"agresi\u00f3n\\\" - ElCanillita.Info\",\"isPartOf\":{\"@id\":\"https:\\\/\\\/elcanillita.info\\\/press\\\/#website\"},\"primaryImageOfPage\":{\"@id\":\"https:\\\/\\\/elcanillita.info\\\/press\\\/2021\\\/05\\\/20\\\/espana-acusa-a-marruecos-de-agresion\\\/#primaryimage\"},\"image\":{\"@id\":\"https:\\\/\\\/elcanillita.info\\\/press\\\/2021\\\/05\\\/20\\\/espana-acusa-a-marruecos-de-agresion\\\/#primaryimage\"},\"thumbnailUrl\":\"https:\\\/\\\/elcanillita.info\\\/press\\\/images\\\/2021\\\/05\\\/inm1.jpg\",\"datePublished\":\"2021-05-20T18:23:21+00:00\",\"dateModified\":\"2021-05-21T06:52:08+00:00\",\"inLanguage\":\"es-AR\",\"potentialAction\":[{\"@type\":\"ReadAction\",\"target\":[\"https:\\\/\\\/elcanillita.info\\\/press\\\/2021\\\/05\\\/20\\\/espana-acusa-a-marruecos-de-agresion\\\/\"]}]},{\"@type\":\"ImageObject\",\"inLanguage\":\"es-AR\",\"@id\":\"https:\\\/\\\/elcanillita.info\\\/press\\\/2021\\\/05\\\/20\\\/espana-acusa-a-marruecos-de-agresion\\\/#primaryimage\",\"url\":\"https:\\\/\\\/elcanillita.info\\\/press\\\/images\\\/2021\\\/05\\\/inm1.jpg\",\"contentUrl\":\"https:\\\/\\\/elcanillita.info\\\/press\\\/images\\\/2021\\\/05\\\/inm1.jpg\",\"width\":600,\"height\":376},{\"@type\":\"WebSite\",\"@id\":\"https:\\\/\\\/elcanillita.info\\\/press\\\/#website\",\"url\":\"https:\\\/\\\/elcanillita.info\\\/press\\\/\",\"name\":\"ElCanillita.Info\",\"description\":\"desde los Apeninos a los Andes\",\"publisher\":{\"@id\":\"https:\\\/\\\/elcanillita.info\\\/press\\\/#organization\"},\"potentialAction\":[{\"@type\":\"SearchAction\",\"target\":{\"@type\":\"EntryPoint\",\"urlTemplate\":\"https:\\\/\\\/elcanillita.info\\\/press\\\/?s={search_term_string}\"},\"query-input\":{\"@type\":\"PropertyValueSpecification\",\"valueRequired\":true,\"valueName\":\"search_term_string\"}}],\"inLanguage\":\"es-AR\"},{\"@type\":\"Organization\",\"@id\":\"https:\\\/\\\/elcanillita.info\\\/press\\\/#organization\",\"name\":\"Guzzo Photos & Graphic Publications\",\"url\":\"https:\\\/\\\/elcanillita.info\\\/press\\\/\",\"logo\":{\"@type\":\"ImageObject\",\"inLanguage\":\"es-AR\",\"@id\":\"https:\\\/\\\/elcanillita.info\\\/press\\\/#\\\/schema\\\/logo\\\/image\\\/\",\"url\":\"https:\\\/\\\/elcanillita.info\\\/press\\\/images\\\/2020\\\/01\\\/cropped-cropped-cropped-elcanillitainfo.png\",\"contentUrl\":\"https:\\\/\\\/elcanillita.info\\\/press\\\/images\\\/2020\\\/01\\\/cropped-cropped-cropped-elcanillitainfo.png\",\"width\":460,\"height\":50,\"caption\":\"Guzzo Photos & Graphic Publications\"},\"image\":{\"@id\":\"https:\\\/\\\/elcanillita.info\\\/press\\\/#\\\/schema\\\/logo\\\/image\\\/\"},\"sameAs\":[\"https:\\\/\\\/ar-ar.facebook.com\\\/ElCanillitainfo-114249515285712\\\/\"]},{\"@type\":\"Person\",\"@id\":\"https:\\\/\\\/elcanillita.info\\\/press\\\/#\\\/schema\\\/person\\\/7fcb79f38045700919f7da6d97e71ba0\",\"name\":\"SalaStampa.eu, world press service\",\"image\":{\"@type\":\"ImageObject\",\"inLanguage\":\"es-AR\",\"@id\":\"https:\\\/\\\/secure.gravatar.com\\\/avatar\\\/c2f0e0d515a107624234994507816ca4724c7199cef73fc8bedebf6931d73888?s=96&d=mm&r=g\",\"url\":\"https:\\\/\\\/secure.gravatar.com\\\/avatar\\\/c2f0e0d515a107624234994507816ca4724c7199cef73fc8bedebf6931d73888?s=96&d=mm&r=g\",\"contentUrl\":\"https:\\\/\\\/secure.gravatar.com\\\/avatar\\\/c2f0e0d515a107624234994507816ca4724c7199cef73fc8bedebf6931d73888?s=96&d=mm&r=g\",\"caption\":\"SalaStampa.eu, world press service\"}}]}<\/script>\n<!-- \/ Yoast SEO plugin. -->","yoast_head_json":{"title":"Espa\u00f1a acusa a Marruecos de \"agresi\u00f3n\" - ElCanillita.Info","robots":{"index":"index","follow":"follow","max-snippet":"max-snippet:-1","max-image-preview":"max-image-preview:large","max-video-preview":"max-video-preview:-1"},"canonical":"https:\/\/elcanillita.info\/press\/2021\/05\/20\/espana-acusa-a-marruecos-de-agresion\/","og_locale":"es_ES","og_type":"article","og_title":"Espa\u00f1a acusa a Marruecos de \"agresi\u00f3n\" - ElCanillita.Info","og_description":"De los miles de migrantes que siguen en Ceuta, muchos son ni\u00f1os, algunos de tan solo siete o nueve a\u00f1os","og_url":"https:\/\/elcanillita.info\/press\/2021\/05\/20\/espana-acusa-a-marruecos-de-agresion\/","og_site_name":"ElCanillita.Info","article_publisher":"https:\/\/ar-ar.facebook.com\/ElCanillitainfo-114249515285712\/","article_published_time":"2021-05-20T18:23:21+00:00","article_modified_time":"2021-05-21T06:52:08+00:00","og_image":[{"width":600,"height":376,"url":"https:\/\/elcanillita.info\/press\/images\/2021\/05\/inm1.jpg","type":"image\/jpeg"}],"author":"SalaStampa.eu, world press service","twitter_card":"summary_large_image","twitter_misc":{"Escrito por":"SalaStampa.eu, world press service","Tiempo de lectura":"4 minutos"},"schema":{"@context":"https:\/\/schema.org","@graph":[{"@type":"Article","@id":"https:\/\/elcanillita.info\/press\/2021\/05\/20\/espana-acusa-a-marruecos-de-agresion\/#article","isPartOf":{"@id":"https:\/\/elcanillita.info\/press\/2021\/05\/20\/espana-acusa-a-marruecos-de-agresion\/"},"author":{"name":"SalaStampa.eu, world press service","@id":"https:\/\/elcanillita.info\/press\/#\/schema\/person\/7fcb79f38045700919f7da6d97e71ba0"},"headline":"Espa\u00f1a acusa a Marruecos de &#8220;agresi\u00f3n&#8221;","datePublished":"2021-05-20T18:23:21+00:00","dateModified":"2021-05-21T06:52:08+00:00","mainEntityOfPage":{"@id":"https:\/\/elcanillita.info\/press\/2021\/05\/20\/espana-acusa-a-marruecos-de-agresion\/"},"wordCount":888,"publisher":{"@id":"https:\/\/elcanillita.info\/press\/#organization"},"image":{"@id":"https:\/\/elcanillita.info\/press\/2021\/05\/20\/espana-acusa-a-marruecos-de-agresion\/#primaryimage"},"thumbnailUrl":"https:\/\/elcanillita.info\/press\/images\/2021\/05\/inm1.jpg","keywords":["Espa\u00f1a"],"articleSection":["Actualidad","Europa","Politica","Sociedad"],"inLanguage":"es-AR"},{"@type":"WebPage","@id":"https:\/\/elcanillita.info\/press\/2021\/05\/20\/espana-acusa-a-marruecos-de-agresion\/","url":"https:\/\/elcanillita.info\/press\/2021\/05\/20\/espana-acusa-a-marruecos-de-agresion\/","name":"Espa\u00f1a acusa a Marruecos de \"agresi\u00f3n\" - ElCanillita.Info","isPartOf":{"@id":"https:\/\/elcanillita.info\/press\/#website"},"primaryImageOfPage":{"@id":"https:\/\/elcanillita.info\/press\/2021\/05\/20\/espana-acusa-a-marruecos-de-agresion\/#primaryimage"},"image":{"@id":"https:\/\/elcanillita.info\/press\/2021\/05\/20\/espana-acusa-a-marruecos-de-agresion\/#primaryimage"},"thumbnailUrl":"https:\/\/elcanillita.info\/press\/images\/2021\/05\/inm1.jpg","datePublished":"2021-05-20T18:23:21+00:00","dateModified":"2021-05-21T06:52:08+00:00","inLanguage":"es-AR","potentialAction":[{"@type":"ReadAction","target":["https:\/\/elcanillita.info\/press\/2021\/05\/20\/espana-acusa-a-marruecos-de-agresion\/"]}]},{"@type":"ImageObject","inLanguage":"es-AR","@id":"https:\/\/elcanillita.info\/press\/2021\/05\/20\/espana-acusa-a-marruecos-de-agresion\/#primaryimage","url":"https:\/\/elcanillita.info\/press\/images\/2021\/05\/inm1.jpg","contentUrl":"https:\/\/elcanillita.info\/press\/images\/2021\/05\/inm1.jpg","width":600,"height":376},{"@type":"WebSite","@id":"https:\/\/elcanillita.info\/press\/#website","url":"https:\/\/elcanillita.info\/press\/","name":"ElCanillita.Info","description":"desde los Apeninos a los Andes","publisher":{"@id":"https:\/\/elcanillita.info\/press\/#organization"},"potentialAction":[{"@type":"SearchAction","target":{"@type":"EntryPoint","urlTemplate":"https:\/\/elcanillita.info\/press\/?s={search_term_string}"},"query-input":{"@type":"PropertyValueSpecification","valueRequired":true,"valueName":"search_term_string"}}],"inLanguage":"es-AR"},{"@type":"Organization","@id":"https:\/\/elcanillita.info\/press\/#organization","name":"Guzzo Photos & Graphic Publications","url":"https:\/\/elcanillita.info\/press\/","logo":{"@type":"ImageObject","inLanguage":"es-AR","@id":"https:\/\/elcanillita.info\/press\/#\/schema\/logo\/image\/","url":"https:\/\/elcanillita.info\/press\/images\/2020\/01\/cropped-cropped-cropped-elcanillitainfo.png","contentUrl":"https:\/\/elcanillita.info\/press\/images\/2020\/01\/cropped-cropped-cropped-elcanillitainfo.png","width":460,"height":50,"caption":"Guzzo Photos & Graphic Publications"},"image":{"@id":"https:\/\/elcanillita.info\/press\/#\/schema\/logo\/image\/"},"sameAs":["https:\/\/ar-ar.facebook.com\/ElCanillitainfo-114249515285712\/"]},{"@type":"Person","@id":"https:\/\/elcanillita.info\/press\/#\/schema\/person\/7fcb79f38045700919f7da6d97e71ba0","name":"SalaStampa.eu, world press service","image":{"@type":"ImageObject","inLanguage":"es-AR","@id":"https:\/\/secure.gravatar.com\/avatar\/c2f0e0d515a107624234994507816ca4724c7199cef73fc8bedebf6931d73888?s=96&d=mm&r=g","url":"https:\/\/secure.gravatar.com\/avatar\/c2f0e0d515a107624234994507816ca4724c7199cef73fc8bedebf6931d73888?s=96&d=mm&r=g","contentUrl":"https:\/\/secure.gravatar.com\/avatar\/c2f0e0d515a107624234994507816ca4724c7199cef73fc8bedebf6931d73888?s=96&d=mm&r=g","caption":"SalaStampa.eu, world press service"}}]}},"views":627,"_links":{"self":[{"href":"https:\/\/elcanillita.info\/press\/wp-json\/wp\/v2\/posts\/1641","targetHints":{"allow":["GET"]}}],"collection":[{"href":"https:\/\/elcanillita.info\/press\/wp-json\/wp\/v2\/posts"}],"about":[{"href":"https:\/\/elcanillita.info\/press\/wp-json\/wp\/v2\/types\/post"}],"author":[{"embeddable":true,"href":"https:\/\/elcanillita.info\/press\/wp-json\/wp\/v2\/users\/1"}],"replies":[{"embeddable":true,"href":"https:\/\/elcanillita.info\/press\/wp-json\/wp\/v2\/comments?post=1641"}],"version-history":[{"count":0,"href":"https:\/\/elcanillita.info\/press\/wp-json\/wp\/v2\/posts\/1641\/revisions"}],"wp:featuredmedia":[{"embeddable":true,"href":"https:\/\/elcanillita.info\/press\/wp-json\/wp\/v2\/media\/1643"}],"wp:attachment":[{"href":"https:\/\/elcanillita.info\/press\/wp-json\/wp\/v2\/media?parent=1641"}],"wp:term":[{"taxonomy":"category","embeddable":true,"href":"https:\/\/elcanillita.info\/press\/wp-json\/wp\/v2\/categories?post=1641"},{"taxonomy":"post_tag","embeddable":true,"href":"https:\/\/elcanillita.info\/press\/wp-json\/wp\/v2\/tags?post=1641"}],"curies":[{"name":"wp","href":"https:\/\/api.w.org\/{rel}","templated":true}]}}