{"id":1630,"date":"2021-05-17T06:50:11","date_gmt":"2021-05-17T09:50:11","guid":{"rendered":"https:\/\/elcanillita.info\/press\/?p=1630"},"modified":"2021-05-17T07:04:40","modified_gmt":"2021-05-17T10:04:40","slug":"manifestaciones-antisemitas-gran-bretana","status":"publish","type":"post","link":"https:\/\/elcanillita.info\/press\/2021\/05\/17\/manifestaciones-antisemitas-gran-bretana\/","title":{"rendered":"Manifestaciones antisemitas en UK"},"content":{"rendered":"\n<div class=\"wp-block-image\"><figure class=\"alignleft size-large\"><img loading=\"lazy\" decoding=\"async\" width=\"600\" height=\"375\" src=\"https:\/\/elcanillita.info\/press\/images\/2021\/05\/gaza-1.jpg\" alt=\"\" class=\"wp-image-1631\" srcset=\"https:\/\/elcanillita.info\/press\/images\/2021\/05\/gaza-1.jpg 600w, https:\/\/elcanillita.info\/press\/images\/2021\/05\/gaza-1-300x188.jpg 300w\" sizes=\"auto, (max-width: 600px) 100vw, 600px\" \/><figcaption><strong><small>Los coches circularon en convoy por Golders Green y Finchley, en el norte de Londres<\/small><\/strong><\/figcaption><\/figure><\/div>\n\n\n\n<p>El antisemitismo &#8220;no tiene cabida en Gran Breta\u00f1a&#8221;, dijo el primer ministro, despu\u00e9s de que un convoy de coches coreara insultos en Londres.<br><br>Una banda de activistas pro-palestinos que condujeron en convoy por el norte de Londres coreando insultos antisemitas ha sido condenada por el Primer Ministro y numerosos ministros del Gabinete.<\/p>\n\n\n\n<p>Scotland Yard ha puesto en marcha una investigaci\u00f3n &#8220;urgente&#8221; sobre el incidente, que parec\u00eda tener como objetivo zonas de la capital con gran poblaci\u00f3n jud\u00eda, y ha realizado cuatro detenciones.<\/p>\n\n\n\n<p>La protesta se produjo despu\u00e9s de que dos jugadores de f\u00fatbol del Leicester City sostuvieran una bandera palestina para celebrar su victoria en la final de la FA Cup el s\u00e1bado. La acci\u00f3n suscit\u00f3 pol\u00e9mica, pero no se espera que d\u00e9 lugar a medidas disciplinarias contra los jugadores.<\/p>\n\n\n\n<p>El domingo se produjo el ataque m\u00e1s sangriento en Gaza hasta la fecha, con 42 muertos en un \u00fanico ataque del ej\u00e9rcito israel\u00ed. Benjamin Netanyahu, el Primer Ministro israel\u00ed, dijo que los ataques continuar\u00edan con &#8220;toda su fuerza&#8221; hasta que los t\u00faneles subterr\u00e1neos, que seg\u00fan Israel albergan a militantes de Ham\u00e1s, hayan sido destruidos.<\/p>\n\n\n\n<p>En Londres, los activistas que protestaban contra los ataques de Israel atravesaron en convoy Golders Green y Finchley, ambas zonas con gran poblaci\u00f3n jud\u00eda, gritando &#8220;Que se jodan los jud\u00edos, violad a sus hijas&#8221; a trav\u00e9s de un meg\u00e1fono.<\/p>\n\n\n\n<p>La Polic\u00eda Metropolitana ha detenido y retenido a cuatro hombres como sospechosos de delitos de orden p\u00fablico con agravantes raciales. Los agentes desplegaron un helic\u00f3ptero de la polic\u00eda y localizaron un veh\u00edculo en la A40 en Hillingdon, al oeste de Londres.<\/p>\n\n\n\n<p>El superintendente Jo Edwards dijo: &#8220;Este comportamiento fue absolutamente escandaloso y no se tolerar\u00e1.<\/p>\n\n\n\n<p>&#8220;Entiendo que esto habr\u00eda causado una considerable preocupaci\u00f3n dentro de la comunidad y hemos organizado patrullas adicionales en las \u00e1reas de St John&#8217;s Wood y Golders Green esta noche&#8221;.<\/p>\n\n\n\n<p>El Primer Ministro se uni\u00f3 a pol\u00edticos de todo el espectro pol\u00edtico, incluidos varios de sus ministros del Gabinete, para condenar los insultos.<\/p>\n\n\n\n<p>&#8220;No hay lugar para el antisemitismo en nuestra sociedad&#8221;, tuite\u00f3 Johnson. &#8220;En v\u00edsperas de Shavuot, me solidarizo con los jud\u00edos de Gran Breta\u00f1a que no deber\u00edan tener que soportar el tipo de racismo vergonzoso que hemos visto hoy&#8221;.<\/p>\n\n\n\n<p>Los manifestantes fueron filmados en Finchley, Golders Green y St John&#8217;s Wood. John Wood. Las im\u00e1genes compartidas en Internet mostraban al menos cinco coches decorados con banderas palestinas, cuyos ocupantes cantaban sobre matar y violar a los jud\u00edos.<\/p>\n\n\n\n<p>Robert Jenrick, secretario de Comunidades, y Priti Patel, ministra del Interior, instaron a la polic\u00eda a tomar medidas contra los manifestantes.<\/p>\n\n\n\n<p>&#8220;Cualquiera que sea su opini\u00f3n sobre el conflicto en Israel y Gaza, no hay justificaci\u00f3n alguna para incitar al odio antijud\u00edo o musulm\u00e1n&#8221;, dijo Jenrick. &#8220;El aumento de incidentes registrado en los \u00faltimos d\u00edas es muy preocupante.<\/p>\n\n\n\n<p>&#8220;Algunas de las expresiones utilizadas en las marchas de este fin de semana y en los mensajes en las redes sociales son intimidatorias, odiosas y racistas.<\/p>\n\n\n\n<p>&#8220;Fue chocante y vergonzoso ver una pancarta en las calles de Londres que proclamaba &#8216;muerte a los jud\u00edos&#8217;. No debemos tolerar este odio vil y criminal en nuestro pa\u00eds&#8221;.<\/p>\n\n\n\n<p>Dominic Raab, el ministro de Asuntos Exteriores, calific\u00f3 el abuso de &#8220;repugnante y vergonzoso&#8221;, mientras que Sir Keir Starmer, el l\u00edder laborista, dijo que un v\u00eddeo de la caravana era &#8220;totalmente repugnante&#8221;.<br> <br>&#8220;El antisemitismo, la misoginia y el odio no tienen cabida en nuestras calles ni en nuestra sociedad. Debe haber consecuencias&#8221;, dijo Sir Keir.<\/p>\n\n\n\n<p>Oliver Dowden, Secretario de Cultura, dijo que las escenas eran &#8220;espantosas y aterradoras&#8221;, mientras que Michael Gove las describi\u00f3 como &#8220;profundamente preocupantes&#8221;.<\/p>\n\n\n\n<p>Sadiq Khan, alcalde de Londres, calific\u00f3 el incidente de &#8220;crimen de odio&#8221;. &#8220;Me he puesto en contacto con el comisario de la polic\u00eda metropolitana para informarle sobre los atroces informes de ataques antisemitas de este fin de semana&#8221;, dijo.<\/p>\n\n\n\n<p>El Sr. Khan dijo que habr\u00eda &#8220;patrullas policiales de alta visibilidad&#8221; en las calles para controlar la situaci\u00f3n.<\/p>\n\n\n\n<p>Karen Buck, la diputada laborista cuya circunscripci\u00f3n incluye la zona de St John&#8217;s Wood, dijo: &#8220;Absolutamente horrorizada por el comportamiento intimidatorio y antisemita que hemos visto esta tarde en el norte de Londres, incluso en St John&#8217;s Wood, en mi circunscripci\u00f3n. Todas nuestras comunidades deben poder vivir con seguridad&#8221;.<\/p>\n\n\n\n<p>La Junta de Diputados de los Jud\u00edos Brit\u00e1nicos dijo que el convoy era &#8220;completamente inaceptable&#8221;. A\u00f1adieron: &#8220;No lo toleraremos&#8221;.<\/p>\n\n\n\n<p>El incidente se produjo despu\u00e9s de que Jeremy Corbyn, el ex l\u00edder laborista, diera un discurso en un mitin pro-Palestina el s\u00e1bado junto a una mu\u00f1eca hinchable que representaba una caricatura jud\u00eda con cuernos de diablo.<\/p>\n\n\n\n<p>Otro v\u00eddeo mostraba a los manifestantes cantando sobre la batalla de Khaybar -un hist\u00f3rico conflicto isl\u00e1mico-jud\u00edo- amenazando a los jud\u00edos con &#8220;el ej\u00e9rcito de Mahoma&#8221;.<\/p>\n\n\n\n<p>Karen Pollock, directora ejecutiva del Holocaust Education Trust, dijo que las im\u00e1genes eran &#8220;intimidatorias y odiosas&#8221;.<\/p>\n\n\n\n<p>Por otra parte, Rafi Goodwin, un rabino de Chigwell (Essex), fue trasladado al hospital tras ser atacado en la calle e insultado con calificativos antisemitas.<\/p>\n\n\n\n<p>Se desconoce el motivo de la agresi\u00f3n, pero la polic\u00eda de Essex confirm\u00f3 que el incidente no estaba relacionado con las protestas m\u00e1s amplias a favor de Palestina que se han producido durante el fin de semana.<\/p>\n\n\n\n<p>El l\u00edder del Consejo de Redbridge, Jas Athwal, dijo: &#8220;La polic\u00eda de Essex ha confirmado que est\u00e1 tratando el ataque de hoy contra el rabino Rafi como un crimen de odio antisemita, sin embargo la polic\u00eda no est\u00e1 relacionando los motivos de este crimen con las tensiones crecientes en Oriente Medio y las actuales hostilidades en Israel y Palestina.<\/p>\n\n\n\n<p>&#8220;El antisemitismo no tiene cabida en nuestra sociedad y si tiene alguna informaci\u00f3n sobre este ataque no provocado y cobarde, por favor, p\u00f3ngase en contacto con la polic\u00eda.<\/p>\n\n\n\n<p>&#8220;Estamos orgullosos de nuestra comunidad y de todas las partes de la comunidad en Redbridge, condenamos inequ\u00edvocamente este ataque y seguiremos trabajando juntos para apoyarnos&#8221;.<br><br><small>PanPress.eu  \/ SalaStampa.eu &#8211; \u00a9 2021 ElCanillita.info &#8211; Derechos reservados<\/small><\/p>\n","protected":false},"excerpt":{"rendered":"<p>Scotland Yard inicia una investigaci\u00f3n despu\u00e9s de que manifestantes pro-palestinos parezcan dirigirse a zonas de la capital con gran poblaci\u00f3n jud\u00eda<\/p>\n","protected":false},"author":1,"featured_media":1631,"comment_status":"closed","ping_status":"closed","sticky":false,"template":"","format":"standard","meta":{"footnotes":"","_links_to":"","_links_to_target":""},"categories":[70,5,23,25],"tags":[58],"class_list":["post-1630","post","type-post","status-publish","format-standard","has-post-thumbnail","hentry","category-actualidad","category-europa","category-politica","category-sociedad","tag-reino-unido","entry","double"],"yoast_head":"<!-- This site is optimized with the Yoast SEO plugin v27.4 - https:\/\/yoast.com\/product\/yoast-seo-wordpress\/ -->\n<title>Manifestaciones antisemitas en UK - ElCanillita.Info<\/title>\n<meta name=\"robots\" content=\"index, follow, max-snippet:-1, max-image-preview:large, max-video-preview:-1\" \/>\n<link rel=\"canonical\" href=\"https:\/\/elcanillita.info\/press\/2021\/05\/17\/manifestaciones-antisemitas-gran-bretana\/\" \/>\n<meta property=\"og:locale\" content=\"es_ES\" \/>\n<meta property=\"og:type\" content=\"article\" \/>\n<meta property=\"og:title\" content=\"Manifestaciones antisemitas en UK - ElCanillita.Info\" \/>\n<meta property=\"og:description\" content=\"Scotland Yard inicia una investigaci\u00f3n despu\u00e9s de que manifestantes pro-palestinos parezcan dirigirse a zonas de la capital con gran poblaci\u00f3n jud\u00eda\" \/>\n<meta property=\"og:url\" content=\"https:\/\/elcanillita.info\/press\/2021\/05\/17\/manifestaciones-antisemitas-gran-bretana\/\" \/>\n<meta property=\"og:site_name\" content=\"ElCanillita.Info\" \/>\n<meta property=\"article:publisher\" content=\"https:\/\/ar-ar.facebook.com\/ElCanillitainfo-114249515285712\/\" \/>\n<meta property=\"article:published_time\" content=\"2021-05-17T09:50:11+00:00\" \/>\n<meta property=\"article:modified_time\" content=\"2021-05-17T10:04:40+00:00\" \/>\n<meta property=\"og:image\" content=\"https:\/\/elcanillita.info\/press\/images\/2021\/05\/gaza-1.jpg\" \/>\n\t<meta property=\"og:image:width\" content=\"600\" \/>\n\t<meta property=\"og:image:height\" content=\"375\" \/>\n\t<meta property=\"og:image:type\" content=\"image\/jpeg\" \/>\n<meta name=\"author\" content=\"SalaStampa.eu, world press service\" \/>\n<meta name=\"twitter:card\" content=\"summary_large_image\" \/>\n<meta name=\"twitter:label1\" content=\"Escrito por\" \/>\n\t<meta name=\"twitter:data1\" content=\"SalaStampa.eu, world press service\" \/>\n\t<meta name=\"twitter:label2\" content=\"Tiempo de lectura\" \/>\n\t<meta name=\"twitter:data2\" content=\"5 minutos\" \/>\n<script type=\"application\/ld+json\" class=\"yoast-schema-graph\">{\"@context\":\"https:\\\/\\\/schema.org\",\"@graph\":[{\"@type\":\"Article\",\"@id\":\"https:\\\/\\\/elcanillita.info\\\/press\\\/2021\\\/05\\\/17\\\/manifestaciones-antisemitas-gran-bretana\\\/#article\",\"isPartOf\":{\"@id\":\"https:\\\/\\\/elcanillita.info\\\/press\\\/2021\\\/05\\\/17\\\/manifestaciones-antisemitas-gran-bretana\\\/\"},\"author\":{\"name\":\"SalaStampa.eu, world press service\",\"@id\":\"https:\\\/\\\/elcanillita.info\\\/press\\\/#\\\/schema\\\/person\\\/7fcb79f38045700919f7da6d97e71ba0\"},\"headline\":\"Manifestaciones antisemitas en UK\",\"datePublished\":\"2021-05-17T09:50:11+00:00\",\"dateModified\":\"2021-05-17T10:04:40+00:00\",\"mainEntityOfPage\":{\"@id\":\"https:\\\/\\\/elcanillita.info\\\/press\\\/2021\\\/05\\\/17\\\/manifestaciones-antisemitas-gran-bretana\\\/\"},\"wordCount\":1082,\"publisher\":{\"@id\":\"https:\\\/\\\/elcanillita.info\\\/press\\\/#organization\"},\"image\":{\"@id\":\"https:\\\/\\\/elcanillita.info\\\/press\\\/2021\\\/05\\\/17\\\/manifestaciones-antisemitas-gran-bretana\\\/#primaryimage\"},\"thumbnailUrl\":\"https:\\\/\\\/elcanillita.info\\\/press\\\/images\\\/2021\\\/05\\\/gaza-1.jpg\",\"keywords\":[\"Reino Unido\"],\"articleSection\":[\"Actualidad\",\"Europa\",\"Politica\",\"Sociedad\"],\"inLanguage\":\"es-AR\"},{\"@type\":\"WebPage\",\"@id\":\"https:\\\/\\\/elcanillita.info\\\/press\\\/2021\\\/05\\\/17\\\/manifestaciones-antisemitas-gran-bretana\\\/\",\"url\":\"https:\\\/\\\/elcanillita.info\\\/press\\\/2021\\\/05\\\/17\\\/manifestaciones-antisemitas-gran-bretana\\\/\",\"name\":\"Manifestaciones antisemitas en UK - ElCanillita.Info\",\"isPartOf\":{\"@id\":\"https:\\\/\\\/elcanillita.info\\\/press\\\/#website\"},\"primaryImageOfPage\":{\"@id\":\"https:\\\/\\\/elcanillita.info\\\/press\\\/2021\\\/05\\\/17\\\/manifestaciones-antisemitas-gran-bretana\\\/#primaryimage\"},\"image\":{\"@id\":\"https:\\\/\\\/elcanillita.info\\\/press\\\/2021\\\/05\\\/17\\\/manifestaciones-antisemitas-gran-bretana\\\/#primaryimage\"},\"thumbnailUrl\":\"https:\\\/\\\/elcanillita.info\\\/press\\\/images\\\/2021\\\/05\\\/gaza-1.jpg\",\"datePublished\":\"2021-05-17T09:50:11+00:00\",\"dateModified\":\"2021-05-17T10:04:40+00:00\",\"inLanguage\":\"es-AR\",\"potentialAction\":[{\"@type\":\"ReadAction\",\"target\":[\"https:\\\/\\\/elcanillita.info\\\/press\\\/2021\\\/05\\\/17\\\/manifestaciones-antisemitas-gran-bretana\\\/\"]}]},{\"@type\":\"ImageObject\",\"inLanguage\":\"es-AR\",\"@id\":\"https:\\\/\\\/elcanillita.info\\\/press\\\/2021\\\/05\\\/17\\\/manifestaciones-antisemitas-gran-bretana\\\/#primaryimage\",\"url\":\"https:\\\/\\\/elcanillita.info\\\/press\\\/images\\\/2021\\\/05\\\/gaza-1.jpg\",\"contentUrl\":\"https:\\\/\\\/elcanillita.info\\\/press\\\/images\\\/2021\\\/05\\\/gaza-1.jpg\",\"width\":600,\"height\":375},{\"@type\":\"WebSite\",\"@id\":\"https:\\\/\\\/elcanillita.info\\\/press\\\/#website\",\"url\":\"https:\\\/\\\/elcanillita.info\\\/press\\\/\",\"name\":\"ElCanillita.Info\",\"description\":\"desde los Apeninos a los Andes\",\"publisher\":{\"@id\":\"https:\\\/\\\/elcanillita.info\\\/press\\\/#organization\"},\"potentialAction\":[{\"@type\":\"SearchAction\",\"target\":{\"@type\":\"EntryPoint\",\"urlTemplate\":\"https:\\\/\\\/elcanillita.info\\\/press\\\/?s={search_term_string}\"},\"query-input\":{\"@type\":\"PropertyValueSpecification\",\"valueRequired\":true,\"valueName\":\"search_term_string\"}}],\"inLanguage\":\"es-AR\"},{\"@type\":\"Organization\",\"@id\":\"https:\\\/\\\/elcanillita.info\\\/press\\\/#organization\",\"name\":\"Guzzo Photos & Graphic Publications\",\"url\":\"https:\\\/\\\/elcanillita.info\\\/press\\\/\",\"logo\":{\"@type\":\"ImageObject\",\"inLanguage\":\"es-AR\",\"@id\":\"https:\\\/\\\/elcanillita.info\\\/press\\\/#\\\/schema\\\/logo\\\/image\\\/\",\"url\":\"https:\\\/\\\/elcanillita.info\\\/press\\\/images\\\/2020\\\/01\\\/cropped-cropped-cropped-elcanillitainfo.png\",\"contentUrl\":\"https:\\\/\\\/elcanillita.info\\\/press\\\/images\\\/2020\\\/01\\\/cropped-cropped-cropped-elcanillitainfo.png\",\"width\":460,\"height\":50,\"caption\":\"Guzzo Photos & Graphic Publications\"},\"image\":{\"@id\":\"https:\\\/\\\/elcanillita.info\\\/press\\\/#\\\/schema\\\/logo\\\/image\\\/\"},\"sameAs\":[\"https:\\\/\\\/ar-ar.facebook.com\\\/ElCanillitainfo-114249515285712\\\/\"]},{\"@type\":\"Person\",\"@id\":\"https:\\\/\\\/elcanillita.info\\\/press\\\/#\\\/schema\\\/person\\\/7fcb79f38045700919f7da6d97e71ba0\",\"name\":\"SalaStampa.eu, world press service\",\"image\":{\"@type\":\"ImageObject\",\"inLanguage\":\"es-AR\",\"@id\":\"https:\\\/\\\/secure.gravatar.com\\\/avatar\\\/c2f0e0d515a107624234994507816ca4724c7199cef73fc8bedebf6931d73888?s=96&d=mm&r=g\",\"url\":\"https:\\\/\\\/secure.gravatar.com\\\/avatar\\\/c2f0e0d515a107624234994507816ca4724c7199cef73fc8bedebf6931d73888?s=96&d=mm&r=g\",\"contentUrl\":\"https:\\\/\\\/secure.gravatar.com\\\/avatar\\\/c2f0e0d515a107624234994507816ca4724c7199cef73fc8bedebf6931d73888?s=96&d=mm&r=g\",\"caption\":\"SalaStampa.eu, world press service\"}}]}<\/script>\n<!-- \/ Yoast SEO plugin. -->","yoast_head_json":{"title":"Manifestaciones antisemitas en UK - ElCanillita.Info","robots":{"index":"index","follow":"follow","max-snippet":"max-snippet:-1","max-image-preview":"max-image-preview:large","max-video-preview":"max-video-preview:-1"},"canonical":"https:\/\/elcanillita.info\/press\/2021\/05\/17\/manifestaciones-antisemitas-gran-bretana\/","og_locale":"es_ES","og_type":"article","og_title":"Manifestaciones antisemitas en UK - ElCanillita.Info","og_description":"Scotland Yard inicia una investigaci\u00f3n despu\u00e9s de que manifestantes pro-palestinos parezcan dirigirse a zonas de la capital con gran poblaci\u00f3n jud\u00eda","og_url":"https:\/\/elcanillita.info\/press\/2021\/05\/17\/manifestaciones-antisemitas-gran-bretana\/","og_site_name":"ElCanillita.Info","article_publisher":"https:\/\/ar-ar.facebook.com\/ElCanillitainfo-114249515285712\/","article_published_time":"2021-05-17T09:50:11+00:00","article_modified_time":"2021-05-17T10:04:40+00:00","og_image":[{"width":600,"height":375,"url":"https:\/\/elcanillita.info\/press\/images\/2021\/05\/gaza-1.jpg","type":"image\/jpeg"}],"author":"SalaStampa.eu, world press service","twitter_card":"summary_large_image","twitter_misc":{"Escrito por":"SalaStampa.eu, world press service","Tiempo de lectura":"5 minutos"},"schema":{"@context":"https:\/\/schema.org","@graph":[{"@type":"Article","@id":"https:\/\/elcanillita.info\/press\/2021\/05\/17\/manifestaciones-antisemitas-gran-bretana\/#article","isPartOf":{"@id":"https:\/\/elcanillita.info\/press\/2021\/05\/17\/manifestaciones-antisemitas-gran-bretana\/"},"author":{"name":"SalaStampa.eu, world press service","@id":"https:\/\/elcanillita.info\/press\/#\/schema\/person\/7fcb79f38045700919f7da6d97e71ba0"},"headline":"Manifestaciones antisemitas en UK","datePublished":"2021-05-17T09:50:11+00:00","dateModified":"2021-05-17T10:04:40+00:00","mainEntityOfPage":{"@id":"https:\/\/elcanillita.info\/press\/2021\/05\/17\/manifestaciones-antisemitas-gran-bretana\/"},"wordCount":1082,"publisher":{"@id":"https:\/\/elcanillita.info\/press\/#organization"},"image":{"@id":"https:\/\/elcanillita.info\/press\/2021\/05\/17\/manifestaciones-antisemitas-gran-bretana\/#primaryimage"},"thumbnailUrl":"https:\/\/elcanillita.info\/press\/images\/2021\/05\/gaza-1.jpg","keywords":["Reino Unido"],"articleSection":["Actualidad","Europa","Politica","Sociedad"],"inLanguage":"es-AR"},{"@type":"WebPage","@id":"https:\/\/elcanillita.info\/press\/2021\/05\/17\/manifestaciones-antisemitas-gran-bretana\/","url":"https:\/\/elcanillita.info\/press\/2021\/05\/17\/manifestaciones-antisemitas-gran-bretana\/","name":"Manifestaciones antisemitas en UK - ElCanillita.Info","isPartOf":{"@id":"https:\/\/elcanillita.info\/press\/#website"},"primaryImageOfPage":{"@id":"https:\/\/elcanillita.info\/press\/2021\/05\/17\/manifestaciones-antisemitas-gran-bretana\/#primaryimage"},"image":{"@id":"https:\/\/elcanillita.info\/press\/2021\/05\/17\/manifestaciones-antisemitas-gran-bretana\/#primaryimage"},"thumbnailUrl":"https:\/\/elcanillita.info\/press\/images\/2021\/05\/gaza-1.jpg","datePublished":"2021-05-17T09:50:11+00:00","dateModified":"2021-05-17T10:04:40+00:00","inLanguage":"es-AR","potentialAction":[{"@type":"ReadAction","target":["https:\/\/elcanillita.info\/press\/2021\/05\/17\/manifestaciones-antisemitas-gran-bretana\/"]}]},{"@type":"ImageObject","inLanguage":"es-AR","@id":"https:\/\/elcanillita.info\/press\/2021\/05\/17\/manifestaciones-antisemitas-gran-bretana\/#primaryimage","url":"https:\/\/elcanillita.info\/press\/images\/2021\/05\/gaza-1.jpg","contentUrl":"https:\/\/elcanillita.info\/press\/images\/2021\/05\/gaza-1.jpg","width":600,"height":375},{"@type":"WebSite","@id":"https:\/\/elcanillita.info\/press\/#website","url":"https:\/\/elcanillita.info\/press\/","name":"ElCanillita.Info","description":"desde los Apeninos a los Andes","publisher":{"@id":"https:\/\/elcanillita.info\/press\/#organization"},"potentialAction":[{"@type":"SearchAction","target":{"@type":"EntryPoint","urlTemplate":"https:\/\/elcanillita.info\/press\/?s={search_term_string}"},"query-input":{"@type":"PropertyValueSpecification","valueRequired":true,"valueName":"search_term_string"}}],"inLanguage":"es-AR"},{"@type":"Organization","@id":"https:\/\/elcanillita.info\/press\/#organization","name":"Guzzo Photos & Graphic Publications","url":"https:\/\/elcanillita.info\/press\/","logo":{"@type":"ImageObject","inLanguage":"es-AR","@id":"https:\/\/elcanillita.info\/press\/#\/schema\/logo\/image\/","url":"https:\/\/elcanillita.info\/press\/images\/2020\/01\/cropped-cropped-cropped-elcanillitainfo.png","contentUrl":"https:\/\/elcanillita.info\/press\/images\/2020\/01\/cropped-cropped-cropped-elcanillitainfo.png","width":460,"height":50,"caption":"Guzzo Photos & Graphic Publications"},"image":{"@id":"https:\/\/elcanillita.info\/press\/#\/schema\/logo\/image\/"},"sameAs":["https:\/\/ar-ar.facebook.com\/ElCanillitainfo-114249515285712\/"]},{"@type":"Person","@id":"https:\/\/elcanillita.info\/press\/#\/schema\/person\/7fcb79f38045700919f7da6d97e71ba0","name":"SalaStampa.eu, world press service","image":{"@type":"ImageObject","inLanguage":"es-AR","@id":"https:\/\/secure.gravatar.com\/avatar\/c2f0e0d515a107624234994507816ca4724c7199cef73fc8bedebf6931d73888?s=96&d=mm&r=g","url":"https:\/\/secure.gravatar.com\/avatar\/c2f0e0d515a107624234994507816ca4724c7199cef73fc8bedebf6931d73888?s=96&d=mm&r=g","contentUrl":"https:\/\/secure.gravatar.com\/avatar\/c2f0e0d515a107624234994507816ca4724c7199cef73fc8bedebf6931d73888?s=96&d=mm&r=g","caption":"SalaStampa.eu, world press service"}}]}},"views":560,"_links":{"self":[{"href":"https:\/\/elcanillita.info\/press\/wp-json\/wp\/v2\/posts\/1630","targetHints":{"allow":["GET"]}}],"collection":[{"href":"https:\/\/elcanillita.info\/press\/wp-json\/wp\/v2\/posts"}],"about":[{"href":"https:\/\/elcanillita.info\/press\/wp-json\/wp\/v2\/types\/post"}],"author":[{"embeddable":true,"href":"https:\/\/elcanillita.info\/press\/wp-json\/wp\/v2\/users\/1"}],"replies":[{"embeddable":true,"href":"https:\/\/elcanillita.info\/press\/wp-json\/wp\/v2\/comments?post=1630"}],"version-history":[{"count":0,"href":"https:\/\/elcanillita.info\/press\/wp-json\/wp\/v2\/posts\/1630\/revisions"}],"wp:featuredmedia":[{"embeddable":true,"href":"https:\/\/elcanillita.info\/press\/wp-json\/wp\/v2\/media\/1631"}],"wp:attachment":[{"href":"https:\/\/elcanillita.info\/press\/wp-json\/wp\/v2\/media?parent=1630"}],"wp:term":[{"taxonomy":"category","embeddable":true,"href":"https:\/\/elcanillita.info\/press\/wp-json\/wp\/v2\/categories?post=1630"},{"taxonomy":"post_tag","embeddable":true,"href":"https:\/\/elcanillita.info\/press\/wp-json\/wp\/v2\/tags?post=1630"}],"curies":[{"name":"wp","href":"https:\/\/api.w.org\/{rel}","templated":true}]}}