{"id":1623,"date":"2021-05-14T10:54:54","date_gmt":"2021-05-14T13:54:54","guid":{"rendered":"https:\/\/elcanillita.info\/press\/?p=1623"},"modified":"2021-05-14T11:12:12","modified_gmt":"2021-05-14T14:12:12","slug":"78-sacerdotes-masacrados-tigray-etiopia","status":"publish","type":"post","link":"https:\/\/elcanillita.info\/press\/2021\/05\/14\/78-sacerdotes-masacrados-tigray-etiopia\/","title":{"rendered":"78 sacerdotes fueron masacrados en Tigray, Etiopia"},"content":{"rendered":"\n<div class=\"wp-block-image\"><figure class=\"aligncenter size-large\"><img loading=\"lazy\" decoding=\"async\" width=\"600\" height=\"375\" src=\"https:\/\/elcanillita.info\/press\/images\/2021\/05\/iglesia-tigray.jpg\" alt=\"\" class=\"wp-image-1626\" srcset=\"https:\/\/elcanillita.info\/press\/images\/2021\/05\/iglesia-tigray.jpg 600w, https:\/\/elcanillita.info\/press\/images\/2021\/05\/iglesia-tigray-300x188.jpg 300w\" sizes=\"auto, (max-width: 600px) 100vw, 600px\" \/><figcaption><small><strong>Iglesia de Santa Mar\u00eda de Sion<\/strong><\/small><\/figcaption><\/figure><\/div>\n\n\n\n<p>Al menos 78 sacerdotes fueron &#8220;masacrados&#8221; en una zona de Tigray, seg\u00fan una carta oficial de la Iglesia.<\/p>\n\n\n\n<p>La carta, dirigida al S\u00ednodo de la Iglesia Ortodoxa Et\u00edope, dice que sacerdotes, di\u00e1conos, coristas y monjes han sido masacrados en los \u00faltimos cinco meses.<\/p>\n\n\n\n<p>Media docena de supervivientes han confirmado la noticia y afirmaron que tanto los soldados del ej\u00e9rcito nacional et\u00edope como las tropas eritreas se adentraron en sus espacios a lo largo del sureste de Tigray y los mataron a tiros.<\/p>\n\n\n\n<p>Etiop\u00eda est\u00e1 sumida en una terrible guerra civil desde que el 4 de noviembre el Primer Ministro de Etiopia y Premio Nobel de la Paz Abiy Ahmed, envi\u00f3 a su ej\u00e9rcito nacional a la monta\u00f1osa regi\u00f3n norte\u00f1a de Tigray para derrocar al poderoso gobierno regional de la zona.<\/p>\n\n\n\n<p>La noticia llega varios d\u00edas despu\u00e9s de que se sacara del pa\u00eds un v\u00eddeo en el que se ve al Patriarca de la Iglesia Ortodoxa de Etiop\u00eda, Abune Mathias, condenando lo que \u00e9l llama un &#8220;genocidio&#8221; que el Estado et\u00edope est\u00e1 cometiendo contra el pueblo de etnia tigray.<\/p>\n\n\n\n<p>El conflicto ha desencadenado una enorme crisis humanitaria de la que no se han librado ni los sacerdotes ni los lugares de culto.<\/p>\n\n\n\n<p> Monasterios y mezquitas centenarios, como el monasterio fortificado de Debre Damo, del siglo VI, y Al-Nejashi, la primera mezquita de \u00c1frica, han sido saqueados y bombardeados por las tropas eritreas aliadas del gobierno de Etiop\u00eda en Addis Abeba.<\/p>\n\n\n\n<p>La carta sellada fue enviada el 15 de abril y detalla el n\u00famero de cl\u00e9rigos asesinados en los \u00faltimos cinco meses en las administraciones eclesi\u00e1sticas.<\/p>\n\n\n\n<p>Sacerdotes que sobrevivieron a los asesinatos manifestaron que el n\u00famero de cl\u00e9rigos muertos podr\u00eda ser mucho mayor que 78.<\/p>\n\n\n\n<p>Gergera Maryam, Adi&#8217;Zeban Karagiorgis, Kidanemihret Bosa, Taksa y el monasterio de Da Abune Ayzgi son algunas de las iglesias en las que fueron masacrados los eclesi\u00e1sticos, seg\u00fan los testigos.<\/p>\n\n\n\n<p>Kahsay y su hijo di\u00e1cono Halfom huyeron de sus casas a las monta\u00f1as cercanas de Seharti tras recibir la noticia de que las tropas eritreas y et\u00edopes estaban asaltando las iglesias.<\/p>\n\n\n\n<p> Tres testigos declararon que los soldados et\u00edopes y eritreos tienen como objetivo espec\u00edfico estos d\u00edas de celebraci\u00f3n, para ejecutar a los miembros de la iglesia.<\/p>\n\n\n\n<p> Hadera, un viejo sacerdote, sobrevivi\u00f3 a una masacre en la iglesia de Gergera Da Mariam y dice que ha habido varios asesinatos y masacres desde principios de diciembre de 2020. <\/p>\n\n\n\n<p>Algunos medios se han puesto  en contacto con el ministro de Informaci\u00f3n de Eritrea, Yemane Gebremeskel, y con la portavoz de la oficina del primer ministro et\u00edope, Billene Seyoum, para pedirles un comentario. Ninguno de los dos hab\u00eda respondido al cierre de esta edici\u00f3n.<br><br><small>PanPress.eu  \/ SalaStampa.eu &#8211; ElCanillita.info -Derechos reservados<\/small> <\/p>\n","protected":false},"excerpt":{"rendered":"<p>Un documento demuestra, que se han producido varios asesinatos en masa en los \u00faltimos cinco meses.<\/p>\n","protected":false},"author":1,"featured_media":1624,"comment_status":"closed","ping_status":"closed","sticky":false,"template":"","format":"standard","meta":{"footnotes":"","_links_to":"","_links_to_target":""},"categories":[70,14,23,25],"tags":[],"class_list":["post-1623","post","type-post","status-publish","format-standard","has-post-thumbnail","hentry","category-actualidad","category-africa","category-politica","category-sociedad","entry","double"],"yoast_head":"<!-- This site is optimized with the Yoast SEO plugin v27.4 - https:\/\/yoast.com\/product\/yoast-seo-wordpress\/ -->\n<title>78 sacerdotes fueron masacrados en Tigray, Etiopia - ElCanillita.Info<\/title>\n<meta name=\"robots\" content=\"index, follow, max-snippet:-1, max-image-preview:large, max-video-preview:-1\" \/>\n<link rel=\"canonical\" href=\"https:\/\/elcanillita.info\/press\/2021\/05\/14\/78-sacerdotes-masacrados-tigray-etiopia\/\" \/>\n<meta property=\"og:locale\" content=\"es_ES\" \/>\n<meta property=\"og:type\" content=\"article\" \/>\n<meta property=\"og:title\" content=\"78 sacerdotes fueron masacrados en Tigray, Etiopia - ElCanillita.Info\" \/>\n<meta property=\"og:description\" content=\"Un documento demuestra, que se han producido varios asesinatos en masa en los \u00faltimos cinco meses.\" \/>\n<meta property=\"og:url\" content=\"https:\/\/elcanillita.info\/press\/2021\/05\/14\/78-sacerdotes-masacrados-tigray-etiopia\/\" \/>\n<meta property=\"og:site_name\" content=\"ElCanillita.Info\" \/>\n<meta property=\"article:publisher\" content=\"https:\/\/ar-ar.facebook.com\/ElCanillitainfo-114249515285712\/\" \/>\n<meta property=\"article:published_time\" content=\"2021-05-14T13:54:54+00:00\" \/>\n<meta property=\"article:modified_time\" content=\"2021-05-14T14:12:12+00:00\" \/>\n<meta property=\"og:image\" content=\"https:\/\/elcanillita.info\/press\/images\/2021\/05\/etiopia.jpg\" \/>\n\t<meta property=\"og:image:width\" content=\"600\" \/>\n\t<meta property=\"og:image:height\" content=\"375\" \/>\n\t<meta property=\"og:image:type\" content=\"image\/jpeg\" \/>\n<meta name=\"author\" content=\"SalaStampa.eu, world press service\" \/>\n<meta name=\"twitter:card\" content=\"summary_large_image\" \/>\n<meta name=\"twitter:label1\" content=\"Escrito por\" \/>\n\t<meta name=\"twitter:data1\" content=\"SalaStampa.eu, world press service\" \/>\n\t<meta name=\"twitter:label2\" content=\"Tiempo de lectura\" \/>\n\t<meta name=\"twitter:data2\" content=\"3 minutos\" \/>\n<script type=\"application\/ld+json\" class=\"yoast-schema-graph\">{\"@context\":\"https:\\\/\\\/schema.org\",\"@graph\":[{\"@type\":\"Article\",\"@id\":\"https:\\\/\\\/elcanillita.info\\\/press\\\/2021\\\/05\\\/14\\\/78-sacerdotes-masacrados-tigray-etiopia\\\/#article\",\"isPartOf\":{\"@id\":\"https:\\\/\\\/elcanillita.info\\\/press\\\/2021\\\/05\\\/14\\\/78-sacerdotes-masacrados-tigray-etiopia\\\/\"},\"author\":{\"name\":\"SalaStampa.eu, world press service\",\"@id\":\"https:\\\/\\\/elcanillita.info\\\/press\\\/#\\\/schema\\\/person\\\/7fcb79f38045700919f7da6d97e71ba0\"},\"headline\":\"78 sacerdotes fueron masacrados en Tigray, Etiopia\",\"datePublished\":\"2021-05-14T13:54:54+00:00\",\"dateModified\":\"2021-05-14T14:12:12+00:00\",\"mainEntityOfPage\":{\"@id\":\"https:\\\/\\\/elcanillita.info\\\/press\\\/2021\\\/05\\\/14\\\/78-sacerdotes-masacrados-tigray-etiopia\\\/\"},\"wordCount\":497,\"publisher\":{\"@id\":\"https:\\\/\\\/elcanillita.info\\\/press\\\/#organization\"},\"image\":{\"@id\":\"https:\\\/\\\/elcanillita.info\\\/press\\\/2021\\\/05\\\/14\\\/78-sacerdotes-masacrados-tigray-etiopia\\\/#primaryimage\"},\"thumbnailUrl\":\"https:\\\/\\\/elcanillita.info\\\/press\\\/images\\\/2021\\\/05\\\/etiopia.jpg\",\"articleSection\":[\"Actualidad\",\"Africa\",\"Politica\",\"Sociedad\"],\"inLanguage\":\"es-AR\"},{\"@type\":\"WebPage\",\"@id\":\"https:\\\/\\\/elcanillita.info\\\/press\\\/2021\\\/05\\\/14\\\/78-sacerdotes-masacrados-tigray-etiopia\\\/\",\"url\":\"https:\\\/\\\/elcanillita.info\\\/press\\\/2021\\\/05\\\/14\\\/78-sacerdotes-masacrados-tigray-etiopia\\\/\",\"name\":\"78 sacerdotes fueron masacrados en Tigray, Etiopia - ElCanillita.Info\",\"isPartOf\":{\"@id\":\"https:\\\/\\\/elcanillita.info\\\/press\\\/#website\"},\"primaryImageOfPage\":{\"@id\":\"https:\\\/\\\/elcanillita.info\\\/press\\\/2021\\\/05\\\/14\\\/78-sacerdotes-masacrados-tigray-etiopia\\\/#primaryimage\"},\"image\":{\"@id\":\"https:\\\/\\\/elcanillita.info\\\/press\\\/2021\\\/05\\\/14\\\/78-sacerdotes-masacrados-tigray-etiopia\\\/#primaryimage\"},\"thumbnailUrl\":\"https:\\\/\\\/elcanillita.info\\\/press\\\/images\\\/2021\\\/05\\\/etiopia.jpg\",\"datePublished\":\"2021-05-14T13:54:54+00:00\",\"dateModified\":\"2021-05-14T14:12:12+00:00\",\"inLanguage\":\"es-AR\",\"potentialAction\":[{\"@type\":\"ReadAction\",\"target\":[\"https:\\\/\\\/elcanillita.info\\\/press\\\/2021\\\/05\\\/14\\\/78-sacerdotes-masacrados-tigray-etiopia\\\/\"]}]},{\"@type\":\"ImageObject\",\"inLanguage\":\"es-AR\",\"@id\":\"https:\\\/\\\/elcanillita.info\\\/press\\\/2021\\\/05\\\/14\\\/78-sacerdotes-masacrados-tigray-etiopia\\\/#primaryimage\",\"url\":\"https:\\\/\\\/elcanillita.info\\\/press\\\/images\\\/2021\\\/05\\\/etiopia.jpg\",\"contentUrl\":\"https:\\\/\\\/elcanillita.info\\\/press\\\/images\\\/2021\\\/05\\\/etiopia.jpg\",\"width\":600,\"height\":375},{\"@type\":\"WebSite\",\"@id\":\"https:\\\/\\\/elcanillita.info\\\/press\\\/#website\",\"url\":\"https:\\\/\\\/elcanillita.info\\\/press\\\/\",\"name\":\"ElCanillita.Info\",\"description\":\"desde los Apeninos a los Andes\",\"publisher\":{\"@id\":\"https:\\\/\\\/elcanillita.info\\\/press\\\/#organization\"},\"potentialAction\":[{\"@type\":\"SearchAction\",\"target\":{\"@type\":\"EntryPoint\",\"urlTemplate\":\"https:\\\/\\\/elcanillita.info\\\/press\\\/?s={search_term_string}\"},\"query-input\":{\"@type\":\"PropertyValueSpecification\",\"valueRequired\":true,\"valueName\":\"search_term_string\"}}],\"inLanguage\":\"es-AR\"},{\"@type\":\"Organization\",\"@id\":\"https:\\\/\\\/elcanillita.info\\\/press\\\/#organization\",\"name\":\"Guzzo Photos & Graphic Publications\",\"url\":\"https:\\\/\\\/elcanillita.info\\\/press\\\/\",\"logo\":{\"@type\":\"ImageObject\",\"inLanguage\":\"es-AR\",\"@id\":\"https:\\\/\\\/elcanillita.info\\\/press\\\/#\\\/schema\\\/logo\\\/image\\\/\",\"url\":\"https:\\\/\\\/elcanillita.info\\\/press\\\/images\\\/2020\\\/01\\\/cropped-cropped-cropped-elcanillitainfo.png\",\"contentUrl\":\"https:\\\/\\\/elcanillita.info\\\/press\\\/images\\\/2020\\\/01\\\/cropped-cropped-cropped-elcanillitainfo.png\",\"width\":460,\"height\":50,\"caption\":\"Guzzo Photos & Graphic Publications\"},\"image\":{\"@id\":\"https:\\\/\\\/elcanillita.info\\\/press\\\/#\\\/schema\\\/logo\\\/image\\\/\"},\"sameAs\":[\"https:\\\/\\\/ar-ar.facebook.com\\\/ElCanillitainfo-114249515285712\\\/\"]},{\"@type\":\"Person\",\"@id\":\"https:\\\/\\\/elcanillita.info\\\/press\\\/#\\\/schema\\\/person\\\/7fcb79f38045700919f7da6d97e71ba0\",\"name\":\"SalaStampa.eu, world press service\",\"image\":{\"@type\":\"ImageObject\",\"inLanguage\":\"es-AR\",\"@id\":\"https:\\\/\\\/secure.gravatar.com\\\/avatar\\\/c2f0e0d515a107624234994507816ca4724c7199cef73fc8bedebf6931d73888?s=96&d=mm&r=g\",\"url\":\"https:\\\/\\\/secure.gravatar.com\\\/avatar\\\/c2f0e0d515a107624234994507816ca4724c7199cef73fc8bedebf6931d73888?s=96&d=mm&r=g\",\"contentUrl\":\"https:\\\/\\\/secure.gravatar.com\\\/avatar\\\/c2f0e0d515a107624234994507816ca4724c7199cef73fc8bedebf6931d73888?s=96&d=mm&r=g\",\"caption\":\"SalaStampa.eu, world press service\"}}]}<\/script>\n<!-- \/ Yoast SEO plugin. -->","yoast_head_json":{"title":"78 sacerdotes fueron masacrados en Tigray, Etiopia - ElCanillita.Info","robots":{"index":"index","follow":"follow","max-snippet":"max-snippet:-1","max-image-preview":"max-image-preview:large","max-video-preview":"max-video-preview:-1"},"canonical":"https:\/\/elcanillita.info\/press\/2021\/05\/14\/78-sacerdotes-masacrados-tigray-etiopia\/","og_locale":"es_ES","og_type":"article","og_title":"78 sacerdotes fueron masacrados en Tigray, Etiopia - ElCanillita.Info","og_description":"Un documento demuestra, que se han producido varios asesinatos en masa en los \u00faltimos cinco meses.","og_url":"https:\/\/elcanillita.info\/press\/2021\/05\/14\/78-sacerdotes-masacrados-tigray-etiopia\/","og_site_name":"ElCanillita.Info","article_publisher":"https:\/\/ar-ar.facebook.com\/ElCanillitainfo-114249515285712\/","article_published_time":"2021-05-14T13:54:54+00:00","article_modified_time":"2021-05-14T14:12:12+00:00","og_image":[{"width":600,"height":375,"url":"https:\/\/elcanillita.info\/press\/images\/2021\/05\/etiopia.jpg","type":"image\/jpeg"}],"author":"SalaStampa.eu, world press service","twitter_card":"summary_large_image","twitter_misc":{"Escrito por":"SalaStampa.eu, world press service","Tiempo de lectura":"3 minutos"},"schema":{"@context":"https:\/\/schema.org","@graph":[{"@type":"Article","@id":"https:\/\/elcanillita.info\/press\/2021\/05\/14\/78-sacerdotes-masacrados-tigray-etiopia\/#article","isPartOf":{"@id":"https:\/\/elcanillita.info\/press\/2021\/05\/14\/78-sacerdotes-masacrados-tigray-etiopia\/"},"author":{"name":"SalaStampa.eu, world press service","@id":"https:\/\/elcanillita.info\/press\/#\/schema\/person\/7fcb79f38045700919f7da6d97e71ba0"},"headline":"78 sacerdotes fueron masacrados en Tigray, Etiopia","datePublished":"2021-05-14T13:54:54+00:00","dateModified":"2021-05-14T14:12:12+00:00","mainEntityOfPage":{"@id":"https:\/\/elcanillita.info\/press\/2021\/05\/14\/78-sacerdotes-masacrados-tigray-etiopia\/"},"wordCount":497,"publisher":{"@id":"https:\/\/elcanillita.info\/press\/#organization"},"image":{"@id":"https:\/\/elcanillita.info\/press\/2021\/05\/14\/78-sacerdotes-masacrados-tigray-etiopia\/#primaryimage"},"thumbnailUrl":"https:\/\/elcanillita.info\/press\/images\/2021\/05\/etiopia.jpg","articleSection":["Actualidad","Africa","Politica","Sociedad"],"inLanguage":"es-AR"},{"@type":"WebPage","@id":"https:\/\/elcanillita.info\/press\/2021\/05\/14\/78-sacerdotes-masacrados-tigray-etiopia\/","url":"https:\/\/elcanillita.info\/press\/2021\/05\/14\/78-sacerdotes-masacrados-tigray-etiopia\/","name":"78 sacerdotes fueron masacrados en Tigray, Etiopia - ElCanillita.Info","isPartOf":{"@id":"https:\/\/elcanillita.info\/press\/#website"},"primaryImageOfPage":{"@id":"https:\/\/elcanillita.info\/press\/2021\/05\/14\/78-sacerdotes-masacrados-tigray-etiopia\/#primaryimage"},"image":{"@id":"https:\/\/elcanillita.info\/press\/2021\/05\/14\/78-sacerdotes-masacrados-tigray-etiopia\/#primaryimage"},"thumbnailUrl":"https:\/\/elcanillita.info\/press\/images\/2021\/05\/etiopia.jpg","datePublished":"2021-05-14T13:54:54+00:00","dateModified":"2021-05-14T14:12:12+00:00","inLanguage":"es-AR","potentialAction":[{"@type":"ReadAction","target":["https:\/\/elcanillita.info\/press\/2021\/05\/14\/78-sacerdotes-masacrados-tigray-etiopia\/"]}]},{"@type":"ImageObject","inLanguage":"es-AR","@id":"https:\/\/elcanillita.info\/press\/2021\/05\/14\/78-sacerdotes-masacrados-tigray-etiopia\/#primaryimage","url":"https:\/\/elcanillita.info\/press\/images\/2021\/05\/etiopia.jpg","contentUrl":"https:\/\/elcanillita.info\/press\/images\/2021\/05\/etiopia.jpg","width":600,"height":375},{"@type":"WebSite","@id":"https:\/\/elcanillita.info\/press\/#website","url":"https:\/\/elcanillita.info\/press\/","name":"ElCanillita.Info","description":"desde los Apeninos a los Andes","publisher":{"@id":"https:\/\/elcanillita.info\/press\/#organization"},"potentialAction":[{"@type":"SearchAction","target":{"@type":"EntryPoint","urlTemplate":"https:\/\/elcanillita.info\/press\/?s={search_term_string}"},"query-input":{"@type":"PropertyValueSpecification","valueRequired":true,"valueName":"search_term_string"}}],"inLanguage":"es-AR"},{"@type":"Organization","@id":"https:\/\/elcanillita.info\/press\/#organization","name":"Guzzo Photos & Graphic Publications","url":"https:\/\/elcanillita.info\/press\/","logo":{"@type":"ImageObject","inLanguage":"es-AR","@id":"https:\/\/elcanillita.info\/press\/#\/schema\/logo\/image\/","url":"https:\/\/elcanillita.info\/press\/images\/2020\/01\/cropped-cropped-cropped-elcanillitainfo.png","contentUrl":"https:\/\/elcanillita.info\/press\/images\/2020\/01\/cropped-cropped-cropped-elcanillitainfo.png","width":460,"height":50,"caption":"Guzzo Photos & Graphic Publications"},"image":{"@id":"https:\/\/elcanillita.info\/press\/#\/schema\/logo\/image\/"},"sameAs":["https:\/\/ar-ar.facebook.com\/ElCanillitainfo-114249515285712\/"]},{"@type":"Person","@id":"https:\/\/elcanillita.info\/press\/#\/schema\/person\/7fcb79f38045700919f7da6d97e71ba0","name":"SalaStampa.eu, world press service","image":{"@type":"ImageObject","inLanguage":"es-AR","@id":"https:\/\/secure.gravatar.com\/avatar\/c2f0e0d515a107624234994507816ca4724c7199cef73fc8bedebf6931d73888?s=96&d=mm&r=g","url":"https:\/\/secure.gravatar.com\/avatar\/c2f0e0d515a107624234994507816ca4724c7199cef73fc8bedebf6931d73888?s=96&d=mm&r=g","contentUrl":"https:\/\/secure.gravatar.com\/avatar\/c2f0e0d515a107624234994507816ca4724c7199cef73fc8bedebf6931d73888?s=96&d=mm&r=g","caption":"SalaStampa.eu, world press service"}}]}},"views":594,"_links":{"self":[{"href":"https:\/\/elcanillita.info\/press\/wp-json\/wp\/v2\/posts\/1623","targetHints":{"allow":["GET"]}}],"collection":[{"href":"https:\/\/elcanillita.info\/press\/wp-json\/wp\/v2\/posts"}],"about":[{"href":"https:\/\/elcanillita.info\/press\/wp-json\/wp\/v2\/types\/post"}],"author":[{"embeddable":true,"href":"https:\/\/elcanillita.info\/press\/wp-json\/wp\/v2\/users\/1"}],"replies":[{"embeddable":true,"href":"https:\/\/elcanillita.info\/press\/wp-json\/wp\/v2\/comments?post=1623"}],"version-history":[{"count":0,"href":"https:\/\/elcanillita.info\/press\/wp-json\/wp\/v2\/posts\/1623\/revisions"}],"wp:featuredmedia":[{"embeddable":true,"href":"https:\/\/elcanillita.info\/press\/wp-json\/wp\/v2\/media\/1624"}],"wp:attachment":[{"href":"https:\/\/elcanillita.info\/press\/wp-json\/wp\/v2\/media?parent=1623"}],"wp:term":[{"taxonomy":"category","embeddable":true,"href":"https:\/\/elcanillita.info\/press\/wp-json\/wp\/v2\/categories?post=1623"},{"taxonomy":"post_tag","embeddable":true,"href":"https:\/\/elcanillita.info\/press\/wp-json\/wp\/v2\/tags?post=1623"}],"curies":[{"name":"wp","href":"https:\/\/api.w.org\/{rel}","templated":true}]}}