{"id":162,"date":"2020-01-17T15:23:00","date_gmt":"2020-01-17T18:23:00","guid":{"rendered":"https:\/\/elcanillita.info\/press\/?p=162"},"modified":"2020-01-17T16:24:14","modified_gmt":"2020-01-17T19:24:14","slug":"oposicion-dividida-en-nicaragua-confunde-a-la-poblacion","status":"publish","type":"post","link":"https:\/\/elcanillita.info\/press\/2020\/01\/17\/oposicion-dividida-en-nicaragua-confunde-a-la-poblacion\/","title":{"rendered":"Oposici\u00f3n dividida en Nicaragua confunde a la poblaci\u00f3n"},"content":{"rendered":"\n<p>Managua, 17.01.2020 &#8211; Los dos principales bloques pol\u00edticos de oposici\u00f3n en Nicaragua, la Alianza C\u00edvica por la Justicia y la Democracia y la Unidad Nacional Azul y Blanco, anunciaron recientemente una \u201cseparaci\u00f3n de definici\u00f3n de roles\u201d, causando confusi\u00f3n entre los nicarag\u00fcenses que esperan la consolidaci\u00f3n de los grupos opositores a un a\u00f1o del inicio del per\u00edodo electoral.<\/p>\n\n\n\n<p>El analista pol\u00edtico Bosco Matamoros opina que esta separaci\u00f3n deja ver la incapacidad de los actores pol\u00edticos de estas organizaciones, al dejar al pa\u00eds nuevamente al borde del precipicio.<\/p>\n\n\n\n<p>\u201cSi continuamos con estos delirios de grandeza, el resultado va a hacer lo mismo: caemos de nuevo en el c\u00edrculo vicioso del protagonismo, caemos en el c\u00edrculo vicioso de muchos actores que no quieren apartarse de la silla\u201d, dijo Matamoros.<\/p>\n\n\n\n<p>Ante las fuertes cr\u00edticas y la controversia, l\u00edderes de ambas organizaciones sostienen que se trata de una \u201cseparaci\u00f3n estrat\u00e9gica\u201d, y que siguen trabajando para la formaci\u00f3n de una gran coalici\u00f3n opositora.<\/p>\n\n\n\n<p>Nicaragua pone el tema de reformas electorales en agenda legislativa 2020&nbsp;<\/p>\n\n\n\n<p>Violeta Granera, de la Unidad Nacional Azul y Blanco, dijo que \u201crealmente la palabra separaci\u00f3n no es la m\u00e1s adecuada\u201d.<\/p>\n\n\n\n<p>\u201cCada organizaci\u00f3n ten\u00eda sus propios mecanismos de toma de decisiones; esto lo que est\u00e1 tratando es de definir claramente eso, para poder construir los mecanismos que las decisiones que tomemos sean vinculantes para ambas\u201d, a\u00f1adi\u00f3.<\/p>\n\n\n\n<p>En tanto, Azahalia Sol\u00eds, de la Alianza C\u00edvica por la Justicia y la Democracia explic\u00f3:&nbsp;\u201cClaramente nosotros tenemos que asumirnos como una opci\u00f3n de poder, no solo como una organizaci\u00f3n que hace marchas o una organizaci\u00f3n que hace plantones, que la gente sienta que si estamos en posici\u00f3n de trabajar como una opci\u00f3n de poder\u201d.<\/p>\n\n\n\n<p>Actualmente representantes de ambas organizaciones se encuentran en El Salvador para un di\u00e1logo sobre la \u201cgran coalici\u00f3n opositora\u201d y \u201cdefinir un proyecto de pa\u00eds\u201d.<\/p>\n\n\n\n<p>Mientras, partidos m\u00e1s peque\u00f1os definen a qu\u00e9 espacio se integran o si trabajan de manera independiente, como es el caso de la Coordinadora Universitaria por la Democracia y la Justicia, que anunci\u00f3 su separaci\u00f3n de la Alianza C\u00edvica por la Justicia y la Democracia.<\/p>\n\n\n\n<p>Nicaragua busca cooperaci\u00f3n internacional sin &#8220;injerencia&#8221; ni sanciones<br><br><small>2020 voanoticias \u2013 salastampa.eu, afiliada a la red Broadcasting Board of Governors \u00a9 2020 BBG<\/small><\/p>\n","protected":false},"excerpt":{"rendered":"<p>Managua, 17.01.2020 &#8211; Los dos principales bloques pol\u00edticos de oposici\u00f3n en Nicaragua, la Alianza C\u00edvica por la Justicia y la Democracia y la Unidad Nacional Azul y Blanco, anunciaron recientemente una \u201cseparaci\u00f3n de definici\u00f3n de roles\u201d, causando confusi\u00f3n entre los nicarag\u00fcenses que esperan la consolidaci\u00f3n de los grupos opositores a un a\u00f1o del inicio del per\u00edodo electoral.<\/p>\n","protected":false},"author":1,"featured_media":0,"comment_status":"closed","ping_status":"closed","sticky":false,"template":"","format":"standard","meta":{"footnotes":"","_links_to":"","_links_to_target":""},"categories":[10],"tags":[32],"class_list":["post-162","post","type-post","status-publish","format-standard","hentry","category-america-central","tag-nicaragua","entry","double"],"yoast_head":"<!-- This site is optimized with the Yoast SEO plugin v27.4 - https:\/\/yoast.com\/product\/yoast-seo-wordpress\/ -->\n<title>Oposici\u00f3n dividida en Nicaragua confunde a la poblaci\u00f3n - ElCanillita.Info<\/title>\n<meta name=\"robots\" content=\"index, follow, max-snippet:-1, max-image-preview:large, max-video-preview:-1\" \/>\n<link rel=\"canonical\" href=\"https:\/\/elcanillita.info\/press\/2020\/01\/17\/oposicion-dividida-en-nicaragua-confunde-a-la-poblacion\/\" \/>\n<meta property=\"og:locale\" content=\"es_ES\" \/>\n<meta property=\"og:type\" content=\"article\" \/>\n<meta property=\"og:title\" content=\"Oposici\u00f3n dividida en Nicaragua confunde a la poblaci\u00f3n - ElCanillita.Info\" \/>\n<meta property=\"og:description\" content=\"Managua, 17.01.2020 - Los dos principales bloques pol\u00edticos de oposici\u00f3n en Nicaragua, la Alianza C\u00edvica por la Justicia y la Democracia y la Unidad Nacional Azul y Blanco, anunciaron recientemente una \u201cseparaci\u00f3n de definici\u00f3n de roles\u201d, causando confusi\u00f3n entre los nicarag\u00fcenses que esperan la consolidaci\u00f3n de los grupos opositores a un a\u00f1o del inicio del per\u00edodo electoral.\" \/>\n<meta property=\"og:url\" content=\"https:\/\/elcanillita.info\/press\/2020\/01\/17\/oposicion-dividida-en-nicaragua-confunde-a-la-poblacion\/\" \/>\n<meta property=\"og:site_name\" content=\"ElCanillita.Info\" \/>\n<meta property=\"article:publisher\" content=\"https:\/\/ar-ar.facebook.com\/ElCanillitainfo-114249515285712\/\" \/>\n<meta property=\"article:published_time\" content=\"2020-01-17T18:23:00+00:00\" \/>\n<meta property=\"article:modified_time\" content=\"2020-01-17T19:24:14+00:00\" \/>\n<meta name=\"author\" content=\"SalaStampa.eu, world press service\" \/>\n<meta name=\"twitter:card\" content=\"summary_large_image\" \/>\n<meta name=\"twitter:label1\" content=\"Escrito por\" \/>\n\t<meta name=\"twitter:data1\" content=\"SalaStampa.eu, world press service\" \/>\n\t<meta name=\"twitter:label2\" content=\"Tiempo de lectura\" \/>\n\t<meta name=\"twitter:data2\" content=\"2 minutos\" \/>\n<script type=\"application\/ld+json\" class=\"yoast-schema-graph\">{\"@context\":\"https:\\\/\\\/schema.org\",\"@graph\":[{\"@type\":\"Article\",\"@id\":\"https:\\\/\\\/elcanillita.info\\\/press\\\/2020\\\/01\\\/17\\\/oposicion-dividida-en-nicaragua-confunde-a-la-poblacion\\\/#article\",\"isPartOf\":{\"@id\":\"https:\\\/\\\/elcanillita.info\\\/press\\\/2020\\\/01\\\/17\\\/oposicion-dividida-en-nicaragua-confunde-a-la-poblacion\\\/\"},\"author\":{\"name\":\"SalaStampa.eu, world press service\",\"@id\":\"https:\\\/\\\/elcanillita.info\\\/press\\\/#\\\/schema\\\/person\\\/7fcb79f38045700919f7da6d97e71ba0\"},\"headline\":\"Oposici\u00f3n dividida en Nicaragua confunde a la poblaci\u00f3n\",\"datePublished\":\"2020-01-17T18:23:00+00:00\",\"dateModified\":\"2020-01-17T19:24:14+00:00\",\"mainEntityOfPage\":{\"@id\":\"https:\\\/\\\/elcanillita.info\\\/press\\\/2020\\\/01\\\/17\\\/oposicion-dividida-en-nicaragua-confunde-a-la-poblacion\\\/\"},\"wordCount\":418,\"publisher\":{\"@id\":\"https:\\\/\\\/elcanillita.info\\\/press\\\/#organization\"},\"keywords\":[\"Nicaragua\"],\"articleSection\":[\"Am\u00e9rica Central\"],\"inLanguage\":\"es-AR\"},{\"@type\":\"WebPage\",\"@id\":\"https:\\\/\\\/elcanillita.info\\\/press\\\/2020\\\/01\\\/17\\\/oposicion-dividida-en-nicaragua-confunde-a-la-poblacion\\\/\",\"url\":\"https:\\\/\\\/elcanillita.info\\\/press\\\/2020\\\/01\\\/17\\\/oposicion-dividida-en-nicaragua-confunde-a-la-poblacion\\\/\",\"name\":\"Oposici\u00f3n dividida en Nicaragua confunde a la poblaci\u00f3n - ElCanillita.Info\",\"isPartOf\":{\"@id\":\"https:\\\/\\\/elcanillita.info\\\/press\\\/#website\"},\"datePublished\":\"2020-01-17T18:23:00+00:00\",\"dateModified\":\"2020-01-17T19:24:14+00:00\",\"inLanguage\":\"es-AR\",\"potentialAction\":[{\"@type\":\"ReadAction\",\"target\":[\"https:\\\/\\\/elcanillita.info\\\/press\\\/2020\\\/01\\\/17\\\/oposicion-dividida-en-nicaragua-confunde-a-la-poblacion\\\/\"]}]},{\"@type\":\"WebSite\",\"@id\":\"https:\\\/\\\/elcanillita.info\\\/press\\\/#website\",\"url\":\"https:\\\/\\\/elcanillita.info\\\/press\\\/\",\"name\":\"ElCanillita.Info\",\"description\":\"desde los Apeninos a los Andes\",\"publisher\":{\"@id\":\"https:\\\/\\\/elcanillita.info\\\/press\\\/#organization\"},\"potentialAction\":[{\"@type\":\"SearchAction\",\"target\":{\"@type\":\"EntryPoint\",\"urlTemplate\":\"https:\\\/\\\/elcanillita.info\\\/press\\\/?s={search_term_string}\"},\"query-input\":{\"@type\":\"PropertyValueSpecification\",\"valueRequired\":true,\"valueName\":\"search_term_string\"}}],\"inLanguage\":\"es-AR\"},{\"@type\":\"Organization\",\"@id\":\"https:\\\/\\\/elcanillita.info\\\/press\\\/#organization\",\"name\":\"Guzzo Photos & Graphic Publications\",\"url\":\"https:\\\/\\\/elcanillita.info\\\/press\\\/\",\"logo\":{\"@type\":\"ImageObject\",\"inLanguage\":\"es-AR\",\"@id\":\"https:\\\/\\\/elcanillita.info\\\/press\\\/#\\\/schema\\\/logo\\\/image\\\/\",\"url\":\"https:\\\/\\\/elcanillita.info\\\/press\\\/images\\\/2020\\\/01\\\/cropped-cropped-cropped-elcanillitainfo.png\",\"contentUrl\":\"https:\\\/\\\/elcanillita.info\\\/press\\\/images\\\/2020\\\/01\\\/cropped-cropped-cropped-elcanillitainfo.png\",\"width\":460,\"height\":50,\"caption\":\"Guzzo Photos & Graphic Publications\"},\"image\":{\"@id\":\"https:\\\/\\\/elcanillita.info\\\/press\\\/#\\\/schema\\\/logo\\\/image\\\/\"},\"sameAs\":[\"https:\\\/\\\/ar-ar.facebook.com\\\/ElCanillitainfo-114249515285712\\\/\"]},{\"@type\":\"Person\",\"@id\":\"https:\\\/\\\/elcanillita.info\\\/press\\\/#\\\/schema\\\/person\\\/7fcb79f38045700919f7da6d97e71ba0\",\"name\":\"SalaStampa.eu, world press service\",\"image\":{\"@type\":\"ImageObject\",\"inLanguage\":\"es-AR\",\"@id\":\"https:\\\/\\\/secure.gravatar.com\\\/avatar\\\/c2f0e0d515a107624234994507816ca4724c7199cef73fc8bedebf6931d73888?s=96&d=mm&r=g\",\"url\":\"https:\\\/\\\/secure.gravatar.com\\\/avatar\\\/c2f0e0d515a107624234994507816ca4724c7199cef73fc8bedebf6931d73888?s=96&d=mm&r=g\",\"contentUrl\":\"https:\\\/\\\/secure.gravatar.com\\\/avatar\\\/c2f0e0d515a107624234994507816ca4724c7199cef73fc8bedebf6931d73888?s=96&d=mm&r=g\",\"caption\":\"SalaStampa.eu, world press service\"}}]}<\/script>\n<!-- \/ Yoast SEO plugin. -->","yoast_head_json":{"title":"Oposici\u00f3n dividida en Nicaragua confunde a la poblaci\u00f3n - ElCanillita.Info","robots":{"index":"index","follow":"follow","max-snippet":"max-snippet:-1","max-image-preview":"max-image-preview:large","max-video-preview":"max-video-preview:-1"},"canonical":"https:\/\/elcanillita.info\/press\/2020\/01\/17\/oposicion-dividida-en-nicaragua-confunde-a-la-poblacion\/","og_locale":"es_ES","og_type":"article","og_title":"Oposici\u00f3n dividida en Nicaragua confunde a la poblaci\u00f3n - ElCanillita.Info","og_description":"Managua, 17.01.2020 - Los dos principales bloques pol\u00edticos de oposici\u00f3n en Nicaragua, la Alianza C\u00edvica por la Justicia y la Democracia y la Unidad Nacional Azul y Blanco, anunciaron recientemente una \u201cseparaci\u00f3n de definici\u00f3n de roles\u201d, causando confusi\u00f3n entre los nicarag\u00fcenses que esperan la consolidaci\u00f3n de los grupos opositores a un a\u00f1o del inicio del per\u00edodo electoral.","og_url":"https:\/\/elcanillita.info\/press\/2020\/01\/17\/oposicion-dividida-en-nicaragua-confunde-a-la-poblacion\/","og_site_name":"ElCanillita.Info","article_publisher":"https:\/\/ar-ar.facebook.com\/ElCanillitainfo-114249515285712\/","article_published_time":"2020-01-17T18:23:00+00:00","article_modified_time":"2020-01-17T19:24:14+00:00","author":"SalaStampa.eu, world press service","twitter_card":"summary_large_image","twitter_misc":{"Escrito por":"SalaStampa.eu, world press service","Tiempo de lectura":"2 minutos"},"schema":{"@context":"https:\/\/schema.org","@graph":[{"@type":"Article","@id":"https:\/\/elcanillita.info\/press\/2020\/01\/17\/oposicion-dividida-en-nicaragua-confunde-a-la-poblacion\/#article","isPartOf":{"@id":"https:\/\/elcanillita.info\/press\/2020\/01\/17\/oposicion-dividida-en-nicaragua-confunde-a-la-poblacion\/"},"author":{"name":"SalaStampa.eu, world press service","@id":"https:\/\/elcanillita.info\/press\/#\/schema\/person\/7fcb79f38045700919f7da6d97e71ba0"},"headline":"Oposici\u00f3n dividida en Nicaragua confunde a la poblaci\u00f3n","datePublished":"2020-01-17T18:23:00+00:00","dateModified":"2020-01-17T19:24:14+00:00","mainEntityOfPage":{"@id":"https:\/\/elcanillita.info\/press\/2020\/01\/17\/oposicion-dividida-en-nicaragua-confunde-a-la-poblacion\/"},"wordCount":418,"publisher":{"@id":"https:\/\/elcanillita.info\/press\/#organization"},"keywords":["Nicaragua"],"articleSection":["Am\u00e9rica Central"],"inLanguage":"es-AR"},{"@type":"WebPage","@id":"https:\/\/elcanillita.info\/press\/2020\/01\/17\/oposicion-dividida-en-nicaragua-confunde-a-la-poblacion\/","url":"https:\/\/elcanillita.info\/press\/2020\/01\/17\/oposicion-dividida-en-nicaragua-confunde-a-la-poblacion\/","name":"Oposici\u00f3n dividida en Nicaragua confunde a la poblaci\u00f3n - ElCanillita.Info","isPartOf":{"@id":"https:\/\/elcanillita.info\/press\/#website"},"datePublished":"2020-01-17T18:23:00+00:00","dateModified":"2020-01-17T19:24:14+00:00","inLanguage":"es-AR","potentialAction":[{"@type":"ReadAction","target":["https:\/\/elcanillita.info\/press\/2020\/01\/17\/oposicion-dividida-en-nicaragua-confunde-a-la-poblacion\/"]}]},{"@type":"WebSite","@id":"https:\/\/elcanillita.info\/press\/#website","url":"https:\/\/elcanillita.info\/press\/","name":"ElCanillita.Info","description":"desde los Apeninos a los Andes","publisher":{"@id":"https:\/\/elcanillita.info\/press\/#organization"},"potentialAction":[{"@type":"SearchAction","target":{"@type":"EntryPoint","urlTemplate":"https:\/\/elcanillita.info\/press\/?s={search_term_string}"},"query-input":{"@type":"PropertyValueSpecification","valueRequired":true,"valueName":"search_term_string"}}],"inLanguage":"es-AR"},{"@type":"Organization","@id":"https:\/\/elcanillita.info\/press\/#organization","name":"Guzzo Photos & Graphic Publications","url":"https:\/\/elcanillita.info\/press\/","logo":{"@type":"ImageObject","inLanguage":"es-AR","@id":"https:\/\/elcanillita.info\/press\/#\/schema\/logo\/image\/","url":"https:\/\/elcanillita.info\/press\/images\/2020\/01\/cropped-cropped-cropped-elcanillitainfo.png","contentUrl":"https:\/\/elcanillita.info\/press\/images\/2020\/01\/cropped-cropped-cropped-elcanillitainfo.png","width":460,"height":50,"caption":"Guzzo Photos & Graphic Publications"},"image":{"@id":"https:\/\/elcanillita.info\/press\/#\/schema\/logo\/image\/"},"sameAs":["https:\/\/ar-ar.facebook.com\/ElCanillitainfo-114249515285712\/"]},{"@type":"Person","@id":"https:\/\/elcanillita.info\/press\/#\/schema\/person\/7fcb79f38045700919f7da6d97e71ba0","name":"SalaStampa.eu, world press service","image":{"@type":"ImageObject","inLanguage":"es-AR","@id":"https:\/\/secure.gravatar.com\/avatar\/c2f0e0d515a107624234994507816ca4724c7199cef73fc8bedebf6931d73888?s=96&d=mm&r=g","url":"https:\/\/secure.gravatar.com\/avatar\/c2f0e0d515a107624234994507816ca4724c7199cef73fc8bedebf6931d73888?s=96&d=mm&r=g","contentUrl":"https:\/\/secure.gravatar.com\/avatar\/c2f0e0d515a107624234994507816ca4724c7199cef73fc8bedebf6931d73888?s=96&d=mm&r=g","caption":"SalaStampa.eu, world press service"}}]}},"views":754,"_links":{"self":[{"href":"https:\/\/elcanillita.info\/press\/wp-json\/wp\/v2\/posts\/162","targetHints":{"allow":["GET"]}}],"collection":[{"href":"https:\/\/elcanillita.info\/press\/wp-json\/wp\/v2\/posts"}],"about":[{"href":"https:\/\/elcanillita.info\/press\/wp-json\/wp\/v2\/types\/post"}],"author":[{"embeddable":true,"href":"https:\/\/elcanillita.info\/press\/wp-json\/wp\/v2\/users\/1"}],"replies":[{"embeddable":true,"href":"https:\/\/elcanillita.info\/press\/wp-json\/wp\/v2\/comments?post=162"}],"version-history":[{"count":0,"href":"https:\/\/elcanillita.info\/press\/wp-json\/wp\/v2\/posts\/162\/revisions"}],"wp:attachment":[{"href":"https:\/\/elcanillita.info\/press\/wp-json\/wp\/v2\/media?parent=162"}],"wp:term":[{"taxonomy":"category","embeddable":true,"href":"https:\/\/elcanillita.info\/press\/wp-json\/wp\/v2\/categories?post=162"},{"taxonomy":"post_tag","embeddable":true,"href":"https:\/\/elcanillita.info\/press\/wp-json\/wp\/v2\/tags?post=162"}],"curies":[{"name":"wp","href":"https:\/\/api.w.org\/{rel}","templated":true}]}}