{"id":1613,"date":"2021-05-12T10:01:50","date_gmt":"2021-05-12T13:01:50","guid":{"rendered":"https:\/\/elcanillita.info\/press\/?p=1613"},"modified":"2021-05-12T10:27:26","modified_gmt":"2021-05-12T13:27:26","slug":"pelea-siglo","status":"publish","type":"post","link":"https:\/\/elcanillita.info\/press\/2021\/05\/12\/pelea-siglo\/","title":{"rendered":"La Pelea del Siglo"},"content":{"rendered":"\n<div class=\"wp-block-image\"><figure class=\"aligncenter size-large\"><img loading=\"lazy\" decoding=\"async\" width=\"600\" height=\"400\" src=\"https:\/\/elcanillita.info\/press\/images\/2021\/05\/Salman.jpg\" alt=\"\" class=\"wp-image-1615\" srcset=\"https:\/\/elcanillita.info\/press\/images\/2021\/05\/Salman.jpg 600w, https:\/\/elcanillita.info\/press\/images\/2021\/05\/Salman-300x200.jpg 300w\" sizes=\"auto, (max-width: 600px) 100vw, 600px\" \/><figcaption><small><strong>Mohammed-bin-Salman (MBS)<\/strong><\/small> <\/figcaption><\/figure><\/div>\n\n\n\n<p>Los boxeadores Anthony Joshua y Tyson Fury han acordado sostener la &#8220;pelea del siglo&#8221; en Arabia Saud\u00ed, pero la medida ha consternado a la prometida del periodista asesinado Jamal Khashoggi y a los defensores de los derechos humanos.<\/p>\n\n\n\n<p>A pesar de la posible alternativa de agotar las entradas de Wembley, el promotor Eddie Hearn anunci\u00f3 que se hab\u00eda llegado a un acuerdo para llevar a t\u00e9rmino el encuentro en el &#8220;Rumble in Riyadh&#8221;, por un monto de 107 millones de libras, en agosto.<\/p>\n\n\n\n<p>Hearn pas\u00f3 por alto las repetidas advertencias sobre los derechos humanos y, en su lugar, elogi\u00f3 a los &#8220;fant\u00e1sticos&#8221; organizadores de Oriente Medio.<\/p>\n\n\n\n<p>Joshua, di\u00f3 a entender que, estaba &#8220;muy contento&#8221; con la elecci\u00f3n, habiendo luchado all\u00ed en 2019 contra Andy Ruiz Jnr. &#8220;Creo que no es bueno tener en secreto que la pelea ocurra en Arabia Saudita&#8221;, dijo a Sky Sports, explicando que la primera de un acuerdo de dos peleas se escenificar\u00eda el 7 o el 14 de agosto.<\/p>\n\n\n\n<p>La elecci\u00f3n del lugar se produce despu\u00e9s de semanas de disputas contractuales -el martes por la noche se sugiri\u00f3 de nuevo que el combate podr\u00eda no celebrarse- y tras las repetidas peticiones de los activistas para que se rechace la oferta.<\/p>\n\n\n\n<p>Hatice Cengiz, cuyo futuro marido fue asesinado en el consulado saud\u00ed de Estambul por agentes del Estado en 2018, dijo el mes pasado que el acuerdo es &#8220;vergonzoso&#8221;.<\/p>\n\n\n\n<p>Rodney Dixon QC, su abogado, manifest\u00f3 que el anuncio era &#8220;una noticia muy molesta para mi cliente&#8221; y que el r\u00e9gimen saud\u00ed estaba siendo efectivamente &#8220;recompensado, en lugar de ser llamado por sus escandalosos actos.&#8221; Y a\u00f1adi\u00f3: &#8220;Hatice ha instado a los organizadores a resistir las tentaciones de los grandes premios met\u00e1licos y a defender, en cambio, la justicia. No es demasiado tarde para hacer lo correcto&#8221;.<\/p>\n\n\n\n<p>Amnist\u00eda Internacional volvi\u00f3 a expresar su disgusto, mientras Hearn dec\u00eda que ambos hombres estaban contentos de confiar a los saud\u00edes uno de los mayores combates de la historia del boxeo brit\u00e1nico.<\/p>\n\n\n\n<p>A las pocas horas de que Joshua dijera a Fury que estaba &#8220;cansado de esperar&#8221; en medio de un juego de acusaciones por el retraso, Hearn dijo: &#8220;Desde nuestra perspectiva y la de AJ, estamos listos para empezar&#8221;.<\/p>\n\n\n\n<p>Esa naci\u00f3n, est\u00e1 pagando alrededor de 107 millones de libras esterlinas para organizar la pelea, y cumpli\u00f3 con cada una de sus promesas para realizar la pelea de Joshua contra Ruiz en 2019, insisti\u00f3 Hearn.<\/p>\n\n\n\n<p>El 14 de agosto, cae una semana despu\u00e9s del final de los Juegos Ol\u00edmpicos, y parece ser la fecha m\u00e1s probable del encuentro, aunque si Hearn dijo inicialmente a Sky que el 7 de agosto era posible. &#8220;Desde la perspectiva de Tyson Fury, tienen un par de abogados dispuestos a interferir&#8221;, dijo.<br> <br>Fuentes cercanas a Fury, sugieren que la fecha a\u00fan no est\u00e1 resuelta. El consultor de Joshua ha estado presionando para que se celebre el 14 de agosto, porque Rob McCracken, el principal hombre de su esquina, estar\u00e1 en Tokio la semana anterior como director de rendimiento del equipo ol\u00edmpico de boxeo brit\u00e1nico.<\/p>\n\n\n\n<p>Las fechas se anunciaron justo cuando parec\u00eda que el acuerdo corr\u00eda el riesgo de fracasar. Ha habido reuniones tramite Zoom entre todas las partes y comunicaci\u00f3n entre abogados desde que Bob Arum, el promotor de Fury con sede en Estados Unidos, sugiri\u00f3 que la pelea estaba casi &#8220;muerta en el agua&#8221;.<\/p>\n\n\n\n<p>El diputado Chris Evans, presidente del Grupo Parlamentario de todos los partidos sobre el boxeo, dijo que el Gobierno del Reino Unido hab\u00eda perdido su &#8220;magia&#8221; al no intervenir para asegurar que &#8220;el momento hist\u00f3rico&#8221; se llevara a Wembley.<\/p>\n\n\n\n<p>Por su parte, Kate Allen, directora de Amnist\u00eda Internacional en el Reino Unido, inst\u00f3 a Joshua y a Fury a que al menos condenen el &#8220;atroz historial de derechos humanos&#8221; de ese pa\u00eds.<\/p>\n\n\n\n<p>Dijo que Arabia Saud\u00ed estaba una vez m\u00e1s tratando de desviar el foco de atenci\u00f3n de los medios de comunicaci\u00f3n, del encarcelamiento de activistas como Loujain al-Hathloul, del asesinato de Khashoggi y su bombardeo indiscriminado de civiles en el vecino Yemen. Cuando Anthony Joshua mantuvo su pelea en Arabia Saud\u00ed en 2019 fue decepcionante que eludiera el tema de los derechos humanos, y esta vez esperamos que \u00e9l y su oponente puedan hablar en la preparaci\u00f3n de la pelea, dijo.<\/p>\n\n\n\n<p>El Dr. Andreas Krieg, del King&#8217;s College de Londres y del Real Colegio de Estudios de Defensa, afirm\u00f3 que las v\u00edctimas del r\u00e9gimen saud\u00ed ver\u00edan este acuerdo como un \u00e9xito del Estado para &#8220;encubrir&#8221; sus cr\u00edmenes. &#8220;No se trata s\u00f3lo de codicia o de vender el deporte&#8221;, dijo. &#8220;Se trata de apoyar indirectamente y normalizar un r\u00e9gimen que de ninguna manera se solapa con nuestra \u00e9tica y moral y las leyes de este pa\u00eds&#8221;. Fury a\u00fan no ha respondido.<\/p>\n\n\n\n<p><strong>\u00bfQu\u00e9 quiere realmente Arabia Saud\u00ed del deporte?<\/strong><\/p>\n\n\n\n<p>El \u00e9xito de llevar el combate Joshua-Fury a Arabia Saud\u00ed es una de las incursiones m\u00e1s audaces para un evento deportivo por parte de los patrocinadores de Riad.<\/p>\n\n\n\n<p>Los acad\u00e9micos insisten en que hay un m\u00e9todo detr\u00e1s de la locura de la repentina obsesi\u00f3n deportiva saud\u00ed. <br><br>&#8220;Esto es pan y circo para llenar el espacio de la sociedad civil&#8221;, dice el Dr. Andreas Krieg, del King&#8217;s College de Londres y del Royal College of Defence Studies.<br><br>Las audaces apuestas deportivas son un apaciguamiento dom\u00e9stico en una naci\u00f3n donde el debate pol\u00edtico es potencialmente mortal. &#8220;La esfera p\u00fablica est\u00e1 totalmente consumida por el entretenimiento y el deporte, porque no se permite hablar de cuestiones sociales o pol\u00edticas&#8221;.<\/p>\n\n\n\n<p>Con la c\u00e1rcel y los azotes entre los castigos reportados para los disidentes de Mohammed bin Salman (MBS), el vac\u00edo de las redes sociales se llena con los chismes deportivos y de entretenimiento de los gobernantes del pa\u00eds. El bombo sobre la acogida de la F\u00f3rmula 1 por parte de Arabia Saud\u00ed este a\u00f1o, as\u00ed como un combate previo de Anthony Joshua en Riad, dominaron el di\u00e1logo nacional durante semanas, y los saud\u00edes representan ahora la octava poblaci\u00f3n m\u00e1s grande de usuarios de Twitter a nivel mundial.<\/p>\n\n\n\n<p>Los observadores dicen que la vida en el pa\u00eds es m\u00e1s autoritaria que nunca desde que MBS lleg\u00f3 al poder. El asesinato del periodista del Washington Post Jamal Khashoggi ha sido desastroso para los esfuerzos de MBS por ganarse nuevos aliados occidentales, pero a nivel interno el caso es s\u00f3lo una de las innumerables denuncias de atrocidades contra los derechos humanos.<\/p>\n\n\n\n<p>&#8220;La aplicaci\u00f3n muy estricta de la Sharia simplemente va m\u00e1s all\u00e1 de lo que el Islam pretend\u00eda&#8221;, a\u00f1ade el acad\u00e9mico. &#8220;Se est\u00e1 cortando literalmente las manos y las cabezas de la gente, y la pena capital se utiliza de forma rutinaria contra los menores&#8221;.<\/p>\n\n\n\n<p>La presi\u00f3n sobre MBS tras la elecci\u00f3n de Joe Biden a la Casa Blanca ha llevado a la liberaci\u00f3n de presos de conciencia en las \u00faltimas semanas, pero Krieg dice que no puede haber justificaci\u00f3n moral para llevar una gran lucha a una naci\u00f3n donde los ciudadanos han sido encarcelados s\u00f3lo por hacer campa\u00f1a sobre los derechos de las mujeres a conducir un auto.<\/p>\n\n\n\n<p>&#8220;Estas personas fueron encarceladas porque no puede haber tolerancia alguna a cualquier forma de oposici\u00f3n, a cualquier forma de voces cr\u00edticas, ya sea en l\u00ednea o fuera de ella&#8221;, a\u00f1ade. &#8220;Cuando piensas en Arabia Saud\u00ed siempre pensamos en un pa\u00eds m\u00e1s represivo y autoritario, pero nunca fue tan malo como lo es bajo MBS, porque al menos hab\u00eda alg\u00fan tipo de discurso; ahora es absolutamente tolerancia cero&#8221;.<\/p>\n\n\n\n<p>Adem\u00e1s de ayudar a llenar el vac\u00edo en el debate p\u00fablico, traer el gran deporte a Arabia Saud\u00ed tambi\u00e9n ayuda a MBS a intentar convencer al mundo de que es un actor global. El Fondo de Inversi\u00f3n P\u00fablica saud\u00ed (PIF), se encuentra entre los mayores fondos soberanos del mundo debido al boom del petr\u00f3leo del siglo pasado, con unos activos totales estimados en casi 300.000 millones de libras. Se ha convertido en una de las llamadas &#8220;huchas&#8221; para MBS, que al parecer extrajo fondos directamente de \u00e9l para a\u00f1adirlos al bote total del anterior combate de Joshua en Riad contra Andy Ruiz Jr.<\/p>\n\n\n\n<p><strong>\u00bfQu\u00e9 m\u00e1s est\u00e1 motivando la adquisici\u00f3n deportiva saud\u00ed?<\/strong><\/p>\n\n\n\n<p>Gran parte de la competitividad de MBS proviene de un ojo de &#8220;Keeping up with the Jones&#8217;s&#8221; (latiguillo que hace referencia a la comparaci\u00f3n con el vecino) sobre el progreso de sus contempor\u00e1neos en Qatar y Emiratos \u00c1rabes Unidos. Uno tiene la Copa del Mundo, el otro es due\u00f1o del Manchester City. <br><br>En cambio, la baza de MBS es su extraordinaria ambici\u00f3n de construir un equivalente de Dubai desde cero: el desarrollo Neom de 10.230 millas cuadradas que podr\u00eda costar 400.000 millones de libras. Los brillantes materiales de marketing sugieren que la ciudad podr\u00eda convertirse alg\u00fan d\u00eda en un importante centro deportivo internacional, quiz\u00e1s con una competici\u00f3n deportiva internacional, pero los observadores, de nuevo, son esc\u00e9pticos.<\/p>\n\n\n\n<p>El Dr. Krieg afirma que los avances en el emplazamiento se limitan actualmente a un aeropuerto y poco m\u00e1s, mientras aumentan las dudas sobre la estabilidad de las perspectivas financieras de Arabia Saud\u00ed a largo plazo, con la inestabilidad de los precios del petr\u00f3leo. &#8220;Nadie tiene cifras reales sobre el desempleo, pero \u00e9ste supera el 25% entre los j\u00f3venes de 18 a 35 a\u00f1os&#8221;, afirma.<\/p>\n\n\n\n<p>Bill Law, analista de Oriente Medio y editor de Arab Digest, afirma que gran parte de la Visi\u00f3n 2030 de MBS -una dr\u00e1stica remodelaci\u00f3n de la econom\u00eda y la sociedad saud\u00edes- depender\u00e1 del deporte como &#8220;gran parte de esa agenda&#8221;.<\/p>\n\n\n\n<p>La ambici\u00f3n promete animar a las mujeres al deporte, creando 40.000 nuevos puestos de trabajo, pero ha justificado efectivamente a las autoridades en el uso del PIF (Public Investment Fund &#8211; Fondo de Inversi\u00f3n P\u00fablica) para perseguir al Newcastle, la F1, y ahora potencialmente presentando una oferta de m\u00e1s de 100 millones de libras para la pelea Fury-Joshua.<\/p>\n\n\n\n<p>&#8220;MBS tomar\u00e1 cualquier cosa que pueda conseguir porque le da una imagen mucho mejor y alimenta su narrativa de que Arabia Saudita est\u00e1 abierta y cambiando, volvi\u00e9ndose moderada&#8221;, dice Law.<\/p>\n\n\n\n<p>&#8220;Ha tenido mucho \u00e9xito en atraer a los deportes. S\u00ed, no me sorprender\u00eda ver que las Grandes Ligas de B\u00e9isbol tambi\u00e9n tienen una serie de exhibici\u00f3n. Es demasiado irresistible para estas grandes entidades deportivas&#8221;.<\/p>\n\n\n\n<p>El combate Joshua-Fury o, incluso, los intentos de financiar la controvertida escapada del golf, no servir\u00e1n de mucho para beneficiar al creciente n\u00famero de desempleados, explica Law. &#8220;Por mucho que estos eventos deportivos sean populares entre los j\u00f3venes saud\u00edes, la mayor\u00eda de ellos, francamente, no pueden permitirse ir a ellos porque no tienen trabajo&#8221;, afirma.<\/p>\n\n\n\n<p>&#8220;Tiene que ofrecer m\u00e1s de un mill\u00f3n de puestos de trabajo, y no da se\u00f1ales de hacerlo. Los j\u00f3venes saud\u00edes no pueden casarse porque no pueden permitirse acceder a la vivienda. As\u00ed que mientras trae todos estos grandes eventos deportivos y gasta enormemente en Neom, no se hace lo b\u00e1sico. Y creo que cuanto m\u00e1s tiempo pase, y cuanto m\u00e1s se reduzcan los ingresos del petr\u00f3leo, m\u00e1s dif\u00edcil ser\u00e1 para \u00e9l. Ah\u00ed es donde vuelve a ser \u00fatil el lavado de cara al deporte&#8221;.<br><br><small>PanPress.eu  \/ SalaStampa.eu &#8211; ElCanillita.info &#8211;  Informaci\u00f3n de dominio p\u00fablico<\/small><\/p>\n","protected":false},"excerpt":{"rendered":"<p>Anthony Joshua y Tyson Fury han acordado sostener su &#8220;pelea del siglo&#8221; en Arabia Saud\u00ed, pero la medida ha consternado a la prometida del periodista asesinado Jamal Khashoggi y a los defensores de los derechos humanos.<\/p>\n","protected":false},"author":1,"featured_media":1614,"comment_status":"closed","ping_status":"closed","sticky":false,"template":"","format":"standard","meta":{"footnotes":"","_links_to":"","_links_to_target":""},"categories":[70,15,26],"tags":[],"class_list":["post-1613","post","type-post","status-publish","format-standard","has-post-thumbnail","hentry","category-actualidad","category-medio-oriente","category-sport","entry","double"],"yoast_head":"<!-- This site is optimized with the Yoast SEO plugin v27.4 - https:\/\/yoast.com\/product\/yoast-seo-wordpress\/ -->\n<title>La Pelea del Siglo - ElCanillita.Info<\/title>\n<meta name=\"robots\" content=\"index, follow, max-snippet:-1, max-image-preview:large, max-video-preview:-1\" \/>\n<link rel=\"canonical\" href=\"https:\/\/elcanillita.info\/press\/2021\/05\/12\/pelea-siglo\/\" \/>\n<meta property=\"og:locale\" content=\"es_ES\" \/>\n<meta property=\"og:type\" content=\"article\" \/>\n<meta property=\"og:title\" content=\"La Pelea del Siglo - ElCanillita.Info\" \/>\n<meta property=\"og:description\" content=\"Anthony Joshua y Tyson Fury han acordado sostener su &quot;pelea del siglo&quot; en Arabia Saud\u00ed, pero la medida ha consternado a la prometida del periodista asesinado Jamal Khashoggi y a los defensores de los derechos humanos.\" \/>\n<meta property=\"og:url\" content=\"https:\/\/elcanillita.info\/press\/2021\/05\/12\/pelea-siglo\/\" \/>\n<meta property=\"og:site_name\" content=\"ElCanillita.Info\" \/>\n<meta property=\"article:publisher\" content=\"https:\/\/ar-ar.facebook.com\/ElCanillitainfo-114249515285712\/\" \/>\n<meta property=\"article:published_time\" content=\"2021-05-12T13:01:50+00:00\" \/>\n<meta property=\"article:modified_time\" content=\"2021-05-12T13:27:26+00:00\" \/>\n<meta property=\"og:image\" content=\"https:\/\/elcanillita.info\/press\/images\/2021\/05\/kashoggi.jpg\" \/>\n\t<meta property=\"og:image:width\" content=\"600\" \/>\n\t<meta property=\"og:image:height\" content=\"400\" \/>\n\t<meta property=\"og:image:type\" content=\"image\/jpeg\" \/>\n<meta name=\"author\" content=\"SalaStampa.eu, world press service\" \/>\n<meta name=\"twitter:card\" content=\"summary_large_image\" \/>\n<meta name=\"twitter:label1\" content=\"Escrito por\" \/>\n\t<meta name=\"twitter:data1\" content=\"SalaStampa.eu, world press service\" \/>\n\t<meta name=\"twitter:label2\" content=\"Tiempo de lectura\" \/>\n\t<meta name=\"twitter:data2\" content=\"9 minutos\" \/>\n<script type=\"application\/ld+json\" class=\"yoast-schema-graph\">{\"@context\":\"https:\\\/\\\/schema.org\",\"@graph\":[{\"@type\":\"Article\",\"@id\":\"https:\\\/\\\/elcanillita.info\\\/press\\\/2021\\\/05\\\/12\\\/pelea-siglo\\\/#article\",\"isPartOf\":{\"@id\":\"https:\\\/\\\/elcanillita.info\\\/press\\\/2021\\\/05\\\/12\\\/pelea-siglo\\\/\"},\"author\":{\"name\":\"SalaStampa.eu, world press service\",\"@id\":\"https:\\\/\\\/elcanillita.info\\\/press\\\/#\\\/schema\\\/person\\\/7fcb79f38045700919f7da6d97e71ba0\"},\"headline\":\"La Pelea del Siglo\",\"datePublished\":\"2021-05-12T13:01:50+00:00\",\"dateModified\":\"2021-05-12T13:27:26+00:00\",\"mainEntityOfPage\":{\"@id\":\"https:\\\/\\\/elcanillita.info\\\/press\\\/2021\\\/05\\\/12\\\/pelea-siglo\\\/\"},\"wordCount\":1969,\"publisher\":{\"@id\":\"https:\\\/\\\/elcanillita.info\\\/press\\\/#organization\"},\"image\":{\"@id\":\"https:\\\/\\\/elcanillita.info\\\/press\\\/2021\\\/05\\\/12\\\/pelea-siglo\\\/#primaryimage\"},\"thumbnailUrl\":\"https:\\\/\\\/elcanillita.info\\\/press\\\/images\\\/2021\\\/05\\\/kashoggi.jpg\",\"articleSection\":[\"Actualidad\",\"Medio Oriente\",\"Sport\"],\"inLanguage\":\"es-AR\"},{\"@type\":\"WebPage\",\"@id\":\"https:\\\/\\\/elcanillita.info\\\/press\\\/2021\\\/05\\\/12\\\/pelea-siglo\\\/\",\"url\":\"https:\\\/\\\/elcanillita.info\\\/press\\\/2021\\\/05\\\/12\\\/pelea-siglo\\\/\",\"name\":\"La Pelea del Siglo - ElCanillita.Info\",\"isPartOf\":{\"@id\":\"https:\\\/\\\/elcanillita.info\\\/press\\\/#website\"},\"primaryImageOfPage\":{\"@id\":\"https:\\\/\\\/elcanillita.info\\\/press\\\/2021\\\/05\\\/12\\\/pelea-siglo\\\/#primaryimage\"},\"image\":{\"@id\":\"https:\\\/\\\/elcanillita.info\\\/press\\\/2021\\\/05\\\/12\\\/pelea-siglo\\\/#primaryimage\"},\"thumbnailUrl\":\"https:\\\/\\\/elcanillita.info\\\/press\\\/images\\\/2021\\\/05\\\/kashoggi.jpg\",\"datePublished\":\"2021-05-12T13:01:50+00:00\",\"dateModified\":\"2021-05-12T13:27:26+00:00\",\"inLanguage\":\"es-AR\",\"potentialAction\":[{\"@type\":\"ReadAction\",\"target\":[\"https:\\\/\\\/elcanillita.info\\\/press\\\/2021\\\/05\\\/12\\\/pelea-siglo\\\/\"]}]},{\"@type\":\"ImageObject\",\"inLanguage\":\"es-AR\",\"@id\":\"https:\\\/\\\/elcanillita.info\\\/press\\\/2021\\\/05\\\/12\\\/pelea-siglo\\\/#primaryimage\",\"url\":\"https:\\\/\\\/elcanillita.info\\\/press\\\/images\\\/2021\\\/05\\\/kashoggi.jpg\",\"contentUrl\":\"https:\\\/\\\/elcanillita.info\\\/press\\\/images\\\/2021\\\/05\\\/kashoggi.jpg\",\"width\":600,\"height\":400,\"caption\":\"En la foto, el periodista asesinado Jamal Khashoggi\"},{\"@type\":\"WebSite\",\"@id\":\"https:\\\/\\\/elcanillita.info\\\/press\\\/#website\",\"url\":\"https:\\\/\\\/elcanillita.info\\\/press\\\/\",\"name\":\"ElCanillita.Info\",\"description\":\"desde los Apeninos a los Andes\",\"publisher\":{\"@id\":\"https:\\\/\\\/elcanillita.info\\\/press\\\/#organization\"},\"potentialAction\":[{\"@type\":\"SearchAction\",\"target\":{\"@type\":\"EntryPoint\",\"urlTemplate\":\"https:\\\/\\\/elcanillita.info\\\/press\\\/?s={search_term_string}\"},\"query-input\":{\"@type\":\"PropertyValueSpecification\",\"valueRequired\":true,\"valueName\":\"search_term_string\"}}],\"inLanguage\":\"es-AR\"},{\"@type\":\"Organization\",\"@id\":\"https:\\\/\\\/elcanillita.info\\\/press\\\/#organization\",\"name\":\"Guzzo Photos & Graphic Publications\",\"url\":\"https:\\\/\\\/elcanillita.info\\\/press\\\/\",\"logo\":{\"@type\":\"ImageObject\",\"inLanguage\":\"es-AR\",\"@id\":\"https:\\\/\\\/elcanillita.info\\\/press\\\/#\\\/schema\\\/logo\\\/image\\\/\",\"url\":\"https:\\\/\\\/elcanillita.info\\\/press\\\/images\\\/2020\\\/01\\\/cropped-cropped-cropped-elcanillitainfo.png\",\"contentUrl\":\"https:\\\/\\\/elcanillita.info\\\/press\\\/images\\\/2020\\\/01\\\/cropped-cropped-cropped-elcanillitainfo.png\",\"width\":460,\"height\":50,\"caption\":\"Guzzo Photos & Graphic Publications\"},\"image\":{\"@id\":\"https:\\\/\\\/elcanillita.info\\\/press\\\/#\\\/schema\\\/logo\\\/image\\\/\"},\"sameAs\":[\"https:\\\/\\\/ar-ar.facebook.com\\\/ElCanillitainfo-114249515285712\\\/\"]},{\"@type\":\"Person\",\"@id\":\"https:\\\/\\\/elcanillita.info\\\/press\\\/#\\\/schema\\\/person\\\/7fcb79f38045700919f7da6d97e71ba0\",\"name\":\"SalaStampa.eu, world press service\",\"image\":{\"@type\":\"ImageObject\",\"inLanguage\":\"es-AR\",\"@id\":\"https:\\\/\\\/secure.gravatar.com\\\/avatar\\\/c2f0e0d515a107624234994507816ca4724c7199cef73fc8bedebf6931d73888?s=96&d=mm&r=g\",\"url\":\"https:\\\/\\\/secure.gravatar.com\\\/avatar\\\/c2f0e0d515a107624234994507816ca4724c7199cef73fc8bedebf6931d73888?s=96&d=mm&r=g\",\"contentUrl\":\"https:\\\/\\\/secure.gravatar.com\\\/avatar\\\/c2f0e0d515a107624234994507816ca4724c7199cef73fc8bedebf6931d73888?s=96&d=mm&r=g\",\"caption\":\"SalaStampa.eu, world press service\"}}]}<\/script>\n<!-- \/ Yoast SEO plugin. -->","yoast_head_json":{"title":"La Pelea del Siglo - ElCanillita.Info","robots":{"index":"index","follow":"follow","max-snippet":"max-snippet:-1","max-image-preview":"max-image-preview:large","max-video-preview":"max-video-preview:-1"},"canonical":"https:\/\/elcanillita.info\/press\/2021\/05\/12\/pelea-siglo\/","og_locale":"es_ES","og_type":"article","og_title":"La Pelea del Siglo - ElCanillita.Info","og_description":"Anthony Joshua y Tyson Fury han acordado sostener su \"pelea del siglo\" en Arabia Saud\u00ed, pero la medida ha consternado a la prometida del periodista asesinado Jamal Khashoggi y a los defensores de los derechos humanos.","og_url":"https:\/\/elcanillita.info\/press\/2021\/05\/12\/pelea-siglo\/","og_site_name":"ElCanillita.Info","article_publisher":"https:\/\/ar-ar.facebook.com\/ElCanillitainfo-114249515285712\/","article_published_time":"2021-05-12T13:01:50+00:00","article_modified_time":"2021-05-12T13:27:26+00:00","og_image":[{"width":600,"height":400,"url":"https:\/\/elcanillita.info\/press\/images\/2021\/05\/kashoggi.jpg","type":"image\/jpeg"}],"author":"SalaStampa.eu, world press service","twitter_card":"summary_large_image","twitter_misc":{"Escrito por":"SalaStampa.eu, world press service","Tiempo de lectura":"9 minutos"},"schema":{"@context":"https:\/\/schema.org","@graph":[{"@type":"Article","@id":"https:\/\/elcanillita.info\/press\/2021\/05\/12\/pelea-siglo\/#article","isPartOf":{"@id":"https:\/\/elcanillita.info\/press\/2021\/05\/12\/pelea-siglo\/"},"author":{"name":"SalaStampa.eu, world press service","@id":"https:\/\/elcanillita.info\/press\/#\/schema\/person\/7fcb79f38045700919f7da6d97e71ba0"},"headline":"La Pelea del Siglo","datePublished":"2021-05-12T13:01:50+00:00","dateModified":"2021-05-12T13:27:26+00:00","mainEntityOfPage":{"@id":"https:\/\/elcanillita.info\/press\/2021\/05\/12\/pelea-siglo\/"},"wordCount":1969,"publisher":{"@id":"https:\/\/elcanillita.info\/press\/#organization"},"image":{"@id":"https:\/\/elcanillita.info\/press\/2021\/05\/12\/pelea-siglo\/#primaryimage"},"thumbnailUrl":"https:\/\/elcanillita.info\/press\/images\/2021\/05\/kashoggi.jpg","articleSection":["Actualidad","Medio Oriente","Sport"],"inLanguage":"es-AR"},{"@type":"WebPage","@id":"https:\/\/elcanillita.info\/press\/2021\/05\/12\/pelea-siglo\/","url":"https:\/\/elcanillita.info\/press\/2021\/05\/12\/pelea-siglo\/","name":"La Pelea del Siglo - ElCanillita.Info","isPartOf":{"@id":"https:\/\/elcanillita.info\/press\/#website"},"primaryImageOfPage":{"@id":"https:\/\/elcanillita.info\/press\/2021\/05\/12\/pelea-siglo\/#primaryimage"},"image":{"@id":"https:\/\/elcanillita.info\/press\/2021\/05\/12\/pelea-siglo\/#primaryimage"},"thumbnailUrl":"https:\/\/elcanillita.info\/press\/images\/2021\/05\/kashoggi.jpg","datePublished":"2021-05-12T13:01:50+00:00","dateModified":"2021-05-12T13:27:26+00:00","inLanguage":"es-AR","potentialAction":[{"@type":"ReadAction","target":["https:\/\/elcanillita.info\/press\/2021\/05\/12\/pelea-siglo\/"]}]},{"@type":"ImageObject","inLanguage":"es-AR","@id":"https:\/\/elcanillita.info\/press\/2021\/05\/12\/pelea-siglo\/#primaryimage","url":"https:\/\/elcanillita.info\/press\/images\/2021\/05\/kashoggi.jpg","contentUrl":"https:\/\/elcanillita.info\/press\/images\/2021\/05\/kashoggi.jpg","width":600,"height":400,"caption":"En la foto, el periodista asesinado Jamal Khashoggi"},{"@type":"WebSite","@id":"https:\/\/elcanillita.info\/press\/#website","url":"https:\/\/elcanillita.info\/press\/","name":"ElCanillita.Info","description":"desde los Apeninos a los Andes","publisher":{"@id":"https:\/\/elcanillita.info\/press\/#organization"},"potentialAction":[{"@type":"SearchAction","target":{"@type":"EntryPoint","urlTemplate":"https:\/\/elcanillita.info\/press\/?s={search_term_string}"},"query-input":{"@type":"PropertyValueSpecification","valueRequired":true,"valueName":"search_term_string"}}],"inLanguage":"es-AR"},{"@type":"Organization","@id":"https:\/\/elcanillita.info\/press\/#organization","name":"Guzzo Photos & Graphic Publications","url":"https:\/\/elcanillita.info\/press\/","logo":{"@type":"ImageObject","inLanguage":"es-AR","@id":"https:\/\/elcanillita.info\/press\/#\/schema\/logo\/image\/","url":"https:\/\/elcanillita.info\/press\/images\/2020\/01\/cropped-cropped-cropped-elcanillitainfo.png","contentUrl":"https:\/\/elcanillita.info\/press\/images\/2020\/01\/cropped-cropped-cropped-elcanillitainfo.png","width":460,"height":50,"caption":"Guzzo Photos & Graphic Publications"},"image":{"@id":"https:\/\/elcanillita.info\/press\/#\/schema\/logo\/image\/"},"sameAs":["https:\/\/ar-ar.facebook.com\/ElCanillitainfo-114249515285712\/"]},{"@type":"Person","@id":"https:\/\/elcanillita.info\/press\/#\/schema\/person\/7fcb79f38045700919f7da6d97e71ba0","name":"SalaStampa.eu, world press service","image":{"@type":"ImageObject","inLanguage":"es-AR","@id":"https:\/\/secure.gravatar.com\/avatar\/c2f0e0d515a107624234994507816ca4724c7199cef73fc8bedebf6931d73888?s=96&d=mm&r=g","url":"https:\/\/secure.gravatar.com\/avatar\/c2f0e0d515a107624234994507816ca4724c7199cef73fc8bedebf6931d73888?s=96&d=mm&r=g","contentUrl":"https:\/\/secure.gravatar.com\/avatar\/c2f0e0d515a107624234994507816ca4724c7199cef73fc8bedebf6931d73888?s=96&d=mm&r=g","caption":"SalaStampa.eu, world press service"}}]}},"views":623,"_links":{"self":[{"href":"https:\/\/elcanillita.info\/press\/wp-json\/wp\/v2\/posts\/1613","targetHints":{"allow":["GET"]}}],"collection":[{"href":"https:\/\/elcanillita.info\/press\/wp-json\/wp\/v2\/posts"}],"about":[{"href":"https:\/\/elcanillita.info\/press\/wp-json\/wp\/v2\/types\/post"}],"author":[{"embeddable":true,"href":"https:\/\/elcanillita.info\/press\/wp-json\/wp\/v2\/users\/1"}],"replies":[{"embeddable":true,"href":"https:\/\/elcanillita.info\/press\/wp-json\/wp\/v2\/comments?post=1613"}],"version-history":[{"count":0,"href":"https:\/\/elcanillita.info\/press\/wp-json\/wp\/v2\/posts\/1613\/revisions"}],"wp:featuredmedia":[{"embeddable":true,"href":"https:\/\/elcanillita.info\/press\/wp-json\/wp\/v2\/media\/1614"}],"wp:attachment":[{"href":"https:\/\/elcanillita.info\/press\/wp-json\/wp\/v2\/media?parent=1613"}],"wp:term":[{"taxonomy":"category","embeddable":true,"href":"https:\/\/elcanillita.info\/press\/wp-json\/wp\/v2\/categories?post=1613"},{"taxonomy":"post_tag","embeddable":true,"href":"https:\/\/elcanillita.info\/press\/wp-json\/wp\/v2\/tags?post=1613"}],"curies":[{"name":"wp","href":"https:\/\/api.w.org\/{rel}","templated":true}]}}