{"id":1610,"date":"2021-05-10T11:53:06","date_gmt":"2021-05-10T14:53:06","guid":{"rendered":"https:\/\/elcanillita.info\/press\/?p=1610"},"modified":"2021-05-10T11:53:08","modified_gmt":"2021-05-10T14:53:08","slug":"ue-contrato-astrazeneca-vacuna-pfizer","status":"publish","type":"post","link":"https:\/\/elcanillita.info\/press\/2021\/05\/10\/ue-contrato-astrazeneca-vacuna-pfizer\/","title":{"rendered":"La UE no renovar\u00e1 el contrato con AstraZeneca y se inclina por la vacuna de Pfizer"},"content":{"rendered":"\n<div class=\"wp-block-image\"><figure class=\"alignleft size-large\"><img loading=\"lazy\" decoding=\"async\" width=\"600\" height=\"375\" src=\"https:\/\/elcanillita.info\/press\/images\/2021\/05\/vac1.jpg\" alt=\"\" class=\"wp-image-1611\" srcset=\"https:\/\/elcanillita.info\/press\/images\/2021\/05\/vac1.jpg 600w, https:\/\/elcanillita.info\/press\/images\/2021\/05\/vac1-300x188.jpg 300w\" sizes=\"auto, (max-width: 600px) 100vw, 600px\" \/><figcaption><small><strong>Una enfermera sostiene una ampolla de la vacuna COVID-19 de Pfizer-BioNTech<\/strong><\/small><\/figcaption><\/figure><\/div>\n\n\n\n<p> La Comisi\u00f3n Europea no renovar\u00e1 su pedido de vacunas de AstraZeneca cuando expire este verano, en medio de disputas legales por cuestiones de suministro y un giro hacia el jab de Pfizer.<\/p>\n\n\n\n<p>&#8220;No hemos renovado el contrato m\u00e1s all\u00e1 del mes de junio&#8221;, declar\u00f3 a la radio francesa Thierry Breton, comisario europeo de Mercado Interior.<\/p>\n\n\n\n<p><strong>&#8220;Se est\u00e1 por ver si lo hacemos&#8221;.<\/strong><\/p>\n\n\n\n<p>Esto no significa necesariamente el fin de las relaciones de la UE con la empresa brit\u00e1nico-sueca, a\u00f1adi\u00f3: &#8220;No est\u00e1 hecho. Hay que esperar y ver&#8221;.<\/p>\n\n\n\n<p>En un principio, la UE quer\u00eda utilizar el f\u00e1rmaco de AstraZeneca como principal motor de su campa\u00f1a de vacunaci\u00f3n, con el cual se podr\u00eda haber activado una cl\u00e1usula para 100 millones de dosis adicionales.<\/p>\n\n\n\n<p>Pero el alejamiento de la vacuna no es inesperado dadas las tensas relaciones entre la UE y la farmac\u00e9utica anglosueca en los \u00faltimos meses.<\/p>\n\n\n\n<p>El mes pasado, la Comisi\u00f3n emprendi\u00f3 acciones legales contra AstraZeneca por no respetar su contrato de suministro de vacunas Covid-19 y por no tener un plan &#8220;fiable&#8221; para garantizar las entregas a tiempo.<\/p>\n\n\n\n<p>La Comisi\u00f3n afirma que AstraZeneca parece que s\u00f3lo entregar\u00e1 un tercio de los 300 millones de dosis que hab\u00eda prometido para junio.<\/p>\n\n\n\n<p>La confianza del p\u00fablico en la inyecci\u00f3n de AstraZeneca tambi\u00e9n se ha visto afectada por la preocupaci\u00f3n de que, en algunos casos raros, pueda causar co\u00e1gulos de sangre en el cerebro.<\/p>\n\n\n\n<p>El regulador europeo de los medicamentos dijo el viernes que est\u00e1 revisando los informes sobre un raro trastorno que degenera los nervios en personas que recibieron las inyecciones.<\/p>\n\n\n\n<p>Algunos pa\u00edses de la UE han restringido su uso a las personas mayores, a pesar de que la agencia de medicamentos del bloque insiste en que los beneficios de la inyecci\u00f3n son mayores que los riesgos.<\/p>\n\n\n\n<p>La UE pretende ahora utilizar la vacuna m\u00e1s cara de Pfizer-BioNTech para la mayor parte de su programa de vacunaci\u00f3n.<\/p>\n\n\n\n<p>Ursula von der Leyen, presidenta de la Comisi\u00f3n, ha se\u00f1alado su preferencia por las vacunas de ARNm como la de Pfizer, que funcionan de forma diferente a la de AstraZeneca.<\/p>\n\n\n\n<p>El s\u00e1bado, la Comisi\u00f3n acord\u00f3 una enorme ampliaci\u00f3n del contrato para un potencial de 1.800 millones de dosis de la vacuna de BioNTech\/Pfizer de aqu\u00ed al 2023.<\/p>\n\n\n\n<p>La Sra. von der Leyen dijo que su oficina ha aprobado un contrato para una garant\u00eda de 900 millones de dosis con el mismo n\u00famero de dosis como opci\u00f3n futura.<\/p>\n\n\n\n<p>En contraste con AstraZeneca, la Sra. von der Leyen ha dicho que Pfizer-BioNTech es un socio fiable que cumple sus compromisos.<\/p>\n\n\n\n<p>La Comisi\u00f3n ya ha conseguido 600 millones de dosis de Pfizer, que forman parte de una cartera de 2.600 millones de dosis de media docena de empresas.<\/p>\n\n\n\n<p>El nuevo acuerdo, que cuenta con el respaldo un\u00e1nime de los 27 pa\u00edses miembros de la UE, supondr\u00e1 no s\u00f3lo la producci\u00f3n de las vacunas, sino que tambi\u00e9n se asegurar\u00e1 de que todos los componentes esenciales se obtengan en la UE.<\/p>\n\n\n\n<p>Se espera que Pfizer suministre 250 millones de dosis en toda la UE durante el segundo trimestre de este a\u00f1o, ya que los 27 pa\u00edses pretenden cumplir el objetivo de vacunar al 70% de los adultos para julio.<\/p>\n\n\n\n<p>La UE espera que el contrato ampliado le ayude a proporcionar las dosis de refuerzo necesarias a las personas que ya han recibido una dosis de la vacuna, alargando las campa\u00f1as de vacunaci\u00f3n para incluir a ni\u00f1os y adolescentes y a abordar posibles nuevas variantes del virus.<\/p>\n\n\n\n<p>El enorme n\u00famero de dosis &#8211; 1.800 millones de dosis para un bloque de 450 millones de residentes &#8211; ofrecer\u00e1 muchas opciones, dijo von der Leyen en una cumbre de la UE celebrada el s\u00e1bado en Portugal.<\/p>\n\n\n\n<p>&#8220;Esto incluye la posibilidad de que los Estados miembros donen o revendan las dosis&#8221; a un precio m\u00e1s bajo para ayudar a las naciones vecinas o m\u00e1s lejanas, dijo.<\/p>\n\n\n\n<p>Hasta ahora, la UE ha puesto a disposici\u00f3n de sus 450 millones de habitantes unos 200 millones de dosis, mientras que casi la misma cantidad se ha exportado desde el bloque, seg\u00fan von der Leyen.<br><br>\n <small>Copyright \u00a9 2021 ElCanillita.info &#8211; PanPress.Eu \/SalaStampa.Eu &#8211; All Rights Reserved<\/small> <\/p>\n","protected":false},"excerpt":{"rendered":"<p>Los problemas de abastecimiento, las discusiones p\u00fablicas y la preocupaci\u00f3n por los co\u00e1gulos sangu\u00edneos han llevado a la UE a dejar de lado la vacuna anglosueca y a buscar en otra parte.<\/p>\n","protected":false},"author":1,"featured_media":1612,"comment_status":"closed","ping_status":"closed","sticky":false,"template":"","format":"standard","meta":{"footnotes":"","_links_to":"","_links_to_target":""},"categories":[70,24,5,78,25],"tags":[],"class_list":["post-1610","post","type-post","status-publish","format-standard","has-post-thumbnail","hentry","category-actualidad","category-ciencia-tecnologia","category-europa","category-sanidad","category-sociedad","entry","double"],"yoast_head":"<!-- This site is optimized with the Yoast SEO plugin v27.4 - https:\/\/yoast.com\/product\/yoast-seo-wordpress\/ -->\n<title>La UE no renovar\u00e1 el contrato con AstraZeneca y se inclina por la vacuna de Pfizer - ElCanillita.Info<\/title>\n<meta name=\"robots\" content=\"index, follow, max-snippet:-1, max-image-preview:large, max-video-preview:-1\" \/>\n<link rel=\"canonical\" href=\"https:\/\/elcanillita.info\/press\/2021\/05\/10\/ue-contrato-astrazeneca-vacuna-pfizer\/\" \/>\n<meta property=\"og:locale\" content=\"es_ES\" \/>\n<meta property=\"og:type\" content=\"article\" \/>\n<meta property=\"og:title\" content=\"La UE no renovar\u00e1 el contrato con AstraZeneca y se inclina por la vacuna de Pfizer - ElCanillita.Info\" \/>\n<meta property=\"og:description\" content=\"Los problemas de abastecimiento, las discusiones p\u00fablicas y la preocupaci\u00f3n por los co\u00e1gulos sangu\u00edneos han llevado a la UE a dejar de lado la vacuna anglosueca y a buscar en otra parte.\" \/>\n<meta property=\"og:url\" content=\"https:\/\/elcanillita.info\/press\/2021\/05\/10\/ue-contrato-astrazeneca-vacuna-pfizer\/\" \/>\n<meta property=\"og:site_name\" content=\"ElCanillita.Info\" \/>\n<meta property=\"article:publisher\" content=\"https:\/\/ar-ar.facebook.com\/ElCanillitainfo-114249515285712\/\" \/>\n<meta property=\"article:published_time\" content=\"2021-05-10T14:53:06+00:00\" \/>\n<meta property=\"article:modified_time\" content=\"2021-05-10T14:53:08+00:00\" \/>\n<meta property=\"og:image\" content=\"https:\/\/elcanillita.info\/press\/images\/2021\/05\/vac2.jpg\" \/>\n\t<meta property=\"og:image:width\" content=\"600\" \/>\n\t<meta property=\"og:image:height\" content=\"375\" \/>\n\t<meta property=\"og:image:type\" content=\"image\/jpeg\" \/>\n<meta name=\"author\" content=\"SalaStampa.eu, world press service\" \/>\n<meta name=\"twitter:card\" content=\"summary_large_image\" \/>\n<meta name=\"twitter:label1\" content=\"Escrito por\" \/>\n\t<meta name=\"twitter:data1\" content=\"SalaStampa.eu, world press service\" \/>\n\t<meta name=\"twitter:label2\" content=\"Tiempo de lectura\" \/>\n\t<meta name=\"twitter:data2\" content=\"4 minutos\" \/>\n<script type=\"application\/ld+json\" class=\"yoast-schema-graph\">{\"@context\":\"https:\\\/\\\/schema.org\",\"@graph\":[{\"@type\":\"Article\",\"@id\":\"https:\\\/\\\/elcanillita.info\\\/press\\\/2021\\\/05\\\/10\\\/ue-contrato-astrazeneca-vacuna-pfizer\\\/#article\",\"isPartOf\":{\"@id\":\"https:\\\/\\\/elcanillita.info\\\/press\\\/2021\\\/05\\\/10\\\/ue-contrato-astrazeneca-vacuna-pfizer\\\/\"},\"author\":{\"name\":\"SalaStampa.eu, world press service\",\"@id\":\"https:\\\/\\\/elcanillita.info\\\/press\\\/#\\\/schema\\\/person\\\/7fcb79f38045700919f7da6d97e71ba0\"},\"headline\":\"La UE no renovar\u00e1 el contrato con AstraZeneca y se inclina por la vacuna de Pfizer\",\"datePublished\":\"2021-05-10T14:53:06+00:00\",\"dateModified\":\"2021-05-10T14:53:08+00:00\",\"mainEntityOfPage\":{\"@id\":\"https:\\\/\\\/elcanillita.info\\\/press\\\/2021\\\/05\\\/10\\\/ue-contrato-astrazeneca-vacuna-pfizer\\\/\"},\"wordCount\":751,\"publisher\":{\"@id\":\"https:\\\/\\\/elcanillita.info\\\/press\\\/#organization\"},\"image\":{\"@id\":\"https:\\\/\\\/elcanillita.info\\\/press\\\/2021\\\/05\\\/10\\\/ue-contrato-astrazeneca-vacuna-pfizer\\\/#primaryimage\"},\"thumbnailUrl\":\"https:\\\/\\\/elcanillita.info\\\/press\\\/images\\\/2021\\\/05\\\/vac2.jpg\",\"articleSection\":[\"Actualidad\",\"Ciencia y Tecnologia\",\"Europa\",\"Sanidad\",\"Sociedad\"],\"inLanguage\":\"es-AR\"},{\"@type\":\"WebPage\",\"@id\":\"https:\\\/\\\/elcanillita.info\\\/press\\\/2021\\\/05\\\/10\\\/ue-contrato-astrazeneca-vacuna-pfizer\\\/\",\"url\":\"https:\\\/\\\/elcanillita.info\\\/press\\\/2021\\\/05\\\/10\\\/ue-contrato-astrazeneca-vacuna-pfizer\\\/\",\"name\":\"La UE no renovar\u00e1 el contrato con AstraZeneca y se inclina por la vacuna de Pfizer - ElCanillita.Info\",\"isPartOf\":{\"@id\":\"https:\\\/\\\/elcanillita.info\\\/press\\\/#website\"},\"primaryImageOfPage\":{\"@id\":\"https:\\\/\\\/elcanillita.info\\\/press\\\/2021\\\/05\\\/10\\\/ue-contrato-astrazeneca-vacuna-pfizer\\\/#primaryimage\"},\"image\":{\"@id\":\"https:\\\/\\\/elcanillita.info\\\/press\\\/2021\\\/05\\\/10\\\/ue-contrato-astrazeneca-vacuna-pfizer\\\/#primaryimage\"},\"thumbnailUrl\":\"https:\\\/\\\/elcanillita.info\\\/press\\\/images\\\/2021\\\/05\\\/vac2.jpg\",\"datePublished\":\"2021-05-10T14:53:06+00:00\",\"dateModified\":\"2021-05-10T14:53:08+00:00\",\"inLanguage\":\"es-AR\",\"potentialAction\":[{\"@type\":\"ReadAction\",\"target\":[\"https:\\\/\\\/elcanillita.info\\\/press\\\/2021\\\/05\\\/10\\\/ue-contrato-astrazeneca-vacuna-pfizer\\\/\"]}]},{\"@type\":\"ImageObject\",\"inLanguage\":\"es-AR\",\"@id\":\"https:\\\/\\\/elcanillita.info\\\/press\\\/2021\\\/05\\\/10\\\/ue-contrato-astrazeneca-vacuna-pfizer\\\/#primaryimage\",\"url\":\"https:\\\/\\\/elcanillita.info\\\/press\\\/images\\\/2021\\\/05\\\/vac2.jpg\",\"contentUrl\":\"https:\\\/\\\/elcanillita.info\\\/press\\\/images\\\/2021\\\/05\\\/vac2.jpg\",\"width\":600,\"height\":375},{\"@type\":\"WebSite\",\"@id\":\"https:\\\/\\\/elcanillita.info\\\/press\\\/#website\",\"url\":\"https:\\\/\\\/elcanillita.info\\\/press\\\/\",\"name\":\"ElCanillita.Info\",\"description\":\"desde los Apeninos a los Andes\",\"publisher\":{\"@id\":\"https:\\\/\\\/elcanillita.info\\\/press\\\/#organization\"},\"potentialAction\":[{\"@type\":\"SearchAction\",\"target\":{\"@type\":\"EntryPoint\",\"urlTemplate\":\"https:\\\/\\\/elcanillita.info\\\/press\\\/?s={search_term_string}\"},\"query-input\":{\"@type\":\"PropertyValueSpecification\",\"valueRequired\":true,\"valueName\":\"search_term_string\"}}],\"inLanguage\":\"es-AR\"},{\"@type\":\"Organization\",\"@id\":\"https:\\\/\\\/elcanillita.info\\\/press\\\/#organization\",\"name\":\"Guzzo Photos & Graphic Publications\",\"url\":\"https:\\\/\\\/elcanillita.info\\\/press\\\/\",\"logo\":{\"@type\":\"ImageObject\",\"inLanguage\":\"es-AR\",\"@id\":\"https:\\\/\\\/elcanillita.info\\\/press\\\/#\\\/schema\\\/logo\\\/image\\\/\",\"url\":\"https:\\\/\\\/elcanillita.info\\\/press\\\/images\\\/2020\\\/01\\\/cropped-cropped-cropped-elcanillitainfo.png\",\"contentUrl\":\"https:\\\/\\\/elcanillita.info\\\/press\\\/images\\\/2020\\\/01\\\/cropped-cropped-cropped-elcanillitainfo.png\",\"width\":460,\"height\":50,\"caption\":\"Guzzo Photos & Graphic Publications\"},\"image\":{\"@id\":\"https:\\\/\\\/elcanillita.info\\\/press\\\/#\\\/schema\\\/logo\\\/image\\\/\"},\"sameAs\":[\"https:\\\/\\\/ar-ar.facebook.com\\\/ElCanillitainfo-114249515285712\\\/\"]},{\"@type\":\"Person\",\"@id\":\"https:\\\/\\\/elcanillita.info\\\/press\\\/#\\\/schema\\\/person\\\/7fcb79f38045700919f7da6d97e71ba0\",\"name\":\"SalaStampa.eu, world press service\",\"image\":{\"@type\":\"ImageObject\",\"inLanguage\":\"es-AR\",\"@id\":\"https:\\\/\\\/secure.gravatar.com\\\/avatar\\\/c2f0e0d515a107624234994507816ca4724c7199cef73fc8bedebf6931d73888?s=96&d=mm&r=g\",\"url\":\"https:\\\/\\\/secure.gravatar.com\\\/avatar\\\/c2f0e0d515a107624234994507816ca4724c7199cef73fc8bedebf6931d73888?s=96&d=mm&r=g\",\"contentUrl\":\"https:\\\/\\\/secure.gravatar.com\\\/avatar\\\/c2f0e0d515a107624234994507816ca4724c7199cef73fc8bedebf6931d73888?s=96&d=mm&r=g\",\"caption\":\"SalaStampa.eu, world press service\"}}]}<\/script>\n<!-- \/ Yoast SEO plugin. -->","yoast_head_json":{"title":"La UE no renovar\u00e1 el contrato con AstraZeneca y se inclina por la vacuna de Pfizer - ElCanillita.Info","robots":{"index":"index","follow":"follow","max-snippet":"max-snippet:-1","max-image-preview":"max-image-preview:large","max-video-preview":"max-video-preview:-1"},"canonical":"https:\/\/elcanillita.info\/press\/2021\/05\/10\/ue-contrato-astrazeneca-vacuna-pfizer\/","og_locale":"es_ES","og_type":"article","og_title":"La UE no renovar\u00e1 el contrato con AstraZeneca y se inclina por la vacuna de Pfizer - ElCanillita.Info","og_description":"Los problemas de abastecimiento, las discusiones p\u00fablicas y la preocupaci\u00f3n por los co\u00e1gulos sangu\u00edneos han llevado a la UE a dejar de lado la vacuna anglosueca y a buscar en otra parte.","og_url":"https:\/\/elcanillita.info\/press\/2021\/05\/10\/ue-contrato-astrazeneca-vacuna-pfizer\/","og_site_name":"ElCanillita.Info","article_publisher":"https:\/\/ar-ar.facebook.com\/ElCanillitainfo-114249515285712\/","article_published_time":"2021-05-10T14:53:06+00:00","article_modified_time":"2021-05-10T14:53:08+00:00","og_image":[{"width":600,"height":375,"url":"https:\/\/elcanillita.info\/press\/images\/2021\/05\/vac2.jpg","type":"image\/jpeg"}],"author":"SalaStampa.eu, world press service","twitter_card":"summary_large_image","twitter_misc":{"Escrito por":"SalaStampa.eu, world press service","Tiempo de lectura":"4 minutos"},"schema":{"@context":"https:\/\/schema.org","@graph":[{"@type":"Article","@id":"https:\/\/elcanillita.info\/press\/2021\/05\/10\/ue-contrato-astrazeneca-vacuna-pfizer\/#article","isPartOf":{"@id":"https:\/\/elcanillita.info\/press\/2021\/05\/10\/ue-contrato-astrazeneca-vacuna-pfizer\/"},"author":{"name":"SalaStampa.eu, world press service","@id":"https:\/\/elcanillita.info\/press\/#\/schema\/person\/7fcb79f38045700919f7da6d97e71ba0"},"headline":"La UE no renovar\u00e1 el contrato con AstraZeneca y se inclina por la vacuna de Pfizer","datePublished":"2021-05-10T14:53:06+00:00","dateModified":"2021-05-10T14:53:08+00:00","mainEntityOfPage":{"@id":"https:\/\/elcanillita.info\/press\/2021\/05\/10\/ue-contrato-astrazeneca-vacuna-pfizer\/"},"wordCount":751,"publisher":{"@id":"https:\/\/elcanillita.info\/press\/#organization"},"image":{"@id":"https:\/\/elcanillita.info\/press\/2021\/05\/10\/ue-contrato-astrazeneca-vacuna-pfizer\/#primaryimage"},"thumbnailUrl":"https:\/\/elcanillita.info\/press\/images\/2021\/05\/vac2.jpg","articleSection":["Actualidad","Ciencia y Tecnologia","Europa","Sanidad","Sociedad"],"inLanguage":"es-AR"},{"@type":"WebPage","@id":"https:\/\/elcanillita.info\/press\/2021\/05\/10\/ue-contrato-astrazeneca-vacuna-pfizer\/","url":"https:\/\/elcanillita.info\/press\/2021\/05\/10\/ue-contrato-astrazeneca-vacuna-pfizer\/","name":"La UE no renovar\u00e1 el contrato con AstraZeneca y se inclina por la vacuna de Pfizer - ElCanillita.Info","isPartOf":{"@id":"https:\/\/elcanillita.info\/press\/#website"},"primaryImageOfPage":{"@id":"https:\/\/elcanillita.info\/press\/2021\/05\/10\/ue-contrato-astrazeneca-vacuna-pfizer\/#primaryimage"},"image":{"@id":"https:\/\/elcanillita.info\/press\/2021\/05\/10\/ue-contrato-astrazeneca-vacuna-pfizer\/#primaryimage"},"thumbnailUrl":"https:\/\/elcanillita.info\/press\/images\/2021\/05\/vac2.jpg","datePublished":"2021-05-10T14:53:06+00:00","dateModified":"2021-05-10T14:53:08+00:00","inLanguage":"es-AR","potentialAction":[{"@type":"ReadAction","target":["https:\/\/elcanillita.info\/press\/2021\/05\/10\/ue-contrato-astrazeneca-vacuna-pfizer\/"]}]},{"@type":"ImageObject","inLanguage":"es-AR","@id":"https:\/\/elcanillita.info\/press\/2021\/05\/10\/ue-contrato-astrazeneca-vacuna-pfizer\/#primaryimage","url":"https:\/\/elcanillita.info\/press\/images\/2021\/05\/vac2.jpg","contentUrl":"https:\/\/elcanillita.info\/press\/images\/2021\/05\/vac2.jpg","width":600,"height":375},{"@type":"WebSite","@id":"https:\/\/elcanillita.info\/press\/#website","url":"https:\/\/elcanillita.info\/press\/","name":"ElCanillita.Info","description":"desde los Apeninos a los Andes","publisher":{"@id":"https:\/\/elcanillita.info\/press\/#organization"},"potentialAction":[{"@type":"SearchAction","target":{"@type":"EntryPoint","urlTemplate":"https:\/\/elcanillita.info\/press\/?s={search_term_string}"},"query-input":{"@type":"PropertyValueSpecification","valueRequired":true,"valueName":"search_term_string"}}],"inLanguage":"es-AR"},{"@type":"Organization","@id":"https:\/\/elcanillita.info\/press\/#organization","name":"Guzzo Photos & Graphic Publications","url":"https:\/\/elcanillita.info\/press\/","logo":{"@type":"ImageObject","inLanguage":"es-AR","@id":"https:\/\/elcanillita.info\/press\/#\/schema\/logo\/image\/","url":"https:\/\/elcanillita.info\/press\/images\/2020\/01\/cropped-cropped-cropped-elcanillitainfo.png","contentUrl":"https:\/\/elcanillita.info\/press\/images\/2020\/01\/cropped-cropped-cropped-elcanillitainfo.png","width":460,"height":50,"caption":"Guzzo Photos & Graphic Publications"},"image":{"@id":"https:\/\/elcanillita.info\/press\/#\/schema\/logo\/image\/"},"sameAs":["https:\/\/ar-ar.facebook.com\/ElCanillitainfo-114249515285712\/"]},{"@type":"Person","@id":"https:\/\/elcanillita.info\/press\/#\/schema\/person\/7fcb79f38045700919f7da6d97e71ba0","name":"SalaStampa.eu, world press service","image":{"@type":"ImageObject","inLanguage":"es-AR","@id":"https:\/\/secure.gravatar.com\/avatar\/c2f0e0d515a107624234994507816ca4724c7199cef73fc8bedebf6931d73888?s=96&d=mm&r=g","url":"https:\/\/secure.gravatar.com\/avatar\/c2f0e0d515a107624234994507816ca4724c7199cef73fc8bedebf6931d73888?s=96&d=mm&r=g","contentUrl":"https:\/\/secure.gravatar.com\/avatar\/c2f0e0d515a107624234994507816ca4724c7199cef73fc8bedebf6931d73888?s=96&d=mm&r=g","caption":"SalaStampa.eu, world press service"}}]}},"views":634,"_links":{"self":[{"href":"https:\/\/elcanillita.info\/press\/wp-json\/wp\/v2\/posts\/1610","targetHints":{"allow":["GET"]}}],"collection":[{"href":"https:\/\/elcanillita.info\/press\/wp-json\/wp\/v2\/posts"}],"about":[{"href":"https:\/\/elcanillita.info\/press\/wp-json\/wp\/v2\/types\/post"}],"author":[{"embeddable":true,"href":"https:\/\/elcanillita.info\/press\/wp-json\/wp\/v2\/users\/1"}],"replies":[{"embeddable":true,"href":"https:\/\/elcanillita.info\/press\/wp-json\/wp\/v2\/comments?post=1610"}],"version-history":[{"count":0,"href":"https:\/\/elcanillita.info\/press\/wp-json\/wp\/v2\/posts\/1610\/revisions"}],"wp:featuredmedia":[{"embeddable":true,"href":"https:\/\/elcanillita.info\/press\/wp-json\/wp\/v2\/media\/1612"}],"wp:attachment":[{"href":"https:\/\/elcanillita.info\/press\/wp-json\/wp\/v2\/media?parent=1610"}],"wp:term":[{"taxonomy":"category","embeddable":true,"href":"https:\/\/elcanillita.info\/press\/wp-json\/wp\/v2\/categories?post=1610"},{"taxonomy":"post_tag","embeddable":true,"href":"https:\/\/elcanillita.info\/press\/wp-json\/wp\/v2\/tags?post=1610"}],"curies":[{"name":"wp","href":"https:\/\/api.w.org\/{rel}","templated":true}]}}