{"id":1605,"date":"2021-05-06T22:13:22","date_gmt":"2021-05-07T01:13:22","guid":{"rendered":"https:\/\/elcanillita.info\/press\/?p=1605"},"modified":"2023-04-07T07:17:33","modified_gmt":"2023-04-07T10:17:33","slug":"el-pueblo-frances-es-el-mejor-aliado-del-reino-unido","status":"publish","type":"post","link":"https:\/\/elcanillita.info\/press\/2021\/05\/06\/el-pueblo-frances-es-el-mejor-aliado-del-reino-unido\/","title":{"rendered":"El pueblo franc\u00e9s es el mejor aliado del Reino Unido"},"content":{"rendered":"\n<div class=\"wp-block-image\"><figure class=\"alignleft size-large\"><img loading=\"lazy\" decoding=\"async\" width=\"600\" height=\"374\" src=\"https:\/\/elcanillita.info\/press\/images\/2021\/05\/Napoleon.jpg\" alt=\"\" class=\"wp-image-1607\" srcset=\"https:\/\/elcanillita.info\/press\/images\/2021\/05\/Napoleon.jpg 600w, https:\/\/elcanillita.info\/press\/images\/2021\/05\/Napoleon-300x187.jpg 300w\" sizes=\"auto, (max-width: 600px) 100vw, 600px\" \/><\/figure><\/div>\n\n\n\n<p>El Presidente franc\u00e9s Emmanuel Macron ha tomado por costumbre de amenazar con bloquear el suministro de energ\u00eda al Reino Unido, cada vez que hay una disputa sobre el Brexit.<\/p>\n\n\n\n<p>Utiliza las interconexiones el\u00e9ctricas a trav\u00e9s del Canal de la Mancha, de la misma manera que Vladimir Putin ha utilizado los gasoductos de Gazprom, para acosar a Ucrania o a los Estados b\u00e1lticos.<\/p>\n\n\n\n<p>Macron anunci\u00f3 a los medios de comunicaci\u00f3n franceses en octubre, que reducir\u00eda los flujos de energ\u00eda al Reino Unido si los pescadores franceses no recib\u00edan mayores cuotas en aguas brit\u00e1nicas.<\/p>\n\n\n\n<p>Luego engatus\u00f3 a Bruselas para que siguiera la misma l\u00ednea en las \u00faltimas semanas de las conversaciones del Brexit, a\u00f1adiendo entonces una vinculaci\u00f3n expl\u00edcita a las cl\u00e1usulas de igualdad de condiciones en el proyecto de acuerdo del Brexit. Desde entonces, el objetivo es la peque\u00f1a Jersey.<\/p>\n\n\n\n<p>Pero las amenazas son risibles. Un corte de electricidad causar\u00eda inconvenientes a Jersey, pero Gran Breta\u00f1a podr\u00eda contrarrestar cualquier bloqueo energ\u00e9tico m\u00e1s amplio, por ejemplo, cambiando a gas natural licuado de Qatar o Estados Unidos, o utilizando carb\u00f3n in extremis.<\/p>\n\n\n\n<p>EDF, la compa\u00f1\u00eda el\u00e9ctrica estatal francesa, perder\u00eda una cuota de mercado que no puede permitirse, porque Francia renunciar\u00eda a una importante fuente de ingresos de exportaci\u00f3n.<\/p>\n\n\n\n<p>El Reino Unido importa a precios de buen mercado el 9 por ciento de su energ\u00eda, a trav\u00e9s de las interconexiones de Francia, B\u00e9lgica y Holanda, pero tal hecho, no constituye una dependencia cr\u00edtica.<\/p>\n\n\n\n<p>De todos modos, el panorama ser\u00e1 diferente en 2030, a medida que el Reino Unido despliegue su amplia expansi\u00f3n de la energ\u00eda e\u00f3lica marina y avance hacia la autosuficiencia energ\u00e9tica neta. Probablemente tales flujos ir\u00e1n en sentido contrario.  <\/p>\n\n\n\n<p>Sin embargo, el uso de la guerra energ\u00e9tica que hace Macron para salirse con la suya, tiene otros aspectos importantes. No es compatible con la \u00edntima relaci\u00f3n de defensa y seguridad del Reino Unido con Francia, posiblemente la alianza operativa m\u00e1s exitosa de Europa occidental.<\/p>\n\n\n\n<p>La disputa, es obviamente una se\u00f1al de intenci\u00f3n, pero contiene elementos de considerar porque podrian empeorar. Cuanto m\u00e1s tiempo se siga d\u00e1ndole cuerda, mayor ser\u00e1 el riesgo de una ruptura fundamental en las relaciones anglo-francesas.<\/p>\n\n\n\n<p>Se esta produciendo una ruptura, pero a\u00fan no se ha llegado a ella.  Si Boris Johnson ignora las provocaciones, y retira las ca\u00f1oneras, probablemente podr\u00e1 ver la lenta desaparici\u00f3n de la presidencia de Macron. Los brit\u00e1nicos tienen decenas de millones de aliados entre los franceses. Ellos tampoco lo soportan. Y muchos de ellos se vengar\u00e1n en las elecciones del pr\u00f3ximo mes de mayo.<br><br>Macron ha quemado sus puentes con la izquierda y con los ecologistas. M\u00e1s de 40 de sus propios diputados han abandonado el partido &#8220;En Marche&#8221; por traici\u00f3n ideol\u00f3gica. Su propio n\u00famero dos, Pierre Person, dimiti\u00f3 a finales del a\u00f1o pasado, diciendo que el movimiento ya no representaba nada. Es s\u00f3lo un veh\u00edculo para un hombre, sin ra\u00edces org\u00e1nicas en las regiones.<\/p>\n\n\n\n<p>Ya no hay posibilidad de repetir la falsa perspectiva de 2017, cuando Macron se lanz\u00f3 como un outsider populista soi disant -aunque como un banquero de Enarque y Rothschild, financiado por las \u00e9lites parisinas- y logr\u00f3 atravesar el espectro pol\u00edtico, con elegantes bromitas para todos.<\/p>\n\n\n\n<p>Ha tratado de compensar la p\u00e9rdida de la izquierda pescando votos cada vez m\u00e1s a la derecha. Su ministro del Interior, G\u00e9rald Darmanin, ha acusado a Marine Le Pen de ser &#8220;blanda&#8221; con la inmigraci\u00f3n, la ley y el orden, un giro sorprendente que ha legitimado a la l\u00edder del Frente Nacional y destruido instant\u00e1neamente su imagen.<\/p>\n\n\n\n<p>&#8220;La izquierda odia tanto a Macron que prefiere abstenerse antes que votarle en la segunda vuelta, incluso contra Le Pen. Realmente creo que podr\u00eda perder&#8221;, dijo Charles Grant, del Centro para la Reforma Europea.<\/p>\n\n\n\n<p>El travestismo derechista del presidente no ha dado nada hasta ahora. El apoyo a Le Pen ha subido ocho puntos, hasta el 34%, o hasta el 44% en una segunda vuelta contra Macron, si llega hasta ah\u00ed. Igual de importante -aunque menos reportado en Gran Breta\u00f1a- es la fragmentaci\u00f3n del abarrotado campo del centro-derecha.<\/p>\n\n\n\n<p>El presidente de la regi\u00f3n Hauts de France, Xavier Betrand ha subido en popularidad un 15 por ciento, aprovechando la repugnancia contra la arrogancia del Presidente y recordando a todo el mundo que el n\u00famero de muertos por Covid en Francia sigue siendo la de un Airbus A320 cada d\u00eda, porque la vacunaci\u00f3n masiva lleg\u00f3 con tres meses de retraso.<\/p>\n\n\n\n<p>Macron se vio obligado a un tercer cierre en abril, despu\u00e9s de haber reabierto prematuramente, desafiando a sus consejeros cient\u00edficos. Dif\u00edcilmente puede esperar un rebrote de popularidad en la reapertura.<\/p>\n\n\n\n<p>La disputa brit\u00e1nica no es con Francia, es con Macron y su m\u00e9todo de gobierno para jugar la carta nacionalista y buscar pelea con los brit\u00e1nicos siempre que sea posible. Lo hace porque su presidencia se resquebraja y su equipo interno piensa que los &#8220;Roast beef&#8221; son un blanco f\u00e1cil.<\/p>\n\n\n\n<p>Aunque haya depositado coronas de flores en la tumba de Napole\u00f3n esta semana, lo que anhela es el prestigio reflejado de Charles de Gaulle, hasta el punto de a\u00f1adir la her\u00e1ldica Croix de Lorraine al escudo del El\u00edseo detr\u00e1s de su escritorio.<\/p>\n\n\n\n<p>Los franceses no toman del todo en serio sus posturas.  Esperemos que los ingleses tampoco.<br><br><small>Copyright \u00a9 2021 ElCanillita.info &#8211; PanPress.Eu \/ SalaStampa.Eu- All Rights Reserved<\/small>  <\/p>\n","protected":false},"excerpt":{"rendered":"<p>Boris Johnson deber\u00eda ignorar las provocaciones, retirar las ca\u00f1oneras y apostar por la lenta desaparici\u00f3n de la presidencia de Macron.<\/p>\n","protected":false},"author":1,"featured_media":1606,"comment_status":"closed","ping_status":"closed","sticky":false,"template":"","format":"standard","meta":{"footnotes":"","_links_to":"","_links_to_target":""},"categories":[70,20,23,116,115],"tags":[80],"class_list":["post-1605","post","type-post","status-publish","format-standard","has-post-thumbnail","hentry","category-actualidad","category-economia","category-politica","category-united-kingdom","category-union-europea","tag-francia","entry","double"],"yoast_head":"<!-- This site is optimized with the Yoast SEO plugin v27.4 - https:\/\/yoast.com\/product\/yoast-seo-wordpress\/ -->\n<title>El pueblo franc\u00e9s es el mejor aliado del Reino Unido - ElCanillita.Info<\/title>\n<meta name=\"robots\" content=\"index, follow, max-snippet:-1, max-image-preview:large, max-video-preview:-1\" \/>\n<link rel=\"canonical\" href=\"https:\/\/elcanillita.info\/press\/2021\/05\/06\/el-pueblo-frances-es-el-mejor-aliado-del-reino-unido\/\" \/>\n<meta property=\"og:locale\" content=\"es_ES\" \/>\n<meta property=\"og:type\" content=\"article\" \/>\n<meta property=\"og:title\" content=\"El pueblo franc\u00e9s es el mejor aliado del Reino Unido - ElCanillita.Info\" \/>\n<meta property=\"og:description\" content=\"Boris Johnson deber\u00eda ignorar las provocaciones, retirar las ca\u00f1oneras y apostar por la lenta desaparici\u00f3n de la presidencia de Macron.\" \/>\n<meta property=\"og:url\" content=\"https:\/\/elcanillita.info\/press\/2021\/05\/06\/el-pueblo-frances-es-el-mejor-aliado-del-reino-unido\/\" \/>\n<meta property=\"og:site_name\" content=\"ElCanillita.Info\" \/>\n<meta property=\"article:publisher\" content=\"https:\/\/ar-ar.facebook.com\/ElCanillitainfo-114249515285712\/\" \/>\n<meta property=\"article:published_time\" content=\"2021-05-07T01:13:22+00:00\" \/>\n<meta property=\"article:modified_time\" content=\"2023-04-07T10:17:33+00:00\" \/>\n<meta property=\"og:image\" content=\"https:\/\/elcanillita.info\/press\/images\/2021\/05\/macrjhon.jpg\" \/>\n\t<meta property=\"og:image:width\" content=\"600\" \/>\n\t<meta property=\"og:image:height\" content=\"375\" \/>\n\t<meta property=\"og:image:type\" content=\"image\/jpeg\" \/>\n<meta name=\"author\" content=\"SalaStampa.eu, world press service\" \/>\n<meta name=\"twitter:card\" content=\"summary_large_image\" \/>\n<meta name=\"twitter:label1\" content=\"Escrito por\" \/>\n\t<meta name=\"twitter:data1\" content=\"SalaStampa.eu, world press service\" \/>\n\t<meta name=\"twitter:label2\" content=\"Tiempo de lectura\" \/>\n\t<meta name=\"twitter:data2\" content=\"5 minutos\" \/>\n<script type=\"application\/ld+json\" class=\"yoast-schema-graph\">{\"@context\":\"https:\\\/\\\/schema.org\",\"@graph\":[{\"@type\":\"Article\",\"@id\":\"https:\\\/\\\/elcanillita.info\\\/press\\\/2021\\\/05\\\/06\\\/el-pueblo-frances-es-el-mejor-aliado-del-reino-unido\\\/#article\",\"isPartOf\":{\"@id\":\"https:\\\/\\\/elcanillita.info\\\/press\\\/2021\\\/05\\\/06\\\/el-pueblo-frances-es-el-mejor-aliado-del-reino-unido\\\/\"},\"author\":{\"name\":\"SalaStampa.eu, world press service\",\"@id\":\"https:\\\/\\\/elcanillita.info\\\/press\\\/#\\\/schema\\\/person\\\/7fcb79f38045700919f7da6d97e71ba0\"},\"headline\":\"El pueblo franc\u00e9s es el mejor aliado del Reino Unido\",\"datePublished\":\"2021-05-07T01:13:22+00:00\",\"dateModified\":\"2023-04-07T10:17:33+00:00\",\"mainEntityOfPage\":{\"@id\":\"https:\\\/\\\/elcanillita.info\\\/press\\\/2021\\\/05\\\/06\\\/el-pueblo-frances-es-el-mejor-aliado-del-reino-unido\\\/\"},\"wordCount\":966,\"publisher\":{\"@id\":\"https:\\\/\\\/elcanillita.info\\\/press\\\/#organization\"},\"image\":{\"@id\":\"https:\\\/\\\/elcanillita.info\\\/press\\\/2021\\\/05\\\/06\\\/el-pueblo-frances-es-el-mejor-aliado-del-reino-unido\\\/#primaryimage\"},\"thumbnailUrl\":\"https:\\\/\\\/elcanillita.info\\\/press\\\/images\\\/2021\\\/05\\\/macrjhon.jpg\",\"keywords\":[\"Francia\"],\"articleSection\":[\"Actualidad\",\"Economia\",\"Politica\",\"Reino Unido\",\"UE\"],\"inLanguage\":\"es-AR\"},{\"@type\":\"WebPage\",\"@id\":\"https:\\\/\\\/elcanillita.info\\\/press\\\/2021\\\/05\\\/06\\\/el-pueblo-frances-es-el-mejor-aliado-del-reino-unido\\\/\",\"url\":\"https:\\\/\\\/elcanillita.info\\\/press\\\/2021\\\/05\\\/06\\\/el-pueblo-frances-es-el-mejor-aliado-del-reino-unido\\\/\",\"name\":\"El pueblo franc\u00e9s es el mejor aliado del Reino Unido - ElCanillita.Info\",\"isPartOf\":{\"@id\":\"https:\\\/\\\/elcanillita.info\\\/press\\\/#website\"},\"primaryImageOfPage\":{\"@id\":\"https:\\\/\\\/elcanillita.info\\\/press\\\/2021\\\/05\\\/06\\\/el-pueblo-frances-es-el-mejor-aliado-del-reino-unido\\\/#primaryimage\"},\"image\":{\"@id\":\"https:\\\/\\\/elcanillita.info\\\/press\\\/2021\\\/05\\\/06\\\/el-pueblo-frances-es-el-mejor-aliado-del-reino-unido\\\/#primaryimage\"},\"thumbnailUrl\":\"https:\\\/\\\/elcanillita.info\\\/press\\\/images\\\/2021\\\/05\\\/macrjhon.jpg\",\"datePublished\":\"2021-05-07T01:13:22+00:00\",\"dateModified\":\"2023-04-07T10:17:33+00:00\",\"inLanguage\":\"es-AR\",\"potentialAction\":[{\"@type\":\"ReadAction\",\"target\":[\"https:\\\/\\\/elcanillita.info\\\/press\\\/2021\\\/05\\\/06\\\/el-pueblo-frances-es-el-mejor-aliado-del-reino-unido\\\/\"]}]},{\"@type\":\"ImageObject\",\"inLanguage\":\"es-AR\",\"@id\":\"https:\\\/\\\/elcanillita.info\\\/press\\\/2021\\\/05\\\/06\\\/el-pueblo-frances-es-el-mejor-aliado-del-reino-unido\\\/#primaryimage\",\"url\":\"https:\\\/\\\/elcanillita.info\\\/press\\\/images\\\/2021\\\/05\\\/macrjhon.jpg\",\"contentUrl\":\"https:\\\/\\\/elcanillita.info\\\/press\\\/images\\\/2021\\\/05\\\/macrjhon.jpg\",\"width\":600,\"height\":375},{\"@type\":\"WebSite\",\"@id\":\"https:\\\/\\\/elcanillita.info\\\/press\\\/#website\",\"url\":\"https:\\\/\\\/elcanillita.info\\\/press\\\/\",\"name\":\"ElCanillita.Info\",\"description\":\"desde los Apeninos a los Andes\",\"publisher\":{\"@id\":\"https:\\\/\\\/elcanillita.info\\\/press\\\/#organization\"},\"potentialAction\":[{\"@type\":\"SearchAction\",\"target\":{\"@type\":\"EntryPoint\",\"urlTemplate\":\"https:\\\/\\\/elcanillita.info\\\/press\\\/?s={search_term_string}\"},\"query-input\":{\"@type\":\"PropertyValueSpecification\",\"valueRequired\":true,\"valueName\":\"search_term_string\"}}],\"inLanguage\":\"es-AR\"},{\"@type\":\"Organization\",\"@id\":\"https:\\\/\\\/elcanillita.info\\\/press\\\/#organization\",\"name\":\"Guzzo Photos & Graphic Publications\",\"url\":\"https:\\\/\\\/elcanillita.info\\\/press\\\/\",\"logo\":{\"@type\":\"ImageObject\",\"inLanguage\":\"es-AR\",\"@id\":\"https:\\\/\\\/elcanillita.info\\\/press\\\/#\\\/schema\\\/logo\\\/image\\\/\",\"url\":\"https:\\\/\\\/elcanillita.info\\\/press\\\/images\\\/2020\\\/01\\\/cropped-cropped-cropped-elcanillitainfo.png\",\"contentUrl\":\"https:\\\/\\\/elcanillita.info\\\/press\\\/images\\\/2020\\\/01\\\/cropped-cropped-cropped-elcanillitainfo.png\",\"width\":460,\"height\":50,\"caption\":\"Guzzo Photos & Graphic Publications\"},\"image\":{\"@id\":\"https:\\\/\\\/elcanillita.info\\\/press\\\/#\\\/schema\\\/logo\\\/image\\\/\"},\"sameAs\":[\"https:\\\/\\\/ar-ar.facebook.com\\\/ElCanillitainfo-114249515285712\\\/\"]},{\"@type\":\"Person\",\"@id\":\"https:\\\/\\\/elcanillita.info\\\/press\\\/#\\\/schema\\\/person\\\/7fcb79f38045700919f7da6d97e71ba0\",\"name\":\"SalaStampa.eu, world press service\",\"image\":{\"@type\":\"ImageObject\",\"inLanguage\":\"es-AR\",\"@id\":\"https:\\\/\\\/secure.gravatar.com\\\/avatar\\\/c2f0e0d515a107624234994507816ca4724c7199cef73fc8bedebf6931d73888?s=96&d=mm&r=g\",\"url\":\"https:\\\/\\\/secure.gravatar.com\\\/avatar\\\/c2f0e0d515a107624234994507816ca4724c7199cef73fc8bedebf6931d73888?s=96&d=mm&r=g\",\"contentUrl\":\"https:\\\/\\\/secure.gravatar.com\\\/avatar\\\/c2f0e0d515a107624234994507816ca4724c7199cef73fc8bedebf6931d73888?s=96&d=mm&r=g\",\"caption\":\"SalaStampa.eu, world press service\"}}]}<\/script>\n<!-- \/ Yoast SEO plugin. -->","yoast_head_json":{"title":"El pueblo franc\u00e9s es el mejor aliado del Reino Unido - ElCanillita.Info","robots":{"index":"index","follow":"follow","max-snippet":"max-snippet:-1","max-image-preview":"max-image-preview:large","max-video-preview":"max-video-preview:-1"},"canonical":"https:\/\/elcanillita.info\/press\/2021\/05\/06\/el-pueblo-frances-es-el-mejor-aliado-del-reino-unido\/","og_locale":"es_ES","og_type":"article","og_title":"El pueblo franc\u00e9s es el mejor aliado del Reino Unido - ElCanillita.Info","og_description":"Boris Johnson deber\u00eda ignorar las provocaciones, retirar las ca\u00f1oneras y apostar por la lenta desaparici\u00f3n de la presidencia de Macron.","og_url":"https:\/\/elcanillita.info\/press\/2021\/05\/06\/el-pueblo-frances-es-el-mejor-aliado-del-reino-unido\/","og_site_name":"ElCanillita.Info","article_publisher":"https:\/\/ar-ar.facebook.com\/ElCanillitainfo-114249515285712\/","article_published_time":"2021-05-07T01:13:22+00:00","article_modified_time":"2023-04-07T10:17:33+00:00","og_image":[{"width":600,"height":375,"url":"https:\/\/elcanillita.info\/press\/images\/2021\/05\/macrjhon.jpg","type":"image\/jpeg"}],"author":"SalaStampa.eu, world press service","twitter_card":"summary_large_image","twitter_misc":{"Escrito por":"SalaStampa.eu, world press service","Tiempo de lectura":"5 minutos"},"schema":{"@context":"https:\/\/schema.org","@graph":[{"@type":"Article","@id":"https:\/\/elcanillita.info\/press\/2021\/05\/06\/el-pueblo-frances-es-el-mejor-aliado-del-reino-unido\/#article","isPartOf":{"@id":"https:\/\/elcanillita.info\/press\/2021\/05\/06\/el-pueblo-frances-es-el-mejor-aliado-del-reino-unido\/"},"author":{"name":"SalaStampa.eu, world press service","@id":"https:\/\/elcanillita.info\/press\/#\/schema\/person\/7fcb79f38045700919f7da6d97e71ba0"},"headline":"El pueblo franc\u00e9s es el mejor aliado del Reino Unido","datePublished":"2021-05-07T01:13:22+00:00","dateModified":"2023-04-07T10:17:33+00:00","mainEntityOfPage":{"@id":"https:\/\/elcanillita.info\/press\/2021\/05\/06\/el-pueblo-frances-es-el-mejor-aliado-del-reino-unido\/"},"wordCount":966,"publisher":{"@id":"https:\/\/elcanillita.info\/press\/#organization"},"image":{"@id":"https:\/\/elcanillita.info\/press\/2021\/05\/06\/el-pueblo-frances-es-el-mejor-aliado-del-reino-unido\/#primaryimage"},"thumbnailUrl":"https:\/\/elcanillita.info\/press\/images\/2021\/05\/macrjhon.jpg","keywords":["Francia"],"articleSection":["Actualidad","Economia","Politica","Reino Unido","UE"],"inLanguage":"es-AR"},{"@type":"WebPage","@id":"https:\/\/elcanillita.info\/press\/2021\/05\/06\/el-pueblo-frances-es-el-mejor-aliado-del-reino-unido\/","url":"https:\/\/elcanillita.info\/press\/2021\/05\/06\/el-pueblo-frances-es-el-mejor-aliado-del-reino-unido\/","name":"El pueblo franc\u00e9s es el mejor aliado del Reino Unido - ElCanillita.Info","isPartOf":{"@id":"https:\/\/elcanillita.info\/press\/#website"},"primaryImageOfPage":{"@id":"https:\/\/elcanillita.info\/press\/2021\/05\/06\/el-pueblo-frances-es-el-mejor-aliado-del-reino-unido\/#primaryimage"},"image":{"@id":"https:\/\/elcanillita.info\/press\/2021\/05\/06\/el-pueblo-frances-es-el-mejor-aliado-del-reino-unido\/#primaryimage"},"thumbnailUrl":"https:\/\/elcanillita.info\/press\/images\/2021\/05\/macrjhon.jpg","datePublished":"2021-05-07T01:13:22+00:00","dateModified":"2023-04-07T10:17:33+00:00","inLanguage":"es-AR","potentialAction":[{"@type":"ReadAction","target":["https:\/\/elcanillita.info\/press\/2021\/05\/06\/el-pueblo-frances-es-el-mejor-aliado-del-reino-unido\/"]}]},{"@type":"ImageObject","inLanguage":"es-AR","@id":"https:\/\/elcanillita.info\/press\/2021\/05\/06\/el-pueblo-frances-es-el-mejor-aliado-del-reino-unido\/#primaryimage","url":"https:\/\/elcanillita.info\/press\/images\/2021\/05\/macrjhon.jpg","contentUrl":"https:\/\/elcanillita.info\/press\/images\/2021\/05\/macrjhon.jpg","width":600,"height":375},{"@type":"WebSite","@id":"https:\/\/elcanillita.info\/press\/#website","url":"https:\/\/elcanillita.info\/press\/","name":"ElCanillita.Info","description":"desde los Apeninos a los Andes","publisher":{"@id":"https:\/\/elcanillita.info\/press\/#organization"},"potentialAction":[{"@type":"SearchAction","target":{"@type":"EntryPoint","urlTemplate":"https:\/\/elcanillita.info\/press\/?s={search_term_string}"},"query-input":{"@type":"PropertyValueSpecification","valueRequired":true,"valueName":"search_term_string"}}],"inLanguage":"es-AR"},{"@type":"Organization","@id":"https:\/\/elcanillita.info\/press\/#organization","name":"Guzzo Photos & Graphic Publications","url":"https:\/\/elcanillita.info\/press\/","logo":{"@type":"ImageObject","inLanguage":"es-AR","@id":"https:\/\/elcanillita.info\/press\/#\/schema\/logo\/image\/","url":"https:\/\/elcanillita.info\/press\/images\/2020\/01\/cropped-cropped-cropped-elcanillitainfo.png","contentUrl":"https:\/\/elcanillita.info\/press\/images\/2020\/01\/cropped-cropped-cropped-elcanillitainfo.png","width":460,"height":50,"caption":"Guzzo Photos & Graphic Publications"},"image":{"@id":"https:\/\/elcanillita.info\/press\/#\/schema\/logo\/image\/"},"sameAs":["https:\/\/ar-ar.facebook.com\/ElCanillitainfo-114249515285712\/"]},{"@type":"Person","@id":"https:\/\/elcanillita.info\/press\/#\/schema\/person\/7fcb79f38045700919f7da6d97e71ba0","name":"SalaStampa.eu, world press service","image":{"@type":"ImageObject","inLanguage":"es-AR","@id":"https:\/\/secure.gravatar.com\/avatar\/c2f0e0d515a107624234994507816ca4724c7199cef73fc8bedebf6931d73888?s=96&d=mm&r=g","url":"https:\/\/secure.gravatar.com\/avatar\/c2f0e0d515a107624234994507816ca4724c7199cef73fc8bedebf6931d73888?s=96&d=mm&r=g","contentUrl":"https:\/\/secure.gravatar.com\/avatar\/c2f0e0d515a107624234994507816ca4724c7199cef73fc8bedebf6931d73888?s=96&d=mm&r=g","caption":"SalaStampa.eu, world press service"}}]}},"views":719,"_links":{"self":[{"href":"https:\/\/elcanillita.info\/press\/wp-json\/wp\/v2\/posts\/1605","targetHints":{"allow":["GET"]}}],"collection":[{"href":"https:\/\/elcanillita.info\/press\/wp-json\/wp\/v2\/posts"}],"about":[{"href":"https:\/\/elcanillita.info\/press\/wp-json\/wp\/v2\/types\/post"}],"author":[{"embeddable":true,"href":"https:\/\/elcanillita.info\/press\/wp-json\/wp\/v2\/users\/1"}],"replies":[{"embeddable":true,"href":"https:\/\/elcanillita.info\/press\/wp-json\/wp\/v2\/comments?post=1605"}],"version-history":[{"count":0,"href":"https:\/\/elcanillita.info\/press\/wp-json\/wp\/v2\/posts\/1605\/revisions"}],"wp:featuredmedia":[{"embeddable":true,"href":"https:\/\/elcanillita.info\/press\/wp-json\/wp\/v2\/media\/1606"}],"wp:attachment":[{"href":"https:\/\/elcanillita.info\/press\/wp-json\/wp\/v2\/media?parent=1605"}],"wp:term":[{"taxonomy":"category","embeddable":true,"href":"https:\/\/elcanillita.info\/press\/wp-json\/wp\/v2\/categories?post=1605"},{"taxonomy":"post_tag","embeddable":true,"href":"https:\/\/elcanillita.info\/press\/wp-json\/wp\/v2\/tags?post=1605"}],"curies":[{"name":"wp","href":"https:\/\/api.w.org\/{rel}","templated":true}]}}