{"id":1594,"date":"2021-04-30T07:59:50","date_gmt":"2021-04-30T10:59:50","guid":{"rendered":"https:\/\/elcanillita.info\/press\/?p=1594"},"modified":"2021-04-30T08:03:49","modified_gmt":"2021-04-30T11:03:49","slug":"papa-francisco-corrupcion","status":"publish","type":"post","link":"https:\/\/elcanillita.info\/press\/2021\/04\/30\/papa-francisco-corrupcion\/","title":{"rendered":"El papa Francisco frente a la corrupci\u00f3n"},"content":{"rendered":"\n<div class=\"wp-block-image\"><figure class=\"alignleft size-large\"><img loading=\"lazy\" decoding=\"async\" width=\"600\" height=\"337\" src=\"https:\/\/elcanillita.info\/press\/images\/2021\/04\/pope.jpg\" alt=\"\" class=\"wp-image-1595\" srcset=\"https:\/\/elcanillita.info\/press\/images\/2021\/04\/pope.jpg 600w, https:\/\/elcanillita.info\/press\/images\/2021\/04\/pope-300x169.jpg 300w\" sizes=\"auto, (max-width: 600px) 100vw, 600px\" \/><\/figure><\/div>\n\n\n\n<p>El papa Francisco estableci\u00f3, mediante una Carta Apost\u00f3lica en forma de Motu Proprio, que los dirigentes vaticanos -incluyendo los cardenales a la cabeza de dicasterios o responsables de entes, as\u00ed como los administrativos- deben suscribir una declaraci\u00f3n donde confirman no tener condenas o investigaciones por terrorismo, lavado de dinero o evasi\u00f3n fiscal, y no podr\u00e1n tener bienes en para\u00edsos fiscales.<br><br>La nueva ley anticorrupci\u00f3n del pont\u00edfice establece tambi\u00e9n que no podr\u00e1n invertir en empresas que operan contra la Doctrina eclesial. Adem\u00e1s proh\u00edbe a los empleados del Vaticano aceptar regalos por valor superior a los 40 euros.<br><br>La nueva ley anticorrupci\u00f3n impulsada por Francisco llega precisamente en los d\u00edas en que Moneyval, el Comit\u00e9 de Estrasburgo que eval\u00faa la transparencia de las finanzas de los Estados, deber\u00e1 pronunciarse sobre los progresos en este campo hechos por la Santa Sede y eventualmente promoverla a la &#8220;lista blanca&#8221;.<br><br>El Motu Proprio de Francisco incorpora disposiciones sobre la transparencia en la gesti\u00f3n de las finanzas p\u00fablicas. La declaraci\u00f3n debe ser suscrita en el acto de asumir la oficina o el cargo, y luego nuevamente cada dos a\u00f1os.<br><br>Tras las normas sobre las licitaciones, rigen ahora reglas que conciernen a todos los niveles dirigenciales de la Santa Sede y a todos quienes desempe\u00f1an funciones de administraci\u00f3n activa, funciones jurisdiccionales o de control.<br><br>Antes de asumir el cargo, y sucesivamente cada dos a\u00f1os, deber\u00e1n firmar una declaraci\u00f3n en la que aseguran no haber tenido condenas definitivas, no estar sometidos a procesos penales pendientes o a investigaciones por corrupci\u00f3n, fraude, terrorismo, reciclado, explotaci\u00f3n de menores, evasi\u00f3n o elusi\u00f3n fiscal, ni en la Santa Sede ni en ning\u00fan otro Estado.<br><br>Tambi\u00e9n deber\u00e1n declarar que no poseen dinero en efectivo ni inversiones, ni siquiera mediante terceros, en pa\u00edses con alto riesgo de lavado o financiaci\u00f3n del terrorismo, en para\u00edsos fiscales o participaciones en empresas que operen contra la Doctrina social de la Iglesia.<br><br>Las nuevas normas, que siguen a otras sobre licitaciones y contratos, se hicieron necesarias porque &#8220;la corrupci\u00f3n puede manifestarse en modos y formas diferentes -subraya el papa- tambi\u00e9n en sectores distintos al de las licitaciones y por eso las normativas y las mejores pr\u00e1cticas a nivel internacional prev\u00e9n, para los sujetos que ocupan papeles clave en el sector p\u00fablico, obligaciones particulares de transparencia con fines de prevenci\u00f3n y contraste, en cada sector, de conflictos de inter\u00e9s, modalidades clientelares y corrupci\u00f3n en general&#8221;.<br><br>La Secretar\u00eda para la Econom\u00eda podr\u00e1 llevar a cabo controles sobre la veracidad de las declaraciones de los dirigentes y la Santa Sede, en caso de declaraciones falsas o mendaces, podr\u00e1 despedir al empleado y reclamar por los a\u00f1os eventualmente sufridos.<br><br> <small>Copyright \u00a9 2021 PanPress.Eu \/ SalaStampa.Eu &#8211; ElCanillita.info &#8211; All Rights Reserved<\/small> <\/p>\n","protected":false},"excerpt":{"rendered":"<p>El papa Francisco estableci\u00f3, mediante una Carta Apost\u00f3lica que los dirigentes deben suscribir una declaraci\u00f3n donde confirman no tener condenas o investigaciones por terrorismo, lavado de dinero o evasi\u00f3n fiscal, y no podr\u00e1n tener bienes en para\u00edsos fiscales.<\/p>\n","protected":false},"author":1,"featured_media":1595,"comment_status":"closed","ping_status":"closed","sticky":false,"template":"","format":"standard","meta":{"footnotes":"","_links_to":"","_links_to_target":""},"categories":[70,5,23,25],"tags":[],"class_list":["post-1594","post","type-post","status-publish","format-standard","has-post-thumbnail","hentry","category-actualidad","category-europa","category-politica","category-sociedad","entry","double"],"yoast_head":"<!-- This site is optimized with the Yoast SEO plugin v27.4 - https:\/\/yoast.com\/product\/yoast-seo-wordpress\/ -->\n<title>El papa Francisco frente a la corrupci\u00f3n - ElCanillita.Info<\/title>\n<meta name=\"robots\" content=\"index, follow, max-snippet:-1, max-image-preview:large, max-video-preview:-1\" \/>\n<link rel=\"canonical\" href=\"https:\/\/elcanillita.info\/press\/2021\/04\/30\/papa-francisco-corrupcion\/\" \/>\n<meta property=\"og:locale\" content=\"es_ES\" \/>\n<meta property=\"og:type\" content=\"article\" \/>\n<meta property=\"og:title\" content=\"El papa Francisco frente a la corrupci\u00f3n - ElCanillita.Info\" \/>\n<meta property=\"og:description\" content=\"El papa Francisco estableci\u00f3, mediante una Carta Apost\u00f3lica que los dirigentes deben suscribir una declaraci\u00f3n donde confirman no tener condenas o investigaciones por terrorismo, lavado de dinero o evasi\u00f3n fiscal, y no podr\u00e1n tener bienes en para\u00edsos fiscales.\" \/>\n<meta property=\"og:url\" content=\"https:\/\/elcanillita.info\/press\/2021\/04\/30\/papa-francisco-corrupcion\/\" \/>\n<meta property=\"og:site_name\" content=\"ElCanillita.Info\" \/>\n<meta property=\"article:publisher\" content=\"https:\/\/ar-ar.facebook.com\/ElCanillitainfo-114249515285712\/\" \/>\n<meta property=\"article:published_time\" content=\"2021-04-30T10:59:50+00:00\" \/>\n<meta property=\"article:modified_time\" content=\"2021-04-30T11:03:49+00:00\" \/>\n<meta property=\"og:image\" content=\"https:\/\/elcanillita.info\/press\/images\/2021\/04\/pope.jpg\" \/>\n\t<meta property=\"og:image:width\" content=\"600\" \/>\n\t<meta property=\"og:image:height\" content=\"337\" \/>\n\t<meta property=\"og:image:type\" content=\"image\/jpeg\" \/>\n<meta name=\"author\" content=\"SalaStampa.eu, world press service\" \/>\n<meta name=\"twitter:card\" content=\"summary_large_image\" \/>\n<meta name=\"twitter:label1\" content=\"Escrito por\" \/>\n\t<meta name=\"twitter:data1\" content=\"SalaStampa.eu, world press service\" \/>\n\t<meta name=\"twitter:label2\" content=\"Tiempo de lectura\" \/>\n\t<meta name=\"twitter:data2\" content=\"3 minutos\" \/>\n<script type=\"application\/ld+json\" class=\"yoast-schema-graph\">{\"@context\":\"https:\\\/\\\/schema.org\",\"@graph\":[{\"@type\":\"Article\",\"@id\":\"https:\\\/\\\/elcanillita.info\\\/press\\\/2021\\\/04\\\/30\\\/papa-francisco-corrupcion\\\/#article\",\"isPartOf\":{\"@id\":\"https:\\\/\\\/elcanillita.info\\\/press\\\/2021\\\/04\\\/30\\\/papa-francisco-corrupcion\\\/\"},\"author\":{\"name\":\"SalaStampa.eu, world press service\",\"@id\":\"https:\\\/\\\/elcanillita.info\\\/press\\\/#\\\/schema\\\/person\\\/7fcb79f38045700919f7da6d97e71ba0\"},\"headline\":\"El papa Francisco frente a la corrupci\u00f3n\",\"datePublished\":\"2021-04-30T10:59:50+00:00\",\"dateModified\":\"2021-04-30T11:03:49+00:00\",\"mainEntityOfPage\":{\"@id\":\"https:\\\/\\\/elcanillita.info\\\/press\\\/2021\\\/04\\\/30\\\/papa-francisco-corrupcion\\\/\"},\"wordCount\":500,\"publisher\":{\"@id\":\"https:\\\/\\\/elcanillita.info\\\/press\\\/#organization\"},\"image\":{\"@id\":\"https:\\\/\\\/elcanillita.info\\\/press\\\/2021\\\/04\\\/30\\\/papa-francisco-corrupcion\\\/#primaryimage\"},\"thumbnailUrl\":\"https:\\\/\\\/elcanillita.info\\\/press\\\/images\\\/2021\\\/04\\\/pope.jpg\",\"articleSection\":[\"Actualidad\",\"Europa\",\"Politica\",\"Sociedad\"],\"inLanguage\":\"es-AR\"},{\"@type\":\"WebPage\",\"@id\":\"https:\\\/\\\/elcanillita.info\\\/press\\\/2021\\\/04\\\/30\\\/papa-francisco-corrupcion\\\/\",\"url\":\"https:\\\/\\\/elcanillita.info\\\/press\\\/2021\\\/04\\\/30\\\/papa-francisco-corrupcion\\\/\",\"name\":\"El papa Francisco frente a la corrupci\u00f3n - ElCanillita.Info\",\"isPartOf\":{\"@id\":\"https:\\\/\\\/elcanillita.info\\\/press\\\/#website\"},\"primaryImageOfPage\":{\"@id\":\"https:\\\/\\\/elcanillita.info\\\/press\\\/2021\\\/04\\\/30\\\/papa-francisco-corrupcion\\\/#primaryimage\"},\"image\":{\"@id\":\"https:\\\/\\\/elcanillita.info\\\/press\\\/2021\\\/04\\\/30\\\/papa-francisco-corrupcion\\\/#primaryimage\"},\"thumbnailUrl\":\"https:\\\/\\\/elcanillita.info\\\/press\\\/images\\\/2021\\\/04\\\/pope.jpg\",\"datePublished\":\"2021-04-30T10:59:50+00:00\",\"dateModified\":\"2021-04-30T11:03:49+00:00\",\"inLanguage\":\"es-AR\",\"potentialAction\":[{\"@type\":\"ReadAction\",\"target\":[\"https:\\\/\\\/elcanillita.info\\\/press\\\/2021\\\/04\\\/30\\\/papa-francisco-corrupcion\\\/\"]}]},{\"@type\":\"ImageObject\",\"inLanguage\":\"es-AR\",\"@id\":\"https:\\\/\\\/elcanillita.info\\\/press\\\/2021\\\/04\\\/30\\\/papa-francisco-corrupcion\\\/#primaryimage\",\"url\":\"https:\\\/\\\/elcanillita.info\\\/press\\\/images\\\/2021\\\/04\\\/pope.jpg\",\"contentUrl\":\"https:\\\/\\\/elcanillita.info\\\/press\\\/images\\\/2021\\\/04\\\/pope.jpg\",\"width\":600,\"height\":337},{\"@type\":\"WebSite\",\"@id\":\"https:\\\/\\\/elcanillita.info\\\/press\\\/#website\",\"url\":\"https:\\\/\\\/elcanillita.info\\\/press\\\/\",\"name\":\"ElCanillita.Info\",\"description\":\"desde los Apeninos a los Andes\",\"publisher\":{\"@id\":\"https:\\\/\\\/elcanillita.info\\\/press\\\/#organization\"},\"potentialAction\":[{\"@type\":\"SearchAction\",\"target\":{\"@type\":\"EntryPoint\",\"urlTemplate\":\"https:\\\/\\\/elcanillita.info\\\/press\\\/?s={search_term_string}\"},\"query-input\":{\"@type\":\"PropertyValueSpecification\",\"valueRequired\":true,\"valueName\":\"search_term_string\"}}],\"inLanguage\":\"es-AR\"},{\"@type\":\"Organization\",\"@id\":\"https:\\\/\\\/elcanillita.info\\\/press\\\/#organization\",\"name\":\"Guzzo Photos & Graphic Publications\",\"url\":\"https:\\\/\\\/elcanillita.info\\\/press\\\/\",\"logo\":{\"@type\":\"ImageObject\",\"inLanguage\":\"es-AR\",\"@id\":\"https:\\\/\\\/elcanillita.info\\\/press\\\/#\\\/schema\\\/logo\\\/image\\\/\",\"url\":\"https:\\\/\\\/elcanillita.info\\\/press\\\/images\\\/2020\\\/01\\\/cropped-cropped-cropped-elcanillitainfo.png\",\"contentUrl\":\"https:\\\/\\\/elcanillita.info\\\/press\\\/images\\\/2020\\\/01\\\/cropped-cropped-cropped-elcanillitainfo.png\",\"width\":460,\"height\":50,\"caption\":\"Guzzo Photos & Graphic Publications\"},\"image\":{\"@id\":\"https:\\\/\\\/elcanillita.info\\\/press\\\/#\\\/schema\\\/logo\\\/image\\\/\"},\"sameAs\":[\"https:\\\/\\\/ar-ar.facebook.com\\\/ElCanillitainfo-114249515285712\\\/\"]},{\"@type\":\"Person\",\"@id\":\"https:\\\/\\\/elcanillita.info\\\/press\\\/#\\\/schema\\\/person\\\/7fcb79f38045700919f7da6d97e71ba0\",\"name\":\"SalaStampa.eu, world press service\",\"image\":{\"@type\":\"ImageObject\",\"inLanguage\":\"es-AR\",\"@id\":\"https:\\\/\\\/secure.gravatar.com\\\/avatar\\\/c2f0e0d515a107624234994507816ca4724c7199cef73fc8bedebf6931d73888?s=96&d=mm&r=g\",\"url\":\"https:\\\/\\\/secure.gravatar.com\\\/avatar\\\/c2f0e0d515a107624234994507816ca4724c7199cef73fc8bedebf6931d73888?s=96&d=mm&r=g\",\"contentUrl\":\"https:\\\/\\\/secure.gravatar.com\\\/avatar\\\/c2f0e0d515a107624234994507816ca4724c7199cef73fc8bedebf6931d73888?s=96&d=mm&r=g\",\"caption\":\"SalaStampa.eu, world press service\"}}]}<\/script>\n<!-- \/ Yoast SEO plugin. -->","yoast_head_json":{"title":"El papa Francisco frente a la corrupci\u00f3n - ElCanillita.Info","robots":{"index":"index","follow":"follow","max-snippet":"max-snippet:-1","max-image-preview":"max-image-preview:large","max-video-preview":"max-video-preview:-1"},"canonical":"https:\/\/elcanillita.info\/press\/2021\/04\/30\/papa-francisco-corrupcion\/","og_locale":"es_ES","og_type":"article","og_title":"El papa Francisco frente a la corrupci\u00f3n - ElCanillita.Info","og_description":"El papa Francisco estableci\u00f3, mediante una Carta Apost\u00f3lica que los dirigentes deben suscribir una declaraci\u00f3n donde confirman no tener condenas o investigaciones por terrorismo, lavado de dinero o evasi\u00f3n fiscal, y no podr\u00e1n tener bienes en para\u00edsos fiscales.","og_url":"https:\/\/elcanillita.info\/press\/2021\/04\/30\/papa-francisco-corrupcion\/","og_site_name":"ElCanillita.Info","article_publisher":"https:\/\/ar-ar.facebook.com\/ElCanillitainfo-114249515285712\/","article_published_time":"2021-04-30T10:59:50+00:00","article_modified_time":"2021-04-30T11:03:49+00:00","og_image":[{"width":600,"height":337,"url":"https:\/\/elcanillita.info\/press\/images\/2021\/04\/pope.jpg","type":"image\/jpeg"}],"author":"SalaStampa.eu, world press service","twitter_card":"summary_large_image","twitter_misc":{"Escrito por":"SalaStampa.eu, world press service","Tiempo de lectura":"3 minutos"},"schema":{"@context":"https:\/\/schema.org","@graph":[{"@type":"Article","@id":"https:\/\/elcanillita.info\/press\/2021\/04\/30\/papa-francisco-corrupcion\/#article","isPartOf":{"@id":"https:\/\/elcanillita.info\/press\/2021\/04\/30\/papa-francisco-corrupcion\/"},"author":{"name":"SalaStampa.eu, world press service","@id":"https:\/\/elcanillita.info\/press\/#\/schema\/person\/7fcb79f38045700919f7da6d97e71ba0"},"headline":"El papa Francisco frente a la corrupci\u00f3n","datePublished":"2021-04-30T10:59:50+00:00","dateModified":"2021-04-30T11:03:49+00:00","mainEntityOfPage":{"@id":"https:\/\/elcanillita.info\/press\/2021\/04\/30\/papa-francisco-corrupcion\/"},"wordCount":500,"publisher":{"@id":"https:\/\/elcanillita.info\/press\/#organization"},"image":{"@id":"https:\/\/elcanillita.info\/press\/2021\/04\/30\/papa-francisco-corrupcion\/#primaryimage"},"thumbnailUrl":"https:\/\/elcanillita.info\/press\/images\/2021\/04\/pope.jpg","articleSection":["Actualidad","Europa","Politica","Sociedad"],"inLanguage":"es-AR"},{"@type":"WebPage","@id":"https:\/\/elcanillita.info\/press\/2021\/04\/30\/papa-francisco-corrupcion\/","url":"https:\/\/elcanillita.info\/press\/2021\/04\/30\/papa-francisco-corrupcion\/","name":"El papa Francisco frente a la corrupci\u00f3n - ElCanillita.Info","isPartOf":{"@id":"https:\/\/elcanillita.info\/press\/#website"},"primaryImageOfPage":{"@id":"https:\/\/elcanillita.info\/press\/2021\/04\/30\/papa-francisco-corrupcion\/#primaryimage"},"image":{"@id":"https:\/\/elcanillita.info\/press\/2021\/04\/30\/papa-francisco-corrupcion\/#primaryimage"},"thumbnailUrl":"https:\/\/elcanillita.info\/press\/images\/2021\/04\/pope.jpg","datePublished":"2021-04-30T10:59:50+00:00","dateModified":"2021-04-30T11:03:49+00:00","inLanguage":"es-AR","potentialAction":[{"@type":"ReadAction","target":["https:\/\/elcanillita.info\/press\/2021\/04\/30\/papa-francisco-corrupcion\/"]}]},{"@type":"ImageObject","inLanguage":"es-AR","@id":"https:\/\/elcanillita.info\/press\/2021\/04\/30\/papa-francisco-corrupcion\/#primaryimage","url":"https:\/\/elcanillita.info\/press\/images\/2021\/04\/pope.jpg","contentUrl":"https:\/\/elcanillita.info\/press\/images\/2021\/04\/pope.jpg","width":600,"height":337},{"@type":"WebSite","@id":"https:\/\/elcanillita.info\/press\/#website","url":"https:\/\/elcanillita.info\/press\/","name":"ElCanillita.Info","description":"desde los Apeninos a los Andes","publisher":{"@id":"https:\/\/elcanillita.info\/press\/#organization"},"potentialAction":[{"@type":"SearchAction","target":{"@type":"EntryPoint","urlTemplate":"https:\/\/elcanillita.info\/press\/?s={search_term_string}"},"query-input":{"@type":"PropertyValueSpecification","valueRequired":true,"valueName":"search_term_string"}}],"inLanguage":"es-AR"},{"@type":"Organization","@id":"https:\/\/elcanillita.info\/press\/#organization","name":"Guzzo Photos & Graphic Publications","url":"https:\/\/elcanillita.info\/press\/","logo":{"@type":"ImageObject","inLanguage":"es-AR","@id":"https:\/\/elcanillita.info\/press\/#\/schema\/logo\/image\/","url":"https:\/\/elcanillita.info\/press\/images\/2020\/01\/cropped-cropped-cropped-elcanillitainfo.png","contentUrl":"https:\/\/elcanillita.info\/press\/images\/2020\/01\/cropped-cropped-cropped-elcanillitainfo.png","width":460,"height":50,"caption":"Guzzo Photos & Graphic Publications"},"image":{"@id":"https:\/\/elcanillita.info\/press\/#\/schema\/logo\/image\/"},"sameAs":["https:\/\/ar-ar.facebook.com\/ElCanillitainfo-114249515285712\/"]},{"@type":"Person","@id":"https:\/\/elcanillita.info\/press\/#\/schema\/person\/7fcb79f38045700919f7da6d97e71ba0","name":"SalaStampa.eu, world press service","image":{"@type":"ImageObject","inLanguage":"es-AR","@id":"https:\/\/secure.gravatar.com\/avatar\/c2f0e0d515a107624234994507816ca4724c7199cef73fc8bedebf6931d73888?s=96&d=mm&r=g","url":"https:\/\/secure.gravatar.com\/avatar\/c2f0e0d515a107624234994507816ca4724c7199cef73fc8bedebf6931d73888?s=96&d=mm&r=g","contentUrl":"https:\/\/secure.gravatar.com\/avatar\/c2f0e0d515a107624234994507816ca4724c7199cef73fc8bedebf6931d73888?s=96&d=mm&r=g","caption":"SalaStampa.eu, world press service"}}]}},"views":615,"_links":{"self":[{"href":"https:\/\/elcanillita.info\/press\/wp-json\/wp\/v2\/posts\/1594","targetHints":{"allow":["GET"]}}],"collection":[{"href":"https:\/\/elcanillita.info\/press\/wp-json\/wp\/v2\/posts"}],"about":[{"href":"https:\/\/elcanillita.info\/press\/wp-json\/wp\/v2\/types\/post"}],"author":[{"embeddable":true,"href":"https:\/\/elcanillita.info\/press\/wp-json\/wp\/v2\/users\/1"}],"replies":[{"embeddable":true,"href":"https:\/\/elcanillita.info\/press\/wp-json\/wp\/v2\/comments?post=1594"}],"version-history":[{"count":0,"href":"https:\/\/elcanillita.info\/press\/wp-json\/wp\/v2\/posts\/1594\/revisions"}],"wp:featuredmedia":[{"embeddable":true,"href":"https:\/\/elcanillita.info\/press\/wp-json\/wp\/v2\/media\/1595"}],"wp:attachment":[{"href":"https:\/\/elcanillita.info\/press\/wp-json\/wp\/v2\/media?parent=1594"}],"wp:term":[{"taxonomy":"category","embeddable":true,"href":"https:\/\/elcanillita.info\/press\/wp-json\/wp\/v2\/categories?post=1594"},{"taxonomy":"post_tag","embeddable":true,"href":"https:\/\/elcanillita.info\/press\/wp-json\/wp\/v2\/tags?post=1594"}],"curies":[{"name":"wp","href":"https:\/\/api.w.org\/{rel}","templated":true}]}}