{"id":1583,"date":"2021-04-28T08:25:54","date_gmt":"2021-04-28T11:25:54","guid":{"rendered":"https:\/\/elcanillita.info\/press\/?p=1583"},"modified":"2021-04-28T08:44:53","modified_gmt":"2021-04-28T11:44:53","slug":"una-vacuna-covid-reduce-la-transmision-del-virus","status":"publish","type":"post","link":"https:\/\/elcanillita.info\/press\/2021\/04\/28\/una-vacuna-covid-reduce-la-transmision-del-virus\/","title":{"rendered":"Una vacuna Covid reduce la transmisi\u00f3n del virus"},"content":{"rendered":"\n<div class=\"wp-block-image\"><figure class=\"aligncenter size-large\"><img loading=\"lazy\" decoding=\"async\" width=\"600\" height=\"400\" src=\"https:\/\/elcanillita.info\/press\/images\/2021\/04\/catecovid.jpg\" alt=\"\" class=\"wp-image-1584\" srcset=\"https:\/\/elcanillita.info\/press\/images\/2021\/04\/catecovid.jpg 600w, https:\/\/elcanillita.info\/press\/images\/2021\/04\/catecovid-300x200.jpg 300w\" sizes=\"auto, (max-width: 600px) 100vw, 600px\" \/><figcaption><strong><small>La vacunaci\u00f3n anti covid-19  tambien se lleva a cabo en la Catedral de Salisbury<\/small><\/strong><\/figcaption><\/figure><\/div>\n\n\n\n<p>Los hallazgos ofrecen la esperanza de que las vacunas puedan evitar una tercera oleada de coronavirus este verano<\/p>\n\n\n\n<p>Un solo pinchazo reduce la transmisi\u00f3n del Covid al 50%, seg\u00fan datos oficiales que el martes por la noche fueron calificados de &#8220;magn\u00edficos&#8221; por el Secretario de Sanidad de Inglaterra.<\/p>\n\n\n\n<p>El avance ofrece una esperanza m\u00e1s de que las vacunas puedan controlar la pandemia y evitar una tercera oleada de coronavirus este verano.<\/p>\n\n\n\n<p>El estudio de datos del mundo real realizado por Public Health England (PHE) hizo un seguimiento de 24.000 hogares en los que una persona se infect\u00f3 con Covid, despu\u00e9s de recibir un pinchazo, y los compar\u00f3 con otros que no estaban vacunados.<\/p>\n\n\n\n<p>Los estudios han demostrado que una dosis de la vacuna reduce la posibilidad de infecci\u00f3n sintom\u00e1tica en dos tercios.<\/p>\n\n\n\n<p>La nueva investigaci\u00f3n muestra que incluso cuando las personas que hab\u00edan recibido un pinchazo se infectaron, sus posibilidades de transmitir el Covid se redujeron dr\u00e1sticamente.<\/p>\n\n\n\n<p>Los ciudadanos que recibieron la vacuna de Pfizer tienen el 49% menos de probabilidades de transmitir el virus a otros miembros de su familia, mientras que la transmisi\u00f3n se redujo en un 38% en el caso de quienes recibieron la vacuna de AstraZeneca.<\/p>\n\n\n\n<p>Los cient\u00edficos evaluar\u00e1n ahora si dos dosis pueden reducir a\u00fan m\u00e1s la transmisi\u00f3n del virus.<\/p>\n\n\n\n<p>Los resultados se produjeron cuando las muertes por Covid alcanzaron el nivel m\u00e1s bajo de los \u00faltimos seis meses, con un descenso del 97% desde el pico de la segunda oleada.<\/p>\n\n\n\n<p>Matt Hancock, Secretario de Sanidad, dijo: &#8220;Se trata de una noticia estupenda: ya sabemos que las vacunas salvan vidas y este estudio es el dato m\u00e1s completo del mundo real, porque demuestra tambi\u00e9n que reducen la transmisi\u00f3n de este virus mortal.<\/p>\n\n\n\n<p>&#8220;Refuerza a\u00fan m\u00e1s la prueba, que las vacunas son la mejor manera de salir de esta pandemia, ya que te protegen y pueden evitar que infectes a alguien de tu casa sin saberlo&#8221;.<\/p>\n\n\n\n<p>El estudio incluy\u00f3 m\u00e1s de 57.000 contactos de 24.000 hogares, en los que hab\u00eda un caso confirmado por el laboratorio que hab\u00eda recibido una vacuna, en comparaci\u00f3n con casi un mill\u00f3n de contactos de casos no vacunados. Al inicio de la pandemia Covid, cuando la poblaci\u00f3n no hab\u00eda sido vacunada, el 10% de los contactos dom\u00e9sticos se infectaron.<\/p>\n\n\n\n<p>El martes, los ministros anunciaron que 13,2 millones de personas en el Reino Unido -m\u00e1s de una cuarta parte de los adultos- han recibido ya las dos dosis.<\/p>\n\n\n\n<p>Mientras tanto, el despliegue de la vacuna entre los ciudadanos mayores de 40 a\u00f1os avanza.<\/p>\n\n\n\n<p>El martes, el NHS (departamento de Sanidad) abri\u00f3 las reservas para las personas de 42 y 43 a\u00f1os, en un intento de &#8220;gestionar la demanda&#8221; mientras los suministros son limitados.<\/p>\n\n\n\n<p>A principios de este mes, el sitio web del NHS colaps\u00f3 cuando se abrieron las reservas para las primeras dosis destinadas a quienes tienen entre 45 y 49 a\u00f1os, en un momento en el que la mayor\u00eda de las vacunas se utilizan para las segundas dosis.<\/p>\n\n\n\n<p>Desde entonces, las autoridades han adoptado un enfoque m\u00e1s cauteloso, limitando m\u00e1s los grupos de edad.<\/p>\n\n\n\n<p>Las \u00faltimas cifras indican que el martes se administraron 90.695 primeras dosis y 304.688 segundas.<\/p>\n\n\n\n<p>Si el ritmo de las primeras dosis se mantuviera sin cambios, se necesitar\u00edan siete meses para administrar todas las primeras dosis a la poblaci\u00f3n adulta.<\/p>\n\n\n\n<p>Sin embargo, se espera que el suministro se incremente en las pr\u00f3ximas semanas, con el optimismo de que una parte del grupo de 30 a 39 a\u00f1os pueda empezar a recibir las vacunas el pr\u00f3ximo mes.<\/p>\n\n\n\n<p>Las autoridades dijeron que el Gobierno sigue en camino de ofrecer la vacuna a todos los adultos a finales de julio.<\/p>\n\n\n\n<p>Datos separados mostraron que una de cada tres personas ha sufrido efectos secundarios leves despu\u00e9s de su primera inyecci\u00f3n de AstraZeneca, junto con una de cada siete que recibieron la vacuna de Pfizer.<\/p>\n\n\n\n<p>El dolor de cabeza, la fatiga y la sensibilidad fueron los s\u00edntomas m\u00e1s frecuentes, y la mayor\u00eda de los efectos alcanzaron su punto m\u00e1ximo en las 24 horas siguientes a la vacunaci\u00f3n, con otras quejas como escalofr\u00edos y escalofr\u00edos, diarrea, fiebre, dolor articular o muscular y n\u00e1useas.<\/p>\n\n\n\n<p>El estudio de 627.383 usuarios de la aplicaci\u00f3n Zoe Covid Symptom Study, realizado por el King&#8217;s College de Londres, descubri\u00f3 que los efectos secundarios de cualquiera de las dos vacunas eran m\u00e1s comunes entre los m\u00e1s j\u00f3venes.<\/p>\n\n\n\n<p>En total, el 46,9% de los menores de 55 a\u00f1os sufrieron efectos despu\u00e9s de su primera inyecci\u00f3n de AstraZeneca, en comparaci\u00f3n con el 30,7% de los mayores. Entre los que recibieron la vacuna de Pfizer, el 20,7% de los menores de 55 a\u00f1os sufrieron efectos secundarios, en comparaci\u00f3n con el 10,6% de los mayores de 55 a\u00f1os.<\/p>\n\n\n\n<p>Los efectos secundarios tambi\u00e9n fueron m\u00e1s comunes entre las mujeres, ya que el 39% de las mujeres que recibieron la vacuna de AstraZeneca la sufrieron, en comparaci\u00f3n con el 26% de los hombres. Y el 16,2% de las mujeres que recibieron la primera inyecci\u00f3n de Pfizer sufrieron un efecto secundario, junto con el 9,3% de los hombres.<\/p>\n\n\n\n<p>Las personas con un caso previo confirmado de Covid ten\u00edan entre dos y tres veces m\u00e1s probabilidades de sufrir efectos secundarios que los dem\u00e1s participantes en el estudio.<\/p>\n\n\n\n<p>Y dos tercios de las personas a las que se les administr\u00f3 cualquiera de las dos inyecciones sintieron un efecto secundario &#8220;local&#8221;, como sensibilidad o dolor en el brazo inyectado.<\/p>\n\n\n\n<p>Otro estudio revel\u00f3 que la confianza del p\u00fablico en las vacunas ha aumentado, aunque las preferencias por la vacuna de AstraZeneca han disminuido, mientras que la de Pfizer es ahora m\u00e1s popular.<\/p>\n\n\n\n<p>La encuesta realizada este mes a casi 5.000 adultos por la Universidad de Bristol y el King&#8217;s College de Londres revel\u00f3 que el 81% cree que las vacunas son seguras, frente al 73% de finales del a\u00f1o pasado.<\/p>\n\n\n\n<p>La Dra. Mary Ramsay, jefa de inmunizaci\u00f3n de PHE, dijo: &#8220;Las vacunas son vitales para ayudarnos a volver a la normalidad.<\/p>\n\n\n\n<p>&#8220;Las vacunas no s\u00f3lo reducen la gravedad de la enfermedad y evitan cientos de muertes cada d\u00eda, sino que ahora vemos que tambi\u00e9n tienen un impacto adicional en la reducci\u00f3n de la posibilidad de transmitir Covid-19 a otros.<\/p>\n\n\n\n<p>&#8220;Animo a cualquier persona a la que se le ofrezca una vacuna para que se la aplique lo antes posible&#8221;.<\/p>\n\n\n\n<p><strong>Nota de redacci\u00f3n: Cabe destacar, que hasta el momento, no hay mayor informaci\u00f3n sobre el tratamiento que deben seguir las personas que padecen de trombosis.<\/strong><br><br> <small>Copyright \u00a9 2021 PanPress.Eu \/ SalaStampa.Eu &#8211; ElCanillita.info &#8211; All Rights Reserved<\/small> <\/p>\n","protected":false},"excerpt":{"rendered":"<p>Los hallazgos ofrecen la esperanza de que las vacunas puedan evitar una tercera oleada de coronavirus este verano.<\/p>\n","protected":false},"author":1,"featured_media":1585,"comment_status":"closed","ping_status":"closed","sticky":false,"template":"","format":"standard","meta":{"footnotes":"","_links_to":"","_links_to_target":""},"categories":[70,5,78,25],"tags":[58],"class_list":["post-1583","post","type-post","status-publish","format-standard","has-post-thumbnail","hentry","category-actualidad","category-europa","category-sanidad","category-sociedad","tag-reino-unido","entry","double"],"yoast_head":"<!-- This site is optimized with the Yoast SEO plugin v27.4 - https:\/\/yoast.com\/product\/yoast-seo-wordpress\/ -->\n<title>Una vacuna Covid reduce la transmisi\u00f3n del virus - ElCanillita.Info<\/title>\n<meta name=\"robots\" content=\"index, follow, max-snippet:-1, max-image-preview:large, max-video-preview:-1\" \/>\n<link rel=\"canonical\" href=\"https:\/\/elcanillita.info\/press\/2021\/04\/28\/una-vacuna-covid-reduce-la-transmision-del-virus\/\" \/>\n<meta property=\"og:locale\" content=\"es_ES\" \/>\n<meta property=\"og:type\" content=\"article\" \/>\n<meta property=\"og:title\" content=\"Una vacuna Covid reduce la transmisi\u00f3n del virus - ElCanillita.Info\" \/>\n<meta property=\"og:description\" content=\"Los hallazgos ofrecen la esperanza de que las vacunas puedan evitar una tercera oleada de coronavirus este verano.\" \/>\n<meta property=\"og:url\" content=\"https:\/\/elcanillita.info\/press\/2021\/04\/28\/una-vacuna-covid-reduce-la-transmision-del-virus\/\" \/>\n<meta property=\"og:site_name\" content=\"ElCanillita.Info\" \/>\n<meta property=\"article:publisher\" content=\"https:\/\/ar-ar.facebook.com\/ElCanillitainfo-114249515285712\/\" \/>\n<meta property=\"article:published_time\" content=\"2021-04-28T11:25:54+00:00\" \/>\n<meta property=\"article:modified_time\" content=\"2021-04-28T11:44:53+00:00\" \/>\n<meta property=\"og:image\" content=\"https:\/\/elcanillita.info\/press\/images\/2021\/04\/pfi.jpg\" \/>\n\t<meta property=\"og:image:width\" content=\"600\" \/>\n\t<meta property=\"og:image:height\" content=\"375\" \/>\n\t<meta property=\"og:image:type\" content=\"image\/jpeg\" \/>\n<meta name=\"author\" content=\"SalaStampa.eu, world press service\" \/>\n<meta name=\"twitter:card\" content=\"summary_large_image\" \/>\n<meta name=\"twitter:label1\" content=\"Escrito por\" \/>\n\t<meta name=\"twitter:data1\" content=\"SalaStampa.eu, world press service\" \/>\n\t<meta name=\"twitter:label2\" content=\"Tiempo de lectura\" \/>\n\t<meta name=\"twitter:data2\" content=\"6 minutos\" \/>\n<script type=\"application\/ld+json\" class=\"yoast-schema-graph\">{\"@context\":\"https:\\\/\\\/schema.org\",\"@graph\":[{\"@type\":\"Article\",\"@id\":\"https:\\\/\\\/elcanillita.info\\\/press\\\/2021\\\/04\\\/28\\\/una-vacuna-covid-reduce-la-transmision-del-virus\\\/#article\",\"isPartOf\":{\"@id\":\"https:\\\/\\\/elcanillita.info\\\/press\\\/2021\\\/04\\\/28\\\/una-vacuna-covid-reduce-la-transmision-del-virus\\\/\"},\"author\":{\"name\":\"SalaStampa.eu, world press service\",\"@id\":\"https:\\\/\\\/elcanillita.info\\\/press\\\/#\\\/schema\\\/person\\\/7fcb79f38045700919f7da6d97e71ba0\"},\"headline\":\"Una vacuna Covid reduce la transmisi\u00f3n del virus\",\"datePublished\":\"2021-04-28T11:25:54+00:00\",\"dateModified\":\"2021-04-28T11:44:53+00:00\",\"mainEntityOfPage\":{\"@id\":\"https:\\\/\\\/elcanillita.info\\\/press\\\/2021\\\/04\\\/28\\\/una-vacuna-covid-reduce-la-transmision-del-virus\\\/\"},\"wordCount\":1157,\"publisher\":{\"@id\":\"https:\\\/\\\/elcanillita.info\\\/press\\\/#organization\"},\"image\":{\"@id\":\"https:\\\/\\\/elcanillita.info\\\/press\\\/2021\\\/04\\\/28\\\/una-vacuna-covid-reduce-la-transmision-del-virus\\\/#primaryimage\"},\"thumbnailUrl\":\"https:\\\/\\\/elcanillita.info\\\/press\\\/images\\\/2021\\\/04\\\/pfi.jpg\",\"keywords\":[\"Reino Unido\"],\"articleSection\":[\"Actualidad\",\"Europa\",\"Sanidad\",\"Sociedad\"],\"inLanguage\":\"es-AR\"},{\"@type\":\"WebPage\",\"@id\":\"https:\\\/\\\/elcanillita.info\\\/press\\\/2021\\\/04\\\/28\\\/una-vacuna-covid-reduce-la-transmision-del-virus\\\/\",\"url\":\"https:\\\/\\\/elcanillita.info\\\/press\\\/2021\\\/04\\\/28\\\/una-vacuna-covid-reduce-la-transmision-del-virus\\\/\",\"name\":\"Una vacuna Covid reduce la transmisi\u00f3n del virus - ElCanillita.Info\",\"isPartOf\":{\"@id\":\"https:\\\/\\\/elcanillita.info\\\/press\\\/#website\"},\"primaryImageOfPage\":{\"@id\":\"https:\\\/\\\/elcanillita.info\\\/press\\\/2021\\\/04\\\/28\\\/una-vacuna-covid-reduce-la-transmision-del-virus\\\/#primaryimage\"},\"image\":{\"@id\":\"https:\\\/\\\/elcanillita.info\\\/press\\\/2021\\\/04\\\/28\\\/una-vacuna-covid-reduce-la-transmision-del-virus\\\/#primaryimage\"},\"thumbnailUrl\":\"https:\\\/\\\/elcanillita.info\\\/press\\\/images\\\/2021\\\/04\\\/pfi.jpg\",\"datePublished\":\"2021-04-28T11:25:54+00:00\",\"dateModified\":\"2021-04-28T11:44:53+00:00\",\"inLanguage\":\"es-AR\",\"potentialAction\":[{\"@type\":\"ReadAction\",\"target\":[\"https:\\\/\\\/elcanillita.info\\\/press\\\/2021\\\/04\\\/28\\\/una-vacuna-covid-reduce-la-transmision-del-virus\\\/\"]}]},{\"@type\":\"ImageObject\",\"inLanguage\":\"es-AR\",\"@id\":\"https:\\\/\\\/elcanillita.info\\\/press\\\/2021\\\/04\\\/28\\\/una-vacuna-covid-reduce-la-transmision-del-virus\\\/#primaryimage\",\"url\":\"https:\\\/\\\/elcanillita.info\\\/press\\\/images\\\/2021\\\/04\\\/pfi.jpg\",\"contentUrl\":\"https:\\\/\\\/elcanillita.info\\\/press\\\/images\\\/2021\\\/04\\\/pfi.jpg\",\"width\":600,\"height\":375},{\"@type\":\"WebSite\",\"@id\":\"https:\\\/\\\/elcanillita.info\\\/press\\\/#website\",\"url\":\"https:\\\/\\\/elcanillita.info\\\/press\\\/\",\"name\":\"ElCanillita.Info\",\"description\":\"desde los Apeninos a los Andes\",\"publisher\":{\"@id\":\"https:\\\/\\\/elcanillita.info\\\/press\\\/#organization\"},\"potentialAction\":[{\"@type\":\"SearchAction\",\"target\":{\"@type\":\"EntryPoint\",\"urlTemplate\":\"https:\\\/\\\/elcanillita.info\\\/press\\\/?s={search_term_string}\"},\"query-input\":{\"@type\":\"PropertyValueSpecification\",\"valueRequired\":true,\"valueName\":\"search_term_string\"}}],\"inLanguage\":\"es-AR\"},{\"@type\":\"Organization\",\"@id\":\"https:\\\/\\\/elcanillita.info\\\/press\\\/#organization\",\"name\":\"Guzzo Photos & Graphic Publications\",\"url\":\"https:\\\/\\\/elcanillita.info\\\/press\\\/\",\"logo\":{\"@type\":\"ImageObject\",\"inLanguage\":\"es-AR\",\"@id\":\"https:\\\/\\\/elcanillita.info\\\/press\\\/#\\\/schema\\\/logo\\\/image\\\/\",\"url\":\"https:\\\/\\\/elcanillita.info\\\/press\\\/images\\\/2020\\\/01\\\/cropped-cropped-cropped-elcanillitainfo.png\",\"contentUrl\":\"https:\\\/\\\/elcanillita.info\\\/press\\\/images\\\/2020\\\/01\\\/cropped-cropped-cropped-elcanillitainfo.png\",\"width\":460,\"height\":50,\"caption\":\"Guzzo Photos & Graphic Publications\"},\"image\":{\"@id\":\"https:\\\/\\\/elcanillita.info\\\/press\\\/#\\\/schema\\\/logo\\\/image\\\/\"},\"sameAs\":[\"https:\\\/\\\/ar-ar.facebook.com\\\/ElCanillitainfo-114249515285712\\\/\"]},{\"@type\":\"Person\",\"@id\":\"https:\\\/\\\/elcanillita.info\\\/press\\\/#\\\/schema\\\/person\\\/7fcb79f38045700919f7da6d97e71ba0\",\"name\":\"SalaStampa.eu, world press service\",\"image\":{\"@type\":\"ImageObject\",\"inLanguage\":\"es-AR\",\"@id\":\"https:\\\/\\\/secure.gravatar.com\\\/avatar\\\/c2f0e0d515a107624234994507816ca4724c7199cef73fc8bedebf6931d73888?s=96&d=mm&r=g\",\"url\":\"https:\\\/\\\/secure.gravatar.com\\\/avatar\\\/c2f0e0d515a107624234994507816ca4724c7199cef73fc8bedebf6931d73888?s=96&d=mm&r=g\",\"contentUrl\":\"https:\\\/\\\/secure.gravatar.com\\\/avatar\\\/c2f0e0d515a107624234994507816ca4724c7199cef73fc8bedebf6931d73888?s=96&d=mm&r=g\",\"caption\":\"SalaStampa.eu, world press service\"}}]}<\/script>\n<!-- \/ Yoast SEO plugin. -->","yoast_head_json":{"title":"Una vacuna Covid reduce la transmisi\u00f3n del virus - ElCanillita.Info","robots":{"index":"index","follow":"follow","max-snippet":"max-snippet:-1","max-image-preview":"max-image-preview:large","max-video-preview":"max-video-preview:-1"},"canonical":"https:\/\/elcanillita.info\/press\/2021\/04\/28\/una-vacuna-covid-reduce-la-transmision-del-virus\/","og_locale":"es_ES","og_type":"article","og_title":"Una vacuna Covid reduce la transmisi\u00f3n del virus - ElCanillita.Info","og_description":"Los hallazgos ofrecen la esperanza de que las vacunas puedan evitar una tercera oleada de coronavirus este verano.","og_url":"https:\/\/elcanillita.info\/press\/2021\/04\/28\/una-vacuna-covid-reduce-la-transmision-del-virus\/","og_site_name":"ElCanillita.Info","article_publisher":"https:\/\/ar-ar.facebook.com\/ElCanillitainfo-114249515285712\/","article_published_time":"2021-04-28T11:25:54+00:00","article_modified_time":"2021-04-28T11:44:53+00:00","og_image":[{"width":600,"height":375,"url":"https:\/\/elcanillita.info\/press\/images\/2021\/04\/pfi.jpg","type":"image\/jpeg"}],"author":"SalaStampa.eu, world press service","twitter_card":"summary_large_image","twitter_misc":{"Escrito por":"SalaStampa.eu, world press service","Tiempo de lectura":"6 minutos"},"schema":{"@context":"https:\/\/schema.org","@graph":[{"@type":"Article","@id":"https:\/\/elcanillita.info\/press\/2021\/04\/28\/una-vacuna-covid-reduce-la-transmision-del-virus\/#article","isPartOf":{"@id":"https:\/\/elcanillita.info\/press\/2021\/04\/28\/una-vacuna-covid-reduce-la-transmision-del-virus\/"},"author":{"name":"SalaStampa.eu, world press service","@id":"https:\/\/elcanillita.info\/press\/#\/schema\/person\/7fcb79f38045700919f7da6d97e71ba0"},"headline":"Una vacuna Covid reduce la transmisi\u00f3n del virus","datePublished":"2021-04-28T11:25:54+00:00","dateModified":"2021-04-28T11:44:53+00:00","mainEntityOfPage":{"@id":"https:\/\/elcanillita.info\/press\/2021\/04\/28\/una-vacuna-covid-reduce-la-transmision-del-virus\/"},"wordCount":1157,"publisher":{"@id":"https:\/\/elcanillita.info\/press\/#organization"},"image":{"@id":"https:\/\/elcanillita.info\/press\/2021\/04\/28\/una-vacuna-covid-reduce-la-transmision-del-virus\/#primaryimage"},"thumbnailUrl":"https:\/\/elcanillita.info\/press\/images\/2021\/04\/pfi.jpg","keywords":["Reino Unido"],"articleSection":["Actualidad","Europa","Sanidad","Sociedad"],"inLanguage":"es-AR"},{"@type":"WebPage","@id":"https:\/\/elcanillita.info\/press\/2021\/04\/28\/una-vacuna-covid-reduce-la-transmision-del-virus\/","url":"https:\/\/elcanillita.info\/press\/2021\/04\/28\/una-vacuna-covid-reduce-la-transmision-del-virus\/","name":"Una vacuna Covid reduce la transmisi\u00f3n del virus - ElCanillita.Info","isPartOf":{"@id":"https:\/\/elcanillita.info\/press\/#website"},"primaryImageOfPage":{"@id":"https:\/\/elcanillita.info\/press\/2021\/04\/28\/una-vacuna-covid-reduce-la-transmision-del-virus\/#primaryimage"},"image":{"@id":"https:\/\/elcanillita.info\/press\/2021\/04\/28\/una-vacuna-covid-reduce-la-transmision-del-virus\/#primaryimage"},"thumbnailUrl":"https:\/\/elcanillita.info\/press\/images\/2021\/04\/pfi.jpg","datePublished":"2021-04-28T11:25:54+00:00","dateModified":"2021-04-28T11:44:53+00:00","inLanguage":"es-AR","potentialAction":[{"@type":"ReadAction","target":["https:\/\/elcanillita.info\/press\/2021\/04\/28\/una-vacuna-covid-reduce-la-transmision-del-virus\/"]}]},{"@type":"ImageObject","inLanguage":"es-AR","@id":"https:\/\/elcanillita.info\/press\/2021\/04\/28\/una-vacuna-covid-reduce-la-transmision-del-virus\/#primaryimage","url":"https:\/\/elcanillita.info\/press\/images\/2021\/04\/pfi.jpg","contentUrl":"https:\/\/elcanillita.info\/press\/images\/2021\/04\/pfi.jpg","width":600,"height":375},{"@type":"WebSite","@id":"https:\/\/elcanillita.info\/press\/#website","url":"https:\/\/elcanillita.info\/press\/","name":"ElCanillita.Info","description":"desde los Apeninos a los Andes","publisher":{"@id":"https:\/\/elcanillita.info\/press\/#organization"},"potentialAction":[{"@type":"SearchAction","target":{"@type":"EntryPoint","urlTemplate":"https:\/\/elcanillita.info\/press\/?s={search_term_string}"},"query-input":{"@type":"PropertyValueSpecification","valueRequired":true,"valueName":"search_term_string"}}],"inLanguage":"es-AR"},{"@type":"Organization","@id":"https:\/\/elcanillita.info\/press\/#organization","name":"Guzzo Photos & Graphic Publications","url":"https:\/\/elcanillita.info\/press\/","logo":{"@type":"ImageObject","inLanguage":"es-AR","@id":"https:\/\/elcanillita.info\/press\/#\/schema\/logo\/image\/","url":"https:\/\/elcanillita.info\/press\/images\/2020\/01\/cropped-cropped-cropped-elcanillitainfo.png","contentUrl":"https:\/\/elcanillita.info\/press\/images\/2020\/01\/cropped-cropped-cropped-elcanillitainfo.png","width":460,"height":50,"caption":"Guzzo Photos & Graphic Publications"},"image":{"@id":"https:\/\/elcanillita.info\/press\/#\/schema\/logo\/image\/"},"sameAs":["https:\/\/ar-ar.facebook.com\/ElCanillitainfo-114249515285712\/"]},{"@type":"Person","@id":"https:\/\/elcanillita.info\/press\/#\/schema\/person\/7fcb79f38045700919f7da6d97e71ba0","name":"SalaStampa.eu, world press service","image":{"@type":"ImageObject","inLanguage":"es-AR","@id":"https:\/\/secure.gravatar.com\/avatar\/c2f0e0d515a107624234994507816ca4724c7199cef73fc8bedebf6931d73888?s=96&d=mm&r=g","url":"https:\/\/secure.gravatar.com\/avatar\/c2f0e0d515a107624234994507816ca4724c7199cef73fc8bedebf6931d73888?s=96&d=mm&r=g","contentUrl":"https:\/\/secure.gravatar.com\/avatar\/c2f0e0d515a107624234994507816ca4724c7199cef73fc8bedebf6931d73888?s=96&d=mm&r=g","caption":"SalaStampa.eu, world press service"}}]}},"views":586,"_links":{"self":[{"href":"https:\/\/elcanillita.info\/press\/wp-json\/wp\/v2\/posts\/1583","targetHints":{"allow":["GET"]}}],"collection":[{"href":"https:\/\/elcanillita.info\/press\/wp-json\/wp\/v2\/posts"}],"about":[{"href":"https:\/\/elcanillita.info\/press\/wp-json\/wp\/v2\/types\/post"}],"author":[{"embeddable":true,"href":"https:\/\/elcanillita.info\/press\/wp-json\/wp\/v2\/users\/1"}],"replies":[{"embeddable":true,"href":"https:\/\/elcanillita.info\/press\/wp-json\/wp\/v2\/comments?post=1583"}],"version-history":[{"count":0,"href":"https:\/\/elcanillita.info\/press\/wp-json\/wp\/v2\/posts\/1583\/revisions"}],"wp:featuredmedia":[{"embeddable":true,"href":"https:\/\/elcanillita.info\/press\/wp-json\/wp\/v2\/media\/1585"}],"wp:attachment":[{"href":"https:\/\/elcanillita.info\/press\/wp-json\/wp\/v2\/media?parent=1583"}],"wp:term":[{"taxonomy":"category","embeddable":true,"href":"https:\/\/elcanillita.info\/press\/wp-json\/wp\/v2\/categories?post=1583"},{"taxonomy":"post_tag","embeddable":true,"href":"https:\/\/elcanillita.info\/press\/wp-json\/wp\/v2\/tags?post=1583"}],"curies":[{"name":"wp","href":"https:\/\/api.w.org\/{rel}","templated":true}]}}