{"id":158,"date":"2020-01-17T15:10:00","date_gmt":"2020-01-17T18:10:00","guid":{"rendered":"https:\/\/elcanillita.info\/press\/?p=158"},"modified":"2020-01-17T16:07:45","modified_gmt":"2020-01-17T19:07:45","slug":"renuncia-primer-ministro-de-ucrania-que-critico-al-presidente-zelenskiy","status":"publish","type":"post","link":"https:\/\/elcanillita.info\/press\/2020\/01\/17\/renuncia-primer-ministro-de-ucrania-que-critico-al-presidente-zelenskiy\/","title":{"rendered":"Renuncia primer ministro de Ucrania que critic\u00f3 al presidente Zelenskiy"},"content":{"rendered":"\n<p>Kiev, 17.01.2020 &#8211; El primer ministro ucraniano, Oleksiy Honcharuk, renunci\u00f3&nbsp;el viernes despu\u00e9s de que una grabaci\u00f3n de audio sugiriera que hab\u00eda criticado al presidente&nbsp;Volodymyr Zelenskiy.<\/p>\n\n\n\n<p>La oficina de Zelenskiy indic\u00f3&nbsp;que considerar\u00eda la carta de renuncia m\u00e1s tarde el viernes.<\/p>\n\n\n\n<p>En el audio,&nbsp;Honcharuk habr\u00eda dicho que&nbsp;Zelenskiy no sabe nada de econom\u00eda.<\/p>\n\n\n\n<p>\u201cAsum\u00ed este puesto para aplicar el programa del presidente. Para m\u00ed, \u00e9l es un ejemplo de transparencia y decencia\u201d, dijo al renunciar.<\/p>\n\n\n\n<p>\u201cSin embargo, para despejar cualquier duda sobre nuestro respeto y confianza hacia el presidente, he escrito una carta de renuncia y se la entregu\u00e9 al presidente para que la presente al parlamento\u201d, explic\u00f3 el comunicado de Honcharuk.<\/p>\n\n\n\n<p>Ucrania abre investigaci\u00f3n sobre posible vigilancia ilegal a ex embajadora de EE.UU.<br>\nA principios de semana se public\u00f3 una grabaci\u00f3n de audio en la que Honcharuk parec\u00eda hacer comentarios despectivos sobre la comprensi\u00f3n que Zelenskiy tiene de la econom\u00eda.<\/p>\n\n\n\n<p>Seg\u00fan Honcharuk, la grabaci\u00f3n era una compilaci\u00f3n de \u201cfragmentos de reuniones gubernamentales grabadas\u201d y culp\u00f3 a \u201cinfluyentes grupos\u201d no identificados de hacer que parezca que no respeta al presidente. \u201cEsto no es cierto\u201d, insisti\u00f3 el primer ministro.<\/p>\n\n\n\n<p>Legisladores de la opositora Plataforma de Oposici\u00f3n por la Vida exigieron el jueves la renuncia de Honcharuk alegando que \u00e9l y su gobierno desacreditaban al presidente y exacerbaban la crisis econ\u00f3mica que sufre el pa\u00eds. Miembros del gobernante Siervo del Pueblo dijeron que no hab\u00eda motivos para su marcha.<\/p>\n\n\n\n<p>El parlamento de Ucrania debe votar si acepta o no la renuncia del primer ministro.<\/p>\n\n\n\n<p>Volodymyr Fesenko, director del centro de estudios Penta, dijo a The Associated Press que es poco probable que se acepte la renuncia, afirmando&nbsp;que \u201cZelenskiy no quiere despedir a Honcharuk\u201d.<\/p>\n\n\n\n<p>Ucrania y separatistas intercambian prisioneros<br> (Con informaci\u00f3n de AP y Reuters)<br><br>\n\n<small>2020 voanoticias \u2013 salastampa.eu, afiliada a la red Broadcasting Board of Governors \u00a9 2020 BBG<\/small><\/p>\n","protected":false},"excerpt":{"rendered":"<p>Kiev, 17.01.2020 &#8211; El primer ministro ucraniano, Oleksiy Honcharuk, renunci\u00f3 el viernes despu\u00e9s de que una grabaci\u00f3n de audio sugiriera que hab\u00eda criticado al presidente Volodymyr Zelenskiy.<\/p>\n","protected":false},"author":1,"featured_media":0,"comment_status":"closed","ping_status":"closed","sticky":false,"template":"","format":"standard","meta":{"footnotes":"","_links_to":"","_links_to_target":""},"categories":[7,23],"tags":[52],"class_list":["post-158","post","type-post","status-publish","format-standard","hentry","category-eurasia","category-politica","tag-ucrania","entry","double"],"yoast_head":"<!-- This site is optimized with the Yoast SEO plugin v27.4 - https:\/\/yoast.com\/product\/yoast-seo-wordpress\/ -->\n<title>Renuncia primer ministro de Ucrania que critic\u00f3 al presidente Zelenskiy - ElCanillita.Info<\/title>\n<meta name=\"robots\" content=\"index, follow, max-snippet:-1, max-image-preview:large, max-video-preview:-1\" \/>\n<link rel=\"canonical\" href=\"https:\/\/elcanillita.info\/press\/2020\/01\/17\/renuncia-primer-ministro-de-ucrania-que-critico-al-presidente-zelenskiy\/\" \/>\n<meta property=\"og:locale\" content=\"es_ES\" \/>\n<meta property=\"og:type\" content=\"article\" \/>\n<meta property=\"og:title\" content=\"Renuncia primer ministro de Ucrania que critic\u00f3 al presidente Zelenskiy - ElCanillita.Info\" \/>\n<meta property=\"og:description\" content=\"Kiev, 17.01.2020 - El primer ministro ucraniano, Oleksiy Honcharuk, renunci\u00f3 el viernes despu\u00e9s de que una grabaci\u00f3n de audio sugiriera que hab\u00eda criticado al presidente Volodymyr Zelenskiy.\" \/>\n<meta property=\"og:url\" content=\"https:\/\/elcanillita.info\/press\/2020\/01\/17\/renuncia-primer-ministro-de-ucrania-que-critico-al-presidente-zelenskiy\/\" \/>\n<meta property=\"og:site_name\" content=\"ElCanillita.Info\" \/>\n<meta property=\"article:publisher\" content=\"https:\/\/ar-ar.facebook.com\/ElCanillitainfo-114249515285712\/\" \/>\n<meta property=\"article:published_time\" content=\"2020-01-17T18:10:00+00:00\" \/>\n<meta property=\"article:modified_time\" content=\"2020-01-17T19:07:45+00:00\" \/>\n<meta name=\"author\" content=\"SalaStampa.eu, world press service\" \/>\n<meta name=\"twitter:card\" content=\"summary_large_image\" \/>\n<meta name=\"twitter:label1\" content=\"Escrito por\" \/>\n\t<meta name=\"twitter:data1\" content=\"SalaStampa.eu, world press service\" \/>\n\t<meta name=\"twitter:label2\" content=\"Tiempo de lectura\" \/>\n\t<meta name=\"twitter:data2\" content=\"2 minutos\" \/>\n<script type=\"application\/ld+json\" class=\"yoast-schema-graph\">{\"@context\":\"https:\\\/\\\/schema.org\",\"@graph\":[{\"@type\":\"Article\",\"@id\":\"https:\\\/\\\/elcanillita.info\\\/press\\\/2020\\\/01\\\/17\\\/renuncia-primer-ministro-de-ucrania-que-critico-al-presidente-zelenskiy\\\/#article\",\"isPartOf\":{\"@id\":\"https:\\\/\\\/elcanillita.info\\\/press\\\/2020\\\/01\\\/17\\\/renuncia-primer-ministro-de-ucrania-que-critico-al-presidente-zelenskiy\\\/\"},\"author\":{\"name\":\"SalaStampa.eu, world press service\",\"@id\":\"https:\\\/\\\/elcanillita.info\\\/press\\\/#\\\/schema\\\/person\\\/7fcb79f38045700919f7da6d97e71ba0\"},\"headline\":\"Renuncia primer ministro de Ucrania que critic\u00f3 al presidente Zelenskiy\",\"datePublished\":\"2020-01-17T18:10:00+00:00\",\"dateModified\":\"2020-01-17T19:07:45+00:00\",\"mainEntityOfPage\":{\"@id\":\"https:\\\/\\\/elcanillita.info\\\/press\\\/2020\\\/01\\\/17\\\/renuncia-primer-ministro-de-ucrania-que-critico-al-presidente-zelenskiy\\\/\"},\"wordCount\":343,\"publisher\":{\"@id\":\"https:\\\/\\\/elcanillita.info\\\/press\\\/#organization\"},\"keywords\":[\"Ucrania\"],\"articleSection\":[\"Eurasia\",\"Politica\"],\"inLanguage\":\"es-AR\"},{\"@type\":\"WebPage\",\"@id\":\"https:\\\/\\\/elcanillita.info\\\/press\\\/2020\\\/01\\\/17\\\/renuncia-primer-ministro-de-ucrania-que-critico-al-presidente-zelenskiy\\\/\",\"url\":\"https:\\\/\\\/elcanillita.info\\\/press\\\/2020\\\/01\\\/17\\\/renuncia-primer-ministro-de-ucrania-que-critico-al-presidente-zelenskiy\\\/\",\"name\":\"Renuncia primer ministro de Ucrania que critic\u00f3 al presidente Zelenskiy - ElCanillita.Info\",\"isPartOf\":{\"@id\":\"https:\\\/\\\/elcanillita.info\\\/press\\\/#website\"},\"datePublished\":\"2020-01-17T18:10:00+00:00\",\"dateModified\":\"2020-01-17T19:07:45+00:00\",\"inLanguage\":\"es-AR\",\"potentialAction\":[{\"@type\":\"ReadAction\",\"target\":[\"https:\\\/\\\/elcanillita.info\\\/press\\\/2020\\\/01\\\/17\\\/renuncia-primer-ministro-de-ucrania-que-critico-al-presidente-zelenskiy\\\/\"]}]},{\"@type\":\"WebSite\",\"@id\":\"https:\\\/\\\/elcanillita.info\\\/press\\\/#website\",\"url\":\"https:\\\/\\\/elcanillita.info\\\/press\\\/\",\"name\":\"ElCanillita.Info\",\"description\":\"desde los Apeninos a los Andes\",\"publisher\":{\"@id\":\"https:\\\/\\\/elcanillita.info\\\/press\\\/#organization\"},\"potentialAction\":[{\"@type\":\"SearchAction\",\"target\":{\"@type\":\"EntryPoint\",\"urlTemplate\":\"https:\\\/\\\/elcanillita.info\\\/press\\\/?s={search_term_string}\"},\"query-input\":{\"@type\":\"PropertyValueSpecification\",\"valueRequired\":true,\"valueName\":\"search_term_string\"}}],\"inLanguage\":\"es-AR\"},{\"@type\":\"Organization\",\"@id\":\"https:\\\/\\\/elcanillita.info\\\/press\\\/#organization\",\"name\":\"Guzzo Photos & Graphic Publications\",\"url\":\"https:\\\/\\\/elcanillita.info\\\/press\\\/\",\"logo\":{\"@type\":\"ImageObject\",\"inLanguage\":\"es-AR\",\"@id\":\"https:\\\/\\\/elcanillita.info\\\/press\\\/#\\\/schema\\\/logo\\\/image\\\/\",\"url\":\"https:\\\/\\\/elcanillita.info\\\/press\\\/images\\\/2020\\\/01\\\/cropped-cropped-cropped-elcanillitainfo.png\",\"contentUrl\":\"https:\\\/\\\/elcanillita.info\\\/press\\\/images\\\/2020\\\/01\\\/cropped-cropped-cropped-elcanillitainfo.png\",\"width\":460,\"height\":50,\"caption\":\"Guzzo Photos & Graphic Publications\"},\"image\":{\"@id\":\"https:\\\/\\\/elcanillita.info\\\/press\\\/#\\\/schema\\\/logo\\\/image\\\/\"},\"sameAs\":[\"https:\\\/\\\/ar-ar.facebook.com\\\/ElCanillitainfo-114249515285712\\\/\"]},{\"@type\":\"Person\",\"@id\":\"https:\\\/\\\/elcanillita.info\\\/press\\\/#\\\/schema\\\/person\\\/7fcb79f38045700919f7da6d97e71ba0\",\"name\":\"SalaStampa.eu, world press service\",\"image\":{\"@type\":\"ImageObject\",\"inLanguage\":\"es-AR\",\"@id\":\"https:\\\/\\\/secure.gravatar.com\\\/avatar\\\/c2f0e0d515a107624234994507816ca4724c7199cef73fc8bedebf6931d73888?s=96&d=mm&r=g\",\"url\":\"https:\\\/\\\/secure.gravatar.com\\\/avatar\\\/c2f0e0d515a107624234994507816ca4724c7199cef73fc8bedebf6931d73888?s=96&d=mm&r=g\",\"contentUrl\":\"https:\\\/\\\/secure.gravatar.com\\\/avatar\\\/c2f0e0d515a107624234994507816ca4724c7199cef73fc8bedebf6931d73888?s=96&d=mm&r=g\",\"caption\":\"SalaStampa.eu, world press service\"}}]}<\/script>\n<!-- \/ Yoast SEO plugin. -->","yoast_head_json":{"title":"Renuncia primer ministro de Ucrania que critic\u00f3 al presidente Zelenskiy - ElCanillita.Info","robots":{"index":"index","follow":"follow","max-snippet":"max-snippet:-1","max-image-preview":"max-image-preview:large","max-video-preview":"max-video-preview:-1"},"canonical":"https:\/\/elcanillita.info\/press\/2020\/01\/17\/renuncia-primer-ministro-de-ucrania-que-critico-al-presidente-zelenskiy\/","og_locale":"es_ES","og_type":"article","og_title":"Renuncia primer ministro de Ucrania que critic\u00f3 al presidente Zelenskiy - ElCanillita.Info","og_description":"Kiev, 17.01.2020 - El primer ministro ucraniano, Oleksiy Honcharuk, renunci\u00f3 el viernes despu\u00e9s de que una grabaci\u00f3n de audio sugiriera que hab\u00eda criticado al presidente Volodymyr Zelenskiy.","og_url":"https:\/\/elcanillita.info\/press\/2020\/01\/17\/renuncia-primer-ministro-de-ucrania-que-critico-al-presidente-zelenskiy\/","og_site_name":"ElCanillita.Info","article_publisher":"https:\/\/ar-ar.facebook.com\/ElCanillitainfo-114249515285712\/","article_published_time":"2020-01-17T18:10:00+00:00","article_modified_time":"2020-01-17T19:07:45+00:00","author":"SalaStampa.eu, world press service","twitter_card":"summary_large_image","twitter_misc":{"Escrito por":"SalaStampa.eu, world press service","Tiempo de lectura":"2 minutos"},"schema":{"@context":"https:\/\/schema.org","@graph":[{"@type":"Article","@id":"https:\/\/elcanillita.info\/press\/2020\/01\/17\/renuncia-primer-ministro-de-ucrania-que-critico-al-presidente-zelenskiy\/#article","isPartOf":{"@id":"https:\/\/elcanillita.info\/press\/2020\/01\/17\/renuncia-primer-ministro-de-ucrania-que-critico-al-presidente-zelenskiy\/"},"author":{"name":"SalaStampa.eu, world press service","@id":"https:\/\/elcanillita.info\/press\/#\/schema\/person\/7fcb79f38045700919f7da6d97e71ba0"},"headline":"Renuncia primer ministro de Ucrania que critic\u00f3 al presidente Zelenskiy","datePublished":"2020-01-17T18:10:00+00:00","dateModified":"2020-01-17T19:07:45+00:00","mainEntityOfPage":{"@id":"https:\/\/elcanillita.info\/press\/2020\/01\/17\/renuncia-primer-ministro-de-ucrania-que-critico-al-presidente-zelenskiy\/"},"wordCount":343,"publisher":{"@id":"https:\/\/elcanillita.info\/press\/#organization"},"keywords":["Ucrania"],"articleSection":["Eurasia","Politica"],"inLanguage":"es-AR"},{"@type":"WebPage","@id":"https:\/\/elcanillita.info\/press\/2020\/01\/17\/renuncia-primer-ministro-de-ucrania-que-critico-al-presidente-zelenskiy\/","url":"https:\/\/elcanillita.info\/press\/2020\/01\/17\/renuncia-primer-ministro-de-ucrania-que-critico-al-presidente-zelenskiy\/","name":"Renuncia primer ministro de Ucrania que critic\u00f3 al presidente Zelenskiy - ElCanillita.Info","isPartOf":{"@id":"https:\/\/elcanillita.info\/press\/#website"},"datePublished":"2020-01-17T18:10:00+00:00","dateModified":"2020-01-17T19:07:45+00:00","inLanguage":"es-AR","potentialAction":[{"@type":"ReadAction","target":["https:\/\/elcanillita.info\/press\/2020\/01\/17\/renuncia-primer-ministro-de-ucrania-que-critico-al-presidente-zelenskiy\/"]}]},{"@type":"WebSite","@id":"https:\/\/elcanillita.info\/press\/#website","url":"https:\/\/elcanillita.info\/press\/","name":"ElCanillita.Info","description":"desde los Apeninos a los Andes","publisher":{"@id":"https:\/\/elcanillita.info\/press\/#organization"},"potentialAction":[{"@type":"SearchAction","target":{"@type":"EntryPoint","urlTemplate":"https:\/\/elcanillita.info\/press\/?s={search_term_string}"},"query-input":{"@type":"PropertyValueSpecification","valueRequired":true,"valueName":"search_term_string"}}],"inLanguage":"es-AR"},{"@type":"Organization","@id":"https:\/\/elcanillita.info\/press\/#organization","name":"Guzzo Photos & Graphic Publications","url":"https:\/\/elcanillita.info\/press\/","logo":{"@type":"ImageObject","inLanguage":"es-AR","@id":"https:\/\/elcanillita.info\/press\/#\/schema\/logo\/image\/","url":"https:\/\/elcanillita.info\/press\/images\/2020\/01\/cropped-cropped-cropped-elcanillitainfo.png","contentUrl":"https:\/\/elcanillita.info\/press\/images\/2020\/01\/cropped-cropped-cropped-elcanillitainfo.png","width":460,"height":50,"caption":"Guzzo Photos & Graphic Publications"},"image":{"@id":"https:\/\/elcanillita.info\/press\/#\/schema\/logo\/image\/"},"sameAs":["https:\/\/ar-ar.facebook.com\/ElCanillitainfo-114249515285712\/"]},{"@type":"Person","@id":"https:\/\/elcanillita.info\/press\/#\/schema\/person\/7fcb79f38045700919f7da6d97e71ba0","name":"SalaStampa.eu, world press service","image":{"@type":"ImageObject","inLanguage":"es-AR","@id":"https:\/\/secure.gravatar.com\/avatar\/c2f0e0d515a107624234994507816ca4724c7199cef73fc8bedebf6931d73888?s=96&d=mm&r=g","url":"https:\/\/secure.gravatar.com\/avatar\/c2f0e0d515a107624234994507816ca4724c7199cef73fc8bedebf6931d73888?s=96&d=mm&r=g","contentUrl":"https:\/\/secure.gravatar.com\/avatar\/c2f0e0d515a107624234994507816ca4724c7199cef73fc8bedebf6931d73888?s=96&d=mm&r=g","caption":"SalaStampa.eu, world press service"}}]}},"views":807,"_links":{"self":[{"href":"https:\/\/elcanillita.info\/press\/wp-json\/wp\/v2\/posts\/158","targetHints":{"allow":["GET"]}}],"collection":[{"href":"https:\/\/elcanillita.info\/press\/wp-json\/wp\/v2\/posts"}],"about":[{"href":"https:\/\/elcanillita.info\/press\/wp-json\/wp\/v2\/types\/post"}],"author":[{"embeddable":true,"href":"https:\/\/elcanillita.info\/press\/wp-json\/wp\/v2\/users\/1"}],"replies":[{"embeddable":true,"href":"https:\/\/elcanillita.info\/press\/wp-json\/wp\/v2\/comments?post=158"}],"version-history":[{"count":0,"href":"https:\/\/elcanillita.info\/press\/wp-json\/wp\/v2\/posts\/158\/revisions"}],"wp:attachment":[{"href":"https:\/\/elcanillita.info\/press\/wp-json\/wp\/v2\/media?parent=158"}],"wp:term":[{"taxonomy":"category","embeddable":true,"href":"https:\/\/elcanillita.info\/press\/wp-json\/wp\/v2\/categories?post=158"},{"taxonomy":"post_tag","embeddable":true,"href":"https:\/\/elcanillita.info\/press\/wp-json\/wp\/v2\/tags?post=158"}],"curies":[{"name":"wp","href":"https:\/\/api.w.org\/{rel}","templated":true}]}}