{"id":157,"date":"2020-01-17T15:23:40","date_gmt":"2020-01-17T18:23:40","guid":{"rendered":"https:\/\/elcanillita.info\/press\/?p=157"},"modified":"2020-01-17T15:38:34","modified_gmt":"2020-01-17T18:38:34","slug":"lider-supremo-irani-desafia-occidente-primer-discurso-viernes-despues-8-anos","status":"publish","type":"post","link":"https:\/\/elcanillita.info\/press\/2020\/01\/17\/lider-supremo-irani-desafia-occidente-primer-discurso-viernes-despues-8-anos\/","title":{"rendered":"L\u00edder supremo iran\u00ed, desaf\u00eda Occidente en su primer discurso de viernes, despu\u00e9s de 8 a\u00f1os"},"content":{"rendered":"\n<p>Teheran, 17.01.2020 &#8211; El ayatola Al\u00ed Jamenei critic\u00f3 este viernes a Estados Unidos y los pa\u00edses europeos en su primer rezo p\u00fablico desde el 2012, en el que admiti\u00f3 el derribo de un avi\u00f3n ucraniano por las fuerzas iran\u00edes y reafirm\u00f3 la figura del general Qassem Soleimani, eliminado por Washington a principios de a\u00f1o.<\/p>\n\n\n\n<p>El l\u00edder supremo iran\u00ed dijo que el incidente del avi\u00f3n con 176 personas a bordo fue un \u201camargo accidente\u201d, pero advirti\u00f3 que est\u00e1 siendo utilizado por Occidente para cuestionar a la Rep\u00fablica Isl\u00e1mica, a la Guardia Revolucionaria y a las Fuerzas Armadas.<\/p>\n\n\n\n<p>Jamenei dijo que la Guardia Revolucionaria puede llevar su lucha m\u00e1s all\u00e1 de las fronteras de Ir\u00e1n, y prometi\u00f3 que \u201cla resistencia continuar\u00e1 hasta que la regi\u00f3n est\u00e9 completamente libre de la tiran\u00eda de los enemigos\u201d.<\/p>\n\n\n\n<p>Los iran\u00edes asistentes al discurso de Al\u00ed Jamenei entonaron consignas frente a fotos del general Qassem Soulemani y el comandante de milicias Abu Mahdi al-Muhandis, eliminados en un ataque de Estados Unidos a principios de a\u00f1o.<\/p>\n\n\n\n<p>El ayatola dijo tambi\u00e9n que el presidente estadounidense, Donald Trump, es un \u201cpayaso\u201d que pretende respaldar al pueblo iran\u00ed, pero les \u201cclavar\u00eda una daga venenosa en sus espaldas\u201d.<\/p>\n\n\n\n<p>En aparente referencia a las recientes protestas en Ir\u00e1n, Jamenei se\u00f1al\u00f3 que los funerales masivos de Soleimani, quien era el general de mayor rango de Ir\u00e1n, demostraron que el pueblo iran\u00ed apoya a la Rep\u00fablica Isl\u00e1mica.<\/p>\n\n\n\n<p>Soleimani era el jefe de la Fuerza Quds, una unidad de la Guardia Revolucionaria encargada de llevar a cabo las operaciones externas de Ir\u00e1n para promover los valores revolucionarios del r\u00e9gimen isl\u00e1mico, la cual ha sido declarada como un patrocinador del terrorismo por Estados Unidos, Canad\u00e1, Arabia Saud\u00ed y Bahr\u00e9in.<\/p>\n\n\n\n<p>Jamenei dijo este viernes que &#8220;la Fuerza Quds es una organizaci\u00f3n humanitaria con valores humanos que protege a los pueblos de la regi\u00f3n.\u201d<\/p>\n\n\n\n<p>\u00bfQu\u00e9 es la Guardia Revolucionaria de Ir\u00e1n?<\/p>\n\n\n\n<p>La vez anterior en que Jamenei pronunci\u00f3 un serm\u00f3n un viernes fue en febrero de 2012, cuando llam\u00f3 a Israel un \u201ctumor canceroso\u201d y prometi\u00f3 apoyar a cualquiera que lo enfrentara.<\/p>\n\n\n\n<p>Ahora, dijo que los pa\u00edses occidentales son demasiado d\u00e9biles para \u201cponer de rodillas a los iran\u00edes\u201d y que no se puede confiar en las naciones europeas, despu\u00e9s de que Gran Breta\u00f1a, Francia y Alemania activaron un mecanismo de disputa contra Ir\u00e1n por violar un acuerdo nuclear.<\/p>\n\n\n\n<p>Jamenei siempre se mostr\u00f3 esc\u00e9ptico al acuerdo nuclear, argumentando que no se pod\u00eda confiar en Estados Unidos, pero permiti\u00f3 que el presidente Hassan Rouhani, un moderado relativo, pactara con Barack Obama, y desde la retirada de Trump, ha dicho repetidamente que no puede haber negociaciones con Estados Unidos.<\/p>\n\n\n\n<p>Trump se retir\u00f3 del acuerdo nuclear en 2018, alegando que Ir\u00e1n no estaba cumpliendo los t\u00e9rminos e inici\u00f3 una nueva estrategia de Washington depresiones y m\u00e1s sanciones la Rep\u00fablica Isl\u00e1mica por exportar violencia y terrorismo en la regi\u00f3n.<\/p>\n\n\n\n<p>Estas medidas generaron una escalada en las tensiones que llev\u00f3 a un conflicto directo entre Washington y Teher\u00e1n en los primeros d\u00edas de este a\u00f1o.<\/p>\n\n\n\n<p>Pa\u00edses europeos responsabilizan a Ir\u00e1n por violar acuerdo nuclear<\/p>\n\n\n\n<p>La muerte de Soleimani en un ataque estadounidense en Irak el 3 de enero fue respondida por un ataque de misiles contra dos bases en Irak que albergan a soldados norteamericanos.<\/p>\n\n\n\n<p>Jamenei ocupa el cargo m\u00e1s alto de Ir\u00e1n desde 1989 y tiene la \u00faltima palabra en todas las decisiones importantes.<\/p>\n\n\n\n<p>Cl\u00e9rigos y pol\u00edticos en Ir\u00e1n maniobran antes de las elecciones parlamentarias<br><br><small>2020 voanoticias \u2013 salastampa.eu, afiliada a la red Broadcasting Board of Governors \u00a9 2020 BBG<\/small><\/p>\n","protected":false},"excerpt":{"rendered":"<p>Teheran, 17.01.2020 &#8211; El ayatola Al\u00ed Jamenei critic\u00f3 este viernes a Estados Unidos y los pa\u00edses europeos en su primer rezo p\u00fablico desde el 2012, en el que admiti\u00f3 el derribo de un avi\u00f3n ucraniano por las fuerzas iran\u00edes y reafirm\u00f3 la figura del general Qassem Soleimani, eliminado por Washington a principios de a\u00f1o.<\/p>\n","protected":false},"author":1,"featured_media":0,"comment_status":"closed","ping_status":"closed","sticky":false,"template":"","format":"standard","meta":{"footnotes":"","_links_to":"","_links_to_target":""},"categories":[15,23],"tags":[31],"class_list":["post-157","post","type-post","status-publish","format-standard","hentry","category-medio-oriente","category-politica","tag-iran","entry","double"],"yoast_head":"<!-- This site is optimized with the Yoast SEO plugin v27.4 - https:\/\/yoast.com\/product\/yoast-seo-wordpress\/ -->\n<title>L\u00edder supremo iran\u00ed, desaf\u00eda Occidente en su primer discurso de viernes, despu\u00e9s de 8 a\u00f1os - ElCanillita.Info<\/title>\n<meta name=\"robots\" content=\"index, follow, max-snippet:-1, max-image-preview:large, max-video-preview:-1\" \/>\n<link rel=\"canonical\" href=\"https:\/\/elcanillita.info\/press\/2020\/01\/17\/lider-supremo-irani-desafia-occidente-primer-discurso-viernes-despues-8-anos\/\" \/>\n<meta property=\"og:locale\" content=\"es_ES\" \/>\n<meta property=\"og:type\" content=\"article\" \/>\n<meta property=\"og:title\" content=\"L\u00edder supremo iran\u00ed, desaf\u00eda Occidente en su primer discurso de viernes, despu\u00e9s de 8 a\u00f1os - ElCanillita.Info\" \/>\n<meta property=\"og:description\" content=\"Teheran, 17.01.2020 - El ayatola Al\u00ed Jamenei critic\u00f3 este viernes a Estados Unidos y los pa\u00edses europeos en su primer rezo p\u00fablico desde el 2012, en el que admiti\u00f3 el derribo de un avi\u00f3n ucraniano por las fuerzas iran\u00edes y reafirm\u00f3 la figura del general Qassem Soleimani, eliminado por Washington a principios de a\u00f1o.\" \/>\n<meta property=\"og:url\" content=\"https:\/\/elcanillita.info\/press\/2020\/01\/17\/lider-supremo-irani-desafia-occidente-primer-discurso-viernes-despues-8-anos\/\" \/>\n<meta property=\"og:site_name\" content=\"ElCanillita.Info\" \/>\n<meta property=\"article:publisher\" content=\"https:\/\/ar-ar.facebook.com\/ElCanillitainfo-114249515285712\/\" \/>\n<meta property=\"article:published_time\" content=\"2020-01-17T18:23:40+00:00\" \/>\n<meta property=\"article:modified_time\" content=\"2020-01-17T18:38:34+00:00\" \/>\n<meta name=\"author\" content=\"SalaStampa.eu, world press service\" \/>\n<meta name=\"twitter:card\" content=\"summary_large_image\" \/>\n<meta name=\"twitter:label1\" content=\"Escrito por\" \/>\n\t<meta name=\"twitter:data1\" content=\"SalaStampa.eu, world press service\" \/>\n\t<meta name=\"twitter:label2\" content=\"Tiempo de lectura\" \/>\n\t<meta name=\"twitter:data2\" content=\"3 minutos\" \/>\n<script type=\"application\/ld+json\" class=\"yoast-schema-graph\">{\"@context\":\"https:\\\/\\\/schema.org\",\"@graph\":[{\"@type\":\"Article\",\"@id\":\"https:\\\/\\\/elcanillita.info\\\/press\\\/2020\\\/01\\\/17\\\/lider-supremo-irani-desafia-occidente-primer-discurso-viernes-despues-8-anos\\\/#article\",\"isPartOf\":{\"@id\":\"https:\\\/\\\/elcanillita.info\\\/press\\\/2020\\\/01\\\/17\\\/lider-supremo-irani-desafia-occidente-primer-discurso-viernes-despues-8-anos\\\/\"},\"author\":{\"name\":\"SalaStampa.eu, world press service\",\"@id\":\"https:\\\/\\\/elcanillita.info\\\/press\\\/#\\\/schema\\\/person\\\/7fcb79f38045700919f7da6d97e71ba0\"},\"headline\":\"L\u00edder supremo iran\u00ed, desaf\u00eda Occidente en su primer discurso de viernes, despu\u00e9s de 8 a\u00f1os\",\"datePublished\":\"2020-01-17T18:23:40+00:00\",\"dateModified\":\"2020-01-17T18:38:34+00:00\",\"mainEntityOfPage\":{\"@id\":\"https:\\\/\\\/elcanillita.info\\\/press\\\/2020\\\/01\\\/17\\\/lider-supremo-irani-desafia-occidente-primer-discurso-viernes-despues-8-anos\\\/\"},\"wordCount\":648,\"publisher\":{\"@id\":\"https:\\\/\\\/elcanillita.info\\\/press\\\/#organization\"},\"keywords\":[\"Ir\u00e1n\"],\"articleSection\":[\"Medio Oriente\",\"Politica\"],\"inLanguage\":\"es-AR\"},{\"@type\":\"WebPage\",\"@id\":\"https:\\\/\\\/elcanillita.info\\\/press\\\/2020\\\/01\\\/17\\\/lider-supremo-irani-desafia-occidente-primer-discurso-viernes-despues-8-anos\\\/\",\"url\":\"https:\\\/\\\/elcanillita.info\\\/press\\\/2020\\\/01\\\/17\\\/lider-supremo-irani-desafia-occidente-primer-discurso-viernes-despues-8-anos\\\/\",\"name\":\"L\u00edder supremo iran\u00ed, desaf\u00eda Occidente en su primer discurso de viernes, despu\u00e9s de 8 a\u00f1os - ElCanillita.Info\",\"isPartOf\":{\"@id\":\"https:\\\/\\\/elcanillita.info\\\/press\\\/#website\"},\"datePublished\":\"2020-01-17T18:23:40+00:00\",\"dateModified\":\"2020-01-17T18:38:34+00:00\",\"inLanguage\":\"es-AR\",\"potentialAction\":[{\"@type\":\"ReadAction\",\"target\":[\"https:\\\/\\\/elcanillita.info\\\/press\\\/2020\\\/01\\\/17\\\/lider-supremo-irani-desafia-occidente-primer-discurso-viernes-despues-8-anos\\\/\"]}]},{\"@type\":\"WebSite\",\"@id\":\"https:\\\/\\\/elcanillita.info\\\/press\\\/#website\",\"url\":\"https:\\\/\\\/elcanillita.info\\\/press\\\/\",\"name\":\"ElCanillita.Info\",\"description\":\"desde los Apeninos a los Andes\",\"publisher\":{\"@id\":\"https:\\\/\\\/elcanillita.info\\\/press\\\/#organization\"},\"potentialAction\":[{\"@type\":\"SearchAction\",\"target\":{\"@type\":\"EntryPoint\",\"urlTemplate\":\"https:\\\/\\\/elcanillita.info\\\/press\\\/?s={search_term_string}\"},\"query-input\":{\"@type\":\"PropertyValueSpecification\",\"valueRequired\":true,\"valueName\":\"search_term_string\"}}],\"inLanguage\":\"es-AR\"},{\"@type\":\"Organization\",\"@id\":\"https:\\\/\\\/elcanillita.info\\\/press\\\/#organization\",\"name\":\"Guzzo Photos & Graphic Publications\",\"url\":\"https:\\\/\\\/elcanillita.info\\\/press\\\/\",\"logo\":{\"@type\":\"ImageObject\",\"inLanguage\":\"es-AR\",\"@id\":\"https:\\\/\\\/elcanillita.info\\\/press\\\/#\\\/schema\\\/logo\\\/image\\\/\",\"url\":\"https:\\\/\\\/elcanillita.info\\\/press\\\/images\\\/2020\\\/01\\\/cropped-cropped-cropped-elcanillitainfo.png\",\"contentUrl\":\"https:\\\/\\\/elcanillita.info\\\/press\\\/images\\\/2020\\\/01\\\/cropped-cropped-cropped-elcanillitainfo.png\",\"width\":460,\"height\":50,\"caption\":\"Guzzo Photos & Graphic Publications\"},\"image\":{\"@id\":\"https:\\\/\\\/elcanillita.info\\\/press\\\/#\\\/schema\\\/logo\\\/image\\\/\"},\"sameAs\":[\"https:\\\/\\\/ar-ar.facebook.com\\\/ElCanillitainfo-114249515285712\\\/\"]},{\"@type\":\"Person\",\"@id\":\"https:\\\/\\\/elcanillita.info\\\/press\\\/#\\\/schema\\\/person\\\/7fcb79f38045700919f7da6d97e71ba0\",\"name\":\"SalaStampa.eu, world press service\",\"image\":{\"@type\":\"ImageObject\",\"inLanguage\":\"es-AR\",\"@id\":\"https:\\\/\\\/secure.gravatar.com\\\/avatar\\\/c2f0e0d515a107624234994507816ca4724c7199cef73fc8bedebf6931d73888?s=96&d=mm&r=g\",\"url\":\"https:\\\/\\\/secure.gravatar.com\\\/avatar\\\/c2f0e0d515a107624234994507816ca4724c7199cef73fc8bedebf6931d73888?s=96&d=mm&r=g\",\"contentUrl\":\"https:\\\/\\\/secure.gravatar.com\\\/avatar\\\/c2f0e0d515a107624234994507816ca4724c7199cef73fc8bedebf6931d73888?s=96&d=mm&r=g\",\"caption\":\"SalaStampa.eu, world press service\"}}]}<\/script>\n<!-- \/ Yoast SEO plugin. -->","yoast_head_json":{"title":"L\u00edder supremo iran\u00ed, desaf\u00eda Occidente en su primer discurso de viernes, despu\u00e9s de 8 a\u00f1os - ElCanillita.Info","robots":{"index":"index","follow":"follow","max-snippet":"max-snippet:-1","max-image-preview":"max-image-preview:large","max-video-preview":"max-video-preview:-1"},"canonical":"https:\/\/elcanillita.info\/press\/2020\/01\/17\/lider-supremo-irani-desafia-occidente-primer-discurso-viernes-despues-8-anos\/","og_locale":"es_ES","og_type":"article","og_title":"L\u00edder supremo iran\u00ed, desaf\u00eda Occidente en su primer discurso de viernes, despu\u00e9s de 8 a\u00f1os - ElCanillita.Info","og_description":"Teheran, 17.01.2020 - El ayatola Al\u00ed Jamenei critic\u00f3 este viernes a Estados Unidos y los pa\u00edses europeos en su primer rezo p\u00fablico desde el 2012, en el que admiti\u00f3 el derribo de un avi\u00f3n ucraniano por las fuerzas iran\u00edes y reafirm\u00f3 la figura del general Qassem Soleimani, eliminado por Washington a principios de a\u00f1o.","og_url":"https:\/\/elcanillita.info\/press\/2020\/01\/17\/lider-supremo-irani-desafia-occidente-primer-discurso-viernes-despues-8-anos\/","og_site_name":"ElCanillita.Info","article_publisher":"https:\/\/ar-ar.facebook.com\/ElCanillitainfo-114249515285712\/","article_published_time":"2020-01-17T18:23:40+00:00","article_modified_time":"2020-01-17T18:38:34+00:00","author":"SalaStampa.eu, world press service","twitter_card":"summary_large_image","twitter_misc":{"Escrito por":"SalaStampa.eu, world press service","Tiempo de lectura":"3 minutos"},"schema":{"@context":"https:\/\/schema.org","@graph":[{"@type":"Article","@id":"https:\/\/elcanillita.info\/press\/2020\/01\/17\/lider-supremo-irani-desafia-occidente-primer-discurso-viernes-despues-8-anos\/#article","isPartOf":{"@id":"https:\/\/elcanillita.info\/press\/2020\/01\/17\/lider-supremo-irani-desafia-occidente-primer-discurso-viernes-despues-8-anos\/"},"author":{"name":"SalaStampa.eu, world press service","@id":"https:\/\/elcanillita.info\/press\/#\/schema\/person\/7fcb79f38045700919f7da6d97e71ba0"},"headline":"L\u00edder supremo iran\u00ed, desaf\u00eda Occidente en su primer discurso de viernes, despu\u00e9s de 8 a\u00f1os","datePublished":"2020-01-17T18:23:40+00:00","dateModified":"2020-01-17T18:38:34+00:00","mainEntityOfPage":{"@id":"https:\/\/elcanillita.info\/press\/2020\/01\/17\/lider-supremo-irani-desafia-occidente-primer-discurso-viernes-despues-8-anos\/"},"wordCount":648,"publisher":{"@id":"https:\/\/elcanillita.info\/press\/#organization"},"keywords":["Ir\u00e1n"],"articleSection":["Medio Oriente","Politica"],"inLanguage":"es-AR"},{"@type":"WebPage","@id":"https:\/\/elcanillita.info\/press\/2020\/01\/17\/lider-supremo-irani-desafia-occidente-primer-discurso-viernes-despues-8-anos\/","url":"https:\/\/elcanillita.info\/press\/2020\/01\/17\/lider-supremo-irani-desafia-occidente-primer-discurso-viernes-despues-8-anos\/","name":"L\u00edder supremo iran\u00ed, desaf\u00eda Occidente en su primer discurso de viernes, despu\u00e9s de 8 a\u00f1os - ElCanillita.Info","isPartOf":{"@id":"https:\/\/elcanillita.info\/press\/#website"},"datePublished":"2020-01-17T18:23:40+00:00","dateModified":"2020-01-17T18:38:34+00:00","inLanguage":"es-AR","potentialAction":[{"@type":"ReadAction","target":["https:\/\/elcanillita.info\/press\/2020\/01\/17\/lider-supremo-irani-desafia-occidente-primer-discurso-viernes-despues-8-anos\/"]}]},{"@type":"WebSite","@id":"https:\/\/elcanillita.info\/press\/#website","url":"https:\/\/elcanillita.info\/press\/","name":"ElCanillita.Info","description":"desde los Apeninos a los Andes","publisher":{"@id":"https:\/\/elcanillita.info\/press\/#organization"},"potentialAction":[{"@type":"SearchAction","target":{"@type":"EntryPoint","urlTemplate":"https:\/\/elcanillita.info\/press\/?s={search_term_string}"},"query-input":{"@type":"PropertyValueSpecification","valueRequired":true,"valueName":"search_term_string"}}],"inLanguage":"es-AR"},{"@type":"Organization","@id":"https:\/\/elcanillita.info\/press\/#organization","name":"Guzzo Photos & Graphic Publications","url":"https:\/\/elcanillita.info\/press\/","logo":{"@type":"ImageObject","inLanguage":"es-AR","@id":"https:\/\/elcanillita.info\/press\/#\/schema\/logo\/image\/","url":"https:\/\/elcanillita.info\/press\/images\/2020\/01\/cropped-cropped-cropped-elcanillitainfo.png","contentUrl":"https:\/\/elcanillita.info\/press\/images\/2020\/01\/cropped-cropped-cropped-elcanillitainfo.png","width":460,"height":50,"caption":"Guzzo Photos & Graphic Publications"},"image":{"@id":"https:\/\/elcanillita.info\/press\/#\/schema\/logo\/image\/"},"sameAs":["https:\/\/ar-ar.facebook.com\/ElCanillitainfo-114249515285712\/"]},{"@type":"Person","@id":"https:\/\/elcanillita.info\/press\/#\/schema\/person\/7fcb79f38045700919f7da6d97e71ba0","name":"SalaStampa.eu, world press service","image":{"@type":"ImageObject","inLanguage":"es-AR","@id":"https:\/\/secure.gravatar.com\/avatar\/c2f0e0d515a107624234994507816ca4724c7199cef73fc8bedebf6931d73888?s=96&d=mm&r=g","url":"https:\/\/secure.gravatar.com\/avatar\/c2f0e0d515a107624234994507816ca4724c7199cef73fc8bedebf6931d73888?s=96&d=mm&r=g","contentUrl":"https:\/\/secure.gravatar.com\/avatar\/c2f0e0d515a107624234994507816ca4724c7199cef73fc8bedebf6931d73888?s=96&d=mm&r=g","caption":"SalaStampa.eu, world press service"}}]}},"views":813,"_links":{"self":[{"href":"https:\/\/elcanillita.info\/press\/wp-json\/wp\/v2\/posts\/157","targetHints":{"allow":["GET"]}}],"collection":[{"href":"https:\/\/elcanillita.info\/press\/wp-json\/wp\/v2\/posts"}],"about":[{"href":"https:\/\/elcanillita.info\/press\/wp-json\/wp\/v2\/types\/post"}],"author":[{"embeddable":true,"href":"https:\/\/elcanillita.info\/press\/wp-json\/wp\/v2\/users\/1"}],"replies":[{"embeddable":true,"href":"https:\/\/elcanillita.info\/press\/wp-json\/wp\/v2\/comments?post=157"}],"version-history":[{"count":0,"href":"https:\/\/elcanillita.info\/press\/wp-json\/wp\/v2\/posts\/157\/revisions"}],"wp:attachment":[{"href":"https:\/\/elcanillita.info\/press\/wp-json\/wp\/v2\/media?parent=157"}],"wp:term":[{"taxonomy":"category","embeddable":true,"href":"https:\/\/elcanillita.info\/press\/wp-json\/wp\/v2\/categories?post=157"},{"taxonomy":"post_tag","embeddable":true,"href":"https:\/\/elcanillita.info\/press\/wp-json\/wp\/v2\/tags?post=157"}],"curies":[{"name":"wp","href":"https:\/\/api.w.org\/{rel}","templated":true}]}}